{"id":69358,"date":"2022-03-16T18:16:27","date_gmt":"2022-03-16T18:16:27","guid":{"rendered":"http:\/\/www.noticiasradioreflejos.com.ar\/2021\/?p=69358"},"modified":"2022-03-17T11:07:43","modified_gmt":"2022-03-17T11:07:43","slug":"intentaron-ingresar-a-una-casa-quinta-en-villa-la-arcadia","status":"publish","type":"post","link":"https:\/\/www.noticiasradioreflejos.com.ar\/2021\/intentaron-ingresar-a-una-casa-quinta-en-villa-la-arcadia\/","title":{"rendered":"Intentaron ingresar a una casa quinta en Villa La Arcadia."},"content":{"rendered":"<p>Con este t\u00edtulo y las fotos donde se ve a la persona\u00a0 cuando intentar\u00eda \u00a0ingresar por una ventana \u00a0a la emblem\u00e1tica casa quinta de la<strong> familia Salvadori en Av. Rayces<\/strong> (casa naranja), hecho donde queda toda la secuencia filmada, la noticia policial que se disparo en las redes sociales y en paralelo e inmediatamente se pusieron en marcha los protocolos tanto de investigaci\u00f3n policial como de reconocimiento de la persona.<!--more--><\/p>\n<p><a title=\"WhatsApp Image 2022-03-16 at 2.37.44 PM (1)\" href=\"https:\/\/www.flickr.com\/photos\/182279889@N02\/51942822660\/in\/dateposted-public\/\" data-flickr-embed=\"true\"><img loading=\"lazy\" decoding=\"async\" src=\"https:\/\/live.staticflickr.com\/65535\/51942822660_6e7b765b6d_c.jpg\" alt=\"WhatsApp Image 2022-03-16 at 2.37.44 PM (1)\" width=\"800\" height=\"400\" \/><\/a><script async src=\"\/\/embedr.flickr.com\/assets\/client-code.js\" charset=\"utf-8\"><\/script><\/p>\n<p>La noticia tomo\u00a0 volumen propio debido al gran inter\u00e9s de los vecinos de la villa por esclarecer \u00e9ste y dem\u00e1s \u00a0hechos delictivos que est\u00e1n ocurriendo mucho m\u00e1s seguido, \u00a0y son los mismos vecinos quienes habr\u00edan reconocido al perpetrador de la morada cuando la polic\u00eda y los vecinos empezaron a mostrar las im\u00e1genes ya que no ser\u00eda la primera vez que habr\u00eda ocurrido.<\/p>\n<p>La polic\u00eda de Villa La Arcadia, ante el llamado y autorizaci\u00f3n de ingreso de un familiar due\u00f1o de la finca, acude inmediatamente con el m\u00f3vil policial e ingresa a la propiedad para recorrer el predio, no encontrando a la vista roturas pero si movimiento en la le\u00f1era.<\/p>\n<p>Por los registros de las c\u00e1maras de seguridad, aparentemente el intento de hurto y su modus operandi seria: el pasar gran cantidad de le\u00f1a a un patio lindero por sobre el limite de la pared, para luego ser retirado y trasladado a otro domicilio sea a pie o alg\u00fan veh\u00edculo, \u201cno ser\u00eda la primera vez que esto habr\u00eda ocurrido, que se roban la le\u00f1a, hay quien prefiere el hurto de la le\u00f1a y no ponerse a trabajar y acopiar para el invierno como lo hacemos los honestos ciudadanos\u201d, aclar\u00f3 un integrante de la familia damnificada, \u201cla diferencia es que ahora qued\u00f3 el registro en las c\u00e1maras\u201d, y agrega: \u201cun oficial de La polic\u00eda me informa \u00a0en el d\u00eda de ayer de que tendr\u00edan identificado al sospechoso \u00a0y se tratar\u00eda de una persona que vive en cercan\u00eda a nuestro domicilio, que es educada y que pesa sobre \u00e9l varias denuncias incluso una penal y que al d\u00eda de la fecha se mostrar\u00eda con otro tipo corte de cabello, aparentemente con el objetivo de mostrar otra apariencia distinta a las im\u00e1genes f\u00edlmica\u201d.<\/p>\n<p>&nbsp;<\/p>\n<p><a title=\"WhatsApp Image 2022-03-16 at 2.37.44 PM (2)\" href=\"https:\/\/www.flickr.com\/photos\/182279889@N02\/51942209946\/in\/dateposted-public\/\" data-flickr-embed=\"true\"><img loading=\"lazy\" decoding=\"async\" class=\"alignleft\" src=\"https:\/\/live.staticflickr.com\/65535\/51942209946_0f2d7a05fa_c.jpg\" alt=\"WhatsApp Image 2022-03-16 at 2.37.44 PM (2)\" width=\"400\" height=\"800\" \/><\/a><script async src=\"\/\/embedr.flickr.com\/assets\/client-code.js\" charset=\"utf-8\"><\/script><\/p>\n<p>Ante el frustrado intento de ingresar al inmueble propiamente dicho, al no poder forzar la puerta o ventana, \u00a0termin\u00f3 sustrayendo parte de la le\u00f1a que se encontraba en el patio de la quinta.<\/p>\n<p><strong>La Polic\u00eda del lugar intercambia informaci\u00f3n y se pone a disposici\u00f3n de la familia, luego se le informa que dispone fotos y filmaci\u00f3n de toda la secuencia del hecho.<\/strong><\/p>\n<p>La investigaci\u00f3n se encuentra en curso, la familia Salvadori no descarta hacer la denuncia tambi\u00e9n en Fiscal\u00eda de Bah\u00eda Blanca por intento de hurto e ingreso a propiedad privada.<\/p>\n<p>Finalmente Salvadori \u00a0expresa: <b>\u201cen nombre de mi familia queremos agradecemos a todos los vecinos de Sierra de la Ventana, Suarez, Tornquist., Pringles, Pig\u00fce y Bah\u00eda Blanca por su inter\u00e9s, compromiso y colaboraci\u00f3n constante, tambi\u00e9n un especial agradecimiento a la polic\u00eda de Villa La Arcadia que actu\u00f3 de manera efectiva, inmediata y profesional\u201d.<\/b><\/p>\n<p><a title=\"WhatsApp Image 2022-03-16 at 2.37.44 PM (3)\" href=\"https:\/\/www.flickr.com\/photos\/182279889@N02\/51942209951\/in\/dateposted-public\/\" data-flickr-embed=\"true\"><img loading=\"lazy\" decoding=\"async\" src=\"https:\/\/live.staticflickr.com\/65535\/51942209951_86e51e74d7_c.jpg\" alt=\"WhatsApp Image 2022-03-16 at 2.37.44 PM (3)\" width=\"800\" height=\"400\" \/><\/a><script async src=\"\/\/embedr.flickr.com\/assets\/client-code.js\" charset=\"utf-8\"><\/script><\/p>\n","protected":false},"excerpt":{"rendered":"<p>Con este t\u00edtulo y las fotos donde se ve a la persona\u00a0 cuando intentar\u00eda \u00a0ingresar por una ventana \u00a0a la emblem\u00e1tica casa quinta de la familia Salvadori en Av. Rayces (casa naranja), hecho donde queda toda la secuencia filmada, la noticia policial que se disparo en las redes sociales y en paralelo e inmediatamente se [&hellip;]<\/p>\n","protected":false},"author":3,"featured_media":0,"comment_status":"closed","ping_status":"closed","sticky":false,"template":"","format":"standard","meta":{"footnotes":""},"categories":[29],"tags":[48],"class_list":["post-69358","post","type-post","status-publish","format-standard","hentry","category-policiales","tag-destacada"],"yoast_head":"<!-- This site is optimized with the Yoast SEO plugin v25.9 - https:\/\/yoast.com\/wordpress\/plugins\/seo\/ -->\n<title>Intentaron ingresar a una casa quinta en Villa La Arcadia. - Noticias Radio Reflejos<\/title>\n<meta name=\"robots\" content=\"index, follow, max-snippet:-1, max-image-preview:large, max-video-preview:-1\" \/>\n<link rel=\"canonical\" href=\"https:\/\/www.noticiasradioreflejos.com.ar\/2021\/intentaron-ingresar-a-una-casa-quinta-en-villa-la-arcadia\/\" \/>\n<meta property=\"og:locale\" content=\"es_ES\" \/>\n<meta property=\"og:type\" content=\"article\" \/>\n<meta property=\"og:title\" content=\"Intentaron ingresar a una casa quinta en Villa La Arcadia. - Noticias Radio Reflejos\" \/>\n<meta property=\"og:description\" content=\"Con este t\u00edtulo y las fotos donde se ve a la persona\u00a0 cuando intentar\u00eda \u00a0ingresar por una ventana \u00a0a la emblem\u00e1tica casa quinta de la familia Salvadori en Av. Rayces (casa naranja), hecho donde queda toda la secuencia filmada, la noticia policial que se disparo en las redes sociales y en paralelo e inmediatamente se [&hellip;]\" \/>\n<meta property=\"og:url\" content=\"https:\/\/www.noticiasradioreflejos.com.ar\/2021\/intentaron-ingresar-a-una-casa-quinta-en-villa-la-arcadia\/\" \/>\n<meta property=\"og:site_name\" content=\"Noticias Radio Reflejos\" \/>\n<meta property=\"article:published_time\" content=\"2022-03-16T18:16:27+00:00\" \/>\n<meta property=\"article:modified_time\" content=\"2022-03-17T11:07:43+00:00\" \/>\n<meta property=\"og:image\" content=\"https:\/\/live.staticflickr.com\/65535\/51942822660_6e7b765b6d_c.jpg\" \/>\n<meta name=\"author\" content=\"Arnaldo Botto\" \/>\n<meta name=\"twitter:card\" content=\"summary_large_image\" \/>\n<script type=\"application\/ld+json\" class=\"yoast-schema-graph\">{\"@context\":\"https:\/\/schema.org\",\"@graph\":[{\"@type\":\"WebPage\",\"@id\":\"https:\/\/www.noticiasradioreflejos.com.ar\/2021\/intentaron-ingresar-a-una-casa-quinta-en-villa-la-arcadia\/\",\"url\":\"https:\/\/www.noticiasradioreflejos.com.ar\/2021\/intentaron-ingresar-a-una-casa-quinta-en-villa-la-arcadia\/\",\"name\":\"Intentaron ingresar a una casa quinta en Villa La Arcadia. - Noticias Radio Reflejos\",\"isPartOf\":{\"@id\":\"https:\/\/www.noticiasradioreflejos.com.ar\/2021\/#website\"},\"primaryImageOfPage\":{\"@id\":\"https:\/\/www.noticiasradioreflejos.com.ar\/2021\/intentaron-ingresar-a-una-casa-quinta-en-villa-la-arcadia\/#primaryimage\"},\"image\":{\"@id\":\"https:\/\/www.noticiasradioreflejos.com.ar\/2021\/intentaron-ingresar-a-una-casa-quinta-en-villa-la-arcadia\/#primaryimage\"},\"thumbnailUrl\":\"https:\/\/live.staticflickr.com\/65535\/51942822660_6e7b765b6d_c.jpg\",\"datePublished\":\"2022-03-16T18:16:27+00:00\",\"dateModified\":\"2022-03-17T11:07:43+00:00\",\"author\":{\"@id\":\"https:\/\/www.noticiasradioreflejos.com.ar\/2021\/#\/schema\/person\/ad82545263dcc5ec0996818884fd5fb1\"},\"breadcrumb\":{\"@id\":\"https:\/\/www.noticiasradioreflejos.com.ar\/2021\/intentaron-ingresar-a-una-casa-quinta-en-villa-la-arcadia\/#breadcrumb\"},\"inLanguage\":\"es\",\"potentialAction\":[{\"@type\":\"ReadAction\",\"target\":[\"https:\/\/www.noticiasradioreflejos.com.ar\/2021\/intentaron-ingresar-a-una-casa-quinta-en-villa-la-arcadia\/\"]}]},{\"@type\":\"ImageObject\",\"inLanguage\":\"es\",\"@id\":\"https:\/\/www.noticiasradioreflejos.com.ar\/2021\/intentaron-ingresar-a-una-casa-quinta-en-villa-la-arcadia\/#primaryimage\",\"url\":\"https:\/\/live.staticflickr.com\/65535\/51942822660_6e7b765b6d_c.jpg\",\"contentUrl\":\"https:\/\/live.staticflickr.com\/65535\/51942822660_6e7b765b6d_c.jpg\"},{\"@type\":\"BreadcrumbList\",\"@id\":\"https:\/\/www.noticiasradioreflejos.com.ar\/2021\/intentaron-ingresar-a-una-casa-quinta-en-villa-la-arcadia\/#breadcrumb\",\"itemListElement\":[{\"@type\":\"ListItem\",\"position\":1,\"name\":\"Portada\",\"item\":\"https:\/\/www.noticiasradioreflejos.com.ar\/2021\/\"},{\"@type\":\"ListItem\",\"position\":2,\"name\":\"Intentaron ingresar a una casa quinta en Villa La Arcadia.\"}]},{\"@type\":\"WebSite\",\"@id\":\"https:\/\/www.noticiasradioreflejos.com.ar\/2021\/#website\",\"url\":\"https:\/\/www.noticiasradioreflejos.com.ar\/2021\/\",\"name\":\"Noticias Radio Reflejos\",\"description\":\"Las noticias de mi comarca\",\"potentialAction\":[{\"@type\":\"SearchAction\",\"target\":{\"@type\":\"EntryPoint\",\"urlTemplate\":\"https:\/\/www.noticiasradioreflejos.com.ar\/2021\/?s={search_term_string}\"},\"query-input\":{\"@type\":\"PropertyValueSpecification\",\"valueRequired\":true,\"valueName\":\"search_term_string\"}}],\"inLanguage\":\"es\"},{\"@type\":\"Person\",\"@id\":\"https:\/\/www.noticiasradioreflejos.com.ar\/2021\/#\/schema\/person\/ad82545263dcc5ec0996818884fd5fb1\",\"name\":\"Arnaldo Botto\",\"image\":{\"@type\":\"ImageObject\",\"inLanguage\":\"es\",\"@id\":\"https:\/\/www.noticiasradioreflejos.com.ar\/2021\/#\/schema\/person\/image\/\",\"url\":\"https:\/\/secure.gravatar.com\/avatar\/55cb5e37c1efa326397366e6974cb338056df65cb50e7d64d1cf314e87504837?s=96&d=mm&r=g\",\"contentUrl\":\"https:\/\/secure.gravatar.com\/avatar\/55cb5e37c1efa326397366e6974cb338056df65cb50e7d64d1cf314e87504837?s=96&d=mm&r=g\",\"caption\":\"Arnaldo Botto\"},\"url\":\"https:\/\/www.noticiasradioreflejos.com.ar\/2021\/author\/arnaldo\/\"}]}<\/script>\n<!-- \/ Yoast SEO plugin. -->","yoast_head_json":{"title":"Intentaron ingresar a una casa quinta en Villa La Arcadia. - Noticias Radio Reflejos","robots":{"index":"index","follow":"follow","max-snippet":"max-snippet:-1","max-image-preview":"max-image-preview:large","max-video-preview":"max-video-preview:-1"},"canonical":"https:\/\/www.noticiasradioreflejos.com.ar\/2021\/intentaron-ingresar-a-una-casa-quinta-en-villa-la-arcadia\/","og_locale":"es_ES","og_type":"article","og_title":"Intentaron ingresar a una casa quinta en Villa La Arcadia. - Noticias Radio Reflejos","og_description":"Con este t\u00edtulo y las fotos donde se ve a la persona\u00a0 cuando intentar\u00eda \u00a0ingresar por una ventana \u00a0a la emblem\u00e1tica casa quinta de la familia Salvadori en Av. Rayces (casa naranja), hecho donde queda toda la secuencia filmada, la noticia policial que se disparo en las redes sociales y en paralelo e inmediatamente se [&hellip;]","og_url":"https:\/\/www.noticiasradioreflejos.com.ar\/2021\/intentaron-ingresar-a-una-casa-quinta-en-villa-la-arcadia\/","og_site_name":"Noticias Radio Reflejos","article_published_time":"2022-03-16T18:16:27+00:00","article_modified_time":"2022-03-17T11:07:43+00:00","og_image":[{"url":"https:\/\/live.staticflickr.com\/65535\/51942822660_6e7b765b6d_c.jpg","type":"","width":"","height":""}],"author":"Arnaldo Botto","twitter_card":"summary_large_image","schema":{"@context":"https:\/\/schema.org","@graph":[{"@type":"WebPage","@id":"https:\/\/www.noticiasradioreflejos.com.ar\/2021\/intentaron-ingresar-a-una-casa-quinta-en-villa-la-arcadia\/","url":"https:\/\/www.noticiasradioreflejos.com.ar\/2021\/intentaron-ingresar-a-una-casa-quinta-en-villa-la-arcadia\/","name":"Intentaron ingresar a una casa quinta en Villa La Arcadia. - Noticias Radio Reflejos","isPartOf":{"@id":"https:\/\/www.noticiasradioreflejos.com.ar\/2021\/#website"},"primaryImageOfPage":{"@id":"https:\/\/www.noticiasradioreflejos.com.ar\/2021\/intentaron-ingresar-a-una-casa-quinta-en-villa-la-arcadia\/#primaryimage"},"image":{"@id":"https:\/\/www.noticiasradioreflejos.com.ar\/2021\/intentaron-ingresar-a-una-casa-quinta-en-villa-la-arcadia\/#primaryimage"},"thumbnailUrl":"https:\/\/live.staticflickr.com\/65535\/51942822660_6e7b765b6d_c.jpg","datePublished":"2022-03-16T18:16:27+00:00","dateModified":"2022-03-17T11:07:43+00:00","author":{"@id":"https:\/\/www.noticiasradioreflejos.com.ar\/2021\/#\/schema\/person\/ad82545263dcc5ec0996818884fd5fb1"},"breadcrumb":{"@id":"https:\/\/www.noticiasradioreflejos.com.ar\/2021\/intentaron-ingresar-a-una-casa-quinta-en-villa-la-arcadia\/#breadcrumb"},"inLanguage":"es","potentialAction":[{"@type":"ReadAction","target":["https:\/\/www.noticiasradioreflejos.com.ar\/2021\/intentaron-ingresar-a-una-casa-quinta-en-villa-la-arcadia\/"]}]},{"@type":"ImageObject","inLanguage":"es","@id":"https:\/\/www.noticiasradioreflejos.com.ar\/2021\/intentaron-ingresar-a-una-casa-quinta-en-villa-la-arcadia\/#primaryimage","url":"https:\/\/live.staticflickr.com\/65535\/51942822660_6e7b765b6d_c.jpg","contentUrl":"https:\/\/live.staticflickr.com\/65535\/51942822660_6e7b765b6d_c.jpg"},{"@type":"BreadcrumbList","@id":"https:\/\/www.noticiasradioreflejos.com.ar\/2021\/intentaron-ingresar-a-una-casa-quinta-en-villa-la-arcadia\/#breadcrumb","itemListElement":[{"@type":"ListItem","position":1,"name":"Portada","item":"https:\/\/www.noticiasradioreflejos.com.ar\/2021\/"},{"@type":"ListItem","position":2,"name":"Intentaron ingresar a una casa quinta en Villa La Arcadia."}]},{"@type":"WebSite","@id":"https:\/\/www.noticiasradioreflejos.com.ar\/2021\/#website","url":"https:\/\/www.noticiasradioreflejos.com.ar\/2021\/","name":"Noticias Radio Reflejos","description":"Las noticias de mi comarca","potentialAction":[{"@type":"SearchAction","target":{"@type":"EntryPoint","urlTemplate":"https:\/\/www.noticiasradioreflejos.com.ar\/2021\/?s={search_term_string}"},"query-input":{"@type":"PropertyValueSpecification","valueRequired":true,"valueName":"search_term_string"}}],"inLanguage":"es"},{"@type":"Person","@id":"https:\/\/www.noticiasradioreflejos.com.ar\/2021\/#\/schema\/person\/ad82545263dcc5ec0996818884fd5fb1","name":"Arnaldo Botto","image":{"@type":"ImageObject","inLanguage":"es","@id":"https:\/\/www.noticiasradioreflejos.com.ar\/2021\/#\/schema\/person\/image\/","url":"https:\/\/secure.gravatar.com\/avatar\/55cb5e37c1efa326397366e6974cb338056df65cb50e7d64d1cf314e87504837?s=96&d=mm&r=g","contentUrl":"https:\/\/secure.gravatar.com\/avatar\/55cb5e37c1efa326397366e6974cb338056df65cb50e7d64d1cf314e87504837?s=96&d=mm&r=g","caption":"Arnaldo Botto"},"url":"https:\/\/www.noticiasradioreflejos.com.ar\/2021\/author\/arnaldo\/"}]}},"_links":{"self":[{"href":"https:\/\/www.noticiasradioreflejos.com.ar\/2021\/wp-json\/wp\/v2\/posts\/69358","targetHints":{"allow":["GET"]}}],"collection":[{"href":"https:\/\/www.noticiasradioreflejos.com.ar\/2021\/wp-json\/wp\/v2\/posts"}],"about":[{"href":"https:\/\/www.noticiasradioreflejos.com.ar\/2021\/wp-json\/wp\/v2\/types\/post"}],"author":[{"embeddable":true,"href":"https:\/\/www.noticiasradioreflejos.com.ar\/2021\/wp-json\/wp\/v2\/users\/3"}],"replies":[{"embeddable":true,"href":"https:\/\/www.noticiasradioreflejos.com.ar\/2021\/wp-json\/wp\/v2\/comments?post=69358"}],"version-history":[{"count":2,"href":"https:\/\/www.noticiasradioreflejos.com.ar\/2021\/wp-json\/wp\/v2\/posts\/69358\/revisions"}],"predecessor-version":[{"id":69389,"href":"https:\/\/www.noticiasradioreflejos.com.ar\/2021\/wp-json\/wp\/v2\/posts\/69358\/revisions\/69389"}],"wp:attachment":[{"href":"https:\/\/www.noticiasradioreflejos.com.ar\/2021\/wp-json\/wp\/v2\/media?parent=69358"}],"wp:term":[{"taxonomy":"category","embeddable":true,"href":"https:\/\/www.noticiasradioreflejos.com.ar\/2021\/wp-json\/wp\/v2\/categories?post=69358"},{"taxonomy":"post_tag","embeddable":true,"href":"https:\/\/www.noticiasradioreflejos.com.ar\/2021\/wp-json\/wp\/v2\/tags?post=69358"}],"curies":[{"name":"wp","href":"https:\/\/api.w.org\/{rel}","templated":true}]}}