{"id":69355,"date":"2022-03-16T18:06:08","date_gmt":"2022-03-16T18:06:08","guid":{"rendered":"http:\/\/www.noticiasradioreflejos.com.ar\/2021\/?p=69355"},"modified":"2022-03-16T18:06:08","modified_gmt":"2022-03-16T18:06:08","slug":"amplia-agenda-de-trabajo-del-ente-mixto-de-turismo","status":"publish","type":"post","link":"https:\/\/www.noticiasradioreflejos.com.ar\/2021\/amplia-agenda-de-trabajo-del-ente-mixto-de-turismo\/","title":{"rendered":"Amplia agenda de trabajo del Ente Mixto de Turismo"},"content":{"rendered":"<p>Este lunes en Sierra de la Ventana, el Ente Mixto de Turismo del distrito de Tornquist (EMITT), mantuvo una nueva reuni\u00f3n en la que trat\u00f3 y avanz\u00f3 en diferentes temas vinculados al sector.<!--more--><\/p>\n<p>El encuentro tuvo lugar en el Bar El Puesto, en el marco de la iniciativa del EMITT de realizar sus reuniones mensuales en diferentes comercios y localidades, para acercar las partes, generar un posicionamiento y hacer conocer su rol entre los comerciantes tur\u00edsticos.<\/p>\n<p>All\u00ed, se abordaron cuestiones relacionadas a la generaci\u00f3n de empleo, al transporte y al Parque Provincial \u2018Ernesto Tornquist\u2019, y se trataron proyectos de ordenanza.<\/p>\n<p><a title=\"Reunion ente mixto (1)\" href=\"https:\/\/www.flickr.com\/photos\/182279889@N02\/51941209272\/in\/dateposted-public\/\" data-flickr-embed=\"true\"><img loading=\"lazy\" decoding=\"async\" src=\"https:\/\/live.staticflickr.com\/65535\/51941209272_86f2aa8644_c.jpg\" alt=\"Reunion ente mixto (1)\" width=\"800\" height=\"601\" \/><\/a><script async src=\"\/\/embedr.flickr.com\/assets\/client-code.js\" charset=\"utf-8\"><\/script><\/p>\n<p>Tambi\u00e9n, el Comit\u00e9 Ejecutivo del EMITT resolvi\u00f3 recordar a cada uno de los integrantes de las asociaciones de turismo sobre la importancia de la Agenda Cultural, a fin de organizar y unificar el calendario de eventos tanto p\u00fablicos como privados y, as\u00ed, evitar su superposici\u00f3n.<\/p>\n<p>Por otro lado, la C\u00e1mara de Comercio de Villa Ventana inform\u00f3 que entre todos los gastron\u00f3micos de la Villa, acordaron un cronograma que permitir\u00e1 que todos los d\u00edas haya, al menos, tres locales abiertos en la localidad.<\/p>\n<p>Cabe recordar que el EMITT est\u00e1 integrado por el Departamento Ejecutivo, Legislativo, c\u00e1maras y asociaciones y tiene como fin potenciar al sector tur\u00edstico del distrito de Tornquist a trav\u00e9s de puntuales objetivos estrat\u00e9gicos.<\/p>\n","protected":false},"excerpt":{"rendered":"<p>Este lunes en Sierra de la Ventana, el Ente Mixto de Turismo del distrito de Tornquist (EMITT), mantuvo una nueva reuni\u00f3n en la que trat\u00f3 y avanz\u00f3 en diferentes temas vinculados al sector.<\/p>\n","protected":false},"author":3,"featured_media":0,"comment_status":"closed","ping_status":"closed","sticky":false,"template":"","format":"standard","meta":{"footnotes":""},"categories":[28,33],"tags":[],"class_list":["post-69355","post","type-post","status-publish","format-standard","hentry","category-municipales","category-turismo"],"yoast_head":"<!-- This site is optimized with the Yoast SEO plugin v25.9 - https:\/\/yoast.com\/wordpress\/plugins\/seo\/ -->\n<title>Amplia agenda de trabajo del Ente Mixto de Turismo - Noticias Radio Reflejos<\/title>\n<meta name=\"robots\" content=\"index, follow, max-snippet:-1, max-image-preview:large, max-video-preview:-1\" \/>\n<link rel=\"canonical\" href=\"https:\/\/www.noticiasradioreflejos.com.ar\/2021\/amplia-agenda-de-trabajo-del-ente-mixto-de-turismo\/\" \/>\n<meta property=\"og:locale\" content=\"es_ES\" \/>\n<meta property=\"og:type\" content=\"article\" \/>\n<meta property=\"og:title\" content=\"Amplia agenda de trabajo del Ente Mixto de Turismo - Noticias Radio Reflejos\" \/>\n<meta property=\"og:description\" content=\"Este lunes en Sierra de la Ventana, el Ente Mixto de Turismo del distrito de Tornquist (EMITT), mantuvo una nueva reuni\u00f3n en la que trat\u00f3 y avanz\u00f3 en diferentes temas vinculados al sector.\" \/>\n<meta property=\"og:url\" content=\"https:\/\/www.noticiasradioreflejos.com.ar\/2021\/amplia-agenda-de-trabajo-del-ente-mixto-de-turismo\/\" \/>\n<meta property=\"og:site_name\" content=\"Noticias Radio Reflejos\" \/>\n<meta property=\"article:published_time\" content=\"2022-03-16T18:06:08+00:00\" \/>\n<meta property=\"og:image\" content=\"https:\/\/live.staticflickr.com\/65535\/51941209272_86f2aa8644_c.jpg\" \/>\n<meta name=\"author\" content=\"Arnaldo Botto\" \/>\n<meta name=\"twitter:card\" content=\"summary_large_image\" \/>\n<script type=\"application\/ld+json\" class=\"yoast-schema-graph\">{\"@context\":\"https:\/\/schema.org\",\"@graph\":[{\"@type\":\"WebPage\",\"@id\":\"https:\/\/www.noticiasradioreflejos.com.ar\/2021\/amplia-agenda-de-trabajo-del-ente-mixto-de-turismo\/\",\"url\":\"https:\/\/www.noticiasradioreflejos.com.ar\/2021\/amplia-agenda-de-trabajo-del-ente-mixto-de-turismo\/\",\"name\":\"Amplia agenda de trabajo del Ente Mixto de Turismo - Noticias Radio Reflejos\",\"isPartOf\":{\"@id\":\"https:\/\/www.noticiasradioreflejos.com.ar\/2021\/#website\"},\"primaryImageOfPage\":{\"@id\":\"https:\/\/www.noticiasradioreflejos.com.ar\/2021\/amplia-agenda-de-trabajo-del-ente-mixto-de-turismo\/#primaryimage\"},\"image\":{\"@id\":\"https:\/\/www.noticiasradioreflejos.com.ar\/2021\/amplia-agenda-de-trabajo-del-ente-mixto-de-turismo\/#primaryimage\"},\"thumbnailUrl\":\"https:\/\/live.staticflickr.com\/65535\/51941209272_86f2aa8644_c.jpg\",\"datePublished\":\"2022-03-16T18:06:08+00:00\",\"author\":{\"@id\":\"https:\/\/www.noticiasradioreflejos.com.ar\/2021\/#\/schema\/person\/ad82545263dcc5ec0996818884fd5fb1\"},\"breadcrumb\":{\"@id\":\"https:\/\/www.noticiasradioreflejos.com.ar\/2021\/amplia-agenda-de-trabajo-del-ente-mixto-de-turismo\/#breadcrumb\"},\"inLanguage\":\"es\",\"potentialAction\":[{\"@type\":\"ReadAction\",\"target\":[\"https:\/\/www.noticiasradioreflejos.com.ar\/2021\/amplia-agenda-de-trabajo-del-ente-mixto-de-turismo\/\"]}]},{\"@type\":\"ImageObject\",\"inLanguage\":\"es\",\"@id\":\"https:\/\/www.noticiasradioreflejos.com.ar\/2021\/amplia-agenda-de-trabajo-del-ente-mixto-de-turismo\/#primaryimage\",\"url\":\"https:\/\/live.staticflickr.com\/65535\/51941209272_86f2aa8644_c.jpg\",\"contentUrl\":\"https:\/\/live.staticflickr.com\/65535\/51941209272_86f2aa8644_c.jpg\"},{\"@type\":\"BreadcrumbList\",\"@id\":\"https:\/\/www.noticiasradioreflejos.com.ar\/2021\/amplia-agenda-de-trabajo-del-ente-mixto-de-turismo\/#breadcrumb\",\"itemListElement\":[{\"@type\":\"ListItem\",\"position\":1,\"name\":\"Portada\",\"item\":\"https:\/\/www.noticiasradioreflejos.com.ar\/2021\/\"},{\"@type\":\"ListItem\",\"position\":2,\"name\":\"Amplia agenda de trabajo del Ente Mixto de Turismo\"}]},{\"@type\":\"WebSite\",\"@id\":\"https:\/\/www.noticiasradioreflejos.com.ar\/2021\/#website\",\"url\":\"https:\/\/www.noticiasradioreflejos.com.ar\/2021\/\",\"name\":\"Noticias Radio Reflejos\",\"description\":\"Las noticias de mi comarca\",\"potentialAction\":[{\"@type\":\"SearchAction\",\"target\":{\"@type\":\"EntryPoint\",\"urlTemplate\":\"https:\/\/www.noticiasradioreflejos.com.ar\/2021\/?s={search_term_string}\"},\"query-input\":{\"@type\":\"PropertyValueSpecification\",\"valueRequired\":true,\"valueName\":\"search_term_string\"}}],\"inLanguage\":\"es\"},{\"@type\":\"Person\",\"@id\":\"https:\/\/www.noticiasradioreflejos.com.ar\/2021\/#\/schema\/person\/ad82545263dcc5ec0996818884fd5fb1\",\"name\":\"Arnaldo Botto\",\"image\":{\"@type\":\"ImageObject\",\"inLanguage\":\"es\",\"@id\":\"https:\/\/www.noticiasradioreflejos.com.ar\/2021\/#\/schema\/person\/image\/\",\"url\":\"https:\/\/secure.gravatar.com\/avatar\/55cb5e37c1efa326397366e6974cb338056df65cb50e7d64d1cf314e87504837?s=96&d=mm&r=g\",\"contentUrl\":\"https:\/\/secure.gravatar.com\/avatar\/55cb5e37c1efa326397366e6974cb338056df65cb50e7d64d1cf314e87504837?s=96&d=mm&r=g\",\"caption\":\"Arnaldo Botto\"},\"url\":\"https:\/\/www.noticiasradioreflejos.com.ar\/2021\/author\/arnaldo\/\"}]}<\/script>\n<!-- \/ Yoast SEO plugin. -->","yoast_head_json":{"title":"Amplia agenda de trabajo del Ente Mixto de Turismo - Noticias Radio Reflejos","robots":{"index":"index","follow":"follow","max-snippet":"max-snippet:-1","max-image-preview":"max-image-preview:large","max-video-preview":"max-video-preview:-1"},"canonical":"https:\/\/www.noticiasradioreflejos.com.ar\/2021\/amplia-agenda-de-trabajo-del-ente-mixto-de-turismo\/","og_locale":"es_ES","og_type":"article","og_title":"Amplia agenda de trabajo del Ente Mixto de Turismo - Noticias Radio Reflejos","og_description":"Este lunes en Sierra de la Ventana, el Ente Mixto de Turismo del distrito de Tornquist (EMITT), mantuvo una nueva reuni\u00f3n en la que trat\u00f3 y avanz\u00f3 en diferentes temas vinculados al sector.","og_url":"https:\/\/www.noticiasradioreflejos.com.ar\/2021\/amplia-agenda-de-trabajo-del-ente-mixto-de-turismo\/","og_site_name":"Noticias Radio Reflejos","article_published_time":"2022-03-16T18:06:08+00:00","og_image":[{"url":"https:\/\/live.staticflickr.com\/65535\/51941209272_86f2aa8644_c.jpg","type":"","width":"","height":""}],"author":"Arnaldo Botto","twitter_card":"summary_large_image","schema":{"@context":"https:\/\/schema.org","@graph":[{"@type":"WebPage","@id":"https:\/\/www.noticiasradioreflejos.com.ar\/2021\/amplia-agenda-de-trabajo-del-ente-mixto-de-turismo\/","url":"https:\/\/www.noticiasradioreflejos.com.ar\/2021\/amplia-agenda-de-trabajo-del-ente-mixto-de-turismo\/","name":"Amplia agenda de trabajo del Ente Mixto de Turismo - Noticias Radio Reflejos","isPartOf":{"@id":"https:\/\/www.noticiasradioreflejos.com.ar\/2021\/#website"},"primaryImageOfPage":{"@id":"https:\/\/www.noticiasradioreflejos.com.ar\/2021\/amplia-agenda-de-trabajo-del-ente-mixto-de-turismo\/#primaryimage"},"image":{"@id":"https:\/\/www.noticiasradioreflejos.com.ar\/2021\/amplia-agenda-de-trabajo-del-ente-mixto-de-turismo\/#primaryimage"},"thumbnailUrl":"https:\/\/live.staticflickr.com\/65535\/51941209272_86f2aa8644_c.jpg","datePublished":"2022-03-16T18:06:08+00:00","author":{"@id":"https:\/\/www.noticiasradioreflejos.com.ar\/2021\/#\/schema\/person\/ad82545263dcc5ec0996818884fd5fb1"},"breadcrumb":{"@id":"https:\/\/www.noticiasradioreflejos.com.ar\/2021\/amplia-agenda-de-trabajo-del-ente-mixto-de-turismo\/#breadcrumb"},"inLanguage":"es","potentialAction":[{"@type":"ReadAction","target":["https:\/\/www.noticiasradioreflejos.com.ar\/2021\/amplia-agenda-de-trabajo-del-ente-mixto-de-turismo\/"]}]},{"@type":"ImageObject","inLanguage":"es","@id":"https:\/\/www.noticiasradioreflejos.com.ar\/2021\/amplia-agenda-de-trabajo-del-ente-mixto-de-turismo\/#primaryimage","url":"https:\/\/live.staticflickr.com\/65535\/51941209272_86f2aa8644_c.jpg","contentUrl":"https:\/\/live.staticflickr.com\/65535\/51941209272_86f2aa8644_c.jpg"},{"@type":"BreadcrumbList","@id":"https:\/\/www.noticiasradioreflejos.com.ar\/2021\/amplia-agenda-de-trabajo-del-ente-mixto-de-turismo\/#breadcrumb","itemListElement":[{"@type":"ListItem","position":1,"name":"Portada","item":"https:\/\/www.noticiasradioreflejos.com.ar\/2021\/"},{"@type":"ListItem","position":2,"name":"Amplia agenda de trabajo del Ente Mixto de Turismo"}]},{"@type":"WebSite","@id":"https:\/\/www.noticiasradioreflejos.com.ar\/2021\/#website","url":"https:\/\/www.noticiasradioreflejos.com.ar\/2021\/","name":"Noticias Radio Reflejos","description":"Las noticias de mi comarca","potentialAction":[{"@type":"SearchAction","target":{"@type":"EntryPoint","urlTemplate":"https:\/\/www.noticiasradioreflejos.com.ar\/2021\/?s={search_term_string}"},"query-input":{"@type":"PropertyValueSpecification","valueRequired":true,"valueName":"search_term_string"}}],"inLanguage":"es"},{"@type":"Person","@id":"https:\/\/www.noticiasradioreflejos.com.ar\/2021\/#\/schema\/person\/ad82545263dcc5ec0996818884fd5fb1","name":"Arnaldo Botto","image":{"@type":"ImageObject","inLanguage":"es","@id":"https:\/\/www.noticiasradioreflejos.com.ar\/2021\/#\/schema\/person\/image\/","url":"https:\/\/secure.gravatar.com\/avatar\/55cb5e37c1efa326397366e6974cb338056df65cb50e7d64d1cf314e87504837?s=96&d=mm&r=g","contentUrl":"https:\/\/secure.gravatar.com\/avatar\/55cb5e37c1efa326397366e6974cb338056df65cb50e7d64d1cf314e87504837?s=96&d=mm&r=g","caption":"Arnaldo Botto"},"url":"https:\/\/www.noticiasradioreflejos.com.ar\/2021\/author\/arnaldo\/"}]}},"_links":{"self":[{"href":"https:\/\/www.noticiasradioreflejos.com.ar\/2021\/wp-json\/wp\/v2\/posts\/69355","targetHints":{"allow":["GET"]}}],"collection":[{"href":"https:\/\/www.noticiasradioreflejos.com.ar\/2021\/wp-json\/wp\/v2\/posts"}],"about":[{"href":"https:\/\/www.noticiasradioreflejos.com.ar\/2021\/wp-json\/wp\/v2\/types\/post"}],"author":[{"embeddable":true,"href":"https:\/\/www.noticiasradioreflejos.com.ar\/2021\/wp-json\/wp\/v2\/users\/3"}],"replies":[{"embeddable":true,"href":"https:\/\/www.noticiasradioreflejos.com.ar\/2021\/wp-json\/wp\/v2\/comments?post=69355"}],"version-history":[{"count":1,"href":"https:\/\/www.noticiasradioreflejos.com.ar\/2021\/wp-json\/wp\/v2\/posts\/69355\/revisions"}],"predecessor-version":[{"id":69357,"href":"https:\/\/www.noticiasradioreflejos.com.ar\/2021\/wp-json\/wp\/v2\/posts\/69355\/revisions\/69357"}],"wp:attachment":[{"href":"https:\/\/www.noticiasradioreflejos.com.ar\/2021\/wp-json\/wp\/v2\/media?parent=69355"}],"wp:term":[{"taxonomy":"category","embeddable":true,"href":"https:\/\/www.noticiasradioreflejos.com.ar\/2021\/wp-json\/wp\/v2\/categories?post=69355"},{"taxonomy":"post_tag","embeddable":true,"href":"https:\/\/www.noticiasradioreflejos.com.ar\/2021\/wp-json\/wp\/v2\/tags?post=69355"}],"curies":[{"name":"wp","href":"https:\/\/api.w.org\/{rel}","templated":true}]}}