{"id":69349,"date":"2022-03-16T13:14:01","date_gmt":"2022-03-16T13:14:01","guid":{"rendered":"http:\/\/www.noticiasradioreflejos.com.ar\/2021\/?p=69349"},"modified":"2022-03-16T13:14:01","modified_gmt":"2022-03-16T13:14:01","slug":"avanza-la-causa-por-la-muerte-de-sergio-denis-lo-mataron-arriba-del-escenario","status":"publish","type":"post","link":"https:\/\/www.noticiasradioreflejos.com.ar\/2021\/avanza-la-causa-por-la-muerte-de-sergio-denis-lo-mataron-arriba-del-escenario\/","title":{"rendered":"Avanza la causa por la muerte de Sergio Denis: \u201cLo mataron arriba del escenario\u201d"},"content":{"rendered":"<header id=\"mvp-post-head\" class=\"left relative\">\n<div class=\"mvp-author-info-wrap left relative\">\n<div class=\"mvp-author-info-text left relative\">\n<div class=\"mvp-author-info-name left relative\">\u201cTe llamo para despedirme. Me voy, no s\u00e9 d\u00f3nde ni cu\u00e1ndo\u201d, se dispon\u00eda a cantar Sergio Denis en la noche del 11 de marzo del 2019. Con saco rojo, pantal\u00f3n blanco y un p\u00fablico que aclamaba por \u00e9l, el cantante recorri\u00f3 el teatro Mercedes Sosa de Tucum\u00e1n y fue a saludar a las fans que estaban en sus butacas, al regresar a su lugar, pis\u00f3 la escalera que un\u00eda la platea con el escenario y cay\u00f3 al foso de orquesta, de unos tres metros de altura. De inmediato fue hospitalizado en grave estado y nunca despert\u00f3.<\/div>\n<\/div>\n<\/div>\n<\/header>\n<p><!--more--><\/p>\n<div class=\"mvp-post-main-out left relative\">\n<div class=\"mvp-post-main-in\">\n<div id=\"mvp-post-content\" class=\"left relative\">\n<div id=\"mvp-content-wrap\" class=\"left relative\">\n<div class=\"mvp-post-soc-out right relative\">\n<div class=\"mvp-post-soc-in\">\n<div id=\"mvp-content-body\" class=\"left relative\">\n<div id=\"mvp-content-body-top\" class=\"left relative\">\n<div id=\"mvp-content-main\" class=\"left relative\">\n<div id=\"textbody\">\n<p>Aunque H\u00e9ctor Omar Hoffmann, como era su verdadero nombre, falleci\u00f3 el 15 de mayo del 2020, fue el accidente ocurrido el a\u00f1o anterior el que le cost\u00f3 la vida. A tres a\u00f1os de su ca\u00edda, sus hijos B\u00e1rbara, Victoria y Federico, creen que la muerte de su padre era evitable y contin\u00faan pidiendo Justicia.<\/p>\n<blockquote class=\"instagram-media\" style=\"background: #FFF; border: 0; border-radius: 3px; box-shadow: 0 0 1px 0 rgba(0,0,0,0.5),0 1px 10px 0 rgba(0,0,0,0.15); margin: 1px; max-width: 540px; min-width: 326px; padding: 0; width: calc(100% - 2px);\" data-instgrm-captioned=\"\" data-instgrm-permalink=\"https:\/\/www.instagram.com\/p\/Ca9kAk8uqCs\/?utm_source=ig_embed&amp;utm_campaign=loading\" data-instgrm-version=\"14\">\n<div style=\"padding: 16px;\">\n<p>&nbsp;<\/p>\n<div style=\"display: flex; flex-direction: row; align-items: center;\">\n<div style=\"background-color: #f4f4f4; border-radius: 50%; flex-grow: 0; height: 40px; margin-right: 14px; width: 40px;\"><\/div>\n<div style=\"display: flex; flex-direction: column; flex-grow: 1; justify-content: center;\">\n<div style=\"background-color: #f4f4f4; border-radius: 4px; flex-grow: 0; height: 14px; margin-bottom: 6px; width: 100px;\"><\/div>\n<div style=\"background-color: #f4f4f4; border-radius: 4px; flex-grow: 0; height: 14px; width: 60px;\"><\/div>\n<\/div>\n<\/div>\n<div style=\"padding: 19% 0;\"><\/div>\n<div style=\"display: block; height: 50px; margin: 0 auto 12px; width: 50px;\"><\/div>\n<div style=\"padding-top: 8px;\">\n<div style=\"color: #3897f0; font-family: Arial,sans-serif; font-size: 14px; font-style: normal; font-weight: 550; line-height: 18px;\">Ver esta publicaci\u00f3n en Instagram<\/div>\n<\/div>\n<div style=\"padding: 12.5% 0;\"><\/div>\n<div style=\"display: flex; flex-direction: row; margin-bottom: 14px; align-items: center;\">\n<div>\n<div style=\"background-color: #f4f4f4; border-radius: 50%; height: 12.5px; width: 12.5px; transform: translateX(0px) translateY(7px);\"><\/div>\n<div style=\"background-color: #f4f4f4; height: 12.5px; transform: rotate(-45deg) translateX(3px) translateY(1px); width: 12.5px; flex-grow: 0; margin-right: 14px; margin-left: 2px;\"><\/div>\n<div style=\"background-color: #f4f4f4; border-radius: 50%; height: 12.5px; width: 12.5px; transform: translateX(9px) translateY(-18px);\"><\/div>\n<\/div>\n<div style=\"margin-left: 8px;\">\n<div style=\"background-color: #f4f4f4; border-radius: 50%; flex-grow: 0; height: 20px; width: 20px;\"><\/div>\n<div style=\"width: 0; height: 0; border-top: 2px solid transparent; border-left: 6px solid #f4f4f4; border-bottom: 2px solid transparent; transform: translateX(16px) translateY(-4px) rotate(30deg);\"><\/div>\n<\/div>\n<div style=\"margin-left: auto;\">\n<div style=\"width: 0px; border-top: 8px solid #F4F4F4; border-right: 8px solid transparent; transform: translateY(16px);\"><\/div>\n<div style=\"background-color: #f4f4f4; flex-grow: 0; height: 12px; width: 16px; transform: translateY(-4px);\"><\/div>\n<div style=\"width: 0; height: 0; border-top: 8px solid #F4F4F4; border-left: 8px solid transparent; transform: translateY(-4px) translateX(8px);\"><\/div>\n<\/div>\n<\/div>\n<div style=\"display: flex; flex-direction: column; flex-grow: 1; justify-content: center; margin-bottom: 24px;\">\n<div style=\"background-color: #f4f4f4; border-radius: 4px; flex-grow: 0; height: 14px; margin-bottom: 6px; width: 224px;\"><\/div>\n<div style=\"background-color: #f4f4f4; border-radius: 4px; flex-grow: 0; height: 14px; width: 144px;\"><\/div>\n<\/div>\n<p>&nbsp;<\/p>\n<p style=\"color: #c9c8cd; font-family: Arial,sans-serif; font-size: 14px; line-height: 17px; margin-bottom: 0; margin-top: 8px; overflow: hidden; padding: 8px 0 7px; text-align: center; text-overflow: ellipsis; white-space: nowrap;\"><a style=\"color: #c9c8cd; font-family: Arial,sans-serif; font-size: 14px; font-style: normal; font-weight: normal; line-height: 17px; text-decoration: none;\" href=\"https:\/\/www.instagram.com\/p\/Ca9kAk8uqCs\/?utm_source=ig_embed&amp;utm_campaign=loading\" target=\"_blank\" rel=\"noopener\">Una publicaci\u00f3n compartida de Barbara Hoffmann (@barby.hoffmann)<\/a><\/p>\n<\/div>\n<\/blockquote>\n<p><script async src=\"\/\/www.instagram.com\/embed.js\"><\/script><\/p>\n<p>M\u00e1s all\u00e1 de si el foso de orquesta deb\u00eda estar tapado o no -obra que estaba prevista y que se hizo meses despu\u00e9s de la ca\u00edda del int\u00e9rprete- las dudas est\u00e1n puestas en la pasarela o escalera que en ese entonces un\u00eda la platea con el escenario, espacio que Sergio cruz\u00f3, y que los peritos consideraron \u201cilegal\u201d.<\/p>\n<p>Diego Colombo fue amigo del cantante y hoy representa a los hijos de \u00e9ste en el juicio contra Ra\u00fal Armisen, administrador hasta hoy del teatro y a quien ellos consideran como \u201cprincipal responsable de la muerte de Sergio por la ca\u00edda que tuvo en el escenario en el teatro Mercedes Sosa\u201d. En di\u00e1logo con Teleshow el letrado explic\u00f3 que durante dos a\u00f1os la causa estuvo \u201cmuy frenada\u201d hasta que lograron que cambiaran al fiscal.<\/p>\n<div class=\"code-block code-block-1\"><\/div>\n<p>\u201cLa semana pasada presentamos un escrito en Tucum\u00e1n para impulsar el proceso y para que se reciba en declaraci\u00f3n indagatoria a Armisen que es el presidente del ente ant\u00e1rtico del Mercedes Sosa designado por el gobernador de Tucum\u00e1n de ese entonces, Juan Manzur, para poder seguir avanzando\u201d, cont\u00f3.<\/p>\n<p>Adem\u00e1s, destac\u00f3 que sobre la \u201cpasarela\u201d (la escalera que un\u00eda el escenario y la platea y de la cual cay\u00f3 el int\u00e9rprete de temas como \u201cTe quiero tanto\u201d, \u201cTodos los domingos\u201d o \u201cGigante chiquito\u201d) se hizo una pericia: \u201cEs ilegal, no est\u00e1 (no estaba) autorizada, no lo digo yo, lo dice Defensa Civil de la Municipalidad de Tucum\u00e1n, que es quien tiene el poder de polic\u00eda sobre el cuidado del teatro y que tenga las condiciones cumplidas respecto a ordenanzas, reglamentos y leyes para que el lugar pueda funcionar\u201d.<\/p>\n<figure class=\"wp-block-image size-full\"><picture><source srcset=\"https:\/\/www.labrujula24.com\/wp-content\/webp-express\/webp-images\/uploads\/2022\/03\/planoteatro.jpg.webp 817w, https:\/\/www.labrujula24.com\/wp-content\/webp-express\/webp-images\/uploads\/2022\/03\/planoteatro-768x564.jpg.webp 768w\" type=\"image\/webp\" sizes=\"(max-width: 817px) 100vw, 817px\" \/><img loading=\"lazy\" decoding=\"async\" class=\"wp-image-199580 webpexpress-processed\" src=\"https:\/\/www.labrujula24.com\/wp-content\/uploads\/2022\/03\/planoteatro.jpg\" sizes=\"auto, (max-width: 817px) 100vw, 817px\" srcset=\"https:\/\/www.labrujula24.com\/wp-content\/uploads\/2022\/03\/planoteatro.jpg 817w, https:\/\/www.labrujula24.com\/wp-content\/uploads\/2022\/03\/planoteatro-768x564.jpg 768w\" alt=\"\" width=\"817\" height=\"600\" \/><\/picture><\/figure>\n<p>\u201cEllos dicen que no est\u00e1 (estaba) en condiciones de funcionar y que en caso de que lo hicieran, la responsabilidad ser\u00eda de quien lo autorizara, se ha probado en el expediente\u201d, dijo y comparti\u00f3 un documento firmado por un ingeniero de Defensa Civil con fecha 13 de marzo del 2019 (post accidente) en el que aseguran que \u201cse construy\u00f3 una pasarela que no fue declarada en la Documentaci\u00f3n T\u00e9cnica presentada\u201d, por lo que se hab\u00eda violado el art\u00edculo que establec\u00eda que \u201cse deben informar los cambios o alteraciones en los locales\u201d y que es el propietario o responsable legal del lugar el responsable de informar dichos cambios.<\/p>\n<p>Ante la realizaci\u00f3n de la mencionada pasarela sin autorizaci\u00f3n, el texto concluye: \u201cDeber\u00e1 abstenerse de realizar cualquier tipo de evento en el teatro Mercedes Sosa, bajo la exclusiva responsabilidad de las autoridades de dicho Ente Aut\u00e1rtico hasta que se elimine la construcci\u00f3n realizada o se presente la documentaci\u00f3n para asignar una nueva asignaci\u00f3n de las medidas de seguridad\u201d.<\/p>\n<div class=\"code-block code-block-6\"><\/div>\n<p>Sobre la causa, Colombo agreg\u00f3: \u201cDurante el primer a\u00f1o de investigaci\u00f3n se hicieron todas las pruebas, despu\u00e9s quedamos en un estado de lentitud sin raz\u00f3n, estamos sufri\u00e9ndolo. Ahora hay un nuevo fiscal y estamos a la espera de que ordene recibir en indagatoria a Armisen que es el presidente del teatro Mercedes Sosa que todav\u00eda sospechosamente esta a cargo, a tres a\u00f1os de haberlo matado a Sergio Denis arriba de un escenario por haber incumplido y cometido imprudencias, negligencias e inobservancias de las ordenanzas, reglamentos y leyes que ten\u00eda que tener en cuenta respecto a la custodia del teatro para que un artista no tenga el destino tr\u00e1gico que tuvo Sergio\u201d.<\/p>\n<p>\u201cEsperamos que lo llamen a indagatoria y que la causa pase ajuicio oral\u201d, dijo e insisti\u00f3 en que nunca se present\u00f3 ning\u00fan plano para que los organismos encargados de controlar autorizaran la realizaci\u00f3n de la pasarela de la cual el artista cay\u00f3 mientras cantaba: \u201cSe puso sin permiso de ninguno de los organismos de control del teatro, pusieron una pasarela ilegal, con una escalera que no tenia ning\u00fan tipo de pasamano ni de cuidado y nunca estuvo autorizada\u201d.<\/p>\n<p>Apenas ocurrido el accidente Armisen hab\u00eda dicho que esa semana le llegar\u00edan los materiales para tapar el foso de orquesta y que estaban esperando unas autorizaciones. Al respecto, Colombo fue concluyente: \u201cCuando se present\u00f3 a declarar por las lesiones graves que le produjo a Sergio y que finalmente lo condujeron a la muerte se neg\u00f3 a declarar, as\u00ed que nunca dijo nada. Y menos sobre esta pasarela, lo cierto es que el 11 de marzo del 2019 mat\u00f3 a Sergi Denis, no hicieron nada, si lo hubieran hecho (la obra que se efectiviz\u00f3 meses m\u00e1s tarde para tapar el foso), el evento mortal no hubiera sucedido\u201d.<\/p>\n<h2>Homenaje en la plaza de Pueblo San Jose<\/h2>\n<figure class=\"wp-block-image size-full\"><picture><source srcset=\"https:\/\/www.labrujula24.com\/wp-content\/webp-express\/webp-images\/uploads\/2022\/03\/sergiodenishomejane.jpg.webp 1278w, https:\/\/www.labrujula24.com\/wp-content\/webp-express\/webp-images\/uploads\/2022\/03\/sergiodenishomejane-768x769.jpg.webp 768w, https:\/\/www.labrujula24.com\/wp-content\/webp-express\/webp-images\/uploads\/2022\/03\/sergiodenishomejane-80x80.jpg.webp 80w\" type=\"image\/webp\" sizes=\"(max-width: 1278px) 100vw, 1278px\" \/><img loading=\"lazy\" decoding=\"async\" class=\"wp-image-199579 webpexpress-processed\" src=\"https:\/\/www.labrujula24.com\/wp-content\/uploads\/2022\/03\/sergiodenishomejane.jpg\" sizes=\"auto, (max-width: 1278px) 100vw, 1278px\" srcset=\"https:\/\/www.labrujula24.com\/wp-content\/uploads\/2022\/03\/sergiodenishomejane.jpg 1278w, https:\/\/www.labrujula24.com\/wp-content\/uploads\/2022\/03\/sergiodenishomejane-768x769.jpg 768w, https:\/\/www.labrujula24.com\/wp-content\/uploads\/2022\/03\/sergiodenishomejane-80x80.jpg 80w\" alt=\"\" width=\"1278\" height=\"1280\" \/><\/picture><\/figure>\n<p>En el marco del d\u00eda del \u201cM\u00fasico Suarense\u201d, instituido por ordenanza municipal el 16 de marzo, fecha del nacimiento del querido Sergio Denis, se revivir\u00e1 el genial homenaje al artista suarense, realizado por artistas locales.<\/p>\n<p>La actividad, impulsada por el Instituto Cultural bonaerense articulada con el Municipio de Coronel Su\u00e1rez, comenzar\u00e1 a las 19 horas con la colocaci\u00f3n de una placa en la Plaza Sergio Denis en Pueblo San Jos\u00e9 y continuar\u00e1 con la participaci\u00f3n de artistas locales que brindar\u00e1n un tributo al m\u00fasico.<\/p>\n<p>Participaran Alex Freidig, Juan Mansilla, Silvina y Fabi\u00e1n D\u00edaz, Juan Pablo Schroh, Palito Ruffa, Albino Lang, Francisco Peralta, Leo Ferreyra, Ra\u00fal Ben\u00edtez, Camila Scialabba, Rub\u00e9n Garay, Colirio Guarnieri, Fabi\u00e1n Ferreyra, Claudio Qui\u00f1ones, entre otros.<\/p>\n<p>Huellas de la Cultura es parte de las actividades que el Instituto Cultural desarrolla en el marco de ReCreo, el programa de Promoci\u00f3n Tur\u00edstica y Cultural de la Provincia.<\/p>\n<p>Durante el verano, celebr\u00f3 a los diferentes g\u00e9neros que atraviesan el territorio bonaerense. En su edici\u00f3n homenajes, rescata historias de artistas que dejaron su marca en distintos lugares de la Provincia y recupera esas presencias para conformar un registro de memorias culturales bonaerenses.<\/p>\n<p>De esta forma, ya se realiz\u00f3 un homenaje a Adolfo Bioy Casares y a Silvina Ocampo (en Pardo, Las Flores), Julio Cort\u00e1zar (Bol\u00edvar), Jos\u00e9 Hern\u00e1ndez (San Mart\u00edn) y Alejandra Pizarnik (Avellaneda).<\/p>\n<p><strong>Fuente:<\/strong>\u00a0Infobae \/ Su\u00e1rez Municipio.<\/p>\n<\/div>\n<\/div>\n<\/div>\n<\/div>\n<\/div>\n<\/div>\n<\/div>\n<\/div>\n<\/div>\n<\/div>\n","protected":false},"excerpt":{"rendered":"<p>\u201cTe llamo para despedirme. Me voy, no s\u00e9 d\u00f3nde ni cu\u00e1ndo\u201d, se dispon\u00eda a cantar Sergio Denis en la noche del 11 de marzo del 2019. Con saco rojo, pantal\u00f3n blanco y un p\u00fablico que aclamaba por \u00e9l, el cantante recorri\u00f3 el teatro Mercedes Sosa de Tucum\u00e1n y fue a saludar a las fans que [&hellip;]<\/p>\n","protected":false},"author":3,"featured_media":0,"comment_status":"closed","ping_status":"closed","sticky":false,"template":"","format":"standard","meta":{"footnotes":""},"categories":[29,26],"tags":[],"class_list":["post-69349","post","type-post","status-publish","format-standard","hentry","category-policiales","category-sociedad"],"yoast_head":"<!-- This site is optimized with the Yoast SEO plugin v25.9 - https:\/\/yoast.com\/wordpress\/plugins\/seo\/ -->\n<title>Avanza la causa por la muerte de Sergio Denis: \u201cLo mataron arriba del escenario\u201d - Noticias Radio Reflejos<\/title>\n<meta name=\"robots\" content=\"index, follow, max-snippet:-1, max-image-preview:large, max-video-preview:-1\" \/>\n<link rel=\"canonical\" href=\"https:\/\/www.noticiasradioreflejos.com.ar\/2021\/avanza-la-causa-por-la-muerte-de-sergio-denis-lo-mataron-arriba-del-escenario\/\" \/>\n<meta property=\"og:locale\" content=\"es_ES\" \/>\n<meta property=\"og:type\" content=\"article\" \/>\n<meta property=\"og:title\" content=\"Avanza la causa por la muerte de Sergio Denis: \u201cLo mataron arriba del escenario\u201d - Noticias Radio Reflejos\" \/>\n<meta property=\"og:description\" content=\"\u201cTe llamo para despedirme. Me voy, no s\u00e9 d\u00f3nde ni cu\u00e1ndo\u201d, se dispon\u00eda a cantar Sergio Denis en la noche del 11 de marzo del 2019. Con saco rojo, pantal\u00f3n blanco y un p\u00fablico que aclamaba por \u00e9l, el cantante recorri\u00f3 el teatro Mercedes Sosa de Tucum\u00e1n y fue a saludar a las fans que [&hellip;]\" \/>\n<meta property=\"og:url\" content=\"https:\/\/www.noticiasradioreflejos.com.ar\/2021\/avanza-la-causa-por-la-muerte-de-sergio-denis-lo-mataron-arriba-del-escenario\/\" \/>\n<meta property=\"og:site_name\" content=\"Noticias Radio Reflejos\" \/>\n<meta property=\"article:published_time\" content=\"2022-03-16T13:14:01+00:00\" \/>\n<meta property=\"og:image\" content=\"https:\/\/www.labrujula24.com\/wp-content\/uploads\/2022\/03\/planoteatro.jpg\" \/>\n<meta name=\"author\" content=\"Arnaldo Botto\" \/>\n<meta name=\"twitter:card\" content=\"summary_large_image\" \/>\n<script type=\"application\/ld+json\" class=\"yoast-schema-graph\">{\"@context\":\"https:\/\/schema.org\",\"@graph\":[{\"@type\":\"WebPage\",\"@id\":\"https:\/\/www.noticiasradioreflejos.com.ar\/2021\/avanza-la-causa-por-la-muerte-de-sergio-denis-lo-mataron-arriba-del-escenario\/\",\"url\":\"https:\/\/www.noticiasradioreflejos.com.ar\/2021\/avanza-la-causa-por-la-muerte-de-sergio-denis-lo-mataron-arriba-del-escenario\/\",\"name\":\"Avanza la causa por la muerte de Sergio Denis: \u201cLo mataron arriba del escenario\u201d - Noticias Radio Reflejos\",\"isPartOf\":{\"@id\":\"https:\/\/www.noticiasradioreflejos.com.ar\/2021\/#website\"},\"primaryImageOfPage\":{\"@id\":\"https:\/\/www.noticiasradioreflejos.com.ar\/2021\/avanza-la-causa-por-la-muerte-de-sergio-denis-lo-mataron-arriba-del-escenario\/#primaryimage\"},\"image\":{\"@id\":\"https:\/\/www.noticiasradioreflejos.com.ar\/2021\/avanza-la-causa-por-la-muerte-de-sergio-denis-lo-mataron-arriba-del-escenario\/#primaryimage\"},\"thumbnailUrl\":\"https:\/\/www.labrujula24.com\/wp-content\/uploads\/2022\/03\/planoteatro.jpg\",\"datePublished\":\"2022-03-16T13:14:01+00:00\",\"author\":{\"@id\":\"https:\/\/www.noticiasradioreflejos.com.ar\/2021\/#\/schema\/person\/ad82545263dcc5ec0996818884fd5fb1\"},\"breadcrumb\":{\"@id\":\"https:\/\/www.noticiasradioreflejos.com.ar\/2021\/avanza-la-causa-por-la-muerte-de-sergio-denis-lo-mataron-arriba-del-escenario\/#breadcrumb\"},\"inLanguage\":\"es\",\"potentialAction\":[{\"@type\":\"ReadAction\",\"target\":[\"https:\/\/www.noticiasradioreflejos.com.ar\/2021\/avanza-la-causa-por-la-muerte-de-sergio-denis-lo-mataron-arriba-del-escenario\/\"]}]},{\"@type\":\"ImageObject\",\"inLanguage\":\"es\",\"@id\":\"https:\/\/www.noticiasradioreflejos.com.ar\/2021\/avanza-la-causa-por-la-muerte-de-sergio-denis-lo-mataron-arriba-del-escenario\/#primaryimage\",\"url\":\"https:\/\/www.labrujula24.com\/wp-content\/uploads\/2022\/03\/planoteatro.jpg\",\"contentUrl\":\"https:\/\/www.labrujula24.com\/wp-content\/uploads\/2022\/03\/planoteatro.jpg\"},{\"@type\":\"BreadcrumbList\",\"@id\":\"https:\/\/www.noticiasradioreflejos.com.ar\/2021\/avanza-la-causa-por-la-muerte-de-sergio-denis-lo-mataron-arriba-del-escenario\/#breadcrumb\",\"itemListElement\":[{\"@type\":\"ListItem\",\"position\":1,\"name\":\"Portada\",\"item\":\"https:\/\/www.noticiasradioreflejos.com.ar\/2021\/\"},{\"@type\":\"ListItem\",\"position\":2,\"name\":\"Avanza la causa por la muerte de Sergio Denis: \u201cLo mataron arriba del escenario\u201d\"}]},{\"@type\":\"WebSite\",\"@id\":\"https:\/\/www.noticiasradioreflejos.com.ar\/2021\/#website\",\"url\":\"https:\/\/www.noticiasradioreflejos.com.ar\/2021\/\",\"name\":\"Noticias Radio Reflejos\",\"description\":\"Las noticias de mi comarca\",\"potentialAction\":[{\"@type\":\"SearchAction\",\"target\":{\"@type\":\"EntryPoint\",\"urlTemplate\":\"https:\/\/www.noticiasradioreflejos.com.ar\/2021\/?s={search_term_string}\"},\"query-input\":{\"@type\":\"PropertyValueSpecification\",\"valueRequired\":true,\"valueName\":\"search_term_string\"}}],\"inLanguage\":\"es\"},{\"@type\":\"Person\",\"@id\":\"https:\/\/www.noticiasradioreflejos.com.ar\/2021\/#\/schema\/person\/ad82545263dcc5ec0996818884fd5fb1\",\"name\":\"Arnaldo Botto\",\"image\":{\"@type\":\"ImageObject\",\"inLanguage\":\"es\",\"@id\":\"https:\/\/www.noticiasradioreflejos.com.ar\/2021\/#\/schema\/person\/image\/\",\"url\":\"https:\/\/secure.gravatar.com\/avatar\/55cb5e37c1efa326397366e6974cb338056df65cb50e7d64d1cf314e87504837?s=96&d=mm&r=g\",\"contentUrl\":\"https:\/\/secure.gravatar.com\/avatar\/55cb5e37c1efa326397366e6974cb338056df65cb50e7d64d1cf314e87504837?s=96&d=mm&r=g\",\"caption\":\"Arnaldo Botto\"},\"url\":\"https:\/\/www.noticiasradioreflejos.com.ar\/2021\/author\/arnaldo\/\"}]}<\/script>\n<!-- \/ Yoast SEO plugin. -->","yoast_head_json":{"title":"Avanza la causa por la muerte de Sergio Denis: \u201cLo mataron arriba del escenario\u201d - Noticias Radio Reflejos","robots":{"index":"index","follow":"follow","max-snippet":"max-snippet:-1","max-image-preview":"max-image-preview:large","max-video-preview":"max-video-preview:-1"},"canonical":"https:\/\/www.noticiasradioreflejos.com.ar\/2021\/avanza-la-causa-por-la-muerte-de-sergio-denis-lo-mataron-arriba-del-escenario\/","og_locale":"es_ES","og_type":"article","og_title":"Avanza la causa por la muerte de Sergio Denis: \u201cLo mataron arriba del escenario\u201d - Noticias Radio Reflejos","og_description":"\u201cTe llamo para despedirme. Me voy, no s\u00e9 d\u00f3nde ni cu\u00e1ndo\u201d, se dispon\u00eda a cantar Sergio Denis en la noche del 11 de marzo del 2019. Con saco rojo, pantal\u00f3n blanco y un p\u00fablico que aclamaba por \u00e9l, el cantante recorri\u00f3 el teatro Mercedes Sosa de Tucum\u00e1n y fue a saludar a las fans que [&hellip;]","og_url":"https:\/\/www.noticiasradioreflejos.com.ar\/2021\/avanza-la-causa-por-la-muerte-de-sergio-denis-lo-mataron-arriba-del-escenario\/","og_site_name":"Noticias Radio Reflejos","article_published_time":"2022-03-16T13:14:01+00:00","og_image":[{"url":"https:\/\/www.labrujula24.com\/wp-content\/uploads\/2022\/03\/planoteatro.jpg","type":"","width":"","height":""}],"author":"Arnaldo Botto","twitter_card":"summary_large_image","schema":{"@context":"https:\/\/schema.org","@graph":[{"@type":"WebPage","@id":"https:\/\/www.noticiasradioreflejos.com.ar\/2021\/avanza-la-causa-por-la-muerte-de-sergio-denis-lo-mataron-arriba-del-escenario\/","url":"https:\/\/www.noticiasradioreflejos.com.ar\/2021\/avanza-la-causa-por-la-muerte-de-sergio-denis-lo-mataron-arriba-del-escenario\/","name":"Avanza la causa por la muerte de Sergio Denis: \u201cLo mataron arriba del escenario\u201d - Noticias Radio Reflejos","isPartOf":{"@id":"https:\/\/www.noticiasradioreflejos.com.ar\/2021\/#website"},"primaryImageOfPage":{"@id":"https:\/\/www.noticiasradioreflejos.com.ar\/2021\/avanza-la-causa-por-la-muerte-de-sergio-denis-lo-mataron-arriba-del-escenario\/#primaryimage"},"image":{"@id":"https:\/\/www.noticiasradioreflejos.com.ar\/2021\/avanza-la-causa-por-la-muerte-de-sergio-denis-lo-mataron-arriba-del-escenario\/#primaryimage"},"thumbnailUrl":"https:\/\/www.labrujula24.com\/wp-content\/uploads\/2022\/03\/planoteatro.jpg","datePublished":"2022-03-16T13:14:01+00:00","author":{"@id":"https:\/\/www.noticiasradioreflejos.com.ar\/2021\/#\/schema\/person\/ad82545263dcc5ec0996818884fd5fb1"},"breadcrumb":{"@id":"https:\/\/www.noticiasradioreflejos.com.ar\/2021\/avanza-la-causa-por-la-muerte-de-sergio-denis-lo-mataron-arriba-del-escenario\/#breadcrumb"},"inLanguage":"es","potentialAction":[{"@type":"ReadAction","target":["https:\/\/www.noticiasradioreflejos.com.ar\/2021\/avanza-la-causa-por-la-muerte-de-sergio-denis-lo-mataron-arriba-del-escenario\/"]}]},{"@type":"ImageObject","inLanguage":"es","@id":"https:\/\/www.noticiasradioreflejos.com.ar\/2021\/avanza-la-causa-por-la-muerte-de-sergio-denis-lo-mataron-arriba-del-escenario\/#primaryimage","url":"https:\/\/www.labrujula24.com\/wp-content\/uploads\/2022\/03\/planoteatro.jpg","contentUrl":"https:\/\/www.labrujula24.com\/wp-content\/uploads\/2022\/03\/planoteatro.jpg"},{"@type":"BreadcrumbList","@id":"https:\/\/www.noticiasradioreflejos.com.ar\/2021\/avanza-la-causa-por-la-muerte-de-sergio-denis-lo-mataron-arriba-del-escenario\/#breadcrumb","itemListElement":[{"@type":"ListItem","position":1,"name":"Portada","item":"https:\/\/www.noticiasradioreflejos.com.ar\/2021\/"},{"@type":"ListItem","position":2,"name":"Avanza la causa por la muerte de Sergio Denis: \u201cLo mataron arriba del escenario\u201d"}]},{"@type":"WebSite","@id":"https:\/\/www.noticiasradioreflejos.com.ar\/2021\/#website","url":"https:\/\/www.noticiasradioreflejos.com.ar\/2021\/","name":"Noticias Radio Reflejos","description":"Las noticias de mi comarca","potentialAction":[{"@type":"SearchAction","target":{"@type":"EntryPoint","urlTemplate":"https:\/\/www.noticiasradioreflejos.com.ar\/2021\/?s={search_term_string}"},"query-input":{"@type":"PropertyValueSpecification","valueRequired":true,"valueName":"search_term_string"}}],"inLanguage":"es"},{"@type":"Person","@id":"https:\/\/www.noticiasradioreflejos.com.ar\/2021\/#\/schema\/person\/ad82545263dcc5ec0996818884fd5fb1","name":"Arnaldo Botto","image":{"@type":"ImageObject","inLanguage":"es","@id":"https:\/\/www.noticiasradioreflejos.com.ar\/2021\/#\/schema\/person\/image\/","url":"https:\/\/secure.gravatar.com\/avatar\/55cb5e37c1efa326397366e6974cb338056df65cb50e7d64d1cf314e87504837?s=96&d=mm&r=g","contentUrl":"https:\/\/secure.gravatar.com\/avatar\/55cb5e37c1efa326397366e6974cb338056df65cb50e7d64d1cf314e87504837?s=96&d=mm&r=g","caption":"Arnaldo Botto"},"url":"https:\/\/www.noticiasradioreflejos.com.ar\/2021\/author\/arnaldo\/"}]}},"_links":{"self":[{"href":"https:\/\/www.noticiasradioreflejos.com.ar\/2021\/wp-json\/wp\/v2\/posts\/69349","targetHints":{"allow":["GET"]}}],"collection":[{"href":"https:\/\/www.noticiasradioreflejos.com.ar\/2021\/wp-json\/wp\/v2\/posts"}],"about":[{"href":"https:\/\/www.noticiasradioreflejos.com.ar\/2021\/wp-json\/wp\/v2\/types\/post"}],"author":[{"embeddable":true,"href":"https:\/\/www.noticiasradioreflejos.com.ar\/2021\/wp-json\/wp\/v2\/users\/3"}],"replies":[{"embeddable":true,"href":"https:\/\/www.noticiasradioreflejos.com.ar\/2021\/wp-json\/wp\/v2\/comments?post=69349"}],"version-history":[{"count":1,"href":"https:\/\/www.noticiasradioreflejos.com.ar\/2021\/wp-json\/wp\/v2\/posts\/69349\/revisions"}],"predecessor-version":[{"id":69351,"href":"https:\/\/www.noticiasradioreflejos.com.ar\/2021\/wp-json\/wp\/v2\/posts\/69349\/revisions\/69351"}],"wp:attachment":[{"href":"https:\/\/www.noticiasradioreflejos.com.ar\/2021\/wp-json\/wp\/v2\/media?parent=69349"}],"wp:term":[{"taxonomy":"category","embeddable":true,"href":"https:\/\/www.noticiasradioreflejos.com.ar\/2021\/wp-json\/wp\/v2\/categories?post=69349"},{"taxonomy":"post_tag","embeddable":true,"href":"https:\/\/www.noticiasradioreflejos.com.ar\/2021\/wp-json\/wp\/v2\/tags?post=69349"}],"curies":[{"name":"wp","href":"https:\/\/api.w.org\/{rel}","templated":true}]}}