{"id":69347,"date":"2022-03-16T11:26:58","date_gmt":"2022-03-16T11:26:58","guid":{"rendered":"http:\/\/www.noticiasradioreflejos.com.ar\/2021\/?p=69347"},"modified":"2022-03-16T11:26:58","modified_gmt":"2022-03-16T11:26:58","slug":"cerro-en-40-el-aumento-que-percibiran-los-estatales-bonaerenses","status":"publish","type":"post","link":"https:\/\/www.noticiasradioreflejos.com.ar\/2021\/cerro-en-40-el-aumento-que-percibiran-los-estatales-bonaerenses\/","title":{"rendered":"Cerr\u00f3 en 40% el aumento que percibir\u00e1n los estatales bonaerenses"},"content":{"rendered":"<p>La aceptaci\u00f3n del 40 por ciento en tres tramos fue por mayor\u00eda. Adem\u00e1s, acordaron una cl\u00e1usula de reapertura de la negociaci\u00f3n que d\u00edas atr\u00e1s present\u00f3 el Gobierno de la provincia de Buenos Aires.<!--more--><\/p>\n<div>\n<div class=\"wrapper-editable-content\">\n<div>\n<div class=\"container-md\">\n<div class=\"row\">\n<div class=\"col-md-12 speak\">\n<div class=\"paragraph\">\n<figure class=\"mb-3\"><img decoding=\"async\" src=\"https:\/\/www.telam.com.ar\/thumbs\/bluesteel\/advf\/imagenes\/2022\/03\/6230738956857_900.jpg\" alt=\"La propuesta incluye una bonificacin adicional para el personal del ministerio de Salud\" width=\"100%\" height=\"100%\" \/><\/p>\n<div class=\"media-icons\"><\/div><figcaption>La propuesta incluye una bonificaci\u00f3n adicional para el personal del ministerio de Salud.<\/figcaption><\/figure>\n<p>Los gremios que nuclean a los trabajadores y trabajadoras estatales bonaerenses\u00a0<strong>aceptaron por mayor\u00eda la propuesta salarial que contempla un incremento del 40% en tres tramos\u00a0<\/strong>y una cl\u00e1usula de reapertura de la negociaci\u00f3n que d\u00edas atr\u00e1s present\u00f3 el Gobierno de la provincia de Buenos Aires, por lo que\u00a0<strong>se da por cerrada la paritaria del sector.<\/strong><\/p>\n<p>En un comunicado, la cartera laboral precis\u00f3 anoche que la Federaci\u00f3n de Gremios Estatales y Particulares de la Provincia de Buenos Aires (Fegeppba) respondi\u00f3 de manera afirmativa a la oferta que el jueves \u00faltimo hab\u00eda presentado el Gobierno en la reanudaci\u00f3n de las negociaciones, sum\u00e1ndose a la aprobaci\u00f3n que ya hab\u00edan anticipado ATE y Upcn.<\/p>\n<p>\u00abEstamos satisfechos con que se hayan alcanzado acuerdos por amplia mayor\u00eda. Vamos a seguir trabajando en las mesas comprometidas para mejorar la situaci\u00f3n del empleo estatal y con ello, del Estado\u00bb, afirm\u00f3 la ministra de Trabajo Mara Ruiz Malec.<\/p>\n<p>En tanto, el ministro de Hacienda y Finanzas bonaerense, Pablo L\u00f3pez, manifest\u00f3 su satisfacci\u00f3n por el acuerdo alcanzado y destac\u00f3: \u00abA trav\u00e9s del di\u00e1logo constante con las y los representantes gremiales, avanzamos en nuestro objetivo de ir recomponiendo el poder adquisitivo de los salarios y de mejorar las condiciones laborales de las y los trabajadores, sin perder de vista la situaci\u00f3n fiscal de la provincia\u00bb.<\/p>\n<p><strong>Durante la reuni\u00f3n virtual que encabezaron L\u00f3pez y Ruiz Malec, la gesti\u00f3n bonaerense formul\u00f3 una oferta salarial del 40% a pagar en tres tramos: el primero, del 16%, en marzo, el segundo, del 10 por ciento, en julio, y el tercero, del 14%, en septiembre.<\/strong><\/p>\n<p>Adem\u00e1s, la propuesta i<strong>ncluye una bonificaci\u00f3n adicional para el personal del ministerio de Salud<\/strong>\u00a0enmarcado en la Ley N\u00b010.430, una cl\u00e1usula de seguimiento y otra de reapertura de la mesa salarial luego del tercer aumento, a la espera de los indicadores econ\u00f3micos a fin de lograr y mantener una recomposici\u00f3n real de los salarios de los trabajadores y trabajadoras estatales.<\/p>\n<\/div>\n<\/div>\n<\/div>\n<\/div>\n<\/div>\n<\/div>\n<\/div>\n","protected":false},"excerpt":{"rendered":"<p>La aceptaci\u00f3n del 40 por ciento en tres tramos fue por mayor\u00eda. Adem\u00e1s, acordaron una cl\u00e1usula de reapertura de la negociaci\u00f3n que d\u00edas atr\u00e1s present\u00f3 el Gobierno de la provincia de Buenos Aires.<\/p>\n","protected":false},"author":3,"featured_media":0,"comment_status":"closed","ping_status":"closed","sticky":false,"template":"","format":"standard","meta":{"footnotes":""},"categories":[36,24,26],"tags":[],"class_list":["post-69347","post","type-post","status-publish","format-standard","hentry","category-economia","category-politica","category-sociedad"],"yoast_head":"<!-- This site is optimized with the Yoast SEO plugin v25.9 - https:\/\/yoast.com\/wordpress\/plugins\/seo\/ -->\n<title>Cerr\u00f3 en 40% el aumento que percibir\u00e1n los estatales bonaerenses - Noticias Radio Reflejos<\/title>\n<meta name=\"robots\" content=\"index, follow, max-snippet:-1, max-image-preview:large, max-video-preview:-1\" \/>\n<link rel=\"canonical\" href=\"https:\/\/www.noticiasradioreflejos.com.ar\/2021\/cerro-en-40-el-aumento-que-percibiran-los-estatales-bonaerenses\/\" \/>\n<meta property=\"og:locale\" content=\"es_ES\" \/>\n<meta property=\"og:type\" content=\"article\" \/>\n<meta property=\"og:title\" content=\"Cerr\u00f3 en 40% el aumento que percibir\u00e1n los estatales bonaerenses - Noticias Radio Reflejos\" \/>\n<meta property=\"og:description\" content=\"La aceptaci\u00f3n del 40 por ciento en tres tramos fue por mayor\u00eda. Adem\u00e1s, acordaron una cl\u00e1usula de reapertura de la negociaci\u00f3n que d\u00edas atr\u00e1s present\u00f3 el Gobierno de la provincia de Buenos Aires.\" \/>\n<meta property=\"og:url\" content=\"https:\/\/www.noticiasradioreflejos.com.ar\/2021\/cerro-en-40-el-aumento-que-percibiran-los-estatales-bonaerenses\/\" \/>\n<meta property=\"og:site_name\" content=\"Noticias Radio Reflejos\" \/>\n<meta property=\"article:published_time\" content=\"2022-03-16T11:26:58+00:00\" \/>\n<meta property=\"og:image\" content=\"https:\/\/www.telam.com.ar\/thumbs\/bluesteel\/advf\/imagenes\/2022\/03\/6230738956857_900.jpg\" \/>\n<meta name=\"author\" content=\"Arnaldo Botto\" \/>\n<meta name=\"twitter:card\" content=\"summary_large_image\" \/>\n<script type=\"application\/ld+json\" class=\"yoast-schema-graph\">{\"@context\":\"https:\/\/schema.org\",\"@graph\":[{\"@type\":\"WebPage\",\"@id\":\"https:\/\/www.noticiasradioreflejos.com.ar\/2021\/cerro-en-40-el-aumento-que-percibiran-los-estatales-bonaerenses\/\",\"url\":\"https:\/\/www.noticiasradioreflejos.com.ar\/2021\/cerro-en-40-el-aumento-que-percibiran-los-estatales-bonaerenses\/\",\"name\":\"Cerr\u00f3 en 40% el aumento que percibir\u00e1n los estatales bonaerenses - Noticias Radio Reflejos\",\"isPartOf\":{\"@id\":\"https:\/\/www.noticiasradioreflejos.com.ar\/2021\/#website\"},\"primaryImageOfPage\":{\"@id\":\"https:\/\/www.noticiasradioreflejos.com.ar\/2021\/cerro-en-40-el-aumento-que-percibiran-los-estatales-bonaerenses\/#primaryimage\"},\"image\":{\"@id\":\"https:\/\/www.noticiasradioreflejos.com.ar\/2021\/cerro-en-40-el-aumento-que-percibiran-los-estatales-bonaerenses\/#primaryimage\"},\"thumbnailUrl\":\"https:\/\/www.telam.com.ar\/thumbs\/bluesteel\/advf\/imagenes\/2022\/03\/6230738956857_900.jpg\",\"datePublished\":\"2022-03-16T11:26:58+00:00\",\"author\":{\"@id\":\"https:\/\/www.noticiasradioreflejos.com.ar\/2021\/#\/schema\/person\/ad82545263dcc5ec0996818884fd5fb1\"},\"breadcrumb\":{\"@id\":\"https:\/\/www.noticiasradioreflejos.com.ar\/2021\/cerro-en-40-el-aumento-que-percibiran-los-estatales-bonaerenses\/#breadcrumb\"},\"inLanguage\":\"es\",\"potentialAction\":[{\"@type\":\"ReadAction\",\"target\":[\"https:\/\/www.noticiasradioreflejos.com.ar\/2021\/cerro-en-40-el-aumento-que-percibiran-los-estatales-bonaerenses\/\"]}]},{\"@type\":\"ImageObject\",\"inLanguage\":\"es\",\"@id\":\"https:\/\/www.noticiasradioreflejos.com.ar\/2021\/cerro-en-40-el-aumento-que-percibiran-los-estatales-bonaerenses\/#primaryimage\",\"url\":\"https:\/\/www.telam.com.ar\/thumbs\/bluesteel\/advf\/imagenes\/2022\/03\/6230738956857_900.jpg\",\"contentUrl\":\"https:\/\/www.telam.com.ar\/thumbs\/bluesteel\/advf\/imagenes\/2022\/03\/6230738956857_900.jpg\"},{\"@type\":\"BreadcrumbList\",\"@id\":\"https:\/\/www.noticiasradioreflejos.com.ar\/2021\/cerro-en-40-el-aumento-que-percibiran-los-estatales-bonaerenses\/#breadcrumb\",\"itemListElement\":[{\"@type\":\"ListItem\",\"position\":1,\"name\":\"Portada\",\"item\":\"https:\/\/www.noticiasradioreflejos.com.ar\/2021\/\"},{\"@type\":\"ListItem\",\"position\":2,\"name\":\"Cerr\u00f3 en 40% el aumento que percibir\u00e1n los estatales bonaerenses\"}]},{\"@type\":\"WebSite\",\"@id\":\"https:\/\/www.noticiasradioreflejos.com.ar\/2021\/#website\",\"url\":\"https:\/\/www.noticiasradioreflejos.com.ar\/2021\/\",\"name\":\"Noticias Radio Reflejos\",\"description\":\"Las noticias de mi comarca\",\"potentialAction\":[{\"@type\":\"SearchAction\",\"target\":{\"@type\":\"EntryPoint\",\"urlTemplate\":\"https:\/\/www.noticiasradioreflejos.com.ar\/2021\/?s={search_term_string}\"},\"query-input\":{\"@type\":\"PropertyValueSpecification\",\"valueRequired\":true,\"valueName\":\"search_term_string\"}}],\"inLanguage\":\"es\"},{\"@type\":\"Person\",\"@id\":\"https:\/\/www.noticiasradioreflejos.com.ar\/2021\/#\/schema\/person\/ad82545263dcc5ec0996818884fd5fb1\",\"name\":\"Arnaldo Botto\",\"image\":{\"@type\":\"ImageObject\",\"inLanguage\":\"es\",\"@id\":\"https:\/\/www.noticiasradioreflejos.com.ar\/2021\/#\/schema\/person\/image\/\",\"url\":\"https:\/\/secure.gravatar.com\/avatar\/55cb5e37c1efa326397366e6974cb338056df65cb50e7d64d1cf314e87504837?s=96&d=mm&r=g\",\"contentUrl\":\"https:\/\/secure.gravatar.com\/avatar\/55cb5e37c1efa326397366e6974cb338056df65cb50e7d64d1cf314e87504837?s=96&d=mm&r=g\",\"caption\":\"Arnaldo Botto\"},\"url\":\"https:\/\/www.noticiasradioreflejos.com.ar\/2021\/author\/arnaldo\/\"}]}<\/script>\n<!-- \/ Yoast SEO plugin. -->","yoast_head_json":{"title":"Cerr\u00f3 en 40% el aumento que percibir\u00e1n los estatales bonaerenses - Noticias Radio Reflejos","robots":{"index":"index","follow":"follow","max-snippet":"max-snippet:-1","max-image-preview":"max-image-preview:large","max-video-preview":"max-video-preview:-1"},"canonical":"https:\/\/www.noticiasradioreflejos.com.ar\/2021\/cerro-en-40-el-aumento-que-percibiran-los-estatales-bonaerenses\/","og_locale":"es_ES","og_type":"article","og_title":"Cerr\u00f3 en 40% el aumento que percibir\u00e1n los estatales bonaerenses - Noticias Radio Reflejos","og_description":"La aceptaci\u00f3n del 40 por ciento en tres tramos fue por mayor\u00eda. Adem\u00e1s, acordaron una cl\u00e1usula de reapertura de la negociaci\u00f3n que d\u00edas atr\u00e1s present\u00f3 el Gobierno de la provincia de Buenos Aires.","og_url":"https:\/\/www.noticiasradioreflejos.com.ar\/2021\/cerro-en-40-el-aumento-que-percibiran-los-estatales-bonaerenses\/","og_site_name":"Noticias Radio Reflejos","article_published_time":"2022-03-16T11:26:58+00:00","og_image":[{"url":"https:\/\/www.telam.com.ar\/thumbs\/bluesteel\/advf\/imagenes\/2022\/03\/6230738956857_900.jpg","type":"","width":"","height":""}],"author":"Arnaldo Botto","twitter_card":"summary_large_image","schema":{"@context":"https:\/\/schema.org","@graph":[{"@type":"WebPage","@id":"https:\/\/www.noticiasradioreflejos.com.ar\/2021\/cerro-en-40-el-aumento-que-percibiran-los-estatales-bonaerenses\/","url":"https:\/\/www.noticiasradioreflejos.com.ar\/2021\/cerro-en-40-el-aumento-que-percibiran-los-estatales-bonaerenses\/","name":"Cerr\u00f3 en 40% el aumento que percibir\u00e1n los estatales bonaerenses - Noticias Radio Reflejos","isPartOf":{"@id":"https:\/\/www.noticiasradioreflejos.com.ar\/2021\/#website"},"primaryImageOfPage":{"@id":"https:\/\/www.noticiasradioreflejos.com.ar\/2021\/cerro-en-40-el-aumento-que-percibiran-los-estatales-bonaerenses\/#primaryimage"},"image":{"@id":"https:\/\/www.noticiasradioreflejos.com.ar\/2021\/cerro-en-40-el-aumento-que-percibiran-los-estatales-bonaerenses\/#primaryimage"},"thumbnailUrl":"https:\/\/www.telam.com.ar\/thumbs\/bluesteel\/advf\/imagenes\/2022\/03\/6230738956857_900.jpg","datePublished":"2022-03-16T11:26:58+00:00","author":{"@id":"https:\/\/www.noticiasradioreflejos.com.ar\/2021\/#\/schema\/person\/ad82545263dcc5ec0996818884fd5fb1"},"breadcrumb":{"@id":"https:\/\/www.noticiasradioreflejos.com.ar\/2021\/cerro-en-40-el-aumento-que-percibiran-los-estatales-bonaerenses\/#breadcrumb"},"inLanguage":"es","potentialAction":[{"@type":"ReadAction","target":["https:\/\/www.noticiasradioreflejos.com.ar\/2021\/cerro-en-40-el-aumento-que-percibiran-los-estatales-bonaerenses\/"]}]},{"@type":"ImageObject","inLanguage":"es","@id":"https:\/\/www.noticiasradioreflejos.com.ar\/2021\/cerro-en-40-el-aumento-que-percibiran-los-estatales-bonaerenses\/#primaryimage","url":"https:\/\/www.telam.com.ar\/thumbs\/bluesteel\/advf\/imagenes\/2022\/03\/6230738956857_900.jpg","contentUrl":"https:\/\/www.telam.com.ar\/thumbs\/bluesteel\/advf\/imagenes\/2022\/03\/6230738956857_900.jpg"},{"@type":"BreadcrumbList","@id":"https:\/\/www.noticiasradioreflejos.com.ar\/2021\/cerro-en-40-el-aumento-que-percibiran-los-estatales-bonaerenses\/#breadcrumb","itemListElement":[{"@type":"ListItem","position":1,"name":"Portada","item":"https:\/\/www.noticiasradioreflejos.com.ar\/2021\/"},{"@type":"ListItem","position":2,"name":"Cerr\u00f3 en 40% el aumento que percibir\u00e1n los estatales bonaerenses"}]},{"@type":"WebSite","@id":"https:\/\/www.noticiasradioreflejos.com.ar\/2021\/#website","url":"https:\/\/www.noticiasradioreflejos.com.ar\/2021\/","name":"Noticias Radio Reflejos","description":"Las noticias de mi comarca","potentialAction":[{"@type":"SearchAction","target":{"@type":"EntryPoint","urlTemplate":"https:\/\/www.noticiasradioreflejos.com.ar\/2021\/?s={search_term_string}"},"query-input":{"@type":"PropertyValueSpecification","valueRequired":true,"valueName":"search_term_string"}}],"inLanguage":"es"},{"@type":"Person","@id":"https:\/\/www.noticiasradioreflejos.com.ar\/2021\/#\/schema\/person\/ad82545263dcc5ec0996818884fd5fb1","name":"Arnaldo Botto","image":{"@type":"ImageObject","inLanguage":"es","@id":"https:\/\/www.noticiasradioreflejos.com.ar\/2021\/#\/schema\/person\/image\/","url":"https:\/\/secure.gravatar.com\/avatar\/55cb5e37c1efa326397366e6974cb338056df65cb50e7d64d1cf314e87504837?s=96&d=mm&r=g","contentUrl":"https:\/\/secure.gravatar.com\/avatar\/55cb5e37c1efa326397366e6974cb338056df65cb50e7d64d1cf314e87504837?s=96&d=mm&r=g","caption":"Arnaldo Botto"},"url":"https:\/\/www.noticiasradioreflejos.com.ar\/2021\/author\/arnaldo\/"}]}},"_links":{"self":[{"href":"https:\/\/www.noticiasradioreflejos.com.ar\/2021\/wp-json\/wp\/v2\/posts\/69347","targetHints":{"allow":["GET"]}}],"collection":[{"href":"https:\/\/www.noticiasradioreflejos.com.ar\/2021\/wp-json\/wp\/v2\/posts"}],"about":[{"href":"https:\/\/www.noticiasradioreflejos.com.ar\/2021\/wp-json\/wp\/v2\/types\/post"}],"author":[{"embeddable":true,"href":"https:\/\/www.noticiasradioreflejos.com.ar\/2021\/wp-json\/wp\/v2\/users\/3"}],"replies":[{"embeddable":true,"href":"https:\/\/www.noticiasradioreflejos.com.ar\/2021\/wp-json\/wp\/v2\/comments?post=69347"}],"version-history":[{"count":1,"href":"https:\/\/www.noticiasradioreflejos.com.ar\/2021\/wp-json\/wp\/v2\/posts\/69347\/revisions"}],"predecessor-version":[{"id":69348,"href":"https:\/\/www.noticiasradioreflejos.com.ar\/2021\/wp-json\/wp\/v2\/posts\/69347\/revisions\/69348"}],"wp:attachment":[{"href":"https:\/\/www.noticiasradioreflejos.com.ar\/2021\/wp-json\/wp\/v2\/media?parent=69347"}],"wp:term":[{"taxonomy":"category","embeddable":true,"href":"https:\/\/www.noticiasradioreflejos.com.ar\/2021\/wp-json\/wp\/v2\/categories?post=69347"},{"taxonomy":"post_tag","embeddable":true,"href":"https:\/\/www.noticiasradioreflejos.com.ar\/2021\/wp-json\/wp\/v2\/tags?post=69347"}],"curies":[{"name":"wp","href":"https:\/\/api.w.org\/{rel}","templated":true}]}}