{"id":69339,"date":"2022-03-15T22:55:43","date_gmt":"2022-03-15T22:55:43","guid":{"rendered":"http:\/\/www.noticiasradioreflejos.com.ar\/2021\/?p=69339"},"modified":"2022-03-15T22:55:43","modified_gmt":"2022-03-15T22:55:43","slug":"festival-por-la-paz-mundial-en-sierra-de-la-ventana-que-mejor-que-unir-a-todos-los-artistas-a-todos-lo-musicos-para-este-evento","status":"publish","type":"post","link":"https:\/\/www.noticiasradioreflejos.com.ar\/2021\/festival-por-la-paz-mundial-en-sierra-de-la-ventana-que-mejor-que-unir-a-todos-los-artistas-a-todos-lo-musicos-para-este-evento\/","title":{"rendered":"Festival por la Paz Mundial en Sierra de la Ventana: \u00abQue mejor que unir a todos los artistas, a todos lo m\u00fasicos para este evento\u00bb"},"content":{"rendered":"<p>El m\u00fasico tecladista serrano, invita al 1er Festival por la Paz Mundial, que se realizar\u00e1 el s\u00e1bado 26 de marzo desde las 15 hs, en el boulevard de Av. San Mart\u00edn al 100 .<!--more--><\/p>\n<p>\u00abLa idea era hacer un festival por la Paz, independientemente de lado que cada uno est\u00e9, la paz es la paz, la paz de todos y en todos lados\u00bb expres\u00f3 inicialmente Gast\u00f3n durante la charla telef\u00f3nica mantenida esta ma\u00f1ana en el programa \u00abUn mate y un Caf\u00e9\u00bb.<\/p>\n<p>Y destac\u00f3 : \u00abQue mejor que unir a todos los artistas, a todos lo m\u00fasicos para este evento\u00bb.<\/p>\n<p>El tecladista hace un repaso por el programa preparado hasta el momento, donde destaca que se ver\u00e1n representados todos los estilos musicales y para todos los gustos. \u00abEsperemos que el tiempo nos acompa\u00f1e\u00bb resalt\u00f3 durante la charla.<\/p>\n<p><strong>Nota completa\u00a0<\/strong><\/p>\n<p><iframe loading=\"lazy\" src=\"https:\/\/w.soundcloud.com\/player\/?url=https%3A\/\/api.soundcloud.com\/tracks\/1232955871&amp;color=%23ff5500&amp;auto_play=false&amp;hide_related=false&amp;show_comments=true&amp;show_user=true&amp;show_reposts=false&amp;show_teaser=true&amp;visual=true\" width=\"100%\" height=\"300\" frameborder=\"no\" scrolling=\"no\"><\/iframe><\/p>\n<div style=\"font-size: 10px; color: #cccccc; line-break: anywhere; word-break: normal; overflow: hidden; white-space: nowrap; text-overflow: ellipsis; font-family: Interstate,Lucida Grande,Lucida Sans Unicode,Lucida Sans,Garuda,Verdana,Tahoma,sans-serif; font-weight: 100;\"><a style=\"color: #cccccc; text-decoration: none;\" title=\"fmreflejos 103.7\" href=\"https:\/\/soundcloud.com\/fmreflejos-103-7\" target=\"_blank\" rel=\"noopener\">fmreflejos 103.7<\/a> \u00b7 <a style=\"color: #cccccc; text-decoration: none;\" title=\"Gaston Emilio Gigoux\" href=\"https:\/\/soundcloud.com\/fmreflejos-103-7\/gaston-emilio-gigoux\" target=\"_blank\" rel=\"noopener\">Gaston Emilio Gigoux<\/a><\/div>\n<p><strong>El programa sujeto a cambios de \u00faltimo momento ser\u00e1:<\/strong><\/p>\n<p>1er Festival por la Paz Mundial en Sierra de la Ventana &#8211; Fecha: S\u00e1bado 26 de marzo &#8211; Hora: 15:00 a 22:00hs<br \/>\nLugar: Plaza del Boulevard (ex reloj) Sierra de la Ventana.<\/p>\n<h4><strong>Grilla de Artistas:<\/strong><\/h4>\n<h4><strong><em>1er set solistas y d\u00faos:<\/em><\/strong><\/h4>\n<p>15:00 Vero Pereiro<br \/>\n15:20 Emilce Davico y Ariel Antunez<br \/>\n15:40 Mabel \u00c1valos<br \/>\n16:00 Alejandro Silveria<br \/>\n16:20 Horacio Luqui<br \/>\n16:40 Cristian Konradsen (Bah\u00eda Blanca)<br \/>\n17:00 Hern\u00e1n Lacaba<br \/>\n17:40 Guille Gallo<br \/>\n18:00 Huma Rodr\u00edguez<br \/>\n18:20 D\u00fao Mientras Tanto (Emilce Segheta y Gast\u00f3n Gigoux)<\/p>\n<p><strong>2do set Bandas:<\/strong><br \/>\n18:40 RetRock Plus<br \/>\n19:10 Bastion<br \/>\n20:00 Discovers<br \/>\n21:00 Media Pinta<br \/>\n22:00 K Trajedia<\/p>\n<p><a title=\"Festival PAZ\" href=\"https:\/\/www.flickr.com\/photos\/182279889@N02\/51940842133\/in\/dateposted-public\/\" data-flickr-embed=\"true\"><img loading=\"lazy\" decoding=\"async\" src=\"https:\/\/live.staticflickr.com\/65535\/51940842133_bbcf8b311c_c.jpg\" alt=\"Festival PAZ\" width=\"681\" height=\"800\" \/><\/a><script async src=\"\/\/embedr.flickr.com\/assets\/client-code.js\" charset=\"utf-8\"><\/script><\/p>\n","protected":false},"excerpt":{"rendered":"<p>El m\u00fasico tecladista serrano, invita al 1er Festival por la Paz Mundial, que se realizar\u00e1 el s\u00e1bado 26 de marzo desde las 15 hs, en el boulevard de Av. San Mart\u00edn al 100 .<\/p>\n","protected":false},"author":3,"featured_media":0,"comment_status":"closed","ping_status":"closed","sticky":false,"template":"","format":"standard","meta":{"footnotes":""},"categories":[35,26],"tags":[48],"class_list":["post-69339","post","type-post","status-publish","format-standard","hentry","category-cultura","category-sociedad","tag-destacada"],"yoast_head":"<!-- This site is optimized with the Yoast SEO plugin v25.9 - https:\/\/yoast.com\/wordpress\/plugins\/seo\/ -->\n<title>Festival por la Paz Mundial en Sierra de la Ventana: &quot;Que mejor que unir a todos los artistas, a todos lo m\u00fasicos para este evento&quot; - Noticias Radio Reflejos<\/title>\n<meta name=\"robots\" content=\"index, follow, max-snippet:-1, max-image-preview:large, max-video-preview:-1\" \/>\n<link rel=\"canonical\" href=\"https:\/\/www.noticiasradioreflejos.com.ar\/2021\/festival-por-la-paz-mundial-en-sierra-de-la-ventana-que-mejor-que-unir-a-todos-los-artistas-a-todos-lo-musicos-para-este-evento\/\" \/>\n<meta property=\"og:locale\" content=\"es_ES\" \/>\n<meta property=\"og:type\" content=\"article\" \/>\n<meta property=\"og:title\" content=\"Festival por la Paz Mundial en Sierra de la Ventana: &quot;Que mejor que unir a todos los artistas, a todos lo m\u00fasicos para este evento&quot; - Noticias Radio Reflejos\" \/>\n<meta property=\"og:description\" content=\"El m\u00fasico tecladista serrano, invita al 1er Festival por la Paz Mundial, que se realizar\u00e1 el s\u00e1bado 26 de marzo desde las 15 hs, en el boulevard de Av. San Mart\u00edn al 100 .\" \/>\n<meta property=\"og:url\" content=\"https:\/\/www.noticiasradioreflejos.com.ar\/2021\/festival-por-la-paz-mundial-en-sierra-de-la-ventana-que-mejor-que-unir-a-todos-los-artistas-a-todos-lo-musicos-para-este-evento\/\" \/>\n<meta property=\"og:site_name\" content=\"Noticias Radio Reflejos\" \/>\n<meta property=\"article:published_time\" content=\"2022-03-15T22:55:43+00:00\" \/>\n<meta property=\"og:image\" content=\"https:\/\/live.staticflickr.com\/65535\/51940842133_bbcf8b311c_c.jpg\" \/>\n<meta name=\"author\" content=\"Arnaldo Botto\" \/>\n<meta name=\"twitter:card\" content=\"summary_large_image\" \/>\n<script type=\"application\/ld+json\" class=\"yoast-schema-graph\">{\"@context\":\"https:\/\/schema.org\",\"@graph\":[{\"@type\":\"WebPage\",\"@id\":\"https:\/\/www.noticiasradioreflejos.com.ar\/2021\/festival-por-la-paz-mundial-en-sierra-de-la-ventana-que-mejor-que-unir-a-todos-los-artistas-a-todos-lo-musicos-para-este-evento\/\",\"url\":\"https:\/\/www.noticiasradioreflejos.com.ar\/2021\/festival-por-la-paz-mundial-en-sierra-de-la-ventana-que-mejor-que-unir-a-todos-los-artistas-a-todos-lo-musicos-para-este-evento\/\",\"name\":\"Festival por la Paz Mundial en Sierra de la Ventana: \\\"Que mejor que unir a todos los artistas, a todos lo m\u00fasicos para este evento\\\" - Noticias Radio Reflejos\",\"isPartOf\":{\"@id\":\"https:\/\/www.noticiasradioreflejos.com.ar\/2021\/#website\"},\"primaryImageOfPage\":{\"@id\":\"https:\/\/www.noticiasradioreflejos.com.ar\/2021\/festival-por-la-paz-mundial-en-sierra-de-la-ventana-que-mejor-que-unir-a-todos-los-artistas-a-todos-lo-musicos-para-este-evento\/#primaryimage\"},\"image\":{\"@id\":\"https:\/\/www.noticiasradioreflejos.com.ar\/2021\/festival-por-la-paz-mundial-en-sierra-de-la-ventana-que-mejor-que-unir-a-todos-los-artistas-a-todos-lo-musicos-para-este-evento\/#primaryimage\"},\"thumbnailUrl\":\"https:\/\/live.staticflickr.com\/65535\/51940842133_bbcf8b311c_c.jpg\",\"datePublished\":\"2022-03-15T22:55:43+00:00\",\"author\":{\"@id\":\"https:\/\/www.noticiasradioreflejos.com.ar\/2021\/#\/schema\/person\/ad82545263dcc5ec0996818884fd5fb1\"},\"breadcrumb\":{\"@id\":\"https:\/\/www.noticiasradioreflejos.com.ar\/2021\/festival-por-la-paz-mundial-en-sierra-de-la-ventana-que-mejor-que-unir-a-todos-los-artistas-a-todos-lo-musicos-para-este-evento\/#breadcrumb\"},\"inLanguage\":\"es\",\"potentialAction\":[{\"@type\":\"ReadAction\",\"target\":[\"https:\/\/www.noticiasradioreflejos.com.ar\/2021\/festival-por-la-paz-mundial-en-sierra-de-la-ventana-que-mejor-que-unir-a-todos-los-artistas-a-todos-lo-musicos-para-este-evento\/\"]}]},{\"@type\":\"ImageObject\",\"inLanguage\":\"es\",\"@id\":\"https:\/\/www.noticiasradioreflejos.com.ar\/2021\/festival-por-la-paz-mundial-en-sierra-de-la-ventana-que-mejor-que-unir-a-todos-los-artistas-a-todos-lo-musicos-para-este-evento\/#primaryimage\",\"url\":\"https:\/\/live.staticflickr.com\/65535\/51940842133_bbcf8b311c_c.jpg\",\"contentUrl\":\"https:\/\/live.staticflickr.com\/65535\/51940842133_bbcf8b311c_c.jpg\"},{\"@type\":\"BreadcrumbList\",\"@id\":\"https:\/\/www.noticiasradioreflejos.com.ar\/2021\/festival-por-la-paz-mundial-en-sierra-de-la-ventana-que-mejor-que-unir-a-todos-los-artistas-a-todos-lo-musicos-para-este-evento\/#breadcrumb\",\"itemListElement\":[{\"@type\":\"ListItem\",\"position\":1,\"name\":\"Portada\",\"item\":\"https:\/\/www.noticiasradioreflejos.com.ar\/2021\/\"},{\"@type\":\"ListItem\",\"position\":2,\"name\":\"Festival por la Paz Mundial en Sierra de la Ventana: \u00abQue mejor que unir a todos los artistas, a todos lo m\u00fasicos para este evento\u00bb\"}]},{\"@type\":\"WebSite\",\"@id\":\"https:\/\/www.noticiasradioreflejos.com.ar\/2021\/#website\",\"url\":\"https:\/\/www.noticiasradioreflejos.com.ar\/2021\/\",\"name\":\"Noticias Radio Reflejos\",\"description\":\"Las noticias de mi comarca\",\"potentialAction\":[{\"@type\":\"SearchAction\",\"target\":{\"@type\":\"EntryPoint\",\"urlTemplate\":\"https:\/\/www.noticiasradioreflejos.com.ar\/2021\/?s={search_term_string}\"},\"query-input\":{\"@type\":\"PropertyValueSpecification\",\"valueRequired\":true,\"valueName\":\"search_term_string\"}}],\"inLanguage\":\"es\"},{\"@type\":\"Person\",\"@id\":\"https:\/\/www.noticiasradioreflejos.com.ar\/2021\/#\/schema\/person\/ad82545263dcc5ec0996818884fd5fb1\",\"name\":\"Arnaldo Botto\",\"image\":{\"@type\":\"ImageObject\",\"inLanguage\":\"es\",\"@id\":\"https:\/\/www.noticiasradioreflejos.com.ar\/2021\/#\/schema\/person\/image\/\",\"url\":\"https:\/\/secure.gravatar.com\/avatar\/55cb5e37c1efa326397366e6974cb338056df65cb50e7d64d1cf314e87504837?s=96&d=mm&r=g\",\"contentUrl\":\"https:\/\/secure.gravatar.com\/avatar\/55cb5e37c1efa326397366e6974cb338056df65cb50e7d64d1cf314e87504837?s=96&d=mm&r=g\",\"caption\":\"Arnaldo Botto\"},\"url\":\"https:\/\/www.noticiasradioreflejos.com.ar\/2021\/author\/arnaldo\/\"}]}<\/script>\n<!-- \/ Yoast SEO plugin. -->","yoast_head_json":{"title":"Festival por la Paz Mundial en Sierra de la Ventana: \"Que mejor que unir a todos los artistas, a todos lo m\u00fasicos para este evento\" - Noticias Radio Reflejos","robots":{"index":"index","follow":"follow","max-snippet":"max-snippet:-1","max-image-preview":"max-image-preview:large","max-video-preview":"max-video-preview:-1"},"canonical":"https:\/\/www.noticiasradioreflejos.com.ar\/2021\/festival-por-la-paz-mundial-en-sierra-de-la-ventana-que-mejor-que-unir-a-todos-los-artistas-a-todos-lo-musicos-para-este-evento\/","og_locale":"es_ES","og_type":"article","og_title":"Festival por la Paz Mundial en Sierra de la Ventana: \"Que mejor que unir a todos los artistas, a todos lo m\u00fasicos para este evento\" - Noticias Radio Reflejos","og_description":"El m\u00fasico tecladista serrano, invita al 1er Festival por la Paz Mundial, que se realizar\u00e1 el s\u00e1bado 26 de marzo desde las 15 hs, en el boulevard de Av. San Mart\u00edn al 100 .","og_url":"https:\/\/www.noticiasradioreflejos.com.ar\/2021\/festival-por-la-paz-mundial-en-sierra-de-la-ventana-que-mejor-que-unir-a-todos-los-artistas-a-todos-lo-musicos-para-este-evento\/","og_site_name":"Noticias Radio Reflejos","article_published_time":"2022-03-15T22:55:43+00:00","og_image":[{"url":"https:\/\/live.staticflickr.com\/65535\/51940842133_bbcf8b311c_c.jpg","type":"","width":"","height":""}],"author":"Arnaldo Botto","twitter_card":"summary_large_image","schema":{"@context":"https:\/\/schema.org","@graph":[{"@type":"WebPage","@id":"https:\/\/www.noticiasradioreflejos.com.ar\/2021\/festival-por-la-paz-mundial-en-sierra-de-la-ventana-que-mejor-que-unir-a-todos-los-artistas-a-todos-lo-musicos-para-este-evento\/","url":"https:\/\/www.noticiasradioreflejos.com.ar\/2021\/festival-por-la-paz-mundial-en-sierra-de-la-ventana-que-mejor-que-unir-a-todos-los-artistas-a-todos-lo-musicos-para-este-evento\/","name":"Festival por la Paz Mundial en Sierra de la Ventana: \"Que mejor que unir a todos los artistas, a todos lo m\u00fasicos para este evento\" - Noticias Radio Reflejos","isPartOf":{"@id":"https:\/\/www.noticiasradioreflejos.com.ar\/2021\/#website"},"primaryImageOfPage":{"@id":"https:\/\/www.noticiasradioreflejos.com.ar\/2021\/festival-por-la-paz-mundial-en-sierra-de-la-ventana-que-mejor-que-unir-a-todos-los-artistas-a-todos-lo-musicos-para-este-evento\/#primaryimage"},"image":{"@id":"https:\/\/www.noticiasradioreflejos.com.ar\/2021\/festival-por-la-paz-mundial-en-sierra-de-la-ventana-que-mejor-que-unir-a-todos-los-artistas-a-todos-lo-musicos-para-este-evento\/#primaryimage"},"thumbnailUrl":"https:\/\/live.staticflickr.com\/65535\/51940842133_bbcf8b311c_c.jpg","datePublished":"2022-03-15T22:55:43+00:00","author":{"@id":"https:\/\/www.noticiasradioreflejos.com.ar\/2021\/#\/schema\/person\/ad82545263dcc5ec0996818884fd5fb1"},"breadcrumb":{"@id":"https:\/\/www.noticiasradioreflejos.com.ar\/2021\/festival-por-la-paz-mundial-en-sierra-de-la-ventana-que-mejor-que-unir-a-todos-los-artistas-a-todos-lo-musicos-para-este-evento\/#breadcrumb"},"inLanguage":"es","potentialAction":[{"@type":"ReadAction","target":["https:\/\/www.noticiasradioreflejos.com.ar\/2021\/festival-por-la-paz-mundial-en-sierra-de-la-ventana-que-mejor-que-unir-a-todos-los-artistas-a-todos-lo-musicos-para-este-evento\/"]}]},{"@type":"ImageObject","inLanguage":"es","@id":"https:\/\/www.noticiasradioreflejos.com.ar\/2021\/festival-por-la-paz-mundial-en-sierra-de-la-ventana-que-mejor-que-unir-a-todos-los-artistas-a-todos-lo-musicos-para-este-evento\/#primaryimage","url":"https:\/\/live.staticflickr.com\/65535\/51940842133_bbcf8b311c_c.jpg","contentUrl":"https:\/\/live.staticflickr.com\/65535\/51940842133_bbcf8b311c_c.jpg"},{"@type":"BreadcrumbList","@id":"https:\/\/www.noticiasradioreflejos.com.ar\/2021\/festival-por-la-paz-mundial-en-sierra-de-la-ventana-que-mejor-que-unir-a-todos-los-artistas-a-todos-lo-musicos-para-este-evento\/#breadcrumb","itemListElement":[{"@type":"ListItem","position":1,"name":"Portada","item":"https:\/\/www.noticiasradioreflejos.com.ar\/2021\/"},{"@type":"ListItem","position":2,"name":"Festival por la Paz Mundial en Sierra de la Ventana: \u00abQue mejor que unir a todos los artistas, a todos lo m\u00fasicos para este evento\u00bb"}]},{"@type":"WebSite","@id":"https:\/\/www.noticiasradioreflejos.com.ar\/2021\/#website","url":"https:\/\/www.noticiasradioreflejos.com.ar\/2021\/","name":"Noticias Radio Reflejos","description":"Las noticias de mi comarca","potentialAction":[{"@type":"SearchAction","target":{"@type":"EntryPoint","urlTemplate":"https:\/\/www.noticiasradioreflejos.com.ar\/2021\/?s={search_term_string}"},"query-input":{"@type":"PropertyValueSpecification","valueRequired":true,"valueName":"search_term_string"}}],"inLanguage":"es"},{"@type":"Person","@id":"https:\/\/www.noticiasradioreflejos.com.ar\/2021\/#\/schema\/person\/ad82545263dcc5ec0996818884fd5fb1","name":"Arnaldo Botto","image":{"@type":"ImageObject","inLanguage":"es","@id":"https:\/\/www.noticiasradioreflejos.com.ar\/2021\/#\/schema\/person\/image\/","url":"https:\/\/secure.gravatar.com\/avatar\/55cb5e37c1efa326397366e6974cb338056df65cb50e7d64d1cf314e87504837?s=96&d=mm&r=g","contentUrl":"https:\/\/secure.gravatar.com\/avatar\/55cb5e37c1efa326397366e6974cb338056df65cb50e7d64d1cf314e87504837?s=96&d=mm&r=g","caption":"Arnaldo Botto"},"url":"https:\/\/www.noticiasradioreflejos.com.ar\/2021\/author\/arnaldo\/"}]}},"_links":{"self":[{"href":"https:\/\/www.noticiasradioreflejos.com.ar\/2021\/wp-json\/wp\/v2\/posts\/69339","targetHints":{"allow":["GET"]}}],"collection":[{"href":"https:\/\/www.noticiasradioreflejos.com.ar\/2021\/wp-json\/wp\/v2\/posts"}],"about":[{"href":"https:\/\/www.noticiasradioreflejos.com.ar\/2021\/wp-json\/wp\/v2\/types\/post"}],"author":[{"embeddable":true,"href":"https:\/\/www.noticiasradioreflejos.com.ar\/2021\/wp-json\/wp\/v2\/users\/3"}],"replies":[{"embeddable":true,"href":"https:\/\/www.noticiasradioreflejos.com.ar\/2021\/wp-json\/wp\/v2\/comments?post=69339"}],"version-history":[{"count":1,"href":"https:\/\/www.noticiasradioreflejos.com.ar\/2021\/wp-json\/wp\/v2\/posts\/69339\/revisions"}],"predecessor-version":[{"id":69341,"href":"https:\/\/www.noticiasradioreflejos.com.ar\/2021\/wp-json\/wp\/v2\/posts\/69339\/revisions\/69341"}],"wp:attachment":[{"href":"https:\/\/www.noticiasradioreflejos.com.ar\/2021\/wp-json\/wp\/v2\/media?parent=69339"}],"wp:term":[{"taxonomy":"category","embeddable":true,"href":"https:\/\/www.noticiasradioreflejos.com.ar\/2021\/wp-json\/wp\/v2\/categories?post=69339"},{"taxonomy":"post_tag","embeddable":true,"href":"https:\/\/www.noticiasradioreflejos.com.ar\/2021\/wp-json\/wp\/v2\/tags?post=69339"}],"curies":[{"name":"wp","href":"https:\/\/api.w.org\/{rel}","templated":true}]}}