{"id":69320,"date":"2022-03-15T22:35:46","date_gmt":"2022-03-15T22:35:46","guid":{"rendered":"http:\/\/www.noticiasradioreflejos.com.ar\/2021\/?p=69320"},"modified":"2022-03-15T22:36:52","modified_gmt":"2022-03-15T22:36:52","slug":"el-frente-de-todos-presenta-proyectos-en-el-concejo-control-poblacional-de-perros-y-gatos-sobre-patrimonio","status":"publish","type":"post","link":"https:\/\/www.noticiasradioreflejos.com.ar\/2021\/el-frente-de-todos-presenta-proyectos-en-el-concejo-control-poblacional-de-perros-y-gatos-sobre-patrimonio\/","title":{"rendered":"El Frente de Todos presenta proyectos en el Concejo: control poblacional de mascotas, y sobre patrimonio."},"content":{"rendered":"<p>Marcela Gim\u00e9nez, presidenta del bloque de concejales del Frente de Todos en el Honorable Concejo Deliberante de Tornquist, presenta los proyectos que se tratar\u00e1n en la sesi\u00f3n de esta noche y otros que se est\u00e1n trabajando.<!--more--><\/p>\n<p>Marcela comenz\u00f3 hablando del trabajo que est\u00e1 realizando \u00faltimamente como concejala del Frente de Todos. \u00abPresentamos un proyecto de control poblacional de perros y gatos, se complementar\u00eda con la ordenanza de tenencia responsable de mascotas. Es una problem\u00e1tica que viene ya de data y que no hemos podido solucionar. Tiene que ver con aumentar las castraciones y sugerir aumentar el precio a los veterinarios\u00bb present\u00f3 uno de los proyectos del bloque. Agreg\u00f3 que, para esto, han trabajado en conjunto con las protectoras, quienes les brindaron su punto de vista. El proyecto ser\u00e1 tratado esta noche.<\/p>\n<p>\u00abEstamos trabajando tambi\u00e9n con el bloque de Juntos en un proyecto de ordenanza sobre patrimonio. Es necesario cuidar el patrimonio arquitect\u00f3nico, cultural, ambiental. En esta oportunidad, decidimos hacerlo en conjunto, porque somos los representantes del pueblo para trabajar en el bien com\u00fan\u00bb mencion\u00f3 Marcela la importancia de unir los bloques con proyectos e ideas para regular situaciones que nos competen a todos como comunidad. Asimismo, coment\u00f3 que necesitan de mucha capacitaci\u00f3n para poder continuar con este proyecto, ya que hay muchas cuestiones espec\u00edficas que desconocen. En este proyecto se incluir\u00edan, adem\u00e1s, obras de artistas locales, luego de lo ocurrido en la Delegaci\u00f3n de Saldungaray, donde se tap\u00f3 un mural sin ning\u00fan tipo de raz\u00f3n.<\/p>\n<p>\u00abLa historia ha mostrado que hemos sido muy abiertos en ese sentido y no hemos recibido lo mismo de la oposici\u00f3n\u00bb hizo referencia Marcela al nombramiento de monumentos, edificios y dem\u00e1s con nombres de personas con alta trayectoria de diferentes partidos pol\u00edticos, pero que sostiene que les ha costado, por ejemplo, ponerle a la bici-senda \u00abEva Per\u00f3n\u00bb, cuesti\u00f3n que ni siquiera han logrado por no recibir el apoyo y\/o acompa\u00f1amiento de los otros bloques del HCD.<\/p>\n<p>\u00abLlevamos adelante esta agenda legislativa que dijimos en campa\u00f1a. A la brevedad, vamos a seguir presentando proyectos que tengan que ver con el bien com\u00fan\u00bb expres\u00f3 finalmente.<\/p>\n<p>Nota completa a continuaci\u00f3n:<br \/>\n<iframe loading=\"lazy\" src=\"https:\/\/w.soundcloud.com\/player\/?url=https%3A\/\/api.soundcloud.com\/tracks\/1232657107&amp;color=%23ff5500&amp;auto_play=false&amp;hide_related=false&amp;show_comments=true&amp;show_user=true&amp;show_reposts=false&amp;show_teaser=true&amp;visual=true\" width=\"100%\" height=\"300\" frameborder=\"no\" scrolling=\"no\"><\/iframe><\/p>\n<div style=\"font-size: 10px; color: #cccccc; line-break: anywhere; word-break: normal; overflow: hidden; white-space: nowrap; text-overflow: ellipsis; font-family: Interstate,Lucida Grande,Lucida Sans Unicode,Lucida Sans,Garuda,Verdana,Tahoma,sans-serif; font-weight: 100;\"><a style=\"color: #cccccc; text-decoration: none;\" title=\"fmreflejos 103.7\" href=\"https:\/\/soundcloud.com\/fmreflejos-103-7\" target=\"_blank\" rel=\"noopener\">fmreflejos 103.7<\/a> \u00b7 <a style=\"color: #cccccc; text-decoration: none;\" title=\"Marcela Gimenez\" href=\"https:\/\/soundcloud.com\/fmreflejos-103-7\/marcela-gimenez-3\" target=\"_blank\" rel=\"noopener\">Marcela Gimenez<\/a><\/div>\n","protected":false},"excerpt":{"rendered":"<p>Marcela Gim\u00e9nez, presidenta del bloque de concejales del Frente de Todos en el Honorable Concejo Deliberante de Tornquist, presenta los proyectos que se tratar\u00e1n en la sesi\u00f3n de esta noche y otros que se est\u00e1n trabajando.<\/p>\n","protected":false},"author":3,"featured_media":69336,"comment_status":"closed","ping_status":"closed","sticky":false,"template":"","format":"standard","meta":{"footnotes":""},"categories":[24],"tags":[48],"class_list":["post-69320","post","type-post","status-publish","format-standard","has-post-thumbnail","hentry","category-politica","tag-destacada"],"yoast_head":"<!-- This site is optimized with the Yoast SEO plugin v25.9 - https:\/\/yoast.com\/wordpress\/plugins\/seo\/ -->\n<title>El Frente de Todos presenta proyectos en el Concejo: control poblacional de mascotas, y sobre patrimonio. - Noticias Radio Reflejos<\/title>\n<meta name=\"robots\" content=\"index, follow, max-snippet:-1, max-image-preview:large, max-video-preview:-1\" \/>\n<link rel=\"canonical\" href=\"https:\/\/www.noticiasradioreflejos.com.ar\/2021\/el-frente-de-todos-presenta-proyectos-en-el-concejo-control-poblacional-de-perros-y-gatos-sobre-patrimonio\/\" \/>\n<meta property=\"og:locale\" content=\"es_ES\" \/>\n<meta property=\"og:type\" content=\"article\" \/>\n<meta property=\"og:title\" content=\"El Frente de Todos presenta proyectos en el Concejo: control poblacional de mascotas, y sobre patrimonio. - Noticias Radio Reflejos\" \/>\n<meta property=\"og:description\" content=\"Marcela Gim\u00e9nez, presidenta del bloque de concejales del Frente de Todos en el Honorable Concejo Deliberante de Tornquist, presenta los proyectos que se tratar\u00e1n en la sesi\u00f3n de esta noche y otros que se est\u00e1n trabajando.\" \/>\n<meta property=\"og:url\" content=\"https:\/\/www.noticiasradioreflejos.com.ar\/2021\/el-frente-de-todos-presenta-proyectos-en-el-concejo-control-poblacional-de-perros-y-gatos-sobre-patrimonio\/\" \/>\n<meta property=\"og:site_name\" content=\"Noticias Radio Reflejos\" \/>\n<meta property=\"article:published_time\" content=\"2022-03-15T22:35:46+00:00\" \/>\n<meta property=\"article:modified_time\" content=\"2022-03-15T22:36:52+00:00\" \/>\n<meta property=\"og:image\" content=\"https:\/\/www.noticiasradioreflejos.com.ar\/2021\/wp-content\/uploads\/2022\/03\/Concejalas-del-Frente-de-todos.jpeg\" \/>\n\t<meta property=\"og:image:width\" content=\"1280\" \/>\n\t<meta property=\"og:image:height\" content=\"576\" \/>\n\t<meta property=\"og:image:type\" content=\"image\/jpeg\" \/>\n<meta name=\"author\" content=\"Arnaldo Botto\" \/>\n<meta name=\"twitter:card\" content=\"summary_large_image\" \/>\n<script type=\"application\/ld+json\" class=\"yoast-schema-graph\">{\"@context\":\"https:\/\/schema.org\",\"@graph\":[{\"@type\":\"WebPage\",\"@id\":\"https:\/\/www.noticiasradioreflejos.com.ar\/2021\/el-frente-de-todos-presenta-proyectos-en-el-concejo-control-poblacional-de-perros-y-gatos-sobre-patrimonio\/\",\"url\":\"https:\/\/www.noticiasradioreflejos.com.ar\/2021\/el-frente-de-todos-presenta-proyectos-en-el-concejo-control-poblacional-de-perros-y-gatos-sobre-patrimonio\/\",\"name\":\"El Frente de Todos presenta proyectos en el Concejo: control poblacional de mascotas, y sobre patrimonio. - Noticias Radio Reflejos\",\"isPartOf\":{\"@id\":\"https:\/\/www.noticiasradioreflejos.com.ar\/2021\/#website\"},\"primaryImageOfPage\":{\"@id\":\"https:\/\/www.noticiasradioreflejos.com.ar\/2021\/el-frente-de-todos-presenta-proyectos-en-el-concejo-control-poblacional-de-perros-y-gatos-sobre-patrimonio\/#primaryimage\"},\"image\":{\"@id\":\"https:\/\/www.noticiasradioreflejos.com.ar\/2021\/el-frente-de-todos-presenta-proyectos-en-el-concejo-control-poblacional-de-perros-y-gatos-sobre-patrimonio\/#primaryimage\"},\"thumbnailUrl\":\"https:\/\/www.noticiasradioreflejos.com.ar\/2021\/wp-content\/uploads\/2022\/03\/Concejalas-del-Frente-de-todos.jpeg\",\"datePublished\":\"2022-03-15T22:35:46+00:00\",\"dateModified\":\"2022-03-15T22:36:52+00:00\",\"author\":{\"@id\":\"https:\/\/www.noticiasradioreflejos.com.ar\/2021\/#\/schema\/person\/ad82545263dcc5ec0996818884fd5fb1\"},\"breadcrumb\":{\"@id\":\"https:\/\/www.noticiasradioreflejos.com.ar\/2021\/el-frente-de-todos-presenta-proyectos-en-el-concejo-control-poblacional-de-perros-y-gatos-sobre-patrimonio\/#breadcrumb\"},\"inLanguage\":\"es\",\"potentialAction\":[{\"@type\":\"ReadAction\",\"target\":[\"https:\/\/www.noticiasradioreflejos.com.ar\/2021\/el-frente-de-todos-presenta-proyectos-en-el-concejo-control-poblacional-de-perros-y-gatos-sobre-patrimonio\/\"]}]},{\"@type\":\"ImageObject\",\"inLanguage\":\"es\",\"@id\":\"https:\/\/www.noticiasradioreflejos.com.ar\/2021\/el-frente-de-todos-presenta-proyectos-en-el-concejo-control-poblacional-de-perros-y-gatos-sobre-patrimonio\/#primaryimage\",\"url\":\"https:\/\/www.noticiasradioreflejos.com.ar\/2021\/wp-content\/uploads\/2022\/03\/Concejalas-del-Frente-de-todos.jpeg\",\"contentUrl\":\"https:\/\/www.noticiasradioreflejos.com.ar\/2021\/wp-content\/uploads\/2022\/03\/Concejalas-del-Frente-de-todos.jpeg\",\"width\":1280,\"height\":576},{\"@type\":\"BreadcrumbList\",\"@id\":\"https:\/\/www.noticiasradioreflejos.com.ar\/2021\/el-frente-de-todos-presenta-proyectos-en-el-concejo-control-poblacional-de-perros-y-gatos-sobre-patrimonio\/#breadcrumb\",\"itemListElement\":[{\"@type\":\"ListItem\",\"position\":1,\"name\":\"Portada\",\"item\":\"https:\/\/www.noticiasradioreflejos.com.ar\/2021\/\"},{\"@type\":\"ListItem\",\"position\":2,\"name\":\"El Frente de Todos presenta proyectos en el Concejo: control poblacional de mascotas, y sobre patrimonio.\"}]},{\"@type\":\"WebSite\",\"@id\":\"https:\/\/www.noticiasradioreflejos.com.ar\/2021\/#website\",\"url\":\"https:\/\/www.noticiasradioreflejos.com.ar\/2021\/\",\"name\":\"Noticias Radio Reflejos\",\"description\":\"Las noticias de mi comarca\",\"potentialAction\":[{\"@type\":\"SearchAction\",\"target\":{\"@type\":\"EntryPoint\",\"urlTemplate\":\"https:\/\/www.noticiasradioreflejos.com.ar\/2021\/?s={search_term_string}\"},\"query-input\":{\"@type\":\"PropertyValueSpecification\",\"valueRequired\":true,\"valueName\":\"search_term_string\"}}],\"inLanguage\":\"es\"},{\"@type\":\"Person\",\"@id\":\"https:\/\/www.noticiasradioreflejos.com.ar\/2021\/#\/schema\/person\/ad82545263dcc5ec0996818884fd5fb1\",\"name\":\"Arnaldo Botto\",\"image\":{\"@type\":\"ImageObject\",\"inLanguage\":\"es\",\"@id\":\"https:\/\/www.noticiasradioreflejos.com.ar\/2021\/#\/schema\/person\/image\/\",\"url\":\"https:\/\/secure.gravatar.com\/avatar\/55cb5e37c1efa326397366e6974cb338056df65cb50e7d64d1cf314e87504837?s=96&d=mm&r=g\",\"contentUrl\":\"https:\/\/secure.gravatar.com\/avatar\/55cb5e37c1efa326397366e6974cb338056df65cb50e7d64d1cf314e87504837?s=96&d=mm&r=g\",\"caption\":\"Arnaldo Botto\"},\"url\":\"https:\/\/www.noticiasradioreflejos.com.ar\/2021\/author\/arnaldo\/\"}]}<\/script>\n<!-- \/ Yoast SEO plugin. -->","yoast_head_json":{"title":"El Frente de Todos presenta proyectos en el Concejo: control poblacional de mascotas, y sobre patrimonio. - Noticias Radio Reflejos","robots":{"index":"index","follow":"follow","max-snippet":"max-snippet:-1","max-image-preview":"max-image-preview:large","max-video-preview":"max-video-preview:-1"},"canonical":"https:\/\/www.noticiasradioreflejos.com.ar\/2021\/el-frente-de-todos-presenta-proyectos-en-el-concejo-control-poblacional-de-perros-y-gatos-sobre-patrimonio\/","og_locale":"es_ES","og_type":"article","og_title":"El Frente de Todos presenta proyectos en el Concejo: control poblacional de mascotas, y sobre patrimonio. - Noticias Radio Reflejos","og_description":"Marcela Gim\u00e9nez, presidenta del bloque de concejales del Frente de Todos en el Honorable Concejo Deliberante de Tornquist, presenta los proyectos que se tratar\u00e1n en la sesi\u00f3n de esta noche y otros que se est\u00e1n trabajando.","og_url":"https:\/\/www.noticiasradioreflejos.com.ar\/2021\/el-frente-de-todos-presenta-proyectos-en-el-concejo-control-poblacional-de-perros-y-gatos-sobre-patrimonio\/","og_site_name":"Noticias Radio Reflejos","article_published_time":"2022-03-15T22:35:46+00:00","article_modified_time":"2022-03-15T22:36:52+00:00","og_image":[{"width":1280,"height":576,"url":"https:\/\/www.noticiasradioreflejos.com.ar\/2021\/wp-content\/uploads\/2022\/03\/Concejalas-del-Frente-de-todos.jpeg","type":"image\/jpeg"}],"author":"Arnaldo Botto","twitter_card":"summary_large_image","schema":{"@context":"https:\/\/schema.org","@graph":[{"@type":"WebPage","@id":"https:\/\/www.noticiasradioreflejos.com.ar\/2021\/el-frente-de-todos-presenta-proyectos-en-el-concejo-control-poblacional-de-perros-y-gatos-sobre-patrimonio\/","url":"https:\/\/www.noticiasradioreflejos.com.ar\/2021\/el-frente-de-todos-presenta-proyectos-en-el-concejo-control-poblacional-de-perros-y-gatos-sobre-patrimonio\/","name":"El Frente de Todos presenta proyectos en el Concejo: control poblacional de mascotas, y sobre patrimonio. - Noticias Radio Reflejos","isPartOf":{"@id":"https:\/\/www.noticiasradioreflejos.com.ar\/2021\/#website"},"primaryImageOfPage":{"@id":"https:\/\/www.noticiasradioreflejos.com.ar\/2021\/el-frente-de-todos-presenta-proyectos-en-el-concejo-control-poblacional-de-perros-y-gatos-sobre-patrimonio\/#primaryimage"},"image":{"@id":"https:\/\/www.noticiasradioreflejos.com.ar\/2021\/el-frente-de-todos-presenta-proyectos-en-el-concejo-control-poblacional-de-perros-y-gatos-sobre-patrimonio\/#primaryimage"},"thumbnailUrl":"https:\/\/www.noticiasradioreflejos.com.ar\/2021\/wp-content\/uploads\/2022\/03\/Concejalas-del-Frente-de-todos.jpeg","datePublished":"2022-03-15T22:35:46+00:00","dateModified":"2022-03-15T22:36:52+00:00","author":{"@id":"https:\/\/www.noticiasradioreflejos.com.ar\/2021\/#\/schema\/person\/ad82545263dcc5ec0996818884fd5fb1"},"breadcrumb":{"@id":"https:\/\/www.noticiasradioreflejos.com.ar\/2021\/el-frente-de-todos-presenta-proyectos-en-el-concejo-control-poblacional-de-perros-y-gatos-sobre-patrimonio\/#breadcrumb"},"inLanguage":"es","potentialAction":[{"@type":"ReadAction","target":["https:\/\/www.noticiasradioreflejos.com.ar\/2021\/el-frente-de-todos-presenta-proyectos-en-el-concejo-control-poblacional-de-perros-y-gatos-sobre-patrimonio\/"]}]},{"@type":"ImageObject","inLanguage":"es","@id":"https:\/\/www.noticiasradioreflejos.com.ar\/2021\/el-frente-de-todos-presenta-proyectos-en-el-concejo-control-poblacional-de-perros-y-gatos-sobre-patrimonio\/#primaryimage","url":"https:\/\/www.noticiasradioreflejos.com.ar\/2021\/wp-content\/uploads\/2022\/03\/Concejalas-del-Frente-de-todos.jpeg","contentUrl":"https:\/\/www.noticiasradioreflejos.com.ar\/2021\/wp-content\/uploads\/2022\/03\/Concejalas-del-Frente-de-todos.jpeg","width":1280,"height":576},{"@type":"BreadcrumbList","@id":"https:\/\/www.noticiasradioreflejos.com.ar\/2021\/el-frente-de-todos-presenta-proyectos-en-el-concejo-control-poblacional-de-perros-y-gatos-sobre-patrimonio\/#breadcrumb","itemListElement":[{"@type":"ListItem","position":1,"name":"Portada","item":"https:\/\/www.noticiasradioreflejos.com.ar\/2021\/"},{"@type":"ListItem","position":2,"name":"El Frente de Todos presenta proyectos en el Concejo: control poblacional de mascotas, y sobre patrimonio."}]},{"@type":"WebSite","@id":"https:\/\/www.noticiasradioreflejos.com.ar\/2021\/#website","url":"https:\/\/www.noticiasradioreflejos.com.ar\/2021\/","name":"Noticias Radio Reflejos","description":"Las noticias de mi comarca","potentialAction":[{"@type":"SearchAction","target":{"@type":"EntryPoint","urlTemplate":"https:\/\/www.noticiasradioreflejos.com.ar\/2021\/?s={search_term_string}"},"query-input":{"@type":"PropertyValueSpecification","valueRequired":true,"valueName":"search_term_string"}}],"inLanguage":"es"},{"@type":"Person","@id":"https:\/\/www.noticiasradioreflejos.com.ar\/2021\/#\/schema\/person\/ad82545263dcc5ec0996818884fd5fb1","name":"Arnaldo Botto","image":{"@type":"ImageObject","inLanguage":"es","@id":"https:\/\/www.noticiasradioreflejos.com.ar\/2021\/#\/schema\/person\/image\/","url":"https:\/\/secure.gravatar.com\/avatar\/55cb5e37c1efa326397366e6974cb338056df65cb50e7d64d1cf314e87504837?s=96&d=mm&r=g","contentUrl":"https:\/\/secure.gravatar.com\/avatar\/55cb5e37c1efa326397366e6974cb338056df65cb50e7d64d1cf314e87504837?s=96&d=mm&r=g","caption":"Arnaldo Botto"},"url":"https:\/\/www.noticiasradioreflejos.com.ar\/2021\/author\/arnaldo\/"}]}},"_links":{"self":[{"href":"https:\/\/www.noticiasradioreflejos.com.ar\/2021\/wp-json\/wp\/v2\/posts\/69320","targetHints":{"allow":["GET"]}}],"collection":[{"href":"https:\/\/www.noticiasradioreflejos.com.ar\/2021\/wp-json\/wp\/v2\/posts"}],"about":[{"href":"https:\/\/www.noticiasradioreflejos.com.ar\/2021\/wp-json\/wp\/v2\/types\/post"}],"author":[{"embeddable":true,"href":"https:\/\/www.noticiasradioreflejos.com.ar\/2021\/wp-json\/wp\/v2\/users\/3"}],"replies":[{"embeddable":true,"href":"https:\/\/www.noticiasradioreflejos.com.ar\/2021\/wp-json\/wp\/v2\/comments?post=69320"}],"version-history":[{"count":3,"href":"https:\/\/www.noticiasradioreflejos.com.ar\/2021\/wp-json\/wp\/v2\/posts\/69320\/revisions"}],"predecessor-version":[{"id":69338,"href":"https:\/\/www.noticiasradioreflejos.com.ar\/2021\/wp-json\/wp\/v2\/posts\/69320\/revisions\/69338"}],"wp:featuredmedia":[{"embeddable":true,"href":"https:\/\/www.noticiasradioreflejos.com.ar\/2021\/wp-json\/wp\/v2\/media\/69336"}],"wp:attachment":[{"href":"https:\/\/www.noticiasradioreflejos.com.ar\/2021\/wp-json\/wp\/v2\/media?parent=69320"}],"wp:term":[{"taxonomy":"category","embeddable":true,"href":"https:\/\/www.noticiasradioreflejos.com.ar\/2021\/wp-json\/wp\/v2\/categories?post=69320"},{"taxonomy":"post_tag","embeddable":true,"href":"https:\/\/www.noticiasradioreflejos.com.ar\/2021\/wp-json\/wp\/v2\/tags?post=69320"}],"curies":[{"name":"wp","href":"https:\/\/api.w.org\/{rel}","templated":true}]}}