{"id":69310,"date":"2022-03-15T12:10:30","date_gmt":"2022-03-15T12:10:30","guid":{"rendered":"http:\/\/www.noticiasradioreflejos.com.ar\/2021\/?p=69310"},"modified":"2022-03-15T12:10:30","modified_gmt":"2022-03-15T12:10:30","slug":"distinguieron-a-los-bomberos-de-saldungaray-que-combatieron-los-incendios-en-corrientes","status":"publish","type":"post","link":"https:\/\/www.noticiasradioreflejos.com.ar\/2021\/distinguieron-a-los-bomberos-de-saldungaray-que-combatieron-los-incendios-en-corrientes\/","title":{"rendered":"Distinguieron a los bomberos de Saldungaray que combatieron los incendios en Corrientes"},"content":{"rendered":"<p>El intendente Sergio Bordoni y el Secretario de Gobierno y Seguridad, Ezequiel Gabella, distinguieron este lunes a los cuatro bomberos voluntarios de <strong>Saldungaray<\/strong> que trabajaron durante febrero en los incendios forestales de la Provincia de Corrientes.<!--more--><\/p>\n<p><a title=\"Reconocimiento Bomberos Saldungaray (4)\" href=\"https:\/\/www.flickr.com\/photos\/182279889@N02\/51939794948\/in\/dateposted-public\/\" data-flickr-embed=\"true\"><img loading=\"lazy\" decoding=\"async\" src=\"https:\/\/live.staticflickr.com\/65535\/51939794948_abb3443008_c.jpg\" alt=\"Reconocimiento Bomberos Saldungaray (4)\" width=\"800\" height=\"533\" \/><\/a><script async src=\"\/\/embedr.flickr.com\/assets\/client-code.js\" charset=\"utf-8\"><\/script><\/p>\n<p>Se trata del Ayudante Primero\u00a0Pablo Esquivel y de los bomberos <strong>Facundo Escudero, Luis Carabajal y\u00a0Laura\u00a0De Philippis<\/strong>, pertenecientes al cuerpo activo de la localidad y que fueron convocados por la Federaci\u00f3n de Bomberos Voluntarios Bonaerenses.<\/p>\n<p>Durante la entrega de los diplomas de reconocimiento, que tuvo lugar en la instituci\u00f3n bomberil y de la que tambi\u00e9n participaron el delegado Gerardo Rohlmann y el Director de Acci\u00f3n Social, Facundo Pereyra, los funcionarios municipales, recibidos por la Secretaria de la Comisi\u00f3n Directiva de la entidad, Cristina Maldonado, le expresaron a los brigadistas que se sintieron movilizados por c\u00f3mo los incendios conmocionaron al pa\u00eds entero y la respuesta solidaria de la sociedad.<\/p>\n<p>Frente a eso, consideraron un buen gesto comenzar a reconocer a todos los bomberos voluntarios del distrito que toman acci\u00f3n para prestar colaboraci\u00f3n en siniestros en otras jurisdicciones y provincias.<\/p>\n","protected":false},"excerpt":{"rendered":"<p>El intendente Sergio Bordoni y el Secretario de Gobierno y Seguridad, Ezequiel Gabella, distinguieron este lunes a los cuatro bomberos voluntarios de Saldungaray que trabajaron durante febrero en los incendios forestales de la Provincia de Corrientes.<\/p>\n","protected":false},"author":3,"featured_media":0,"comment_status":"closed","ping_status":"closed","sticky":false,"template":"","format":"standard","meta":{"footnotes":""},"categories":[28],"tags":[],"class_list":["post-69310","post","type-post","status-publish","format-standard","hentry","category-municipales"],"yoast_head":"<!-- This site is optimized with the Yoast SEO plugin v25.9 - https:\/\/yoast.com\/wordpress\/plugins\/seo\/ -->\n<title>Distinguieron a los bomberos de Saldungaray que combatieron los incendios en Corrientes - Noticias Radio Reflejos<\/title>\n<meta name=\"robots\" content=\"index, follow, max-snippet:-1, max-image-preview:large, max-video-preview:-1\" \/>\n<link rel=\"canonical\" href=\"https:\/\/www.noticiasradioreflejos.com.ar\/2021\/distinguieron-a-los-bomberos-de-saldungaray-que-combatieron-los-incendios-en-corrientes\/\" \/>\n<meta property=\"og:locale\" content=\"es_ES\" \/>\n<meta property=\"og:type\" content=\"article\" \/>\n<meta property=\"og:title\" content=\"Distinguieron a los bomberos de Saldungaray que combatieron los incendios en Corrientes - Noticias Radio Reflejos\" \/>\n<meta property=\"og:description\" content=\"El intendente Sergio Bordoni y el Secretario de Gobierno y Seguridad, Ezequiel Gabella, distinguieron este lunes a los cuatro bomberos voluntarios de Saldungaray que trabajaron durante febrero en los incendios forestales de la Provincia de Corrientes.\" \/>\n<meta property=\"og:url\" content=\"https:\/\/www.noticiasradioreflejos.com.ar\/2021\/distinguieron-a-los-bomberos-de-saldungaray-que-combatieron-los-incendios-en-corrientes\/\" \/>\n<meta property=\"og:site_name\" content=\"Noticias Radio Reflejos\" \/>\n<meta property=\"article:published_time\" content=\"2022-03-15T12:10:30+00:00\" \/>\n<meta property=\"og:image\" content=\"https:\/\/live.staticflickr.com\/65535\/51939794948_abb3443008_c.jpg\" \/>\n<meta name=\"author\" content=\"Arnaldo Botto\" \/>\n<meta name=\"twitter:card\" content=\"summary_large_image\" \/>\n<script type=\"application\/ld+json\" class=\"yoast-schema-graph\">{\"@context\":\"https:\/\/schema.org\",\"@graph\":[{\"@type\":\"WebPage\",\"@id\":\"https:\/\/www.noticiasradioreflejos.com.ar\/2021\/distinguieron-a-los-bomberos-de-saldungaray-que-combatieron-los-incendios-en-corrientes\/\",\"url\":\"https:\/\/www.noticiasradioreflejos.com.ar\/2021\/distinguieron-a-los-bomberos-de-saldungaray-que-combatieron-los-incendios-en-corrientes\/\",\"name\":\"Distinguieron a los bomberos de Saldungaray que combatieron los incendios en Corrientes - Noticias Radio Reflejos\",\"isPartOf\":{\"@id\":\"https:\/\/www.noticiasradioreflejos.com.ar\/2021\/#website\"},\"primaryImageOfPage\":{\"@id\":\"https:\/\/www.noticiasradioreflejos.com.ar\/2021\/distinguieron-a-los-bomberos-de-saldungaray-que-combatieron-los-incendios-en-corrientes\/#primaryimage\"},\"image\":{\"@id\":\"https:\/\/www.noticiasradioreflejos.com.ar\/2021\/distinguieron-a-los-bomberos-de-saldungaray-que-combatieron-los-incendios-en-corrientes\/#primaryimage\"},\"thumbnailUrl\":\"https:\/\/live.staticflickr.com\/65535\/51939794948_abb3443008_c.jpg\",\"datePublished\":\"2022-03-15T12:10:30+00:00\",\"author\":{\"@id\":\"https:\/\/www.noticiasradioreflejos.com.ar\/2021\/#\/schema\/person\/ad82545263dcc5ec0996818884fd5fb1\"},\"breadcrumb\":{\"@id\":\"https:\/\/www.noticiasradioreflejos.com.ar\/2021\/distinguieron-a-los-bomberos-de-saldungaray-que-combatieron-los-incendios-en-corrientes\/#breadcrumb\"},\"inLanguage\":\"es\",\"potentialAction\":[{\"@type\":\"ReadAction\",\"target\":[\"https:\/\/www.noticiasradioreflejos.com.ar\/2021\/distinguieron-a-los-bomberos-de-saldungaray-que-combatieron-los-incendios-en-corrientes\/\"]}]},{\"@type\":\"ImageObject\",\"inLanguage\":\"es\",\"@id\":\"https:\/\/www.noticiasradioreflejos.com.ar\/2021\/distinguieron-a-los-bomberos-de-saldungaray-que-combatieron-los-incendios-en-corrientes\/#primaryimage\",\"url\":\"https:\/\/live.staticflickr.com\/65535\/51939794948_abb3443008_c.jpg\",\"contentUrl\":\"https:\/\/live.staticflickr.com\/65535\/51939794948_abb3443008_c.jpg\"},{\"@type\":\"BreadcrumbList\",\"@id\":\"https:\/\/www.noticiasradioreflejos.com.ar\/2021\/distinguieron-a-los-bomberos-de-saldungaray-que-combatieron-los-incendios-en-corrientes\/#breadcrumb\",\"itemListElement\":[{\"@type\":\"ListItem\",\"position\":1,\"name\":\"Portada\",\"item\":\"https:\/\/www.noticiasradioreflejos.com.ar\/2021\/\"},{\"@type\":\"ListItem\",\"position\":2,\"name\":\"Distinguieron a los bomberos de Saldungaray que combatieron los incendios en Corrientes\"}]},{\"@type\":\"WebSite\",\"@id\":\"https:\/\/www.noticiasradioreflejos.com.ar\/2021\/#website\",\"url\":\"https:\/\/www.noticiasradioreflejos.com.ar\/2021\/\",\"name\":\"Noticias Radio Reflejos\",\"description\":\"Las noticias de mi comarca\",\"potentialAction\":[{\"@type\":\"SearchAction\",\"target\":{\"@type\":\"EntryPoint\",\"urlTemplate\":\"https:\/\/www.noticiasradioreflejos.com.ar\/2021\/?s={search_term_string}\"},\"query-input\":{\"@type\":\"PropertyValueSpecification\",\"valueRequired\":true,\"valueName\":\"search_term_string\"}}],\"inLanguage\":\"es\"},{\"@type\":\"Person\",\"@id\":\"https:\/\/www.noticiasradioreflejos.com.ar\/2021\/#\/schema\/person\/ad82545263dcc5ec0996818884fd5fb1\",\"name\":\"Arnaldo Botto\",\"image\":{\"@type\":\"ImageObject\",\"inLanguage\":\"es\",\"@id\":\"https:\/\/www.noticiasradioreflejos.com.ar\/2021\/#\/schema\/person\/image\/\",\"url\":\"https:\/\/secure.gravatar.com\/avatar\/55cb5e37c1efa326397366e6974cb338056df65cb50e7d64d1cf314e87504837?s=96&d=mm&r=g\",\"contentUrl\":\"https:\/\/secure.gravatar.com\/avatar\/55cb5e37c1efa326397366e6974cb338056df65cb50e7d64d1cf314e87504837?s=96&d=mm&r=g\",\"caption\":\"Arnaldo Botto\"},\"url\":\"https:\/\/www.noticiasradioreflejos.com.ar\/2021\/author\/arnaldo\/\"}]}<\/script>\n<!-- \/ Yoast SEO plugin. -->","yoast_head_json":{"title":"Distinguieron a los bomberos de Saldungaray que combatieron los incendios en Corrientes - Noticias Radio Reflejos","robots":{"index":"index","follow":"follow","max-snippet":"max-snippet:-1","max-image-preview":"max-image-preview:large","max-video-preview":"max-video-preview:-1"},"canonical":"https:\/\/www.noticiasradioreflejos.com.ar\/2021\/distinguieron-a-los-bomberos-de-saldungaray-que-combatieron-los-incendios-en-corrientes\/","og_locale":"es_ES","og_type":"article","og_title":"Distinguieron a los bomberos de Saldungaray que combatieron los incendios en Corrientes - Noticias Radio Reflejos","og_description":"El intendente Sergio Bordoni y el Secretario de Gobierno y Seguridad, Ezequiel Gabella, distinguieron este lunes a los cuatro bomberos voluntarios de Saldungaray que trabajaron durante febrero en los incendios forestales de la Provincia de Corrientes.","og_url":"https:\/\/www.noticiasradioreflejos.com.ar\/2021\/distinguieron-a-los-bomberos-de-saldungaray-que-combatieron-los-incendios-en-corrientes\/","og_site_name":"Noticias Radio Reflejos","article_published_time":"2022-03-15T12:10:30+00:00","og_image":[{"url":"https:\/\/live.staticflickr.com\/65535\/51939794948_abb3443008_c.jpg","type":"","width":"","height":""}],"author":"Arnaldo Botto","twitter_card":"summary_large_image","schema":{"@context":"https:\/\/schema.org","@graph":[{"@type":"WebPage","@id":"https:\/\/www.noticiasradioreflejos.com.ar\/2021\/distinguieron-a-los-bomberos-de-saldungaray-que-combatieron-los-incendios-en-corrientes\/","url":"https:\/\/www.noticiasradioreflejos.com.ar\/2021\/distinguieron-a-los-bomberos-de-saldungaray-que-combatieron-los-incendios-en-corrientes\/","name":"Distinguieron a los bomberos de Saldungaray que combatieron los incendios en Corrientes - Noticias Radio Reflejos","isPartOf":{"@id":"https:\/\/www.noticiasradioreflejos.com.ar\/2021\/#website"},"primaryImageOfPage":{"@id":"https:\/\/www.noticiasradioreflejos.com.ar\/2021\/distinguieron-a-los-bomberos-de-saldungaray-que-combatieron-los-incendios-en-corrientes\/#primaryimage"},"image":{"@id":"https:\/\/www.noticiasradioreflejos.com.ar\/2021\/distinguieron-a-los-bomberos-de-saldungaray-que-combatieron-los-incendios-en-corrientes\/#primaryimage"},"thumbnailUrl":"https:\/\/live.staticflickr.com\/65535\/51939794948_abb3443008_c.jpg","datePublished":"2022-03-15T12:10:30+00:00","author":{"@id":"https:\/\/www.noticiasradioreflejos.com.ar\/2021\/#\/schema\/person\/ad82545263dcc5ec0996818884fd5fb1"},"breadcrumb":{"@id":"https:\/\/www.noticiasradioreflejos.com.ar\/2021\/distinguieron-a-los-bomberos-de-saldungaray-que-combatieron-los-incendios-en-corrientes\/#breadcrumb"},"inLanguage":"es","potentialAction":[{"@type":"ReadAction","target":["https:\/\/www.noticiasradioreflejos.com.ar\/2021\/distinguieron-a-los-bomberos-de-saldungaray-que-combatieron-los-incendios-en-corrientes\/"]}]},{"@type":"ImageObject","inLanguage":"es","@id":"https:\/\/www.noticiasradioreflejos.com.ar\/2021\/distinguieron-a-los-bomberos-de-saldungaray-que-combatieron-los-incendios-en-corrientes\/#primaryimage","url":"https:\/\/live.staticflickr.com\/65535\/51939794948_abb3443008_c.jpg","contentUrl":"https:\/\/live.staticflickr.com\/65535\/51939794948_abb3443008_c.jpg"},{"@type":"BreadcrumbList","@id":"https:\/\/www.noticiasradioreflejos.com.ar\/2021\/distinguieron-a-los-bomberos-de-saldungaray-que-combatieron-los-incendios-en-corrientes\/#breadcrumb","itemListElement":[{"@type":"ListItem","position":1,"name":"Portada","item":"https:\/\/www.noticiasradioreflejos.com.ar\/2021\/"},{"@type":"ListItem","position":2,"name":"Distinguieron a los bomberos de Saldungaray que combatieron los incendios en Corrientes"}]},{"@type":"WebSite","@id":"https:\/\/www.noticiasradioreflejos.com.ar\/2021\/#website","url":"https:\/\/www.noticiasradioreflejos.com.ar\/2021\/","name":"Noticias Radio Reflejos","description":"Las noticias de mi comarca","potentialAction":[{"@type":"SearchAction","target":{"@type":"EntryPoint","urlTemplate":"https:\/\/www.noticiasradioreflejos.com.ar\/2021\/?s={search_term_string}"},"query-input":{"@type":"PropertyValueSpecification","valueRequired":true,"valueName":"search_term_string"}}],"inLanguage":"es"},{"@type":"Person","@id":"https:\/\/www.noticiasradioreflejos.com.ar\/2021\/#\/schema\/person\/ad82545263dcc5ec0996818884fd5fb1","name":"Arnaldo Botto","image":{"@type":"ImageObject","inLanguage":"es","@id":"https:\/\/www.noticiasradioreflejos.com.ar\/2021\/#\/schema\/person\/image\/","url":"https:\/\/secure.gravatar.com\/avatar\/55cb5e37c1efa326397366e6974cb338056df65cb50e7d64d1cf314e87504837?s=96&d=mm&r=g","contentUrl":"https:\/\/secure.gravatar.com\/avatar\/55cb5e37c1efa326397366e6974cb338056df65cb50e7d64d1cf314e87504837?s=96&d=mm&r=g","caption":"Arnaldo Botto"},"url":"https:\/\/www.noticiasradioreflejos.com.ar\/2021\/author\/arnaldo\/"}]}},"_links":{"self":[{"href":"https:\/\/www.noticiasradioreflejos.com.ar\/2021\/wp-json\/wp\/v2\/posts\/69310","targetHints":{"allow":["GET"]}}],"collection":[{"href":"https:\/\/www.noticiasradioreflejos.com.ar\/2021\/wp-json\/wp\/v2\/posts"}],"about":[{"href":"https:\/\/www.noticiasradioreflejos.com.ar\/2021\/wp-json\/wp\/v2\/types\/post"}],"author":[{"embeddable":true,"href":"https:\/\/www.noticiasradioreflejos.com.ar\/2021\/wp-json\/wp\/v2\/users\/3"}],"replies":[{"embeddable":true,"href":"https:\/\/www.noticiasradioreflejos.com.ar\/2021\/wp-json\/wp\/v2\/comments?post=69310"}],"version-history":[{"count":1,"href":"https:\/\/www.noticiasradioreflejos.com.ar\/2021\/wp-json\/wp\/v2\/posts\/69310\/revisions"}],"predecessor-version":[{"id":69312,"href":"https:\/\/www.noticiasradioreflejos.com.ar\/2021\/wp-json\/wp\/v2\/posts\/69310\/revisions\/69312"}],"wp:attachment":[{"href":"https:\/\/www.noticiasradioreflejos.com.ar\/2021\/wp-json\/wp\/v2\/media?parent=69310"}],"wp:term":[{"taxonomy":"category","embeddable":true,"href":"https:\/\/www.noticiasradioreflejos.com.ar\/2021\/wp-json\/wp\/v2\/categories?post=69310"},{"taxonomy":"post_tag","embeddable":true,"href":"https:\/\/www.noticiasradioreflejos.com.ar\/2021\/wp-json\/wp\/v2\/tags?post=69310"}],"curies":[{"name":"wp","href":"https:\/\/api.w.org\/{rel}","templated":true}]}}