{"id":69307,"date":"2022-03-15T11:50:23","date_gmt":"2022-03-15T11:50:23","guid":{"rendered":"http:\/\/www.noticiasradioreflejos.com.ar\/2021\/?p=69307"},"modified":"2022-03-15T14:39:21","modified_gmt":"2022-03-15T14:39:21","slug":"una-madre-denuncio-que-agredieron-a-su-hija-cuando-salia-del-colegio","status":"publish","type":"post","link":"https:\/\/www.noticiasradioreflejos.com.ar\/2021\/una-madre-denuncio-que-agredieron-a-su-hija-cuando-salia-del-colegio\/","title":{"rendered":"Una madre denunci\u00f3 que agredieron a su hija cuando sal\u00eda del colegio"},"content":{"rendered":"<div class=\"hnoti\">Norma Villareal se mostr\u00f3 indignada por la situaci\u00f3n que vivi\u00f3 la menor de edad que concurre a la escuela secundaria.<\/div>\n<p><!--more--><\/p>\n<div class=\"text\">\n<p>Norma Villareal se comunic\u00f3 con nuestra redacci\u00f3n al igual que su familia, para dar cuenta de lo ocurrido con su hija a la salida del colegio.<\/p>\n<p>\u00abLa persiguieron a mi hija cuatro cuadras desde la escuela secundaria media, filmando y alentando que la \u00a0golpeen, la tiraron del pelo varias veces, la tiraron al suelo, la amenazaron sin raz\u00f3n alguna porque no hay relaci\u00f3n o contacto con estas chicas, todas menores, esta la denuncia hecha, \u00a0pero lamentablemente esto paso, es muy triste y muy delicado, son nenas, donde est\u00e1n los padres\u00bb<\/p>\n<p>\u00abY\u00e1 estaba planeado que la iban a sorprender a mi hija peg\u00e1ndole, no est\u00e1bamos enterados porque como dije no hay relaci\u00f3n alguna, hace d\u00edas nada m\u00e1s mi hija va y viene del colegio con compa\u00f1eritos, jam\u00e1s la dejo sola, pens\u00e9 esta mas grande puede venir tranquila, le puse un tel\u00e9fono con l\u00ednea pero como vez no pudo llamarme\u00bb.<\/p>\n<p>\u00abMe enter\u00e9 cuando llego a casa, y sal\u00ed de inmediato a la comisar\u00eda. Espero que los padres tomen conciencia de la gravedad de esta agresi\u00f3n, y que podr\u00eda haber sido much\u00edsimo mayor si un compa\u00f1erito no la defend\u00eda como pudo, porque hasta le tiraron la bicicleta para que no intervenga este chico, una VERGUENZA, espero el actuar de la justicia hasta las ultimas consecuencias.<\/p>\n<p>Norma Villarreal,<\/p>\n<p>DNI: 25777590<\/p>\n<p>QUE DIOS NOS AMPARE.<\/p>\n<p>PD: por una cuesti\u00f3n legal y por ser menores aunque el video se haya viralizado, no se pueden mostrar sus identidades.<\/p>\n<p>Foto: Captura de video<\/p>\n<p><strong>Nota realizada por Marcelo Alga\u00f1araz en la ma\u00f1ana de hoy en radio Ciudad de Tornquist<\/strong><\/p>\n<p><iframe loading=\"lazy\" src=\"https:\/\/w.soundcloud.com\/player\/?url=https%3A\/\/api.soundcloud.com\/tracks\/1232666008&amp;color=%23ff5500&amp;auto_play=false&amp;hide_related=false&amp;show_comments=true&amp;show_user=true&amp;show_reposts=false&amp;show_teaser=true\" width=\"100%\" height=\"166\" frameborder=\"no\" scrolling=\"no\"><\/iframe><\/p>\n<div style=\"font-size: 10px; color: #cccccc; line-break: anywhere; word-break: normal; overflow: hidden; white-space: nowrap; text-overflow: ellipsis; font-family: Interstate,Lucida Grande,Lucida Sans Unicode,Lucida Sans,Garuda,Verdana,Tahoma,sans-serif; font-weight: 100;\"><a style=\"color: #cccccc; text-decoration: none;\" title=\"fmreflejos 103.7\" href=\"https:\/\/soundcloud.com\/fmreflejos-103-7\" target=\"_blank\" rel=\"noopener\">fmreflejos 103.7<\/a> \u00b7 <a style=\"color: #cccccc; text-decoration: none;\" title=\"Nota Norma Villareal 15 - 03\" href=\"https:\/\/soundcloud.com\/fmreflejos-103-7\/nota-norma-villareal-15-03\" target=\"_blank\" rel=\"noopener\">Nota Norma Villareal 15 &#8211; 03<\/a><\/div>\n<\/div>\n","protected":false},"excerpt":{"rendered":"<p>Norma Villareal se mostr\u00f3 indignada por la situaci\u00f3n que vivi\u00f3 la menor de edad que concurre a la escuela secundaria.<\/p>\n","protected":false},"author":3,"featured_media":0,"comment_status":"closed","ping_status":"closed","sticky":false,"template":"","format":"standard","meta":{"footnotes":""},"categories":[26],"tags":[],"class_list":["post-69307","post","type-post","status-publish","format-standard","hentry","category-sociedad"],"yoast_head":"<!-- This site is optimized with the Yoast SEO plugin v25.9 - https:\/\/yoast.com\/wordpress\/plugins\/seo\/ -->\n<title>Una madre denunci\u00f3 que agredieron a su hija cuando sal\u00eda del colegio - Noticias Radio Reflejos<\/title>\n<meta name=\"robots\" content=\"index, follow, max-snippet:-1, max-image-preview:large, max-video-preview:-1\" \/>\n<link rel=\"canonical\" href=\"https:\/\/www.noticiasradioreflejos.com.ar\/2021\/una-madre-denuncio-que-agredieron-a-su-hija-cuando-salia-del-colegio\/\" \/>\n<meta property=\"og:locale\" content=\"es_ES\" \/>\n<meta property=\"og:type\" content=\"article\" \/>\n<meta property=\"og:title\" content=\"Una madre denunci\u00f3 que agredieron a su hija cuando sal\u00eda del colegio - Noticias Radio Reflejos\" \/>\n<meta property=\"og:description\" content=\"Norma Villareal se mostr\u00f3 indignada por la situaci\u00f3n que vivi\u00f3 la menor de edad que concurre a la escuela secundaria.\" \/>\n<meta property=\"og:url\" content=\"https:\/\/www.noticiasradioreflejos.com.ar\/2021\/una-madre-denuncio-que-agredieron-a-su-hija-cuando-salia-del-colegio\/\" \/>\n<meta property=\"og:site_name\" content=\"Noticias Radio Reflejos\" \/>\n<meta property=\"article:published_time\" content=\"2022-03-15T11:50:23+00:00\" \/>\n<meta property=\"article:modified_time\" content=\"2022-03-15T14:39:21+00:00\" \/>\n<meta property=\"og:image\" content=\"https:\/\/www.noticiasradioreflejos.com.ar\/2021\/wp-content\/uploads\/2021\/07\/logosol300x200.png\" \/>\n\t<meta property=\"og:image:width\" content=\"300\" \/>\n\t<meta property=\"og:image:height\" content=\"200\" \/>\n\t<meta property=\"og:image:type\" content=\"image\/png\" \/>\n<meta name=\"author\" content=\"Arnaldo Botto\" \/>\n<meta name=\"twitter:card\" content=\"summary_large_image\" \/>\n<script type=\"application\/ld+json\" class=\"yoast-schema-graph\">{\"@context\":\"https:\/\/schema.org\",\"@graph\":[{\"@type\":\"WebPage\",\"@id\":\"https:\/\/www.noticiasradioreflejos.com.ar\/2021\/una-madre-denuncio-que-agredieron-a-su-hija-cuando-salia-del-colegio\/\",\"url\":\"https:\/\/www.noticiasradioreflejos.com.ar\/2021\/una-madre-denuncio-que-agredieron-a-su-hija-cuando-salia-del-colegio\/\",\"name\":\"Una madre denunci\u00f3 que agredieron a su hija cuando sal\u00eda del colegio - Noticias Radio Reflejos\",\"isPartOf\":{\"@id\":\"https:\/\/www.noticiasradioreflejos.com.ar\/2021\/#website\"},\"datePublished\":\"2022-03-15T11:50:23+00:00\",\"dateModified\":\"2022-03-15T14:39:21+00:00\",\"author\":{\"@id\":\"https:\/\/www.noticiasradioreflejos.com.ar\/2021\/#\/schema\/person\/ad82545263dcc5ec0996818884fd5fb1\"},\"breadcrumb\":{\"@id\":\"https:\/\/www.noticiasradioreflejos.com.ar\/2021\/una-madre-denuncio-que-agredieron-a-su-hija-cuando-salia-del-colegio\/#breadcrumb\"},\"inLanguage\":\"es\",\"potentialAction\":[{\"@type\":\"ReadAction\",\"target\":[\"https:\/\/www.noticiasradioreflejos.com.ar\/2021\/una-madre-denuncio-que-agredieron-a-su-hija-cuando-salia-del-colegio\/\"]}]},{\"@type\":\"BreadcrumbList\",\"@id\":\"https:\/\/www.noticiasradioreflejos.com.ar\/2021\/una-madre-denuncio-que-agredieron-a-su-hija-cuando-salia-del-colegio\/#breadcrumb\",\"itemListElement\":[{\"@type\":\"ListItem\",\"position\":1,\"name\":\"Portada\",\"item\":\"https:\/\/www.noticiasradioreflejos.com.ar\/2021\/\"},{\"@type\":\"ListItem\",\"position\":2,\"name\":\"Una madre denunci\u00f3 que agredieron a su hija cuando sal\u00eda del colegio\"}]},{\"@type\":\"WebSite\",\"@id\":\"https:\/\/www.noticiasradioreflejos.com.ar\/2021\/#website\",\"url\":\"https:\/\/www.noticiasradioreflejos.com.ar\/2021\/\",\"name\":\"Noticias Radio Reflejos\",\"description\":\"Las noticias de mi comarca\",\"potentialAction\":[{\"@type\":\"SearchAction\",\"target\":{\"@type\":\"EntryPoint\",\"urlTemplate\":\"https:\/\/www.noticiasradioreflejos.com.ar\/2021\/?s={search_term_string}\"},\"query-input\":{\"@type\":\"PropertyValueSpecification\",\"valueRequired\":true,\"valueName\":\"search_term_string\"}}],\"inLanguage\":\"es\"},{\"@type\":\"Person\",\"@id\":\"https:\/\/www.noticiasradioreflejos.com.ar\/2021\/#\/schema\/person\/ad82545263dcc5ec0996818884fd5fb1\",\"name\":\"Arnaldo Botto\",\"image\":{\"@type\":\"ImageObject\",\"inLanguage\":\"es\",\"@id\":\"https:\/\/www.noticiasradioreflejos.com.ar\/2021\/#\/schema\/person\/image\/\",\"url\":\"https:\/\/secure.gravatar.com\/avatar\/55cb5e37c1efa326397366e6974cb338056df65cb50e7d64d1cf314e87504837?s=96&d=mm&r=g\",\"contentUrl\":\"https:\/\/secure.gravatar.com\/avatar\/55cb5e37c1efa326397366e6974cb338056df65cb50e7d64d1cf314e87504837?s=96&d=mm&r=g\",\"caption\":\"Arnaldo Botto\"},\"url\":\"https:\/\/www.noticiasradioreflejos.com.ar\/2021\/author\/arnaldo\/\"}]}<\/script>\n<!-- \/ Yoast SEO plugin. -->","yoast_head_json":{"title":"Una madre denunci\u00f3 que agredieron a su hija cuando sal\u00eda del colegio - Noticias Radio Reflejos","robots":{"index":"index","follow":"follow","max-snippet":"max-snippet:-1","max-image-preview":"max-image-preview:large","max-video-preview":"max-video-preview:-1"},"canonical":"https:\/\/www.noticiasradioreflejos.com.ar\/2021\/una-madre-denuncio-que-agredieron-a-su-hija-cuando-salia-del-colegio\/","og_locale":"es_ES","og_type":"article","og_title":"Una madre denunci\u00f3 que agredieron a su hija cuando sal\u00eda del colegio - Noticias Radio Reflejos","og_description":"Norma Villareal se mostr\u00f3 indignada por la situaci\u00f3n que vivi\u00f3 la menor de edad que concurre a la escuela secundaria.","og_url":"https:\/\/www.noticiasradioreflejos.com.ar\/2021\/una-madre-denuncio-que-agredieron-a-su-hija-cuando-salia-del-colegio\/","og_site_name":"Noticias Radio Reflejos","article_published_time":"2022-03-15T11:50:23+00:00","article_modified_time":"2022-03-15T14:39:21+00:00","og_image":[{"width":300,"height":200,"url":"https:\/\/www.noticiasradioreflejos.com.ar\/2021\/wp-content\/uploads\/2021\/07\/logosol300x200.png","type":"image\/png"}],"author":"Arnaldo Botto","twitter_card":"summary_large_image","schema":{"@context":"https:\/\/schema.org","@graph":[{"@type":"WebPage","@id":"https:\/\/www.noticiasradioreflejos.com.ar\/2021\/una-madre-denuncio-que-agredieron-a-su-hija-cuando-salia-del-colegio\/","url":"https:\/\/www.noticiasradioreflejos.com.ar\/2021\/una-madre-denuncio-que-agredieron-a-su-hija-cuando-salia-del-colegio\/","name":"Una madre denunci\u00f3 que agredieron a su hija cuando sal\u00eda del colegio - Noticias Radio Reflejos","isPartOf":{"@id":"https:\/\/www.noticiasradioreflejos.com.ar\/2021\/#website"},"datePublished":"2022-03-15T11:50:23+00:00","dateModified":"2022-03-15T14:39:21+00:00","author":{"@id":"https:\/\/www.noticiasradioreflejos.com.ar\/2021\/#\/schema\/person\/ad82545263dcc5ec0996818884fd5fb1"},"breadcrumb":{"@id":"https:\/\/www.noticiasradioreflejos.com.ar\/2021\/una-madre-denuncio-que-agredieron-a-su-hija-cuando-salia-del-colegio\/#breadcrumb"},"inLanguage":"es","potentialAction":[{"@type":"ReadAction","target":["https:\/\/www.noticiasradioreflejos.com.ar\/2021\/una-madre-denuncio-que-agredieron-a-su-hija-cuando-salia-del-colegio\/"]}]},{"@type":"BreadcrumbList","@id":"https:\/\/www.noticiasradioreflejos.com.ar\/2021\/una-madre-denuncio-que-agredieron-a-su-hija-cuando-salia-del-colegio\/#breadcrumb","itemListElement":[{"@type":"ListItem","position":1,"name":"Portada","item":"https:\/\/www.noticiasradioreflejos.com.ar\/2021\/"},{"@type":"ListItem","position":2,"name":"Una madre denunci\u00f3 que agredieron a su hija cuando sal\u00eda del colegio"}]},{"@type":"WebSite","@id":"https:\/\/www.noticiasradioreflejos.com.ar\/2021\/#website","url":"https:\/\/www.noticiasradioreflejos.com.ar\/2021\/","name":"Noticias Radio Reflejos","description":"Las noticias de mi comarca","potentialAction":[{"@type":"SearchAction","target":{"@type":"EntryPoint","urlTemplate":"https:\/\/www.noticiasradioreflejos.com.ar\/2021\/?s={search_term_string}"},"query-input":{"@type":"PropertyValueSpecification","valueRequired":true,"valueName":"search_term_string"}}],"inLanguage":"es"},{"@type":"Person","@id":"https:\/\/www.noticiasradioreflejos.com.ar\/2021\/#\/schema\/person\/ad82545263dcc5ec0996818884fd5fb1","name":"Arnaldo Botto","image":{"@type":"ImageObject","inLanguage":"es","@id":"https:\/\/www.noticiasradioreflejos.com.ar\/2021\/#\/schema\/person\/image\/","url":"https:\/\/secure.gravatar.com\/avatar\/55cb5e37c1efa326397366e6974cb338056df65cb50e7d64d1cf314e87504837?s=96&d=mm&r=g","contentUrl":"https:\/\/secure.gravatar.com\/avatar\/55cb5e37c1efa326397366e6974cb338056df65cb50e7d64d1cf314e87504837?s=96&d=mm&r=g","caption":"Arnaldo Botto"},"url":"https:\/\/www.noticiasradioreflejos.com.ar\/2021\/author\/arnaldo\/"}]}},"_links":{"self":[{"href":"https:\/\/www.noticiasradioreflejos.com.ar\/2021\/wp-json\/wp\/v2\/posts\/69307","targetHints":{"allow":["GET"]}}],"collection":[{"href":"https:\/\/www.noticiasradioreflejos.com.ar\/2021\/wp-json\/wp\/v2\/posts"}],"about":[{"href":"https:\/\/www.noticiasradioreflejos.com.ar\/2021\/wp-json\/wp\/v2\/types\/post"}],"author":[{"embeddable":true,"href":"https:\/\/www.noticiasradioreflejos.com.ar\/2021\/wp-json\/wp\/v2\/users\/3"}],"replies":[{"embeddable":true,"href":"https:\/\/www.noticiasradioreflejos.com.ar\/2021\/wp-json\/wp\/v2\/comments?post=69307"}],"version-history":[{"count":3,"href":"https:\/\/www.noticiasradioreflejos.com.ar\/2021\/wp-json\/wp\/v2\/posts\/69307\/revisions"}],"predecessor-version":[{"id":69319,"href":"https:\/\/www.noticiasradioreflejos.com.ar\/2021\/wp-json\/wp\/v2\/posts\/69307\/revisions\/69319"}],"wp:attachment":[{"href":"https:\/\/www.noticiasradioreflejos.com.ar\/2021\/wp-json\/wp\/v2\/media?parent=69307"}],"wp:term":[{"taxonomy":"category","embeddable":true,"href":"https:\/\/www.noticiasradioreflejos.com.ar\/2021\/wp-json\/wp\/v2\/categories?post=69307"},{"taxonomy":"post_tag","embeddable":true,"href":"https:\/\/www.noticiasradioreflejos.com.ar\/2021\/wp-json\/wp\/v2\/tags?post=69307"}],"curies":[{"name":"wp","href":"https:\/\/api.w.org\/{rel}","templated":true}]}}