{"id":69304,"date":"2022-03-15T11:37:09","date_gmt":"2022-03-15T11:37:09","guid":{"rendered":"http:\/\/www.noticiasradioreflejos.com.ar\/2021\/?p=69304"},"modified":"2022-03-15T11:37:09","modified_gmt":"2022-03-15T11:37:09","slug":"cumple-60-anos-pero-es-la-misma-mafalda-de-siempre","status":"publish","type":"post","link":"https:\/\/www.noticiasradioreflejos.com.ar\/2021\/cumple-60-anos-pero-es-la-misma-mafalda-de-siempre\/","title":{"rendered":"\u201cCumple 60 a\u00f1os, pero es la misma Mafalda de siempre\u201d"},"content":{"rendered":"<p>&gt;Mafalda naci\u00f3 el 15 de marzo de 1962. Doce tiras para una marca de electrodom\u00e9sticos, que no llegaron a publicarse, resultaron el primer paso. \u00cdcono del comic nacional, se trasform\u00f3 en s\u00edmbolo de rebeld\u00eda, paz y democracia en muchos pa\u00edses. Fallecido hace casi dos a\u00f1os, imaginamos qu\u00e9 dir\u00eda Quino hoy de los 60 a\u00f1os de su hija de tinta y papel. Aqu\u00ed la glosa de su testimonio.<!--more--><\/p>\n<div class=\"name\"><strong>POR DANIEL GIARONE<\/strong><\/div>\n<div class=\"time\"><\/div>\n<div>\n<div class=\"wrapper-editable-content\">\n<div>\n<div class=\"container-md\">\n<div class=\"row\">\n<div class=\"col-md-12 speak\">\n<div class=\"paragraph\">\n<figure class=\"mb-3\"><img decoding=\"async\" src=\"https:\/\/www.telam.com.ar\/thumbs\/bluesteel\/advf\/imagenes\/2022\/03\/622e624e4f478_900.jpg\" alt=\"Quino y Mafalda juntos por siempre Ilustracin de Osvaldo Rvora\" width=\"100%\" height=\"100%\" \/><\/p>\n<div class=\"media-icons\"><\/div><figcaption>Quino y Mafalda, juntos por siempre. Ilustraci\u00f3n de Osvaldo R\u00e9vora.<\/figcaption><\/figure>\n<p>Si parece que fue ayer, qu\u00e9 digo ayer, ahora mismo. Yo ven\u00eda de trabajar en revistas como \u201cRico Tipo\u201d, \u201cT\u00eda Vicenta\u201d y me presentaron a la gente de la empresa Siam Di Tella. S\u00ed, ya s\u00e9, nada que ver, pero uno ten\u00eda que vivir, \u00bfsabe? Me acuerdo que ellos\u00a0<strong>iban a sacar una l\u00ednea de electrodom\u00e9sticos con el nombre de Mansfield.<\/strong>\u00a0Entonces me dije Mansfield\u2026 Mansfield\u2026 Mafalda \u00bfNo es un nombre hermoso? Y\u00a0<strong>el 15 de marzo de 1962, cuando ella naci\u00f3, le puse Mafalda<\/strong>. Hoy cumple 60 \u00bfNo le parece incre\u00edble?<\/p>\n<p>Cuando la vi por primera vez sent\u00ed mucha ternura, ten\u00eda algo simple. La cara redondita, el pelo, esa peluca negra que todav\u00eda le cubre el ochenta por ciento de la cabeza, exagerado, tal vez demasiado prolijo.\u00a0<strong>Despu\u00e9s los trazos se fueron perfeccionando, m\u00e1s parecidos a lo que todav\u00eda es.<\/strong>\u00a0Baja fue siempre, rellenita tambi\u00e9n, el mo\u00f1ito interrumpi\u00e9ndole la melena no se lo sac\u00f3 jam\u00e1s; y la boca, la boca formando una O lo suficientemente grande para gritar sus verdades. As\u00ed fue siempre, se lo aseguro, aunque usted s\u00f3lo la haya visto como una ni\u00f1a y no pueda imagin\u00e1rsela como una mujer adulta.<\/p>\n<figure class=\"mb-3\"><img decoding=\"async\" src=\"https:\/\/www.telam.com.ar\/thumbs\/bluesteel\/advf\/imagenes\/2022\/03\/622f60ad7af63_900.jpg\" alt=\"Las primeras Mafaldas segn pasaron los aos\" width=\"100%\" height=\"100%\" \/><\/p>\n<div class=\"media-icons\"><\/div><figcaption>Las primeras Mafaldas, seg\u00fan pasaron los a\u00f1os.<\/figcaption><\/figure>\n<p>Recuerdo que desde muy chiquita yo la miraba y me imaginaba una tira c\u00f3mica. Un personaje de \u201cPeanuts\u201d, de Charles Schulz, que en ese momento dibujaba a Charlie Brown, a Snoopy. Y a mi me gustaba que fuera un poco as\u00ed, porque los personajes de Schulz no ten\u00edan un \u00fanico rasgo, como era com\u00fan en la \u00e9poca, sino varios, y complejos.\u00a0<b>Mafalda ten\u00eda algo de eso. Era sensible, inteligente, preguntona, caprichosa.<\/b>\u00a0Levantaba la voz cuando algo le parec\u00eda mal. Creo que desde la cuna le dol\u00eda la injusticia.<\/p>\n<p>\u00bfSi por eso no llegu\u00e9 a trabajar para Siam? Nada que ver.\u00a0<strong>Ellos decidieron no sacar la l\u00ednea Mansfield\u00a0<\/strong>y nosotros nos fuimos a otro lado. Entiendo que fue a partir de ese momento cuando todo el mundo comenz\u00f3 a fijarse en ella. Estuvimos un tiempo muy breve en la revista \u201cLeopl\u00e1n\u201d y despu\u00e9s s\u00ed, nos asentamos: primero en el semanario \u201cPrimera Plana\u201d y despu\u00e9s en el diario \u201cEl Mundo\u201d.<\/p>\n<p>Me acuerdo de la fecha y todo: el 29 de septiembre de 1964.\u00a0<strong>Me pregunt\u00f3 si yo era el pap\u00e1 m\u00e1s bueno de todos los pap\u00e1s del mundo.\u00a0<\/strong>A mi sorprendi\u00f3 un poco la pregunta, me dio cierto pudor, incluso. Le dije \u201cbueno, no s\u00e9, a lo mejor hay otro pap\u00e1 m\u00e1s bueno que yo\u201d. Ella se enoj\u00f3 mucho. Dijo \u201clo supon\u00eda\u201d, se dio media vuelta y se fue a la mesa del comedor a dibujar. Despu\u00e9s de un rato, grit\u00f3: \u201c\u00a1\u00a1\u00a1Estas cosas ocurren solamente en este pa\u00eds!!!\u201d.<\/p>\n<div class=\"jumbotron pt-4 mt-3\">\n<h3 class=\"module-title\">LAS DOS PARADOJAS DE MAFALDA<\/h3>\n<p><strong>Primera paradoja.<\/strong>\u00a0Mafalda fue concebida para vender electrodom\u00e9sticos y acabo por convertirse en un s\u00edmbolo de todos aquellos que quieren un mundo m\u00e1s justo y que cuestionan el poder del dinero.<\/p>\n<p><strong>Segunda paradoja.\u00a0<\/strong>Mafalda naci\u00f3 en la Argentina, tiene su voz y su acento, dio cuenta de una porci\u00f3n importante de su historia (los a\u00f1os 60 y comienzos de los 70), pero se transform\u00f3 en la expresi\u00f3n de una identidad mucho m\u00e1s amplia. Y, por qu\u00e9 no, global: fue publicada en 26 idiomas.<\/p>\n<p>A partir de ambas paradojas la tira dibujada y escrita por Quino se edit\u00f3 en casi toda Am\u00e9rica Latina, pero tambi\u00e9n en Italia, Espa\u00f1a (durante la dictadura franquista con la leyenda \u201cPara adultos\u201d, en tapa), Francia, Alemania, Dinamarca, Portugal, Suecia, Finlandia y Grecia. Tambi\u00e9n en Taiw\u00e1n, donde se encontraron ediciones piratas.<\/p>\n<\/div>\n<h2 class=\"\">Una familia muy normal<\/h2>\n<figure class=\"mb-3\"><img decoding=\"async\" src=\"https:\/\/www.telam.com.ar\/thumbs\/bluesteel\/advf\/imagenes\/2020\/10\/5f75b13194889_900.jpg\" alt=\"El creador firmando uno de los dibujos de su hija hace quince aos\" width=\"100%\" height=\"100%\" \/><\/p>\n<div class=\"media-icons\"><\/div><figcaption>El creador firmando uno de los dibujos de \u00absu hija\u00bb, hace quince a\u00f1os.<\/figcaption><\/figure>\n<p>Al principio s\u00f3lo est\u00e1bamos mi mujer, Mafalda y yo. Guille lleg\u00f3 despu\u00e9s. Creo que para incomodar a su hermana, para darle un poco de su propia medicina. A tal punto que\u00a0<strong>se pon\u00eda muy contento cuando hab\u00eda sopa, algo que a ella le daba mucha bronca e incluso asco.\u00a0<\/strong>Pero le dec\u00eda, eso fue despu\u00e9s. \u00c9ramos una t\u00edpica familia de clase media de los a\u00f1os 60: mi mujer ocup\u00e1ndose de la casa, yo del trabajo y Mafalda haci\u00e9ndonos preguntas ante las que no sab\u00edamos muy bien qu\u00e9 responder. Nos forzaba a cuestionar todo, desde la vida dom\u00e9stica hasta la realidad pol\u00edtica.<\/p>\n<p>As\u00ed como amaba a los Beatles, al P\u00e1jaro Loco y a los panqueques,\u00a0<strong>Mafalda odiaba la sopa. Pero ten\u00eda que tomarla.\u00a0<\/strong>Sobraban argumentos: que los chicos que no la tomaban no crec\u00edan, que se quedaban ni\u00f1os para siempre, que nunca llegaban a ser grandes. Cierta vez, mirando el plato sin decidirse a tocar ni siquiera la cuchara, dijo:<strong>\u00a0\u201cQu\u00e9 tranquilidad reinar\u00eda hoy en este mundo si Marx no hubiera tomado la sopa\u201d<\/strong>. Ella era as\u00ed, espontanea y brutal.<\/p>\n<blockquote class=\"\"><p>\u00abMafalda era sensible, inteligente, preguntona, caprichosa. Levantaba la voz cuando algo le parec\u00eda mal.<\/p><\/blockquote>\n<p>A mi siempre me gust\u00f3 la sopa y creo que con su rechazo buscaba diferenciarse, dejarme en claro que pod\u00eda hacer su propio camino. Tiempo despu\u00e9s me di cuenta que su odio a la sopa era tambi\u00e9n una met\u00e1fora sobre el militarismo y la imposici\u00f3n.\u00a0<strong>Eran los a\u00f1os de la guerra fr\u00eda, las guerrillas y la revoluci\u00f3n, de un mundo convulsionado<\/strong>\u00a0y con mucho miedo a una guerra at\u00f3mica. Y a ella, sin dejar de ser la ni\u00f1a que siempre fue, nada le era ajeno. Incluso dec\u00eda que quer\u00eda estudiar idiomas y emplearse como int\u00e9rprete en las Naciones Unidas para contribuir con la paz mundial. El mundo de los adultos le resultaba un lugar incompresible, arbitrario y doloroso.<\/p>\n<p>Una tarde Mafalda llev\u00f3 a Miguelito hasta la esquina de casa, donde todos los d\u00edas estaba apostado un polic\u00eda. Se par\u00f3 al lado del agente y levantando con suavidad el bast\u00f3n que le colgaba del cinto, mir\u00f3 a su amigo y le dijo:\u00a0<strong>\u201c\u00bfVes? Este es el palito de abollar ideolog\u00edas\u201d<\/strong>. Yo me re\u00ed mucho cuando lo supe. Era la Argentina de entonces, atravesada por los golpes de Estado, la represi\u00f3n y el idealismo de los j\u00f3venes en su lucha por una sociedad m\u00e1s justa e igualitaria.<\/p>\n<h2 class=\"\">Amigos son los amigos<\/h2>\n<figure class=\"mb-3\"><img decoding=\"async\" src=\"https:\/\/www.telam.com.ar\/thumbs\/bluesteel\/advf\/imagenes\/2020\/12\/5fe9af758fefc_900.jpg\" alt=\"Una de las ltimas veces que Quino vino a Buenos Aires junto a Mafalda en San Telmo\" width=\"100%\" height=\"100%\" \/><\/p>\n<div class=\"media-icons\"><\/div><figcaption>Una de las \u00faltimas veces que Quino vino a Buenos Aires, junto a Mafalda, en San Telmo.<\/figcaption><\/figure>\n<p>As\u00ed como yo nunca ser\u00eda quien soy sin Mafalda\u00a0<strong>ella no ser\u00eda quien es sin sus amigos.\u00a0<\/strong>Necesit\u00f3 de ellos para ser quien usted sabe que es. Por proximidad, por diferencia, por contraste. Su primer amigo fue Felipe. Se conocieron en enero del 65. Yo todav\u00eda estaba en \u201cPrimera Plana\u201d. Me acuerdo porque Felipe ten\u00eda dos graciosos dientes de conejito y era muy parecido a un periodista amigo m\u00edo, Jorge Timossi.<\/p>\n<p><strong>Felipe era so\u00f1ador, un poco t\u00edmido, despistado.\u00a0<\/strong>Todav\u00eda recuerdo c\u00f3mo lo agobiaba hacer la tarea que le daban en la escuela. A Mafalda le gustaba estar con \u00e9l. Tal vez porque disfrutaban de los Beatles y porque de alg\u00fan modo no terminaban de encajar con el mundo en que viv\u00edan. Escuche esto. Un d\u00eda Felipe se compadec\u00eda de su tortuga por todo lo que esta no sab\u00eda: que estaba en un patio, que a su vez estaba en una casa, que formaba parte de una ciudad, de un pa\u00eds, de un mundo, de un espacio exterior\u2026 Llegado a este punto le sac\u00f3 al animal la lechuga que acaba de darle, apoy\u00f3 la espalda contra la pared y empez\u00f3 a morderla, con desasosiego.<\/p>\n<figure class=\"mb-3\"><img decoding=\"async\" src=\"https:\/\/www.telam.com.ar\/thumbs\/bluesteel\/advf\/imagenes\/2020\/09\/5f74ccca08468_900.jpg\" alt=\"La banda de Mafalda\" width=\"100%\" height=\"100%\" \/><\/p>\n<div class=\"media-icons\"><\/div><figcaption>La banda de Mafalda.<\/figcaption><\/figure>\n<p><strong>Ese mismo a\u00f1o me fui a trabajar a diario \u201cEl Mundo\u201d, donde Mafalda me acompa\u00f1aba siempre.\u00a0<\/strong>Su grupo de amigos se hab\u00eda ampliado con Manolito y Susanita. Recuerdo que el pibe ten\u00eda la cabeza cuadrada y el pelo tan corto que parec\u00eda un cepillo. Era muy parecido a un panadero gallego que yo conoc\u00eda: Anastacio Delgado. Manolito era ego\u00edsta, solo pensaba en la plata y sus ideas eran bastante conservadoras, por otra parte.<\/p>\n<p><strong>Susanita era un caso. Le dir\u00eda que era la ant\u00edtesis de Mafalda: ego\u00edsta, racista, despectiva con los pobres, ciertamente ignorante.<\/strong>\u00a0Creo que si hubiera podido elegir otra vida hubiese sido una reina desp\u00f3tica y despiadada. Pero eran ni\u00f1as, las \u00fanicas del grupo hasta que lleg\u00f3 Libertad, que result\u00f3 ser una versi\u00f3n radical de Mafalda. Pero volviendo a Susanita, yo siempre me preguntaba qu\u00e9 era lo que realmente las un\u00eda. Y visto desde hoy creo que aquello era pura sororidad. Mafalda cre\u00eda en el empoderamiento de las mujeres y me parece que de alg\u00fan modo buscaba redimirla a trav\u00e9s de la amistad.<\/p>\n<blockquote class=\"\"><p>\u00abMafalda, como decirlo, empez\u00f3 a trascender fronteras. Se fue transformando en un s\u00edmbolo de la lucha por la paz, de la libertad, de la democracia\u00bb.<\/p><\/blockquote>\n<p>Una vez Susanita lleg\u00f3 a casa indignada. Estaba muy enojada. Les recrimin\u00f3 a los gritos a Mafalda y Felipe su silencio ante lo ocurrido el d\u00eda anterior: nadie, pero nadie, hab\u00eda ido a trabajar. Esto confirmaba lo que tantas veces ella les hab\u00eda dicho: los argentinos no quer\u00edan trabajar. M\u00e1s enojada que ella, Mafalda dijo: \u00abNadie fue a trabajar ni ac\u00e1 ni en ning\u00fan otro pa\u00eds Susanita, porque ayer fue el D\u00eda del Trabajador\u00bb. Ante lo que su amiga replic\u00f3: \u201c\u00a1Como de costumbre!\u00a0<strong>En este pa\u00eds lo \u00fanico que sabe hacer la gente es copiar cosas del extranjero\u201d.<\/strong><\/p>\n<p>De los amigos de mi hija, Felipe, Susanita y Manolito eran los que yo m\u00e1s quer\u00eda. Tambi\u00e9n a Miguelito, por cierto, con sus preguntas a veces complejas, a veces absurdas; un ser que so\u00f1aba despierto. A veces sent\u00eda que quer\u00eda a esos ni\u00f1os como si tambi\u00e9n fueran hijos m\u00edos. Y no solo porque\u00a0<strong>Mafalda los hab\u00eda elegido para compartir su infancia.\u00a0<\/strong>No solo por eso, no. Creo que ve\u00eda en ellos lo que de alg\u00fan modo yo mismo era. En Felipe y Miguelito aquello que m\u00e1s me gustaba de mi. En Manolito y Susana, todo lo que odiaba.<\/p>\n<h2 class=\"\">Detr\u00e1s de escena<\/h2>\n<figure class=\"mb-3\"><img decoding=\"async\" src=\"https:\/\/www.telam.com.ar\/thumbs\/bluesteel\/advf\/imagenes\/2016\/12\/585578c022bcc_900.jpg\" alt=\"Adems de ser traducida a 26 idiomas Mafalda tambin tiene versiones en Braille\" width=\"100%\" height=\"100%\" \/><\/p>\n<div class=\"media-icons\"><\/div><figcaption>Adem\u00e1s de ser traducida a 26 idiomas, Mafalda tambi\u00e9n tiene versiones en Braille.<\/figcaption><\/figure>\n<p>El 22 de diciembre de 1967 cerr\u00f3 el diario El Mundo. Hab\u00edan pasado cinco a\u00f1os y medio de la frustraci\u00f3n de Siam. Est\u00e1bamos de nuevo en la calle. Y justo cuando estaba a punto de nacer Guille. Pero no en vano dicen que los hijos llegan con el pan debajo del brazo.<strong>\u00a0Seis meses despu\u00e9s, el 2 de junio de 1968, encontramos un nuevo hogar: el semanario \u201cSiete d\u00edas\u201d.<\/strong><\/p>\n<p>Las cosas por aquel entonces mejoraron para nosotros. Viajamos a Europa y todo. Mafalda, como decirlo, empez\u00f3 a trascender fronteras. Se fue transformando en un s\u00edmbolo de la lucha por la paz, de la libertad, de la democracia. Y eso, cuando ocurre con la hija de uno, es un orgullo inmenso, algo que no siempre buscamos de manera consciente pero que cuando ocurre nos hace sentir que la tarea est\u00e1 cumplida.<\/p>\n<p><strong>Mafalda aprendi\u00f3 a hablar italiano. Y despu\u00e9s franc\u00e9s, alem\u00e1n, sueco, dan\u00e9s y tant\u00edsimos idiomas.<\/strong>\u00a0No llegar\u00eda a la ONU, pero se convertir\u00eda en pol\u00edglota. En una voz que se repet\u00eda ac\u00e1 y all\u00e1 con sonidos diferentes. Umberto Eco declar\u00f3 estar enamorad\u00edsimo de ella. Un verdadero honor. Qu\u00e9 le voy a decir.<\/p>\n<figure class=\"mb-3\"><img decoding=\"async\" src=\"https:\/\/www.telam.com.ar\/thumbs\/bluesteel\/advf\/imagenes\/2019\/11\/5dc5988420910_900.jpg\" alt=\"Smbolo de la rebelda Mafalda est presente en todo reclamo internacional\" width=\"100%\" height=\"100%\" \/><\/p>\n<div class=\"media-icons\"><\/div><figcaption>S\u00edmbolo de la rebeld\u00eda, Mafalda est\u00e1 presente en todo reclamo internacional.<\/figcaption><\/figure>\n<p><strong>El 25 de junio de 1973 dejamos \u201cSiete d\u00edas\u201d. Mafalda ya no estar\u00eda all\u00ed ni en ning\u00fan otro lado.<\/strong>\u00a0Era tiempo de soltar. Caminamos juntos m\u00e1s de una d\u00e9cada. Era suficiente. Seguir\u00eda el camino sola: una recopilaci\u00f3n de diez tomos de la editorial De la Flor; cortos para televisi\u00f3n junto a sus amigos; un largometraje basado en esos mismos cortos; una pel\u00edcula rodada en la Argentina en 1981; un sin fin de campa\u00f1as: por los derechos del ni\u00f1o para Unicef, por la democracia en la Argentina, por la higiene bucal, etc. etc. etc.<\/p>\n<p>Un d\u00eda la encontr\u00e9 sentada en un banco, sola y con una sonrisa leve, a pocos metros de la casa en la que viv\u00edamos cuando ella naci\u00f3. Estaba como siempre: los pies no le llegaban al piso, la mirada a punto de preguntarte algo desconcertante.<strong>\u00a0Fue en la esquina de Chile y Defensa, en San Telmo.<\/strong>\u00a0Le bes\u00e9 la cabeza. No dije nada. Despu\u00e9s me contaron haberla visto en tant\u00edsimos lugares: plazas, parques de diversiones, estaciones del subterr\u00e1neo, paredones de f\u00e1bricas abandonadas. En cada uno de esos lugares y en todos a la vez.<\/p>\n<div class=\"video_repositive\">\n<div id=\"TeHvGAGdLdw\" class=\"video_telam\">\n<div class=\"feature_article_inner\">\n<div class=\"feature_article_title\">\n<h2 class=\"text-center\">\u00abUn a\u00f1o sin Quino\u00bb por Rep<\/h2>\n<\/div>\n<\/div>\n<div class=\"definition\">VER VIDEO\u00a0<i class=\"fas fa-play\"><\/i><\/div>\n<\/div>\n<\/div>\n<p><strong>Desde el 30 de septiembre de 2020 compartimos un cachito de cielo.<\/strong>\u00a0Al atardecer nos gusta sentarnos en el borde de alguna nube manchada por el ocaso y mirar, desde all\u00ed, el mundo. Las cosas no han cambiado demasiado. A veces, incluso, parecen haber empeorado. Entonces ella apoya su mano sobre la m\u00eda y con esa sonrisa tan suya, me dice: \u201cNo importa pap\u00e1, igual vale la pena\u201d.<\/p>\n<div class=\"jumbotron pt-4 mt-3\">\n<h3 class=\"module-title\">JOAQU\u00cdN SALVADOR LAVADO TEJ\u00d3N, EL PAP\u00c1<\/h3>\n<p>Hijo de inmigrantes espa\u00f1oles, Joaqu\u00edn Salvador Lavado Tej\u00f3n<strong>\u00a0naci\u00f3 en la ciudad de Mendoza el 17 de julio de 1932 y falleci\u00f3 a los 88 a\u00f1os en la misma ciudad, el 30 de septiembre de 2020.<\/strong><\/p>\n<p>Adopt\u00f3 el seud\u00f3nimo de Quino para que no se lo confunda con su t\u00edo Joaqu\u00edn, tambi\u00e9n ilustrador y de quien recibi\u00f3 una gran influencia. Estudi\u00f3 en la Escuela de Bellas Artes de su provincia natal y en 1954 se estableci\u00f3 en Buenos Aires.<\/p>\n<p>Public\u00f3 en diarios y revistas de la Argentina y de distintos pa\u00edses del mundo. Sus tiras y vi\u00f1etas aparecieron en \u00abVea y \u00abLea\u00bb, \u00abLeopl\u00e1n\u00bb, \u00abRico Tipo\u00bb, \u00abTV Gu\u00eda\u00bb, \u00abPanorama\u00bb, \u00abAtl\u00e1ntida\u00bb, \u00abPrimera Plana\u00bb, \u00abEl Mundo\u00bb, \u00abSiete D\u00edas\u00bb, \u00abTriunfo\u00bb (Espa\u00f1a) y \u00abRevista Viva\u00bb, entre tant\u00edsimos medios.<\/p>\n<p><strong>Mafalda result\u00f3 su obra m\u00e1s emblem\u00e1tica.<\/strong>\u00a0Pero adem\u00e1s public\u00f3 una veintena de libros que lo consagraron dentro y fuera del pa\u00eds. Entre ellos se destacan \u201cMundo Quino\u201d, \u201cA mi no me grite\u201d, \u201cBien, gracias, \u00bfy usted?\u201d, \u201cQuinoterapia\u201d, \u201cTodo Mafalda\u201d y \u201cSimplemente Quino\u201d.<\/p>\n<p>Tambi\u00e9n recibi\u00f3 m\u00faltiples premios. Entre los m\u00e1s importantes se encuentran el Premio Principe de Asuturias de Comunicaci\u00f3n y Humanidades (2014), la Palma de Oro en el Sal\u00f3n Internacional del Humorismo de Bordighera (1978), el Premio Dibujante Internacional del A\u00f1o (Canad\u00e1, 1982), el premio de caricatura La Catrina (Feria Internacional del Libro de Guadalajara, 2003) y el premio Konex a la trayectoria (2012).<\/p>\n<p>Sobre su oficio, dijo: \u201cEs lo \u00fanico que s\u00e9 hacer, lo \u00fanico que me ha atra\u00eddo en la vida.<strong>\u00a0En esta profesi\u00f3n uno nunca deja de trabajar.\u00a0<\/strong>Uno est\u00e1 sentado en un bar, en el colectivo o donde sea y tengo que estar observando a la gente\u201d.<\/p>\n<\/div>\n<\/div>\n<\/div>\n<\/div>\n<\/div>\n<\/div>\n<\/div>\n<\/div>\n","protected":false},"excerpt":{"rendered":"<p>&gt;Mafalda naci\u00f3 el 15 de marzo de 1962. Doce tiras para una marca de electrodom\u00e9sticos, que no llegaron a publicarse, resultaron el primer paso. \u00cdcono del comic nacional, se trasform\u00f3 en s\u00edmbolo de rebeld\u00eda, paz y democracia en muchos pa\u00edses. Fallecido hace casi dos a\u00f1os, imaginamos qu\u00e9 dir\u00eda Quino hoy de los 60 a\u00f1os de [&hellip;]<\/p>\n","protected":false},"author":3,"featured_media":0,"comment_status":"closed","ping_status":"closed","sticky":false,"template":"","format":"standard","meta":{"footnotes":""},"categories":[35,26],"tags":[],"class_list":["post-69304","post","type-post","status-publish","format-standard","hentry","category-cultura","category-sociedad"],"yoast_head":"<!-- This site is optimized with the Yoast SEO plugin v25.9 - https:\/\/yoast.com\/wordpress\/plugins\/seo\/ -->\n<title>\u201cCumple 60 a\u00f1os, pero es la misma Mafalda de siempre\u201d - Noticias Radio Reflejos<\/title>\n<meta name=\"robots\" content=\"index, follow, max-snippet:-1, max-image-preview:large, max-video-preview:-1\" \/>\n<link rel=\"canonical\" href=\"https:\/\/www.noticiasradioreflejos.com.ar\/2021\/cumple-60-anos-pero-es-la-misma-mafalda-de-siempre\/\" \/>\n<meta property=\"og:locale\" content=\"es_ES\" \/>\n<meta property=\"og:type\" content=\"article\" \/>\n<meta property=\"og:title\" content=\"\u201cCumple 60 a\u00f1os, pero es la misma Mafalda de siempre\u201d - Noticias Radio Reflejos\" \/>\n<meta property=\"og:description\" content=\"&gt;Mafalda naci\u00f3 el 15 de marzo de 1962. Doce tiras para una marca de electrodom\u00e9sticos, que no llegaron a publicarse, resultaron el primer paso. \u00cdcono del comic nacional, se trasform\u00f3 en s\u00edmbolo de rebeld\u00eda, paz y democracia en muchos pa\u00edses. Fallecido hace casi dos a\u00f1os, imaginamos qu\u00e9 dir\u00eda Quino hoy de los 60 a\u00f1os de [&hellip;]\" \/>\n<meta property=\"og:url\" content=\"https:\/\/www.noticiasradioreflejos.com.ar\/2021\/cumple-60-anos-pero-es-la-misma-mafalda-de-siempre\/\" \/>\n<meta property=\"og:site_name\" content=\"Noticias Radio Reflejos\" \/>\n<meta property=\"article:published_time\" content=\"2022-03-15T11:37:09+00:00\" \/>\n<meta property=\"og:image\" content=\"https:\/\/www.telam.com.ar\/thumbs\/bluesteel\/advf\/imagenes\/2022\/03\/622e624e4f478_900.jpg\" \/>\n<meta name=\"author\" content=\"Arnaldo Botto\" \/>\n<meta name=\"twitter:card\" content=\"summary_large_image\" \/>\n<script type=\"application\/ld+json\" class=\"yoast-schema-graph\">{\"@context\":\"https:\/\/schema.org\",\"@graph\":[{\"@type\":\"WebPage\",\"@id\":\"https:\/\/www.noticiasradioreflejos.com.ar\/2021\/cumple-60-anos-pero-es-la-misma-mafalda-de-siempre\/\",\"url\":\"https:\/\/www.noticiasradioreflejos.com.ar\/2021\/cumple-60-anos-pero-es-la-misma-mafalda-de-siempre\/\",\"name\":\"\u201cCumple 60 a\u00f1os, pero es la misma Mafalda de siempre\u201d - Noticias Radio Reflejos\",\"isPartOf\":{\"@id\":\"https:\/\/www.noticiasradioreflejos.com.ar\/2021\/#website\"},\"primaryImageOfPage\":{\"@id\":\"https:\/\/www.noticiasradioreflejos.com.ar\/2021\/cumple-60-anos-pero-es-la-misma-mafalda-de-siempre\/#primaryimage\"},\"image\":{\"@id\":\"https:\/\/www.noticiasradioreflejos.com.ar\/2021\/cumple-60-anos-pero-es-la-misma-mafalda-de-siempre\/#primaryimage\"},\"thumbnailUrl\":\"https:\/\/www.telam.com.ar\/thumbs\/bluesteel\/advf\/imagenes\/2022\/03\/622e624e4f478_900.jpg\",\"datePublished\":\"2022-03-15T11:37:09+00:00\",\"author\":{\"@id\":\"https:\/\/www.noticiasradioreflejos.com.ar\/2021\/#\/schema\/person\/ad82545263dcc5ec0996818884fd5fb1\"},\"breadcrumb\":{\"@id\":\"https:\/\/www.noticiasradioreflejos.com.ar\/2021\/cumple-60-anos-pero-es-la-misma-mafalda-de-siempre\/#breadcrumb\"},\"inLanguage\":\"es\",\"potentialAction\":[{\"@type\":\"ReadAction\",\"target\":[\"https:\/\/www.noticiasradioreflejos.com.ar\/2021\/cumple-60-anos-pero-es-la-misma-mafalda-de-siempre\/\"]}]},{\"@type\":\"ImageObject\",\"inLanguage\":\"es\",\"@id\":\"https:\/\/www.noticiasradioreflejos.com.ar\/2021\/cumple-60-anos-pero-es-la-misma-mafalda-de-siempre\/#primaryimage\",\"url\":\"https:\/\/www.telam.com.ar\/thumbs\/bluesteel\/advf\/imagenes\/2022\/03\/622e624e4f478_900.jpg\",\"contentUrl\":\"https:\/\/www.telam.com.ar\/thumbs\/bluesteel\/advf\/imagenes\/2022\/03\/622e624e4f478_900.jpg\"},{\"@type\":\"BreadcrumbList\",\"@id\":\"https:\/\/www.noticiasradioreflejos.com.ar\/2021\/cumple-60-anos-pero-es-la-misma-mafalda-de-siempre\/#breadcrumb\",\"itemListElement\":[{\"@type\":\"ListItem\",\"position\":1,\"name\":\"Portada\",\"item\":\"https:\/\/www.noticiasradioreflejos.com.ar\/2021\/\"},{\"@type\":\"ListItem\",\"position\":2,\"name\":\"\u201cCumple 60 a\u00f1os, pero es la misma Mafalda de siempre\u201d\"}]},{\"@type\":\"WebSite\",\"@id\":\"https:\/\/www.noticiasradioreflejos.com.ar\/2021\/#website\",\"url\":\"https:\/\/www.noticiasradioreflejos.com.ar\/2021\/\",\"name\":\"Noticias Radio Reflejos\",\"description\":\"Las noticias de mi comarca\",\"potentialAction\":[{\"@type\":\"SearchAction\",\"target\":{\"@type\":\"EntryPoint\",\"urlTemplate\":\"https:\/\/www.noticiasradioreflejos.com.ar\/2021\/?s={search_term_string}\"},\"query-input\":{\"@type\":\"PropertyValueSpecification\",\"valueRequired\":true,\"valueName\":\"search_term_string\"}}],\"inLanguage\":\"es\"},{\"@type\":\"Person\",\"@id\":\"https:\/\/www.noticiasradioreflejos.com.ar\/2021\/#\/schema\/person\/ad82545263dcc5ec0996818884fd5fb1\",\"name\":\"Arnaldo Botto\",\"image\":{\"@type\":\"ImageObject\",\"inLanguage\":\"es\",\"@id\":\"https:\/\/www.noticiasradioreflejos.com.ar\/2021\/#\/schema\/person\/image\/\",\"url\":\"https:\/\/secure.gravatar.com\/avatar\/55cb5e37c1efa326397366e6974cb338056df65cb50e7d64d1cf314e87504837?s=96&d=mm&r=g\",\"contentUrl\":\"https:\/\/secure.gravatar.com\/avatar\/55cb5e37c1efa326397366e6974cb338056df65cb50e7d64d1cf314e87504837?s=96&d=mm&r=g\",\"caption\":\"Arnaldo Botto\"},\"url\":\"https:\/\/www.noticiasradioreflejos.com.ar\/2021\/author\/arnaldo\/\"}]}<\/script>\n<!-- \/ Yoast SEO plugin. -->","yoast_head_json":{"title":"\u201cCumple 60 a\u00f1os, pero es la misma Mafalda de siempre\u201d - Noticias Radio Reflejos","robots":{"index":"index","follow":"follow","max-snippet":"max-snippet:-1","max-image-preview":"max-image-preview:large","max-video-preview":"max-video-preview:-1"},"canonical":"https:\/\/www.noticiasradioreflejos.com.ar\/2021\/cumple-60-anos-pero-es-la-misma-mafalda-de-siempre\/","og_locale":"es_ES","og_type":"article","og_title":"\u201cCumple 60 a\u00f1os, pero es la misma Mafalda de siempre\u201d - Noticias Radio Reflejos","og_description":"&gt;Mafalda naci\u00f3 el 15 de marzo de 1962. Doce tiras para una marca de electrodom\u00e9sticos, que no llegaron a publicarse, resultaron el primer paso. \u00cdcono del comic nacional, se trasform\u00f3 en s\u00edmbolo de rebeld\u00eda, paz y democracia en muchos pa\u00edses. Fallecido hace casi dos a\u00f1os, imaginamos qu\u00e9 dir\u00eda Quino hoy de los 60 a\u00f1os de [&hellip;]","og_url":"https:\/\/www.noticiasradioreflejos.com.ar\/2021\/cumple-60-anos-pero-es-la-misma-mafalda-de-siempre\/","og_site_name":"Noticias Radio Reflejos","article_published_time":"2022-03-15T11:37:09+00:00","og_image":[{"url":"https:\/\/www.telam.com.ar\/thumbs\/bluesteel\/advf\/imagenes\/2022\/03\/622e624e4f478_900.jpg","type":"","width":"","height":""}],"author":"Arnaldo Botto","twitter_card":"summary_large_image","schema":{"@context":"https:\/\/schema.org","@graph":[{"@type":"WebPage","@id":"https:\/\/www.noticiasradioreflejos.com.ar\/2021\/cumple-60-anos-pero-es-la-misma-mafalda-de-siempre\/","url":"https:\/\/www.noticiasradioreflejos.com.ar\/2021\/cumple-60-anos-pero-es-la-misma-mafalda-de-siempre\/","name":"\u201cCumple 60 a\u00f1os, pero es la misma Mafalda de siempre\u201d - Noticias Radio Reflejos","isPartOf":{"@id":"https:\/\/www.noticiasradioreflejos.com.ar\/2021\/#website"},"primaryImageOfPage":{"@id":"https:\/\/www.noticiasradioreflejos.com.ar\/2021\/cumple-60-anos-pero-es-la-misma-mafalda-de-siempre\/#primaryimage"},"image":{"@id":"https:\/\/www.noticiasradioreflejos.com.ar\/2021\/cumple-60-anos-pero-es-la-misma-mafalda-de-siempre\/#primaryimage"},"thumbnailUrl":"https:\/\/www.telam.com.ar\/thumbs\/bluesteel\/advf\/imagenes\/2022\/03\/622e624e4f478_900.jpg","datePublished":"2022-03-15T11:37:09+00:00","author":{"@id":"https:\/\/www.noticiasradioreflejos.com.ar\/2021\/#\/schema\/person\/ad82545263dcc5ec0996818884fd5fb1"},"breadcrumb":{"@id":"https:\/\/www.noticiasradioreflejos.com.ar\/2021\/cumple-60-anos-pero-es-la-misma-mafalda-de-siempre\/#breadcrumb"},"inLanguage":"es","potentialAction":[{"@type":"ReadAction","target":["https:\/\/www.noticiasradioreflejos.com.ar\/2021\/cumple-60-anos-pero-es-la-misma-mafalda-de-siempre\/"]}]},{"@type":"ImageObject","inLanguage":"es","@id":"https:\/\/www.noticiasradioreflejos.com.ar\/2021\/cumple-60-anos-pero-es-la-misma-mafalda-de-siempre\/#primaryimage","url":"https:\/\/www.telam.com.ar\/thumbs\/bluesteel\/advf\/imagenes\/2022\/03\/622e624e4f478_900.jpg","contentUrl":"https:\/\/www.telam.com.ar\/thumbs\/bluesteel\/advf\/imagenes\/2022\/03\/622e624e4f478_900.jpg"},{"@type":"BreadcrumbList","@id":"https:\/\/www.noticiasradioreflejos.com.ar\/2021\/cumple-60-anos-pero-es-la-misma-mafalda-de-siempre\/#breadcrumb","itemListElement":[{"@type":"ListItem","position":1,"name":"Portada","item":"https:\/\/www.noticiasradioreflejos.com.ar\/2021\/"},{"@type":"ListItem","position":2,"name":"\u201cCumple 60 a\u00f1os, pero es la misma Mafalda de siempre\u201d"}]},{"@type":"WebSite","@id":"https:\/\/www.noticiasradioreflejos.com.ar\/2021\/#website","url":"https:\/\/www.noticiasradioreflejos.com.ar\/2021\/","name":"Noticias Radio Reflejos","description":"Las noticias de mi comarca","potentialAction":[{"@type":"SearchAction","target":{"@type":"EntryPoint","urlTemplate":"https:\/\/www.noticiasradioreflejos.com.ar\/2021\/?s={search_term_string}"},"query-input":{"@type":"PropertyValueSpecification","valueRequired":true,"valueName":"search_term_string"}}],"inLanguage":"es"},{"@type":"Person","@id":"https:\/\/www.noticiasradioreflejos.com.ar\/2021\/#\/schema\/person\/ad82545263dcc5ec0996818884fd5fb1","name":"Arnaldo Botto","image":{"@type":"ImageObject","inLanguage":"es","@id":"https:\/\/www.noticiasradioreflejos.com.ar\/2021\/#\/schema\/person\/image\/","url":"https:\/\/secure.gravatar.com\/avatar\/55cb5e37c1efa326397366e6974cb338056df65cb50e7d64d1cf314e87504837?s=96&d=mm&r=g","contentUrl":"https:\/\/secure.gravatar.com\/avatar\/55cb5e37c1efa326397366e6974cb338056df65cb50e7d64d1cf314e87504837?s=96&d=mm&r=g","caption":"Arnaldo Botto"},"url":"https:\/\/www.noticiasradioreflejos.com.ar\/2021\/author\/arnaldo\/"}]}},"_links":{"self":[{"href":"https:\/\/www.noticiasradioreflejos.com.ar\/2021\/wp-json\/wp\/v2\/posts\/69304","targetHints":{"allow":["GET"]}}],"collection":[{"href":"https:\/\/www.noticiasradioreflejos.com.ar\/2021\/wp-json\/wp\/v2\/posts"}],"about":[{"href":"https:\/\/www.noticiasradioreflejos.com.ar\/2021\/wp-json\/wp\/v2\/types\/post"}],"author":[{"embeddable":true,"href":"https:\/\/www.noticiasradioreflejos.com.ar\/2021\/wp-json\/wp\/v2\/users\/3"}],"replies":[{"embeddable":true,"href":"https:\/\/www.noticiasradioreflejos.com.ar\/2021\/wp-json\/wp\/v2\/comments?post=69304"}],"version-history":[{"count":1,"href":"https:\/\/www.noticiasradioreflejos.com.ar\/2021\/wp-json\/wp\/v2\/posts\/69304\/revisions"}],"predecessor-version":[{"id":69306,"href":"https:\/\/www.noticiasradioreflejos.com.ar\/2021\/wp-json\/wp\/v2\/posts\/69304\/revisions\/69306"}],"wp:attachment":[{"href":"https:\/\/www.noticiasradioreflejos.com.ar\/2021\/wp-json\/wp\/v2\/media?parent=69304"}],"wp:term":[{"taxonomy":"category","embeddable":true,"href":"https:\/\/www.noticiasradioreflejos.com.ar\/2021\/wp-json\/wp\/v2\/categories?post=69304"},{"taxonomy":"post_tag","embeddable":true,"href":"https:\/\/www.noticiasradioreflejos.com.ar\/2021\/wp-json\/wp\/v2\/tags?post=69304"}],"curies":[{"name":"wp","href":"https:\/\/api.w.org\/{rel}","templated":true}]}}