{"id":69301,"date":"2022-03-15T10:58:39","date_gmt":"2022-03-15T10:58:39","guid":{"rendered":"http:\/\/www.noticiasradioreflejos.com.ar\/2021\/?p=69301"},"modified":"2022-03-15T10:58:39","modified_gmt":"2022-03-15T10:58:39","slug":"la-justicia-identifico-a-ocho-agresores-que-actuaron-en-el-ataque-contra-el-congreso","status":"publish","type":"post","link":"https:\/\/www.noticiasradioreflejos.com.ar\/2021\/la-justicia-identifico-a-ocho-agresores-que-actuaron-en-el-ataque-contra-el-congreso\/","title":{"rendered":"La Justicia identific\u00f3 a ocho agresores que actuaron en el ataque contra el Congreso"},"content":{"rendered":"<div class=\"wrapper-header\">\n<div class=\"container-xl\">\n<div class=\"row\">\n<div class=\"col-12\">\n<div class=\"head-content mb-4\">\n<div class=\"my-3\">\n<div class=\"social mt-3\">Se trata de j\u00f3venes de unos 20 a\u00f1os, que no tendr\u00edan afiliaci\u00f3n pol\u00edtica conocida o detectable. Fuentes de la investigaci\u00f3n revelaron que comenz\u00f3 a robustecerse la hip\u00f3tesis que sostiene que podr\u00eda tratarse de personas contratadas para generar disturbio.<\/div>\n<\/div>\n<\/div>\n<\/div>\n<\/div>\n<\/div>\n<\/div>\n<div class=\"wrapper-editable-content\">\n<div class=\"wrapper-info-note\">\n<div class=\"col-md-12\">\n<div class=\"wrapper-author-social\">\n<div class=\"author-box mb-4\">\n<div class=\"image\"><\/div>\n<div class=\"info\">\n<div class=\"time\"><\/div>\n<\/div>\n<\/div>\n<\/div>\n<\/div>\n<\/div>\n<div>\n<div class=\"wrapper-editable-content\">\n<div>\n<div class=\"container-md\">\n<div class=\"row\">\n<div class=\"col-md-12 speak\">\n<div class=\"paragraph\">\n<figure class=\"mb-3\"><img decoding=\"async\" src=\"https:\/\/www.telam.com.ar\/thumbs\/bluesteel\/advf\/imagenes\/2022\/03\/622f766c2c431_900.jpg\" alt=\"Cristina Fernndez difundi un video del ataque contra su despacho Captura Twitter\" width=\"100%\" height=\"100%\" \/><\/p>\n<div class=\"media-icons\"><\/div><figcaption>Cristina Fern\u00e1ndez difundi\u00f3 un video del ataque contra su despacho. (Captura Twitter)<\/figcaption><\/figure>\n<p>Ocho sospechosos de causar destrozos en el Congreso Nacional y m\u00e1s espec\u00edficamente en el despacho de la vicepresidenta Cristina Fern\u00e1ndez de Kirchner durante las protestas contra el acuerdo con el Fondo Monetario Internacional (FMI), fueron identificados por las fuerzas de seguridad y sus nombres ya constan en la causa que tramita ante la justicia federal.<\/p>\n<p><strong>Se trata de j\u00f3venes que no tendr\u00edan afiliaci\u00f3n pol\u00edtica conocida o detectable a partir de las primeras tareas de inteligencia\u00a0<\/strong>criminal que se dispusieron en la investigaci\u00f3n, por lo que en las \u00faltimas horas comenz\u00f3 a robustecerse la hip\u00f3tesis que sostiene que podr\u00eda tratarse de personas contratadas para generar disturbios, informaron a T\u00e9lam fuentes de la investigaci\u00f3n.<\/p>\n<p><strong>La edad promedio de los sospechosos es de 20 a\u00f1os y<\/strong>\u00a0pudieron ser identificados por medio de un \u00absoftware\u00bb del Ministerio de Seguridad que vincul\u00f3 sus rostros con sus datos personales y domicilios, seg\u00fan pudo reconstruir esta agencia.<\/p>\n<p>En este expediente\u00a0<strong>intervienen la jueza Mar\u00eda Eugenia Capuchetti y el fiscal Carlos R\u00edvolo\u00a0<\/strong>y los delitos que se investigan podr\u00edan encuadrarse bajo las figuras de \u00abda\u00f1os agravados\u00bb e \u00abintimidaci\u00f3n p\u00fablica\u00bb, hechos distintos a los que pesquisa la justicia porte\u00f1a, que tiene a una persona detenida con prisi\u00f3n preventiva por atentado contra la polic\u00eda local y da\u00f1os al patrimonio de la Ciudad de Buenos Aires.<\/p>\n<p>En horas de la tarde de este lunes, los investigadores analizaban las pr\u00f3ximas medidas a adoptar luego de recibir la informaci\u00f3n solicitada a las fuerzas de seguridad que permitieron identificar a los sospechosos:\u00a0<strong>los nombres de los apuntados por la justicia no trascendieron para evitar que se frustren los pr\u00f3ximos pasos de la investigaci\u00f3n judicial.<\/strong><\/p>\n<blockquote class=\"twitter-tweet\" data-width=\"500\" data-dnt=\"true\">\n<p lang=\"es\" dir=\"ltr\">El video que vas a ver te muestra en tiempo real, desde el exterior y desde adentro (en este \u00faltimo caso reci\u00e9n a partir de los 12 minutos de haber comenzado la pedrada), el ataque contra la Vicepresidenta de la Rep\u00fablica Argentina que alguien planific\u00f3 y mand\u00f3 a ejecutar. Grave. <a href=\"https:\/\/t.co\/EdqFrknhPm\">pic.twitter.com\/EdqFrknhPm<\/a><\/p>\n<p>&mdash; Cristina Kirchner (@CFKArgentina) <a href=\"https:\/\/twitter.com\/CFKArgentina\/status\/1503401552429686786?ref_src=twsrc%5Etfw\">March 14, 2022<\/a><\/p><\/blockquote>\n<p><script async src=\"https:\/\/platform.twitter.com\/widgets.js\" charset=\"utf-8\"><\/script><\/p>\n<p><strong>El ministro de Seguridad, An\u00edbal Fern\u00e1ndez<\/strong>, afirm\u00f3 en diversas entrevistas que la pesquisa por los ataques a las oficinas de la vicepresidenta est\u00e1 \u00abmuy avanzada\u00bb y que\u00a0<strong>se est\u00e1 trabajando en \u00abesclarecer los hechos\u00bb;<\/strong>\u00a0a la vez, opin\u00f3 que no hay elementos para vincular los hechos con las manifestaciones contra el acuerdo con el FMI encabezadas por organizaciones sociales y partidos de izquierda.<\/p>\n<p>\u00abLa investigaci\u00f3n est\u00e1 muy avanzada.\u00a0<strong>No creo que hayan sido organizaciones sociales que se estaban manifestando sensatamente. Fue alguien que busc\u00f3 hacer eso porque las marcas rojas no son una casualidad\u00bb<\/strong>, afirm\u00f3 Fern\u00e1ndez por radio La Red, donde se refiri\u00f3 espec\u00edficamente a las manchas de pintura roja que aparecieron junto a las ventanas del despacho de la exmandataria.<\/p>\n<p>El funcionario consider\u00f3 que el ataque al despacho de la vicepresidenta\u00a0<strong>\u00abfue algo profeso\u00bb\u00a0<\/strong>por las marcas en rojo, que compar\u00f3 con las de \u00abnarraciones b\u00edblicas\u00bb, y asegur\u00f3 que en la movilizaci\u00f3n hab\u00eda \u00abun grupo grande\u00bb mientras otro n\u00famero reducido de personas se abocaba \u00abespec\u00edficamente a agredir la oficina de Cristina\u00bb.<\/p>\n<blockquote class=\"\"><p>\u00abNo creo que hayan sido organizaciones sociales que se estaban manifestando sensatamente. Fue alguien que busc\u00f3 hacer eso porque la marcas rojas no son una casualidad\u00bb<\/p><\/blockquote>\n<p><strong>\u00abNo hubo una orden nuestra de no poner vallas<\/strong>\u00a0porque no manejamos la calle desde 2018, cuando pasaron todas las comisarias de la Polic\u00eda Federal a la de la Ciudad. No s\u00e9 qui\u00e9n pidi\u00f3 que no las pongan, pero yo las hubiera puesto. No fue un error de (el ministro de Justicia y Seguridad de la ciudad de Buenos Aires) Marcelo D&#8217;Alessandro, sino que no lo hicieron por motu proprio y porque alguien dio la instrucci\u00f3n\u00bb, afirm\u00f3 An\u00edbal Fern\u00e1ndez.<\/p>\n<p>En tanto, la vicepresidenta Cristina Fern\u00e1ndez de Kirchner public\u00f3 este lunes un nuevo video sobre el ataque a su despacho durante los incidentes frente al Congreso ocurridos el jueves pasado, en un posteo en Twitter con una grabaci\u00f3n de im\u00e1genes en tiempo real y un mensaje en el que calific\u00f3 como \u00abgrave\u00bb al hecho y\u00a0<strong>asegur\u00f3 que \u00abalguien (lo) planific\u00f3 y mand\u00f3 a ejecutar\u00bb.<\/strong><\/p>\n<p>\u00abEl video que vas a ver te muestra\u00a0<strong>en tiempo real, desde el exterior y desde adentro\u00a0<\/strong>(en este \u00faltimo caso reci\u00e9n a partir de los 12 minutos de haber comenzado la pedrada), el ataque contra la Vicepresidenta de la Rep\u00fablica Argentina que alguien planific\u00f3 y mand\u00f3 a ejecutar. Grave\u00bb, poste\u00f3 la titular del Senado desde su cuenta oficial de Twitter.<\/p>\n<h2 class=\"\">Un nuevo video<\/h2>\n<figure class=\"mb-3\"><img decoding=\"async\" src=\"https:\/\/www.telam.com.ar\/thumbs\/bluesteel\/advf\/imagenes\/2022\/03\/622b47cfece2b_900.jpg\" alt=\"Gracias a un software del Ministerio de Seguridad identificaron a los presuntos responsables de los ataques Foto Daniel Dabove\" width=\"100%\" height=\"100%\" \/><\/p>\n<div class=\"media-icons\"><\/div><figcaption>Gracias a un software del Ministerio de Seguridad, identificaron a los presuntos responsables de los ataques. (Foto Daniel Dabove)<\/figcaption><\/figure>\n<p>Fern\u00e1ndez de Kirchner acompa\u00f1\u00f3 el mensaje con un nuevo video obtenido, seg\u00fan explic\u00f3, p<strong>or la c\u00e1mara de seguridad de la Polic\u00eda Federal emplazada en la esquina de Hip\u00f3lito Yrigoyen y Entre R\u00edos<\/strong>, en el que se observa a encapuchados arrojando bombas de pintura primero y piedras despu\u00e9s hacia las ventanas de su oficina del lado izquierdo del Palacio Legislativo, sobre la avenida Entre R\u00edos.<\/p>\n<p>\u00abLas siguientes im\u00e1genes corresponden a la c\u00e1mara de seguridad de la Polic\u00eda Federal ubicada en la esquina de Entre R\u00edos e Hip\u00f3lito Yrigoyen, en el exterior del Senado de la Naci\u00f3n\u00bb, explica la titular de la C\u00e1mara alta junto a im\u00e1genes del video en el que se puede ver a varios individuos arrojando elementos contra el edificio y a otros encapuchados rompiendo trozos de vereda.<\/p>\n<p>\u00ab<strong>15.07.\u00a0<\/strong>Los agresores arrojan bombas de pintura para se\u00f1alar el objetivo: las ventanas del despacho de la Vicepresidenta\u00bb, precisa en el video sobre los incidentes ocurridos cuando la C\u00e1mara de Diputados comenz\u00f3 al debate sobre el acuerdo entre Argentina y el Fondo Monetario Internacional (FMI).<\/p>\n<p>En las secuencias siguientes, el video muestra el momento en el que el ataque es filmado desde adentro del despacho.<\/p>\n<p>\u00ab<strong>15.12.\u00a0<\/strong>Luego de desalojar el despacho, un colaborador de la Presidencia del Senado ingresa y coloca un tel\u00e9fono celular sobre una mesa ratona para registrar el atentado desde adentro\u00bb, se agrega.<\/p>\n<p>En el final, remarca que a las\u00a0<strong>\u00ab15.21,<\/strong>\u00a0a los 20 minutos de iniciado el ataque, llegan los primeros efectivos policiales\u00bb y el video exhibe el primer cord\u00f3n policial que arriba a la Plaza de los Dos Congresos desde la calle Hip\u00f3lito Yrigoyen.<\/p>\n<\/div>\n<\/div>\n<\/div>\n<\/div>\n<\/div>\n<\/div>\n<\/div>\n<\/div>\n","protected":false},"excerpt":{"rendered":"<p>Se trata de j\u00f3venes de unos 20 a\u00f1os, que no tendr\u00edan afiliaci\u00f3n pol\u00edtica conocida o detectable. Fuentes de la investigaci\u00f3n revelaron que comenz\u00f3 a robustecerse la hip\u00f3tesis que sostiene que podr\u00eda tratarse de personas contratadas para generar disturbio. Cristina Fern\u00e1ndez difundi\u00f3 un video del ataque contra su despacho. (Captura Twitter) Ocho sospechosos de causar destrozos [&hellip;]<\/p>\n","protected":false},"author":3,"featured_media":0,"comment_status":"closed","ping_status":"closed","sticky":false,"template":"","format":"standard","meta":{"footnotes":""},"categories":[29,24],"tags":[],"class_list":["post-69301","post","type-post","status-publish","format-standard","hentry","category-policiales","category-politica"],"yoast_head":"<!-- This site is optimized with the Yoast SEO plugin v25.9 - https:\/\/yoast.com\/wordpress\/plugins\/seo\/ -->\n<title>La Justicia identific\u00f3 a ocho agresores que actuaron en el ataque contra el Congreso - Noticias Radio Reflejos<\/title>\n<meta name=\"robots\" content=\"index, follow, max-snippet:-1, max-image-preview:large, max-video-preview:-1\" \/>\n<link rel=\"canonical\" href=\"https:\/\/www.noticiasradioreflejos.com.ar\/2021\/la-justicia-identifico-a-ocho-agresores-que-actuaron-en-el-ataque-contra-el-congreso\/\" \/>\n<meta property=\"og:locale\" content=\"es_ES\" \/>\n<meta property=\"og:type\" content=\"article\" \/>\n<meta property=\"og:title\" content=\"La Justicia identific\u00f3 a ocho agresores que actuaron en el ataque contra el Congreso - Noticias Radio Reflejos\" \/>\n<meta property=\"og:description\" content=\"Se trata de j\u00f3venes de unos 20 a\u00f1os, que no tendr\u00edan afiliaci\u00f3n pol\u00edtica conocida o detectable. Fuentes de la investigaci\u00f3n revelaron que comenz\u00f3 a robustecerse la hip\u00f3tesis que sostiene que podr\u00eda tratarse de personas contratadas para generar disturbio. Cristina Fern\u00e1ndez difundi\u00f3 un video del ataque contra su despacho. (Captura Twitter) Ocho sospechosos de causar destrozos [&hellip;]\" \/>\n<meta property=\"og:url\" content=\"https:\/\/www.noticiasradioreflejos.com.ar\/2021\/la-justicia-identifico-a-ocho-agresores-que-actuaron-en-el-ataque-contra-el-congreso\/\" \/>\n<meta property=\"og:site_name\" content=\"Noticias Radio Reflejos\" \/>\n<meta property=\"article:published_time\" content=\"2022-03-15T10:58:39+00:00\" \/>\n<meta property=\"og:image\" content=\"https:\/\/www.telam.com.ar\/thumbs\/bluesteel\/advf\/imagenes\/2022\/03\/622f766c2c431_900.jpg\" \/>\n<meta name=\"author\" content=\"Arnaldo Botto\" \/>\n<meta name=\"twitter:card\" content=\"summary_large_image\" \/>\n<script type=\"application\/ld+json\" class=\"yoast-schema-graph\">{\"@context\":\"https:\/\/schema.org\",\"@graph\":[{\"@type\":\"WebPage\",\"@id\":\"https:\/\/www.noticiasradioreflejos.com.ar\/2021\/la-justicia-identifico-a-ocho-agresores-que-actuaron-en-el-ataque-contra-el-congreso\/\",\"url\":\"https:\/\/www.noticiasradioreflejos.com.ar\/2021\/la-justicia-identifico-a-ocho-agresores-que-actuaron-en-el-ataque-contra-el-congreso\/\",\"name\":\"La Justicia identific\u00f3 a ocho agresores que actuaron en el ataque contra el Congreso - Noticias Radio Reflejos\",\"isPartOf\":{\"@id\":\"https:\/\/www.noticiasradioreflejos.com.ar\/2021\/#website\"},\"primaryImageOfPage\":{\"@id\":\"https:\/\/www.noticiasradioreflejos.com.ar\/2021\/la-justicia-identifico-a-ocho-agresores-que-actuaron-en-el-ataque-contra-el-congreso\/#primaryimage\"},\"image\":{\"@id\":\"https:\/\/www.noticiasradioreflejos.com.ar\/2021\/la-justicia-identifico-a-ocho-agresores-que-actuaron-en-el-ataque-contra-el-congreso\/#primaryimage\"},\"thumbnailUrl\":\"https:\/\/www.telam.com.ar\/thumbs\/bluesteel\/advf\/imagenes\/2022\/03\/622f766c2c431_900.jpg\",\"datePublished\":\"2022-03-15T10:58:39+00:00\",\"author\":{\"@id\":\"https:\/\/www.noticiasradioreflejos.com.ar\/2021\/#\/schema\/person\/ad82545263dcc5ec0996818884fd5fb1\"},\"breadcrumb\":{\"@id\":\"https:\/\/www.noticiasradioreflejos.com.ar\/2021\/la-justicia-identifico-a-ocho-agresores-que-actuaron-en-el-ataque-contra-el-congreso\/#breadcrumb\"},\"inLanguage\":\"es\",\"potentialAction\":[{\"@type\":\"ReadAction\",\"target\":[\"https:\/\/www.noticiasradioreflejos.com.ar\/2021\/la-justicia-identifico-a-ocho-agresores-que-actuaron-en-el-ataque-contra-el-congreso\/\"]}]},{\"@type\":\"ImageObject\",\"inLanguage\":\"es\",\"@id\":\"https:\/\/www.noticiasradioreflejos.com.ar\/2021\/la-justicia-identifico-a-ocho-agresores-que-actuaron-en-el-ataque-contra-el-congreso\/#primaryimage\",\"url\":\"https:\/\/www.telam.com.ar\/thumbs\/bluesteel\/advf\/imagenes\/2022\/03\/622f766c2c431_900.jpg\",\"contentUrl\":\"https:\/\/www.telam.com.ar\/thumbs\/bluesteel\/advf\/imagenes\/2022\/03\/622f766c2c431_900.jpg\"},{\"@type\":\"BreadcrumbList\",\"@id\":\"https:\/\/www.noticiasradioreflejos.com.ar\/2021\/la-justicia-identifico-a-ocho-agresores-que-actuaron-en-el-ataque-contra-el-congreso\/#breadcrumb\",\"itemListElement\":[{\"@type\":\"ListItem\",\"position\":1,\"name\":\"Portada\",\"item\":\"https:\/\/www.noticiasradioreflejos.com.ar\/2021\/\"},{\"@type\":\"ListItem\",\"position\":2,\"name\":\"La Justicia identific\u00f3 a ocho agresores que actuaron en el ataque contra el Congreso\"}]},{\"@type\":\"WebSite\",\"@id\":\"https:\/\/www.noticiasradioreflejos.com.ar\/2021\/#website\",\"url\":\"https:\/\/www.noticiasradioreflejos.com.ar\/2021\/\",\"name\":\"Noticias Radio Reflejos\",\"description\":\"Las noticias de mi comarca\",\"potentialAction\":[{\"@type\":\"SearchAction\",\"target\":{\"@type\":\"EntryPoint\",\"urlTemplate\":\"https:\/\/www.noticiasradioreflejos.com.ar\/2021\/?s={search_term_string}\"},\"query-input\":{\"@type\":\"PropertyValueSpecification\",\"valueRequired\":true,\"valueName\":\"search_term_string\"}}],\"inLanguage\":\"es\"},{\"@type\":\"Person\",\"@id\":\"https:\/\/www.noticiasradioreflejos.com.ar\/2021\/#\/schema\/person\/ad82545263dcc5ec0996818884fd5fb1\",\"name\":\"Arnaldo Botto\",\"image\":{\"@type\":\"ImageObject\",\"inLanguage\":\"es\",\"@id\":\"https:\/\/www.noticiasradioreflejos.com.ar\/2021\/#\/schema\/person\/image\/\",\"url\":\"https:\/\/secure.gravatar.com\/avatar\/55cb5e37c1efa326397366e6974cb338056df65cb50e7d64d1cf314e87504837?s=96&d=mm&r=g\",\"contentUrl\":\"https:\/\/secure.gravatar.com\/avatar\/55cb5e37c1efa326397366e6974cb338056df65cb50e7d64d1cf314e87504837?s=96&d=mm&r=g\",\"caption\":\"Arnaldo Botto\"},\"url\":\"https:\/\/www.noticiasradioreflejos.com.ar\/2021\/author\/arnaldo\/\"}]}<\/script>\n<!-- \/ Yoast SEO plugin. -->","yoast_head_json":{"title":"La Justicia identific\u00f3 a ocho agresores que actuaron en el ataque contra el Congreso - Noticias Radio Reflejos","robots":{"index":"index","follow":"follow","max-snippet":"max-snippet:-1","max-image-preview":"max-image-preview:large","max-video-preview":"max-video-preview:-1"},"canonical":"https:\/\/www.noticiasradioreflejos.com.ar\/2021\/la-justicia-identifico-a-ocho-agresores-que-actuaron-en-el-ataque-contra-el-congreso\/","og_locale":"es_ES","og_type":"article","og_title":"La Justicia identific\u00f3 a ocho agresores que actuaron en el ataque contra el Congreso - Noticias Radio Reflejos","og_description":"Se trata de j\u00f3venes de unos 20 a\u00f1os, que no tendr\u00edan afiliaci\u00f3n pol\u00edtica conocida o detectable. Fuentes de la investigaci\u00f3n revelaron que comenz\u00f3 a robustecerse la hip\u00f3tesis que sostiene que podr\u00eda tratarse de personas contratadas para generar disturbio. Cristina Fern\u00e1ndez difundi\u00f3 un video del ataque contra su despacho. (Captura Twitter) Ocho sospechosos de causar destrozos [&hellip;]","og_url":"https:\/\/www.noticiasradioreflejos.com.ar\/2021\/la-justicia-identifico-a-ocho-agresores-que-actuaron-en-el-ataque-contra-el-congreso\/","og_site_name":"Noticias Radio Reflejos","article_published_time":"2022-03-15T10:58:39+00:00","og_image":[{"url":"https:\/\/www.telam.com.ar\/thumbs\/bluesteel\/advf\/imagenes\/2022\/03\/622f766c2c431_900.jpg","type":"","width":"","height":""}],"author":"Arnaldo Botto","twitter_card":"summary_large_image","schema":{"@context":"https:\/\/schema.org","@graph":[{"@type":"WebPage","@id":"https:\/\/www.noticiasradioreflejos.com.ar\/2021\/la-justicia-identifico-a-ocho-agresores-que-actuaron-en-el-ataque-contra-el-congreso\/","url":"https:\/\/www.noticiasradioreflejos.com.ar\/2021\/la-justicia-identifico-a-ocho-agresores-que-actuaron-en-el-ataque-contra-el-congreso\/","name":"La Justicia identific\u00f3 a ocho agresores que actuaron en el ataque contra el Congreso - Noticias Radio Reflejos","isPartOf":{"@id":"https:\/\/www.noticiasradioreflejos.com.ar\/2021\/#website"},"primaryImageOfPage":{"@id":"https:\/\/www.noticiasradioreflejos.com.ar\/2021\/la-justicia-identifico-a-ocho-agresores-que-actuaron-en-el-ataque-contra-el-congreso\/#primaryimage"},"image":{"@id":"https:\/\/www.noticiasradioreflejos.com.ar\/2021\/la-justicia-identifico-a-ocho-agresores-que-actuaron-en-el-ataque-contra-el-congreso\/#primaryimage"},"thumbnailUrl":"https:\/\/www.telam.com.ar\/thumbs\/bluesteel\/advf\/imagenes\/2022\/03\/622f766c2c431_900.jpg","datePublished":"2022-03-15T10:58:39+00:00","author":{"@id":"https:\/\/www.noticiasradioreflejos.com.ar\/2021\/#\/schema\/person\/ad82545263dcc5ec0996818884fd5fb1"},"breadcrumb":{"@id":"https:\/\/www.noticiasradioreflejos.com.ar\/2021\/la-justicia-identifico-a-ocho-agresores-que-actuaron-en-el-ataque-contra-el-congreso\/#breadcrumb"},"inLanguage":"es","potentialAction":[{"@type":"ReadAction","target":["https:\/\/www.noticiasradioreflejos.com.ar\/2021\/la-justicia-identifico-a-ocho-agresores-que-actuaron-en-el-ataque-contra-el-congreso\/"]}]},{"@type":"ImageObject","inLanguage":"es","@id":"https:\/\/www.noticiasradioreflejos.com.ar\/2021\/la-justicia-identifico-a-ocho-agresores-que-actuaron-en-el-ataque-contra-el-congreso\/#primaryimage","url":"https:\/\/www.telam.com.ar\/thumbs\/bluesteel\/advf\/imagenes\/2022\/03\/622f766c2c431_900.jpg","contentUrl":"https:\/\/www.telam.com.ar\/thumbs\/bluesteel\/advf\/imagenes\/2022\/03\/622f766c2c431_900.jpg"},{"@type":"BreadcrumbList","@id":"https:\/\/www.noticiasradioreflejos.com.ar\/2021\/la-justicia-identifico-a-ocho-agresores-que-actuaron-en-el-ataque-contra-el-congreso\/#breadcrumb","itemListElement":[{"@type":"ListItem","position":1,"name":"Portada","item":"https:\/\/www.noticiasradioreflejos.com.ar\/2021\/"},{"@type":"ListItem","position":2,"name":"La Justicia identific\u00f3 a ocho agresores que actuaron en el ataque contra el Congreso"}]},{"@type":"WebSite","@id":"https:\/\/www.noticiasradioreflejos.com.ar\/2021\/#website","url":"https:\/\/www.noticiasradioreflejos.com.ar\/2021\/","name":"Noticias Radio Reflejos","description":"Las noticias de mi comarca","potentialAction":[{"@type":"SearchAction","target":{"@type":"EntryPoint","urlTemplate":"https:\/\/www.noticiasradioreflejos.com.ar\/2021\/?s={search_term_string}"},"query-input":{"@type":"PropertyValueSpecification","valueRequired":true,"valueName":"search_term_string"}}],"inLanguage":"es"},{"@type":"Person","@id":"https:\/\/www.noticiasradioreflejos.com.ar\/2021\/#\/schema\/person\/ad82545263dcc5ec0996818884fd5fb1","name":"Arnaldo Botto","image":{"@type":"ImageObject","inLanguage":"es","@id":"https:\/\/www.noticiasradioreflejos.com.ar\/2021\/#\/schema\/person\/image\/","url":"https:\/\/secure.gravatar.com\/avatar\/55cb5e37c1efa326397366e6974cb338056df65cb50e7d64d1cf314e87504837?s=96&d=mm&r=g","contentUrl":"https:\/\/secure.gravatar.com\/avatar\/55cb5e37c1efa326397366e6974cb338056df65cb50e7d64d1cf314e87504837?s=96&d=mm&r=g","caption":"Arnaldo Botto"},"url":"https:\/\/www.noticiasradioreflejos.com.ar\/2021\/author\/arnaldo\/"}]}},"_links":{"self":[{"href":"https:\/\/www.noticiasradioreflejos.com.ar\/2021\/wp-json\/wp\/v2\/posts\/69301","targetHints":{"allow":["GET"]}}],"collection":[{"href":"https:\/\/www.noticiasradioreflejos.com.ar\/2021\/wp-json\/wp\/v2\/posts"}],"about":[{"href":"https:\/\/www.noticiasradioreflejos.com.ar\/2021\/wp-json\/wp\/v2\/types\/post"}],"author":[{"embeddable":true,"href":"https:\/\/www.noticiasradioreflejos.com.ar\/2021\/wp-json\/wp\/v2\/users\/3"}],"replies":[{"embeddable":true,"href":"https:\/\/www.noticiasradioreflejos.com.ar\/2021\/wp-json\/wp\/v2\/comments?post=69301"}],"version-history":[{"count":1,"href":"https:\/\/www.noticiasradioreflejos.com.ar\/2021\/wp-json\/wp\/v2\/posts\/69301\/revisions"}],"predecessor-version":[{"id":69303,"href":"https:\/\/www.noticiasradioreflejos.com.ar\/2021\/wp-json\/wp\/v2\/posts\/69301\/revisions\/69303"}],"wp:attachment":[{"href":"https:\/\/www.noticiasradioreflejos.com.ar\/2021\/wp-json\/wp\/v2\/media?parent=69301"}],"wp:term":[{"taxonomy":"category","embeddable":true,"href":"https:\/\/www.noticiasradioreflejos.com.ar\/2021\/wp-json\/wp\/v2\/categories?post=69301"},{"taxonomy":"post_tag","embeddable":true,"href":"https:\/\/www.noticiasradioreflejos.com.ar\/2021\/wp-json\/wp\/v2\/tags?post=69301"}],"curies":[{"name":"wp","href":"https:\/\/api.w.org\/{rel}","templated":true}]}}