{"id":69279,"date":"2022-03-14T21:52:28","date_gmt":"2022-03-14T21:52:28","guid":{"rendered":"http:\/\/www.noticiasradioreflejos.com.ar\/2021\/?p=69279"},"modified":"2022-03-14T21:53:45","modified_gmt":"2022-03-14T21:53:45","slug":"comienzan-las-clases-de-taekwon-do-en-sierra-de-la-ventana","status":"publish","type":"post","link":"https:\/\/www.noticiasradioreflejos.com.ar\/2021\/comienzan-las-clases-de-taekwon-do-en-sierra-de-la-ventana\/","title":{"rendered":"Comienzan las clases de taekwon-do en Sierra de la Ventana."},"content":{"rendered":"<p>Instructores de la escuela \u00abTaekwon-do Ricardo Egoburo\u00bb comenzar\u00e1n a dictar clases de la especialidad en\u00a0 el Club Ventana de la localidad los d\u00edas martes y jueves. Esta ma\u00f1ana, se acercaron a nuestra radio para compartir los detalles y requerimientos para poder ingresar a realizar esta actividad.<!--more--><\/p>\n<p>\u00abDentro de una de las partes del taekwon-do es un deporte, pero tambi\u00e9n corresponde a un arte marcial. Tiene que ver con la parte de los valores, forjar un esp\u00edritu. Tambi\u00e9n hacemos la parte de defensa personal, la parte f\u00edsica y la parte moral\u00bb explic\u00f3 Andrea, la instructora de este arte marcial.<\/p>\n<p>Estuvimos conversando con <strong>Tom\u00e1s Steinbach<\/strong>, compa\u00f1ero de Andrea y cintur\u00f3n negro de la disciplina. \u00abLos dos somos primer Dan, y ahora hace un a\u00f1o estamos en el camino de ense\u00f1ar\u00bb mencion\u00f3 Tom\u00e1s.<\/p>\n<p><a title=\"Andrea y Tomas Taekwondo\" href=\"https:\/\/www.flickr.com\/photos\/182279889@N02\/51937679942\/in\/dateposted-public\/\" data-flickr-embed=\"true\"><img loading=\"lazy\" decoding=\"async\" src=\"https:\/\/live.staticflickr.com\/65535\/51937679942_9d663c5bc9_z.jpg\" alt=\"Andrea y Tomas Taekwondo\" width=\"640\" height=\"371\" \/><\/a><script async src=\"\/\/embedr.flickr.com\/assets\/client-code.js\" charset=\"utf-8\"><\/script><\/p>\n<p>Ambos instructores pertenecen a la Escuela APAT de Buenos Aires, y su director, Ricardo Rieiro, quien es s\u00e9ptimo Dan. \u00abEs una de las mejores ubicadas en nuestra federaci\u00f3n\u00bb coment\u00f3 Tom\u00e1s.<\/p>\n<p>Los d\u00edas martes y jueves Andrea y Tom\u00e1s estar\u00e1n instruyendo en taekwon-do en Sierra de la Ventana. Para contactarse con ellos en caso de querer comenzar las clases o simplemente hacer consultas al respecto, se pueden comunicar con los tel\u00e9fonos celulares de ambos.<\/p>\n<p><span style=\"color: #ff0000;\"><em><strong>Andrea: 2915707951<\/strong><\/em><\/span><br \/>\n<span style=\"color: #ff0000;\"><em><strong>Tom\u00e1s: 2914701120<\/strong><\/em><\/span><\/p>\n<p>Tambi\u00e9n en Facebook y en Instagram los pueden encontrar como \u00abTaekwon-do Ricardo Egoburo\u00bb.<\/p>\n<p>Andrea menciona que quieren traer la posibilidad de dar taekwon-do a Sierra de la Ventana y brindarles a quienes asistan, adem\u00e1s de una actividad, una posible salida laboral. Tambi\u00e9n coment\u00f3 que est\u00e1n realizando las capacitaciones para poder recibirse como Segundo Dan.<\/p>\n<p>\u00abLo \u00fanico que pedimos es que vengan con buena onda y con ganas de entrenar\u00bb comparti\u00f3 Tom\u00e1s, explicando que tomar\u00e1n alumnos a partir de los 7 a\u00f1os, pero que se pueden anotar personas de cualquier edad, adem\u00e1s de que no hay requerimientos ni condicionamientos f\u00edsicos para poder realizar esta disciplina.<\/p>\n<p>Nota completa a continuaci\u00f3n:<br \/>\n<iframe loading=\"lazy\" src=\"https:\/\/w.soundcloud.com\/player\/?url=https%3A\/\/api.soundcloud.com\/tracks\/1232094736&amp;color=%23ff5500&amp;auto_play=false&amp;hide_related=false&amp;show_comments=true&amp;show_user=true&amp;show_reposts=false&amp;show_teaser=true\" width=\"100%\" height=\"166\" frameborder=\"no\" scrolling=\"no\"><\/iframe><\/p>\n<div style=\"font-size: 10px; color: #cccccc; line-break: anywhere; word-break: normal; overflow: hidden; white-space: nowrap; text-overflow: ellipsis; font-family: Interstate,Lucida Grande,Lucida Sans Unicode,Lucida Sans,Garuda,Verdana,Tahoma,sans-serif; font-weight: 100;\"><a style=\"color: #cccccc; text-decoration: none;\" title=\"fmreflejos 103.7\" href=\"https:\/\/soundcloud.com\/fmreflejos-103-7\" target=\"_blank\" rel=\"noopener\">fmreflejos 103.7<\/a> \u00b7 <a style=\"color: #cccccc; text-decoration: none;\" title=\"Taekwondo CAV\" href=\"https:\/\/soundcloud.com\/fmreflejos-103-7\/taekwondo-cav\" target=\"_blank\" rel=\"noopener\">Taekwondo CAV<\/a><\/div>\n","protected":false},"excerpt":{"rendered":"<p>Instructores de la escuela \u00abTaekwon-do Ricardo Egoburo\u00bb comenzar\u00e1n a dictar clases de la especialidad en\u00a0 el Club Ventana de la localidad los d\u00edas martes y jueves. Esta ma\u00f1ana, se acercaron a nuestra radio para compartir los detalles y requerimientos para poder ingresar a realizar esta actividad.<\/p>\n","protected":false},"author":3,"featured_media":0,"comment_status":"closed","ping_status":"closed","sticky":false,"template":"","format":"standard","meta":{"footnotes":""},"categories":[35,27,26],"tags":[48],"class_list":["post-69279","post","type-post","status-publish","format-standard","hentry","category-cultura","category-deportes","category-sociedad","tag-destacada"],"yoast_head":"<!-- This site is optimized with the Yoast SEO plugin v25.9 - https:\/\/yoast.com\/wordpress\/plugins\/seo\/ -->\n<title>Comienzan las clases de taekwon-do en Sierra de la Ventana. - Noticias Radio Reflejos<\/title>\n<meta name=\"robots\" content=\"index, follow, max-snippet:-1, max-image-preview:large, max-video-preview:-1\" \/>\n<link rel=\"canonical\" href=\"https:\/\/www.noticiasradioreflejos.com.ar\/2021\/comienzan-las-clases-de-taekwon-do-en-sierra-de-la-ventana\/\" \/>\n<meta property=\"og:locale\" content=\"es_ES\" \/>\n<meta property=\"og:type\" content=\"article\" \/>\n<meta property=\"og:title\" content=\"Comienzan las clases de taekwon-do en Sierra de la Ventana. - Noticias Radio Reflejos\" \/>\n<meta property=\"og:description\" content=\"Instructores de la escuela \u00abTaekwon-do Ricardo Egoburo\u00bb comenzar\u00e1n a dictar clases de la especialidad en\u00a0 el Club Ventana de la localidad los d\u00edas martes y jueves. Esta ma\u00f1ana, se acercaron a nuestra radio para compartir los detalles y requerimientos para poder ingresar a realizar esta actividad.\" \/>\n<meta property=\"og:url\" content=\"https:\/\/www.noticiasradioreflejos.com.ar\/2021\/comienzan-las-clases-de-taekwon-do-en-sierra-de-la-ventana\/\" \/>\n<meta property=\"og:site_name\" content=\"Noticias Radio Reflejos\" \/>\n<meta property=\"article:published_time\" content=\"2022-03-14T21:52:28+00:00\" \/>\n<meta property=\"article:modified_time\" content=\"2022-03-14T21:53:45+00:00\" \/>\n<meta property=\"og:image\" content=\"https:\/\/live.staticflickr.com\/65535\/51937679942_9d663c5bc9_z.jpg\" \/>\n<meta name=\"author\" content=\"Arnaldo Botto\" \/>\n<meta name=\"twitter:card\" content=\"summary_large_image\" \/>\n<script type=\"application\/ld+json\" class=\"yoast-schema-graph\">{\"@context\":\"https:\/\/schema.org\",\"@graph\":[{\"@type\":\"WebPage\",\"@id\":\"https:\/\/www.noticiasradioreflejos.com.ar\/2021\/comienzan-las-clases-de-taekwon-do-en-sierra-de-la-ventana\/\",\"url\":\"https:\/\/www.noticiasradioreflejos.com.ar\/2021\/comienzan-las-clases-de-taekwon-do-en-sierra-de-la-ventana\/\",\"name\":\"Comienzan las clases de taekwon-do en Sierra de la Ventana. - Noticias Radio Reflejos\",\"isPartOf\":{\"@id\":\"https:\/\/www.noticiasradioreflejos.com.ar\/2021\/#website\"},\"primaryImageOfPage\":{\"@id\":\"https:\/\/www.noticiasradioreflejos.com.ar\/2021\/comienzan-las-clases-de-taekwon-do-en-sierra-de-la-ventana\/#primaryimage\"},\"image\":{\"@id\":\"https:\/\/www.noticiasradioreflejos.com.ar\/2021\/comienzan-las-clases-de-taekwon-do-en-sierra-de-la-ventana\/#primaryimage\"},\"thumbnailUrl\":\"https:\/\/live.staticflickr.com\/65535\/51937679942_9d663c5bc9_z.jpg\",\"datePublished\":\"2022-03-14T21:52:28+00:00\",\"dateModified\":\"2022-03-14T21:53:45+00:00\",\"author\":{\"@id\":\"https:\/\/www.noticiasradioreflejos.com.ar\/2021\/#\/schema\/person\/ad82545263dcc5ec0996818884fd5fb1\"},\"breadcrumb\":{\"@id\":\"https:\/\/www.noticiasradioreflejos.com.ar\/2021\/comienzan-las-clases-de-taekwon-do-en-sierra-de-la-ventana\/#breadcrumb\"},\"inLanguage\":\"es\",\"potentialAction\":[{\"@type\":\"ReadAction\",\"target\":[\"https:\/\/www.noticiasradioreflejos.com.ar\/2021\/comienzan-las-clases-de-taekwon-do-en-sierra-de-la-ventana\/\"]}]},{\"@type\":\"ImageObject\",\"inLanguage\":\"es\",\"@id\":\"https:\/\/www.noticiasradioreflejos.com.ar\/2021\/comienzan-las-clases-de-taekwon-do-en-sierra-de-la-ventana\/#primaryimage\",\"url\":\"https:\/\/live.staticflickr.com\/65535\/51937679942_9d663c5bc9_z.jpg\",\"contentUrl\":\"https:\/\/live.staticflickr.com\/65535\/51937679942_9d663c5bc9_z.jpg\"},{\"@type\":\"BreadcrumbList\",\"@id\":\"https:\/\/www.noticiasradioreflejos.com.ar\/2021\/comienzan-las-clases-de-taekwon-do-en-sierra-de-la-ventana\/#breadcrumb\",\"itemListElement\":[{\"@type\":\"ListItem\",\"position\":1,\"name\":\"Portada\",\"item\":\"https:\/\/www.noticiasradioreflejos.com.ar\/2021\/\"},{\"@type\":\"ListItem\",\"position\":2,\"name\":\"Comienzan las clases de taekwon-do en Sierra de la Ventana.\"}]},{\"@type\":\"WebSite\",\"@id\":\"https:\/\/www.noticiasradioreflejos.com.ar\/2021\/#website\",\"url\":\"https:\/\/www.noticiasradioreflejos.com.ar\/2021\/\",\"name\":\"Noticias Radio Reflejos\",\"description\":\"Las noticias de mi comarca\",\"potentialAction\":[{\"@type\":\"SearchAction\",\"target\":{\"@type\":\"EntryPoint\",\"urlTemplate\":\"https:\/\/www.noticiasradioreflejos.com.ar\/2021\/?s={search_term_string}\"},\"query-input\":{\"@type\":\"PropertyValueSpecification\",\"valueRequired\":true,\"valueName\":\"search_term_string\"}}],\"inLanguage\":\"es\"},{\"@type\":\"Person\",\"@id\":\"https:\/\/www.noticiasradioreflejos.com.ar\/2021\/#\/schema\/person\/ad82545263dcc5ec0996818884fd5fb1\",\"name\":\"Arnaldo Botto\",\"image\":{\"@type\":\"ImageObject\",\"inLanguage\":\"es\",\"@id\":\"https:\/\/www.noticiasradioreflejos.com.ar\/2021\/#\/schema\/person\/image\/\",\"url\":\"https:\/\/secure.gravatar.com\/avatar\/55cb5e37c1efa326397366e6974cb338056df65cb50e7d64d1cf314e87504837?s=96&d=mm&r=g\",\"contentUrl\":\"https:\/\/secure.gravatar.com\/avatar\/55cb5e37c1efa326397366e6974cb338056df65cb50e7d64d1cf314e87504837?s=96&d=mm&r=g\",\"caption\":\"Arnaldo Botto\"},\"url\":\"https:\/\/www.noticiasradioreflejos.com.ar\/2021\/author\/arnaldo\/\"}]}<\/script>\n<!-- \/ Yoast SEO plugin. -->","yoast_head_json":{"title":"Comienzan las clases de taekwon-do en Sierra de la Ventana. - Noticias Radio Reflejos","robots":{"index":"index","follow":"follow","max-snippet":"max-snippet:-1","max-image-preview":"max-image-preview:large","max-video-preview":"max-video-preview:-1"},"canonical":"https:\/\/www.noticiasradioreflejos.com.ar\/2021\/comienzan-las-clases-de-taekwon-do-en-sierra-de-la-ventana\/","og_locale":"es_ES","og_type":"article","og_title":"Comienzan las clases de taekwon-do en Sierra de la Ventana. - Noticias Radio Reflejos","og_description":"Instructores de la escuela \u00abTaekwon-do Ricardo Egoburo\u00bb comenzar\u00e1n a dictar clases de la especialidad en\u00a0 el Club Ventana de la localidad los d\u00edas martes y jueves. Esta ma\u00f1ana, se acercaron a nuestra radio para compartir los detalles y requerimientos para poder ingresar a realizar esta actividad.","og_url":"https:\/\/www.noticiasradioreflejos.com.ar\/2021\/comienzan-las-clases-de-taekwon-do-en-sierra-de-la-ventana\/","og_site_name":"Noticias Radio Reflejos","article_published_time":"2022-03-14T21:52:28+00:00","article_modified_time":"2022-03-14T21:53:45+00:00","og_image":[{"url":"https:\/\/live.staticflickr.com\/65535\/51937679942_9d663c5bc9_z.jpg","type":"","width":"","height":""}],"author":"Arnaldo Botto","twitter_card":"summary_large_image","schema":{"@context":"https:\/\/schema.org","@graph":[{"@type":"WebPage","@id":"https:\/\/www.noticiasradioreflejos.com.ar\/2021\/comienzan-las-clases-de-taekwon-do-en-sierra-de-la-ventana\/","url":"https:\/\/www.noticiasradioreflejos.com.ar\/2021\/comienzan-las-clases-de-taekwon-do-en-sierra-de-la-ventana\/","name":"Comienzan las clases de taekwon-do en Sierra de la Ventana. - Noticias Radio Reflejos","isPartOf":{"@id":"https:\/\/www.noticiasradioreflejos.com.ar\/2021\/#website"},"primaryImageOfPage":{"@id":"https:\/\/www.noticiasradioreflejos.com.ar\/2021\/comienzan-las-clases-de-taekwon-do-en-sierra-de-la-ventana\/#primaryimage"},"image":{"@id":"https:\/\/www.noticiasradioreflejos.com.ar\/2021\/comienzan-las-clases-de-taekwon-do-en-sierra-de-la-ventana\/#primaryimage"},"thumbnailUrl":"https:\/\/live.staticflickr.com\/65535\/51937679942_9d663c5bc9_z.jpg","datePublished":"2022-03-14T21:52:28+00:00","dateModified":"2022-03-14T21:53:45+00:00","author":{"@id":"https:\/\/www.noticiasradioreflejos.com.ar\/2021\/#\/schema\/person\/ad82545263dcc5ec0996818884fd5fb1"},"breadcrumb":{"@id":"https:\/\/www.noticiasradioreflejos.com.ar\/2021\/comienzan-las-clases-de-taekwon-do-en-sierra-de-la-ventana\/#breadcrumb"},"inLanguage":"es","potentialAction":[{"@type":"ReadAction","target":["https:\/\/www.noticiasradioreflejos.com.ar\/2021\/comienzan-las-clases-de-taekwon-do-en-sierra-de-la-ventana\/"]}]},{"@type":"ImageObject","inLanguage":"es","@id":"https:\/\/www.noticiasradioreflejos.com.ar\/2021\/comienzan-las-clases-de-taekwon-do-en-sierra-de-la-ventana\/#primaryimage","url":"https:\/\/live.staticflickr.com\/65535\/51937679942_9d663c5bc9_z.jpg","contentUrl":"https:\/\/live.staticflickr.com\/65535\/51937679942_9d663c5bc9_z.jpg"},{"@type":"BreadcrumbList","@id":"https:\/\/www.noticiasradioreflejos.com.ar\/2021\/comienzan-las-clases-de-taekwon-do-en-sierra-de-la-ventana\/#breadcrumb","itemListElement":[{"@type":"ListItem","position":1,"name":"Portada","item":"https:\/\/www.noticiasradioreflejos.com.ar\/2021\/"},{"@type":"ListItem","position":2,"name":"Comienzan las clases de taekwon-do en Sierra de la Ventana."}]},{"@type":"WebSite","@id":"https:\/\/www.noticiasradioreflejos.com.ar\/2021\/#website","url":"https:\/\/www.noticiasradioreflejos.com.ar\/2021\/","name":"Noticias Radio Reflejos","description":"Las noticias de mi comarca","potentialAction":[{"@type":"SearchAction","target":{"@type":"EntryPoint","urlTemplate":"https:\/\/www.noticiasradioreflejos.com.ar\/2021\/?s={search_term_string}"},"query-input":{"@type":"PropertyValueSpecification","valueRequired":true,"valueName":"search_term_string"}}],"inLanguage":"es"},{"@type":"Person","@id":"https:\/\/www.noticiasradioreflejos.com.ar\/2021\/#\/schema\/person\/ad82545263dcc5ec0996818884fd5fb1","name":"Arnaldo Botto","image":{"@type":"ImageObject","inLanguage":"es","@id":"https:\/\/www.noticiasradioreflejos.com.ar\/2021\/#\/schema\/person\/image\/","url":"https:\/\/secure.gravatar.com\/avatar\/55cb5e37c1efa326397366e6974cb338056df65cb50e7d64d1cf314e87504837?s=96&d=mm&r=g","contentUrl":"https:\/\/secure.gravatar.com\/avatar\/55cb5e37c1efa326397366e6974cb338056df65cb50e7d64d1cf314e87504837?s=96&d=mm&r=g","caption":"Arnaldo Botto"},"url":"https:\/\/www.noticiasradioreflejos.com.ar\/2021\/author\/arnaldo\/"}]}},"_links":{"self":[{"href":"https:\/\/www.noticiasradioreflejos.com.ar\/2021\/wp-json\/wp\/v2\/posts\/69279","targetHints":{"allow":["GET"]}}],"collection":[{"href":"https:\/\/www.noticiasradioreflejos.com.ar\/2021\/wp-json\/wp\/v2\/posts"}],"about":[{"href":"https:\/\/www.noticiasradioreflejos.com.ar\/2021\/wp-json\/wp\/v2\/types\/post"}],"author":[{"embeddable":true,"href":"https:\/\/www.noticiasradioreflejos.com.ar\/2021\/wp-json\/wp\/v2\/users\/3"}],"replies":[{"embeddable":true,"href":"https:\/\/www.noticiasradioreflejos.com.ar\/2021\/wp-json\/wp\/v2\/comments?post=69279"}],"version-history":[{"count":3,"href":"https:\/\/www.noticiasradioreflejos.com.ar\/2021\/wp-json\/wp\/v2\/posts\/69279\/revisions"}],"predecessor-version":[{"id":69293,"href":"https:\/\/www.noticiasradioreflejos.com.ar\/2021\/wp-json\/wp\/v2\/posts\/69279\/revisions\/69293"}],"wp:attachment":[{"href":"https:\/\/www.noticiasradioreflejos.com.ar\/2021\/wp-json\/wp\/v2\/media?parent=69279"}],"wp:term":[{"taxonomy":"category","embeddable":true,"href":"https:\/\/www.noticiasradioreflejos.com.ar\/2021\/wp-json\/wp\/v2\/categories?post=69279"},{"taxonomy":"post_tag","embeddable":true,"href":"https:\/\/www.noticiasradioreflejos.com.ar\/2021\/wp-json\/wp\/v2\/tags?post=69279"}],"curies":[{"name":"wp","href":"https:\/\/api.w.org\/{rel}","templated":true}]}}