{"id":69275,"date":"2022-03-14T21:43:32","date_gmt":"2022-03-14T21:43:32","guid":{"rendered":"http:\/\/www.noticiasradioreflejos.com.ar\/2021\/?p=69275"},"modified":"2022-03-14T21:43:55","modified_gmt":"2022-03-14T21:43:55","slug":"vinos-de-nuestra-comarca-no-solo-tenemos-lindas-imagenes-en-el-distrito-sino-tambien-ricos-sabores-y-es-una-manera-de-vendernos-a-todo-el-pais-para-seguir-teniendo-visitas","status":"publish","type":"post","link":"https:\/\/www.noticiasradioreflejos.com.ar\/2021\/vinos-de-nuestra-comarca-no-solo-tenemos-lindas-imagenes-en-el-distrito-sino-tambien-ricos-sabores-y-es-una-manera-de-vendernos-a-todo-el-pais-para-seguir-teniendo-visitas\/","title":{"rendered":"Vinos de nuestra comarca: \u00abNo s\u00f3lo tenemos lindas im\u00e1genes en el distrito, sino tambi\u00e9n ricos sabores, y es una manera de vendernos a todo el pa\u00eds para seguir teniendo visitas\u00bb."},"content":{"rendered":"<p>El Secretario de Producci\u00f3n de Tornquist Municipio, realiz\u00f3 durante la entrevista un repaso de los alcances de la visita del Ministro de Desarrollo Agrario durante las jornadas de la Fiesta de la Vendimia. Adem\u00e1s, comparte su opini\u00f3n en relaci\u00f3n al crecimiento de las actividades de producci\u00f3n en nuestra zona y c\u00f3mo esto afectar\u00eda de manera positiva el movimiento y circulaci\u00f3n del turismo de nuestra comarca.<!--more--><\/p>\n<p><a title=\"Victor Ant\u00f3n (2)\" href=\"https:\/\/www.flickr.com\/photos\/182279889@N02\/51938881604\/in\/dateposted-public\/\" data-flickr-embed=\"true\"><img loading=\"lazy\" decoding=\"async\" class=\"aligncenter\" src=\"https:\/\/live.staticflickr.com\/65535\/51938881604_6150f69286_c.jpg\" alt=\"Victor Ant\u00f3n (2)\" width=\"800\" height=\"533\" \/><\/a><script async src=\"\/\/embedr.flickr.com\/assets\/client-code.js\" charset=\"utf-8\"><\/script><\/p>\n<p><span style=\"color: #ff6600;\"><em><strong>Choque de manos con el Ministro de Desarrollo Agrario Javier Rodriguez<\/strong><\/em><\/span><\/p>\n<p>&nbsp;<\/p>\n<p>\u00abLa verdad es que la reuni\u00f3n ha sido muy productiva. No solo pudimos contar con la presencia del Ministro de Producci\u00f3n, sino con gran parte de su gabinete. Y legisladores todos comprometidos con esta tem\u00e1tica\u00bb hizo referencia V\u00edctor a la olivicultura y la vitivinicultura.<\/p>\n<p>El Secretario de Producci\u00f3n mencion\u00f3 que hay mucho trabajo que hacer para empezar a generar, por ejemplo, el Desarrollo Rural Bonaerense, y formar grupos de productores que tengan asesoramiento t\u00e9cnico, y que puedan empezar a dedicarse a esta actividad.<\/p>\n<p>Entre los funcionarios que estaban presentes, adem\u00e1s del Ministro de Desarrollo Agrario y los legisladores, se encontraba la Vice Ministra y el Director Provincial de Agricultura.<\/p>\n<p>V\u00edctor menciona que el rubro de la producci\u00f3n fomenta tanto los nuevos puestos de trabajo como el movimiento tur\u00edstico. \u00abTenemos que empezar a pensar en este tipo de actividad, que genera otro tipo de cosas como el turismo. No s\u00f3lo tenemos lindas im\u00e1genes en el distrito, sino tambi\u00e9n ricos sabores, y es una manera de vendernos a todo el pa\u00eds para seguir teniendo visitas\u00bb.<\/p>\n<p>Tambi\u00e9n coment\u00f3 acerca de los cr\u00e9ditos que se estar\u00edan entregando a productores. Explic\u00f3 que son cr\u00e9ditos que se brindan con la finalidad de ampliar la capacidad productiva y que est\u00e1n dirigidos a aquellos productores que quieran iniciar sus actividades o hacer crecer sus producciones.<\/p>\n<p>En relaci\u00f3n a la Fiesta de la Vendimia, V\u00edctor comparti\u00f3: \u00abDestacar la decisi\u00f3n pol\u00edtica del intendente de poder llevar a cabo esta fiesta. Queda agradecer el trabajo de Luc\u00eda, de Walter, de Gustavo, esta ha sido una semana de mucho trabajo, tambi\u00e9n las instituciones que acompa\u00f1aron, los privados con los food truck y todos los artistas locales\u00bb.<\/p>\n<p>Nota completa a continuaci\u00f3n:<br \/>\n<iframe loading=\"lazy\" src=\"https:\/\/w.soundcloud.com\/player\/?url=https%3A\/\/api.soundcloud.com\/tracks\/1232093494&amp;color=%23ff5500&amp;auto_play=false&amp;hide_related=false&amp;show_comments=true&amp;show_user=true&amp;show_reposts=false&amp;show_teaser=true\" width=\"100%\" height=\"166\" frameborder=\"no\" scrolling=\"no\"><\/iframe><\/p>\n<div style=\"font-size: 10px; color: #cccccc; line-break: anywhere; word-break: normal; overflow: hidden; white-space: nowrap; text-overflow: ellipsis; font-family: Interstate,Lucida Grande,Lucida Sans Unicode,Lucida Sans,Garuda,Verdana,Tahoma,sans-serif; font-weight: 100;\"><a style=\"color: #cccccc; text-decoration: none;\" title=\"fmreflejos 103.7\" href=\"https:\/\/soundcloud.com\/fmreflejos-103-7\" target=\"_blank\" rel=\"noopener\">fmreflejos 103.7<\/a> \u00b7 <a style=\"color: #cccccc; text-decoration: none;\" title=\"Victor Anton\" href=\"https:\/\/soundcloud.com\/fmreflejos-103-7\/victor-anton-6\" target=\"_blank\" rel=\"noopener\">Victor Anton<\/a><\/div>\n","protected":false},"excerpt":{"rendered":"<p>El Secretario de Producci\u00f3n de Tornquist Municipio, realiz\u00f3 durante la entrevista un repaso de los alcances de la visita del Ministro de Desarrollo Agrario durante las jornadas de la Fiesta de la Vendimia. Adem\u00e1s, comparte su opini\u00f3n en relaci\u00f3n al crecimiento de las actividades de producci\u00f3n en nuestra zona y c\u00f3mo esto afectar\u00eda de manera [&hellip;]<\/p>\n","protected":false},"author":3,"featured_media":69289,"comment_status":"closed","ping_status":"closed","sticky":false,"template":"","format":"standard","meta":{"footnotes":""},"categories":[28,24],"tags":[48],"class_list":["post-69275","post","type-post","status-publish","format-standard","has-post-thumbnail","hentry","category-municipales","category-politica","tag-destacada"],"yoast_head":"<!-- This site is optimized with the Yoast SEO plugin v25.9 - https:\/\/yoast.com\/wordpress\/plugins\/seo\/ -->\n<title>Vinos de nuestra comarca: &quot;No s\u00f3lo tenemos lindas im\u00e1genes en el distrito, sino tambi\u00e9n ricos sabores, y es una manera de vendernos a todo el pa\u00eds para seguir teniendo visitas&quot;. - Noticias Radio Reflejos<\/title>\n<meta name=\"robots\" content=\"index, follow, max-snippet:-1, max-image-preview:large, max-video-preview:-1\" \/>\n<link rel=\"canonical\" href=\"https:\/\/www.noticiasradioreflejos.com.ar\/2021\/vinos-de-nuestra-comarca-no-solo-tenemos-lindas-imagenes-en-el-distrito-sino-tambien-ricos-sabores-y-es-una-manera-de-vendernos-a-todo-el-pais-para-seguir-teniendo-visitas\/\" \/>\n<meta property=\"og:locale\" content=\"es_ES\" \/>\n<meta property=\"og:type\" content=\"article\" \/>\n<meta property=\"og:title\" content=\"Vinos de nuestra comarca: &quot;No s\u00f3lo tenemos lindas im\u00e1genes en el distrito, sino tambi\u00e9n ricos sabores, y es una manera de vendernos a todo el pa\u00eds para seguir teniendo visitas&quot;. - Noticias Radio Reflejos\" \/>\n<meta property=\"og:description\" content=\"El Secretario de Producci\u00f3n de Tornquist Municipio, realiz\u00f3 durante la entrevista un repaso de los alcances de la visita del Ministro de Desarrollo Agrario durante las jornadas de la Fiesta de la Vendimia. Adem\u00e1s, comparte su opini\u00f3n en relaci\u00f3n al crecimiento de las actividades de producci\u00f3n en nuestra zona y c\u00f3mo esto afectar\u00eda de manera [&hellip;]\" \/>\n<meta property=\"og:url\" content=\"https:\/\/www.noticiasradioreflejos.com.ar\/2021\/vinos-de-nuestra-comarca-no-solo-tenemos-lindas-imagenes-en-el-distrito-sino-tambien-ricos-sabores-y-es-una-manera-de-vendernos-a-todo-el-pais-para-seguir-teniendo-visitas\/\" \/>\n<meta property=\"og:site_name\" content=\"Noticias Radio Reflejos\" \/>\n<meta property=\"article:published_time\" content=\"2022-03-14T21:43:32+00:00\" \/>\n<meta property=\"article:modified_time\" content=\"2022-03-14T21:43:55+00:00\" \/>\n<meta property=\"og:image\" content=\"https:\/\/www.noticiasradioreflejos.com.ar\/2021\/wp-content\/uploads\/2022\/03\/Bodega-Cerros-Colorados.jpg\" \/>\n\t<meta property=\"og:image:width\" content=\"1024\" \/>\n\t<meta property=\"og:image:height\" content=\"576\" \/>\n\t<meta property=\"og:image:type\" content=\"image\/jpeg\" \/>\n<meta name=\"author\" content=\"Arnaldo Botto\" \/>\n<meta name=\"twitter:card\" content=\"summary_large_image\" \/>\n<script type=\"application\/ld+json\" class=\"yoast-schema-graph\">{\"@context\":\"https:\/\/schema.org\",\"@graph\":[{\"@type\":\"WebPage\",\"@id\":\"https:\/\/www.noticiasradioreflejos.com.ar\/2021\/vinos-de-nuestra-comarca-no-solo-tenemos-lindas-imagenes-en-el-distrito-sino-tambien-ricos-sabores-y-es-una-manera-de-vendernos-a-todo-el-pais-para-seguir-teniendo-visitas\/\",\"url\":\"https:\/\/www.noticiasradioreflejos.com.ar\/2021\/vinos-de-nuestra-comarca-no-solo-tenemos-lindas-imagenes-en-el-distrito-sino-tambien-ricos-sabores-y-es-una-manera-de-vendernos-a-todo-el-pais-para-seguir-teniendo-visitas\/\",\"name\":\"Vinos de nuestra comarca: \\\"No s\u00f3lo tenemos lindas im\u00e1genes en el distrito, sino tambi\u00e9n ricos sabores, y es una manera de vendernos a todo el pa\u00eds para seguir teniendo visitas\\\". - Noticias Radio Reflejos\",\"isPartOf\":{\"@id\":\"https:\/\/www.noticiasradioreflejos.com.ar\/2021\/#website\"},\"primaryImageOfPage\":{\"@id\":\"https:\/\/www.noticiasradioreflejos.com.ar\/2021\/vinos-de-nuestra-comarca-no-solo-tenemos-lindas-imagenes-en-el-distrito-sino-tambien-ricos-sabores-y-es-una-manera-de-vendernos-a-todo-el-pais-para-seguir-teniendo-visitas\/#primaryimage\"},\"image\":{\"@id\":\"https:\/\/www.noticiasradioreflejos.com.ar\/2021\/vinos-de-nuestra-comarca-no-solo-tenemos-lindas-imagenes-en-el-distrito-sino-tambien-ricos-sabores-y-es-una-manera-de-vendernos-a-todo-el-pais-para-seguir-teniendo-visitas\/#primaryimage\"},\"thumbnailUrl\":\"https:\/\/www.noticiasradioreflejos.com.ar\/2021\/wp-content\/uploads\/2022\/03\/Bodega-Cerros-Colorados.jpg\",\"datePublished\":\"2022-03-14T21:43:32+00:00\",\"dateModified\":\"2022-03-14T21:43:55+00:00\",\"author\":{\"@id\":\"https:\/\/www.noticiasradioreflejos.com.ar\/2021\/#\/schema\/person\/ad82545263dcc5ec0996818884fd5fb1\"},\"breadcrumb\":{\"@id\":\"https:\/\/www.noticiasradioreflejos.com.ar\/2021\/vinos-de-nuestra-comarca-no-solo-tenemos-lindas-imagenes-en-el-distrito-sino-tambien-ricos-sabores-y-es-una-manera-de-vendernos-a-todo-el-pais-para-seguir-teniendo-visitas\/#breadcrumb\"},\"inLanguage\":\"es\",\"potentialAction\":[{\"@type\":\"ReadAction\",\"target\":[\"https:\/\/www.noticiasradioreflejos.com.ar\/2021\/vinos-de-nuestra-comarca-no-solo-tenemos-lindas-imagenes-en-el-distrito-sino-tambien-ricos-sabores-y-es-una-manera-de-vendernos-a-todo-el-pais-para-seguir-teniendo-visitas\/\"]}]},{\"@type\":\"ImageObject\",\"inLanguage\":\"es\",\"@id\":\"https:\/\/www.noticiasradioreflejos.com.ar\/2021\/vinos-de-nuestra-comarca-no-solo-tenemos-lindas-imagenes-en-el-distrito-sino-tambien-ricos-sabores-y-es-una-manera-de-vendernos-a-todo-el-pais-para-seguir-teniendo-visitas\/#primaryimage\",\"url\":\"https:\/\/www.noticiasradioreflejos.com.ar\/2021\/wp-content\/uploads\/2022\/03\/Bodega-Cerros-Colorados.jpg\",\"contentUrl\":\"https:\/\/www.noticiasradioreflejos.com.ar\/2021\/wp-content\/uploads\/2022\/03\/Bodega-Cerros-Colorados.jpg\",\"width\":1024,\"height\":576},{\"@type\":\"BreadcrumbList\",\"@id\":\"https:\/\/www.noticiasradioreflejos.com.ar\/2021\/vinos-de-nuestra-comarca-no-solo-tenemos-lindas-imagenes-en-el-distrito-sino-tambien-ricos-sabores-y-es-una-manera-de-vendernos-a-todo-el-pais-para-seguir-teniendo-visitas\/#breadcrumb\",\"itemListElement\":[{\"@type\":\"ListItem\",\"position\":1,\"name\":\"Portada\",\"item\":\"https:\/\/www.noticiasradioreflejos.com.ar\/2021\/\"},{\"@type\":\"ListItem\",\"position\":2,\"name\":\"Vinos de nuestra comarca: \u00abNo s\u00f3lo tenemos lindas im\u00e1genes en el distrito, sino tambi\u00e9n ricos sabores, y es una manera de vendernos a todo el pa\u00eds para seguir teniendo visitas\u00bb.\"}]},{\"@type\":\"WebSite\",\"@id\":\"https:\/\/www.noticiasradioreflejos.com.ar\/2021\/#website\",\"url\":\"https:\/\/www.noticiasradioreflejos.com.ar\/2021\/\",\"name\":\"Noticias Radio Reflejos\",\"description\":\"Las noticias de mi comarca\",\"potentialAction\":[{\"@type\":\"SearchAction\",\"target\":{\"@type\":\"EntryPoint\",\"urlTemplate\":\"https:\/\/www.noticiasradioreflejos.com.ar\/2021\/?s={search_term_string}\"},\"query-input\":{\"@type\":\"PropertyValueSpecification\",\"valueRequired\":true,\"valueName\":\"search_term_string\"}}],\"inLanguage\":\"es\"},{\"@type\":\"Person\",\"@id\":\"https:\/\/www.noticiasradioreflejos.com.ar\/2021\/#\/schema\/person\/ad82545263dcc5ec0996818884fd5fb1\",\"name\":\"Arnaldo Botto\",\"image\":{\"@type\":\"ImageObject\",\"inLanguage\":\"es\",\"@id\":\"https:\/\/www.noticiasradioreflejos.com.ar\/2021\/#\/schema\/person\/image\/\",\"url\":\"https:\/\/secure.gravatar.com\/avatar\/55cb5e37c1efa326397366e6974cb338056df65cb50e7d64d1cf314e87504837?s=96&d=mm&r=g\",\"contentUrl\":\"https:\/\/secure.gravatar.com\/avatar\/55cb5e37c1efa326397366e6974cb338056df65cb50e7d64d1cf314e87504837?s=96&d=mm&r=g\",\"caption\":\"Arnaldo Botto\"},\"url\":\"https:\/\/www.noticiasradioreflejos.com.ar\/2021\/author\/arnaldo\/\"}]}<\/script>\n<!-- \/ Yoast SEO plugin. -->","yoast_head_json":{"title":"Vinos de nuestra comarca: \"No s\u00f3lo tenemos lindas im\u00e1genes en el distrito, sino tambi\u00e9n ricos sabores, y es una manera de vendernos a todo el pa\u00eds para seguir teniendo visitas\". - Noticias Radio Reflejos","robots":{"index":"index","follow":"follow","max-snippet":"max-snippet:-1","max-image-preview":"max-image-preview:large","max-video-preview":"max-video-preview:-1"},"canonical":"https:\/\/www.noticiasradioreflejos.com.ar\/2021\/vinos-de-nuestra-comarca-no-solo-tenemos-lindas-imagenes-en-el-distrito-sino-tambien-ricos-sabores-y-es-una-manera-de-vendernos-a-todo-el-pais-para-seguir-teniendo-visitas\/","og_locale":"es_ES","og_type":"article","og_title":"Vinos de nuestra comarca: \"No s\u00f3lo tenemos lindas im\u00e1genes en el distrito, sino tambi\u00e9n ricos sabores, y es una manera de vendernos a todo el pa\u00eds para seguir teniendo visitas\". - Noticias Radio Reflejos","og_description":"El Secretario de Producci\u00f3n de Tornquist Municipio, realiz\u00f3 durante la entrevista un repaso de los alcances de la visita del Ministro de Desarrollo Agrario durante las jornadas de la Fiesta de la Vendimia. Adem\u00e1s, comparte su opini\u00f3n en relaci\u00f3n al crecimiento de las actividades de producci\u00f3n en nuestra zona y c\u00f3mo esto afectar\u00eda de manera [&hellip;]","og_url":"https:\/\/www.noticiasradioreflejos.com.ar\/2021\/vinos-de-nuestra-comarca-no-solo-tenemos-lindas-imagenes-en-el-distrito-sino-tambien-ricos-sabores-y-es-una-manera-de-vendernos-a-todo-el-pais-para-seguir-teniendo-visitas\/","og_site_name":"Noticias Radio Reflejos","article_published_time":"2022-03-14T21:43:32+00:00","article_modified_time":"2022-03-14T21:43:55+00:00","og_image":[{"width":1024,"height":576,"url":"https:\/\/www.noticiasradioreflejos.com.ar\/2021\/wp-content\/uploads\/2022\/03\/Bodega-Cerros-Colorados.jpg","type":"image\/jpeg"}],"author":"Arnaldo Botto","twitter_card":"summary_large_image","schema":{"@context":"https:\/\/schema.org","@graph":[{"@type":"WebPage","@id":"https:\/\/www.noticiasradioreflejos.com.ar\/2021\/vinos-de-nuestra-comarca-no-solo-tenemos-lindas-imagenes-en-el-distrito-sino-tambien-ricos-sabores-y-es-una-manera-de-vendernos-a-todo-el-pais-para-seguir-teniendo-visitas\/","url":"https:\/\/www.noticiasradioreflejos.com.ar\/2021\/vinos-de-nuestra-comarca-no-solo-tenemos-lindas-imagenes-en-el-distrito-sino-tambien-ricos-sabores-y-es-una-manera-de-vendernos-a-todo-el-pais-para-seguir-teniendo-visitas\/","name":"Vinos de nuestra comarca: \"No s\u00f3lo tenemos lindas im\u00e1genes en el distrito, sino tambi\u00e9n ricos sabores, y es una manera de vendernos a todo el pa\u00eds para seguir teniendo visitas\". - Noticias Radio Reflejos","isPartOf":{"@id":"https:\/\/www.noticiasradioreflejos.com.ar\/2021\/#website"},"primaryImageOfPage":{"@id":"https:\/\/www.noticiasradioreflejos.com.ar\/2021\/vinos-de-nuestra-comarca-no-solo-tenemos-lindas-imagenes-en-el-distrito-sino-tambien-ricos-sabores-y-es-una-manera-de-vendernos-a-todo-el-pais-para-seguir-teniendo-visitas\/#primaryimage"},"image":{"@id":"https:\/\/www.noticiasradioreflejos.com.ar\/2021\/vinos-de-nuestra-comarca-no-solo-tenemos-lindas-imagenes-en-el-distrito-sino-tambien-ricos-sabores-y-es-una-manera-de-vendernos-a-todo-el-pais-para-seguir-teniendo-visitas\/#primaryimage"},"thumbnailUrl":"https:\/\/www.noticiasradioreflejos.com.ar\/2021\/wp-content\/uploads\/2022\/03\/Bodega-Cerros-Colorados.jpg","datePublished":"2022-03-14T21:43:32+00:00","dateModified":"2022-03-14T21:43:55+00:00","author":{"@id":"https:\/\/www.noticiasradioreflejos.com.ar\/2021\/#\/schema\/person\/ad82545263dcc5ec0996818884fd5fb1"},"breadcrumb":{"@id":"https:\/\/www.noticiasradioreflejos.com.ar\/2021\/vinos-de-nuestra-comarca-no-solo-tenemos-lindas-imagenes-en-el-distrito-sino-tambien-ricos-sabores-y-es-una-manera-de-vendernos-a-todo-el-pais-para-seguir-teniendo-visitas\/#breadcrumb"},"inLanguage":"es","potentialAction":[{"@type":"ReadAction","target":["https:\/\/www.noticiasradioreflejos.com.ar\/2021\/vinos-de-nuestra-comarca-no-solo-tenemos-lindas-imagenes-en-el-distrito-sino-tambien-ricos-sabores-y-es-una-manera-de-vendernos-a-todo-el-pais-para-seguir-teniendo-visitas\/"]}]},{"@type":"ImageObject","inLanguage":"es","@id":"https:\/\/www.noticiasradioreflejos.com.ar\/2021\/vinos-de-nuestra-comarca-no-solo-tenemos-lindas-imagenes-en-el-distrito-sino-tambien-ricos-sabores-y-es-una-manera-de-vendernos-a-todo-el-pais-para-seguir-teniendo-visitas\/#primaryimage","url":"https:\/\/www.noticiasradioreflejos.com.ar\/2021\/wp-content\/uploads\/2022\/03\/Bodega-Cerros-Colorados.jpg","contentUrl":"https:\/\/www.noticiasradioreflejos.com.ar\/2021\/wp-content\/uploads\/2022\/03\/Bodega-Cerros-Colorados.jpg","width":1024,"height":576},{"@type":"BreadcrumbList","@id":"https:\/\/www.noticiasradioreflejos.com.ar\/2021\/vinos-de-nuestra-comarca-no-solo-tenemos-lindas-imagenes-en-el-distrito-sino-tambien-ricos-sabores-y-es-una-manera-de-vendernos-a-todo-el-pais-para-seguir-teniendo-visitas\/#breadcrumb","itemListElement":[{"@type":"ListItem","position":1,"name":"Portada","item":"https:\/\/www.noticiasradioreflejos.com.ar\/2021\/"},{"@type":"ListItem","position":2,"name":"Vinos de nuestra comarca: \u00abNo s\u00f3lo tenemos lindas im\u00e1genes en el distrito, sino tambi\u00e9n ricos sabores, y es una manera de vendernos a todo el pa\u00eds para seguir teniendo visitas\u00bb."}]},{"@type":"WebSite","@id":"https:\/\/www.noticiasradioreflejos.com.ar\/2021\/#website","url":"https:\/\/www.noticiasradioreflejos.com.ar\/2021\/","name":"Noticias Radio Reflejos","description":"Las noticias de mi comarca","potentialAction":[{"@type":"SearchAction","target":{"@type":"EntryPoint","urlTemplate":"https:\/\/www.noticiasradioreflejos.com.ar\/2021\/?s={search_term_string}"},"query-input":{"@type":"PropertyValueSpecification","valueRequired":true,"valueName":"search_term_string"}}],"inLanguage":"es"},{"@type":"Person","@id":"https:\/\/www.noticiasradioreflejos.com.ar\/2021\/#\/schema\/person\/ad82545263dcc5ec0996818884fd5fb1","name":"Arnaldo Botto","image":{"@type":"ImageObject","inLanguage":"es","@id":"https:\/\/www.noticiasradioreflejos.com.ar\/2021\/#\/schema\/person\/image\/","url":"https:\/\/secure.gravatar.com\/avatar\/55cb5e37c1efa326397366e6974cb338056df65cb50e7d64d1cf314e87504837?s=96&d=mm&r=g","contentUrl":"https:\/\/secure.gravatar.com\/avatar\/55cb5e37c1efa326397366e6974cb338056df65cb50e7d64d1cf314e87504837?s=96&d=mm&r=g","caption":"Arnaldo Botto"},"url":"https:\/\/www.noticiasradioreflejos.com.ar\/2021\/author\/arnaldo\/"}]}},"_links":{"self":[{"href":"https:\/\/www.noticiasradioreflejos.com.ar\/2021\/wp-json\/wp\/v2\/posts\/69275","targetHints":{"allow":["GET"]}}],"collection":[{"href":"https:\/\/www.noticiasradioreflejos.com.ar\/2021\/wp-json\/wp\/v2\/posts"}],"about":[{"href":"https:\/\/www.noticiasradioreflejos.com.ar\/2021\/wp-json\/wp\/v2\/types\/post"}],"author":[{"embeddable":true,"href":"https:\/\/www.noticiasradioreflejos.com.ar\/2021\/wp-json\/wp\/v2\/users\/3"}],"replies":[{"embeddable":true,"href":"https:\/\/www.noticiasradioreflejos.com.ar\/2021\/wp-json\/wp\/v2\/comments?post=69275"}],"version-history":[{"count":2,"href":"https:\/\/www.noticiasradioreflejos.com.ar\/2021\/wp-json\/wp\/v2\/posts\/69275\/revisions"}],"predecessor-version":[{"id":69290,"href":"https:\/\/www.noticiasradioreflejos.com.ar\/2021\/wp-json\/wp\/v2\/posts\/69275\/revisions\/69290"}],"wp:featuredmedia":[{"embeddable":true,"href":"https:\/\/www.noticiasradioreflejos.com.ar\/2021\/wp-json\/wp\/v2\/media\/69289"}],"wp:attachment":[{"href":"https:\/\/www.noticiasradioreflejos.com.ar\/2021\/wp-json\/wp\/v2\/media?parent=69275"}],"wp:term":[{"taxonomy":"category","embeddable":true,"href":"https:\/\/www.noticiasradioreflejos.com.ar\/2021\/wp-json\/wp\/v2\/categories?post=69275"},{"taxonomy":"post_tag","embeddable":true,"href":"https:\/\/www.noticiasradioreflejos.com.ar\/2021\/wp-json\/wp\/v2\/tags?post=69275"}],"curies":[{"name":"wp","href":"https:\/\/api.w.org\/{rel}","templated":true}]}}