{"id":69271,"date":"2022-03-14T21:21:21","date_gmt":"2022-03-14T21:21:21","guid":{"rendered":"http:\/\/www.noticiasradioreflejos.com.ar\/2021\/?p=69271"},"modified":"2022-03-14T21:21:21","modified_gmt":"2022-03-14T21:21:21","slug":"cerro-ceferino-una-bala-calibre-38-entro-por-una-de-sus-ventanas-y-atraveso-el-living-mira-el-video-con-el-recorrido-de-la-bala","status":"publish","type":"post","link":"https:\/\/www.noticiasradioreflejos.com.ar\/2021\/cerro-ceferino-una-bala-calibre-38-entro-por-una-de-sus-ventanas-y-atraveso-el-living-mira-el-video-con-el-recorrido-de-la-bala\/","title":{"rendered":"Cerro Ceferino: Una bala calibre 38 entr\u00f3 por una de sus ventanas y atraves\u00f3 el living (Mir\u00e1 el video con el recorrido de la bala)"},"content":{"rendered":"<p>Entrevistamos a <strong>Viviana Yatzky<\/strong>, vecina del Barrio Cerro Ceferino en Villa la Arcadia, partido de Cnel Su\u00e1rez. Denuncia que el viernes 11 por la noche, una bala calibre 38 entr\u00f3 por una de sus ventanas y atraves\u00f3 el living de 4 metros de la vivienda para incrustarse contra una ventana interna. Milagrosamente, su hijo lleg\u00f3 despu\u00e9s del hecho y not\u00f3 los destrozos el s\u00e1bado a la ma\u00f1ana.<!--more--><\/p>\n<p><iframe loading=\"lazy\" title=\"YouTube video player\" src=\"https:\/\/www.youtube.com\/embed\/urvv1C6Yglg\" width=\"853\" height=\"480\" frameborder=\"0\" allowfullscreen=\"allowfullscreen\"><\/iframe><\/p>\n<p>\u00abRealmente, en el momento que ocurri\u00f3 no sabemos, porque mi hijo fue al Cerro el viernes y volvieron. A la ma\u00f1ana cuando se levantan, abre las ventanas del otro lado de la casa y se encuentran con todo el escenario\u00bb coment\u00f3 Viviana lo ocurrido. Agreg\u00f3 que esa noche del viernes, al rededor de las 21:30 horas, un vecino escuch\u00f3 un ruido raro, por lo que sali\u00f3 a revisar la vivienda, pero no logr\u00f3 reconocer qu\u00e9 era lo que hab\u00eda sucedido.<\/p>\n<p><a title=\"Tiro en el cerro ceferino (2)\" href=\"https:\/\/www.flickr.com\/photos\/182279889@N02\/51937576997\/in\/dateposted-public\/\" data-flickr-embed=\"true\"><img loading=\"lazy\" decoding=\"async\" class=\"aligncenter\" src=\"https:\/\/live.staticflickr.com\/65535\/51937576997_d92cb6e6a9_z.jpg\" alt=\"Tiro en el cerro ceferino (2)\" width=\"582\" height=\"456\" \/><\/a><script async src=\"\/\/embedr.flickr.com\/assets\/client-code.js\" charset=\"utf-8\"><\/script><br \/>\n<strong><span style=\"color: #ff6600;\"><em>La ubicaci\u00f3n de la vivienda en Calle Las Grindelias, a 400 metros del Balneario municipal.<\/em><\/span><\/strong><\/p>\n<p>La vecina mencion\u00f3 que su hijo se encarg\u00f3 de guardar la bala para mostr\u00e1rsela a los efectivos policiales de Sierra de la Ventana que se acercaron a asistir la situaci\u00f3n en la residencia, adem\u00e1s de tomarles la denuncia. \u00abEl Se\u00f1or Gast\u00f3n Duarte, Secretario de Gobierno y Seguridad, me mand\u00f3 un mensaje dici\u00e9ndome que ya estaban al tanto de lo que hab\u00eda pasado\u00bb.<\/p>\n<p><a title=\"Tiro en el cerro ceferino (1)\" href=\"https:\/\/www.flickr.com\/photos\/182279889@N02\/51939179875\/in\/dateposted-public\/\" data-flickr-embed=\"true\"><img loading=\"lazy\" decoding=\"async\" class=\"alignleft\" src=\"https:\/\/live.staticflickr.com\/65535\/51939179875_d486a004a7.jpg\" alt=\"Tiro en el cerro ceferino (1)\" width=\"381\" height=\"493\" \/><\/a><script async src=\"\/\/embedr.flickr.com\/assets\/client-code.js\" charset=\"utf-8\"><\/script><\/p>\n<p>La familia que decidi\u00f3 hace un a\u00f1o construir en el barrio del Cerro Ceferino es oriunda de Bah\u00eda Blanca, y utilizan la vivienda para vacacionar, apreciando la seguridad y tranquilidad que brinda Sierra de la Ventana. \u00abEspero que tomen consciencia de lo que est\u00e1 pasando, la gente no puede estar viviendo con el coraz\u00f3n en la boca. Mi hijo fue a pasar una semana tranquilo y se encontr\u00f3 con todo esto\u00bb expres\u00f3 Viviana.<\/p>\n<p>&nbsp;<\/p>\n<p>&nbsp;<\/p>\n<p>&nbsp;<\/p>\n<p>&nbsp;<\/p>\n<p>&nbsp;<\/p>\n<p>&nbsp;<\/p>\n<p>&nbsp;<\/p>\n<p><strong>Nota completa a continuaci\u00f3n:<\/strong><br \/>\n<iframe loading=\"lazy\" src=\"https:\/\/w.soundcloud.com\/player\/?url=https%3A\/\/api.soundcloud.com\/tracks\/1232059492&amp;color=%23ff5500&amp;auto_play=false&amp;hide_related=false&amp;show_comments=true&amp;show_user=true&amp;show_reposts=false&amp;show_teaser=true\" width=\"100%\" height=\"166\" frameborder=\"no\" scrolling=\"no\"><\/iframe><\/p>\n<div style=\"font-size: 10px; color: #cccccc; line-break: anywhere; word-break: normal; overflow: hidden; white-space: nowrap; text-overflow: ellipsis; font-family: Interstate,Lucida Grande,Lucida Sans Unicode,Lucida Sans,Garuda,Verdana,Tahoma,sans-serif; font-weight: 100;\"><a style=\"color: #cccccc; text-decoration: none;\" title=\"fmreflejos 103.7\" href=\"https:\/\/soundcloud.com\/fmreflejos-103-7\" target=\"_blank\" rel=\"noopener\">fmreflejos 103.7<\/a> \u00b7 <a style=\"color: #cccccc; text-decoration: none;\" title=\"Viviana Yazkie\" href=\"https:\/\/soundcloud.com\/fmreflejos-103-7\/viviana-yazkie\" target=\"_blank\" rel=\"noopener\">Viviana Yazkie<\/a><\/div>\n<p><a title=\"Tiro en el cerro ceferino (2)\" href=\"https:\/\/www.flickr.com\/photos\/182279889@N02\/51938885369\/in\/dateposted-public\/\" data-flickr-embed=\"true\"><img loading=\"lazy\" decoding=\"async\" class=\"aligncenter\" src=\"https:\/\/live.staticflickr.com\/65535\/51938885369_5338a7b777.jpg\" alt=\"Tiro en el cerro ceferino (2)\" width=\"379\" height=\"491\" \/><\/a><script async src=\"\/\/embedr.flickr.com\/assets\/client-code.js\" charset=\"utf-8\"><\/script><\/p>\n<p><em><strong>Impacto final del proyectil sobre una cortina de enrollar interna<\/strong><\/em><\/p>\n<p><a title=\"Tiro en el cerro ceferino (3)\" href=\"https:\/\/www.flickr.com\/photos\/182279889@N02\/51937576692\/in\/dateposted-public\/\" data-flickr-embed=\"true\"><br \/>\n<img loading=\"lazy\" decoding=\"async\" class=\"aligncenter\" src=\"https:\/\/live.staticflickr.com\/65535\/51937576692_5de92b8f9f.jpg\" alt=\"Tiro en el cerro ceferino (3)\" width=\"348\" height=\"500\" \/><\/a><script async src=\"\/\/embedr.flickr.com\/assets\/client-code.js\" charset=\"utf-8\"><\/script><\/p>\n","protected":false},"excerpt":{"rendered":"<p>Entrevistamos a Viviana Yatzky, vecina del Barrio Cerro Ceferino en Villa la Arcadia, partido de Cnel Su\u00e1rez. Denuncia que el viernes 11 por la noche, una bala calibre 38 entr\u00f3 por una de sus ventanas y atraves\u00f3 el living de 4 metros de la vivienda para incrustarse contra una ventana interna. Milagrosamente, su hijo lleg\u00f3 [&hellip;]<\/p>\n","protected":false},"author":3,"featured_media":0,"comment_status":"closed","ping_status":"closed","sticky":false,"template":"","format":"standard","meta":{"footnotes":""},"categories":[29,26],"tags":[48],"class_list":["post-69271","post","type-post","status-publish","format-standard","hentry","category-policiales","category-sociedad","tag-destacada"],"yoast_head":"<!-- This site is optimized with the Yoast SEO plugin v25.9 - https:\/\/yoast.com\/wordpress\/plugins\/seo\/ -->\n<title>Cerro Ceferino: Una bala calibre 38 entr\u00f3 por una de sus ventanas y atraves\u00f3 el living (Mir\u00e1 el video con el recorrido de la bala) - Noticias Radio Reflejos<\/title>\n<meta name=\"robots\" content=\"index, follow, max-snippet:-1, max-image-preview:large, max-video-preview:-1\" \/>\n<link rel=\"canonical\" href=\"https:\/\/www.noticiasradioreflejos.com.ar\/2021\/cerro-ceferino-una-bala-calibre-38-entro-por-una-de-sus-ventanas-y-atraveso-el-living-mira-el-video-con-el-recorrido-de-la-bala\/\" \/>\n<meta property=\"og:locale\" content=\"es_ES\" \/>\n<meta property=\"og:type\" content=\"article\" \/>\n<meta property=\"og:title\" content=\"Cerro Ceferino: Una bala calibre 38 entr\u00f3 por una de sus ventanas y atraves\u00f3 el living (Mir\u00e1 el video con el recorrido de la bala) - Noticias Radio Reflejos\" \/>\n<meta property=\"og:description\" content=\"Entrevistamos a Viviana Yatzky, vecina del Barrio Cerro Ceferino en Villa la Arcadia, partido de Cnel Su\u00e1rez. Denuncia que el viernes 11 por la noche, una bala calibre 38 entr\u00f3 por una de sus ventanas y atraves\u00f3 el living de 4 metros de la vivienda para incrustarse contra una ventana interna. Milagrosamente, su hijo lleg\u00f3 [&hellip;]\" \/>\n<meta property=\"og:url\" content=\"https:\/\/www.noticiasradioreflejos.com.ar\/2021\/cerro-ceferino-una-bala-calibre-38-entro-por-una-de-sus-ventanas-y-atraveso-el-living-mira-el-video-con-el-recorrido-de-la-bala\/\" \/>\n<meta property=\"og:site_name\" content=\"Noticias Radio Reflejos\" \/>\n<meta property=\"article:published_time\" content=\"2022-03-14T21:21:21+00:00\" \/>\n<meta property=\"og:image\" content=\"https:\/\/live.staticflickr.com\/65535\/51937576997_d92cb6e6a9_z.jpg\" \/>\n<meta name=\"author\" content=\"Arnaldo Botto\" \/>\n<meta name=\"twitter:card\" content=\"summary_large_image\" \/>\n<script type=\"application\/ld+json\" class=\"yoast-schema-graph\">{\"@context\":\"https:\/\/schema.org\",\"@graph\":[{\"@type\":\"WebPage\",\"@id\":\"https:\/\/www.noticiasradioreflejos.com.ar\/2021\/cerro-ceferino-una-bala-calibre-38-entro-por-una-de-sus-ventanas-y-atraveso-el-living-mira-el-video-con-el-recorrido-de-la-bala\/\",\"url\":\"https:\/\/www.noticiasradioreflejos.com.ar\/2021\/cerro-ceferino-una-bala-calibre-38-entro-por-una-de-sus-ventanas-y-atraveso-el-living-mira-el-video-con-el-recorrido-de-la-bala\/\",\"name\":\"Cerro Ceferino: Una bala calibre 38 entr\u00f3 por una de sus ventanas y atraves\u00f3 el living (Mir\u00e1 el video con el recorrido de la bala) - Noticias Radio Reflejos\",\"isPartOf\":{\"@id\":\"https:\/\/www.noticiasradioreflejos.com.ar\/2021\/#website\"},\"primaryImageOfPage\":{\"@id\":\"https:\/\/www.noticiasradioreflejos.com.ar\/2021\/cerro-ceferino-una-bala-calibre-38-entro-por-una-de-sus-ventanas-y-atraveso-el-living-mira-el-video-con-el-recorrido-de-la-bala\/#primaryimage\"},\"image\":{\"@id\":\"https:\/\/www.noticiasradioreflejos.com.ar\/2021\/cerro-ceferino-una-bala-calibre-38-entro-por-una-de-sus-ventanas-y-atraveso-el-living-mira-el-video-con-el-recorrido-de-la-bala\/#primaryimage\"},\"thumbnailUrl\":\"https:\/\/live.staticflickr.com\/65535\/51937576997_d92cb6e6a9_z.jpg\",\"datePublished\":\"2022-03-14T21:21:21+00:00\",\"author\":{\"@id\":\"https:\/\/www.noticiasradioreflejos.com.ar\/2021\/#\/schema\/person\/ad82545263dcc5ec0996818884fd5fb1\"},\"breadcrumb\":{\"@id\":\"https:\/\/www.noticiasradioreflejos.com.ar\/2021\/cerro-ceferino-una-bala-calibre-38-entro-por-una-de-sus-ventanas-y-atraveso-el-living-mira-el-video-con-el-recorrido-de-la-bala\/#breadcrumb\"},\"inLanguage\":\"es\",\"potentialAction\":[{\"@type\":\"ReadAction\",\"target\":[\"https:\/\/www.noticiasradioreflejos.com.ar\/2021\/cerro-ceferino-una-bala-calibre-38-entro-por-una-de-sus-ventanas-y-atraveso-el-living-mira-el-video-con-el-recorrido-de-la-bala\/\"]}]},{\"@type\":\"ImageObject\",\"inLanguage\":\"es\",\"@id\":\"https:\/\/www.noticiasradioreflejos.com.ar\/2021\/cerro-ceferino-una-bala-calibre-38-entro-por-una-de-sus-ventanas-y-atraveso-el-living-mira-el-video-con-el-recorrido-de-la-bala\/#primaryimage\",\"url\":\"https:\/\/live.staticflickr.com\/65535\/51937576997_d92cb6e6a9_z.jpg\",\"contentUrl\":\"https:\/\/live.staticflickr.com\/65535\/51937576997_d92cb6e6a9_z.jpg\"},{\"@type\":\"BreadcrumbList\",\"@id\":\"https:\/\/www.noticiasradioreflejos.com.ar\/2021\/cerro-ceferino-una-bala-calibre-38-entro-por-una-de-sus-ventanas-y-atraveso-el-living-mira-el-video-con-el-recorrido-de-la-bala\/#breadcrumb\",\"itemListElement\":[{\"@type\":\"ListItem\",\"position\":1,\"name\":\"Portada\",\"item\":\"https:\/\/www.noticiasradioreflejos.com.ar\/2021\/\"},{\"@type\":\"ListItem\",\"position\":2,\"name\":\"Cerro Ceferino: Una bala calibre 38 entr\u00f3 por una de sus ventanas y atraves\u00f3 el living (Mir\u00e1 el video con el recorrido de la bala)\"}]},{\"@type\":\"WebSite\",\"@id\":\"https:\/\/www.noticiasradioreflejos.com.ar\/2021\/#website\",\"url\":\"https:\/\/www.noticiasradioreflejos.com.ar\/2021\/\",\"name\":\"Noticias Radio Reflejos\",\"description\":\"Las noticias de mi comarca\",\"potentialAction\":[{\"@type\":\"SearchAction\",\"target\":{\"@type\":\"EntryPoint\",\"urlTemplate\":\"https:\/\/www.noticiasradioreflejos.com.ar\/2021\/?s={search_term_string}\"},\"query-input\":{\"@type\":\"PropertyValueSpecification\",\"valueRequired\":true,\"valueName\":\"search_term_string\"}}],\"inLanguage\":\"es\"},{\"@type\":\"Person\",\"@id\":\"https:\/\/www.noticiasradioreflejos.com.ar\/2021\/#\/schema\/person\/ad82545263dcc5ec0996818884fd5fb1\",\"name\":\"Arnaldo Botto\",\"image\":{\"@type\":\"ImageObject\",\"inLanguage\":\"es\",\"@id\":\"https:\/\/www.noticiasradioreflejos.com.ar\/2021\/#\/schema\/person\/image\/\",\"url\":\"https:\/\/secure.gravatar.com\/avatar\/55cb5e37c1efa326397366e6974cb338056df65cb50e7d64d1cf314e87504837?s=96&d=mm&r=g\",\"contentUrl\":\"https:\/\/secure.gravatar.com\/avatar\/55cb5e37c1efa326397366e6974cb338056df65cb50e7d64d1cf314e87504837?s=96&d=mm&r=g\",\"caption\":\"Arnaldo Botto\"},\"url\":\"https:\/\/www.noticiasradioreflejos.com.ar\/2021\/author\/arnaldo\/\"}]}<\/script>\n<!-- \/ Yoast SEO plugin. -->","yoast_head_json":{"title":"Cerro Ceferino: Una bala calibre 38 entr\u00f3 por una de sus ventanas y atraves\u00f3 el living (Mir\u00e1 el video con el recorrido de la bala) - Noticias Radio Reflejos","robots":{"index":"index","follow":"follow","max-snippet":"max-snippet:-1","max-image-preview":"max-image-preview:large","max-video-preview":"max-video-preview:-1"},"canonical":"https:\/\/www.noticiasradioreflejos.com.ar\/2021\/cerro-ceferino-una-bala-calibre-38-entro-por-una-de-sus-ventanas-y-atraveso-el-living-mira-el-video-con-el-recorrido-de-la-bala\/","og_locale":"es_ES","og_type":"article","og_title":"Cerro Ceferino: Una bala calibre 38 entr\u00f3 por una de sus ventanas y atraves\u00f3 el living (Mir\u00e1 el video con el recorrido de la bala) - Noticias Radio Reflejos","og_description":"Entrevistamos a Viviana Yatzky, vecina del Barrio Cerro Ceferino en Villa la Arcadia, partido de Cnel Su\u00e1rez. Denuncia que el viernes 11 por la noche, una bala calibre 38 entr\u00f3 por una de sus ventanas y atraves\u00f3 el living de 4 metros de la vivienda para incrustarse contra una ventana interna. Milagrosamente, su hijo lleg\u00f3 [&hellip;]","og_url":"https:\/\/www.noticiasradioreflejos.com.ar\/2021\/cerro-ceferino-una-bala-calibre-38-entro-por-una-de-sus-ventanas-y-atraveso-el-living-mira-el-video-con-el-recorrido-de-la-bala\/","og_site_name":"Noticias Radio Reflejos","article_published_time":"2022-03-14T21:21:21+00:00","og_image":[{"url":"https:\/\/live.staticflickr.com\/65535\/51937576997_d92cb6e6a9_z.jpg","type":"","width":"","height":""}],"author":"Arnaldo Botto","twitter_card":"summary_large_image","schema":{"@context":"https:\/\/schema.org","@graph":[{"@type":"WebPage","@id":"https:\/\/www.noticiasradioreflejos.com.ar\/2021\/cerro-ceferino-una-bala-calibre-38-entro-por-una-de-sus-ventanas-y-atraveso-el-living-mira-el-video-con-el-recorrido-de-la-bala\/","url":"https:\/\/www.noticiasradioreflejos.com.ar\/2021\/cerro-ceferino-una-bala-calibre-38-entro-por-una-de-sus-ventanas-y-atraveso-el-living-mira-el-video-con-el-recorrido-de-la-bala\/","name":"Cerro Ceferino: Una bala calibre 38 entr\u00f3 por una de sus ventanas y atraves\u00f3 el living (Mir\u00e1 el video con el recorrido de la bala) - Noticias Radio Reflejos","isPartOf":{"@id":"https:\/\/www.noticiasradioreflejos.com.ar\/2021\/#website"},"primaryImageOfPage":{"@id":"https:\/\/www.noticiasradioreflejos.com.ar\/2021\/cerro-ceferino-una-bala-calibre-38-entro-por-una-de-sus-ventanas-y-atraveso-el-living-mira-el-video-con-el-recorrido-de-la-bala\/#primaryimage"},"image":{"@id":"https:\/\/www.noticiasradioreflejos.com.ar\/2021\/cerro-ceferino-una-bala-calibre-38-entro-por-una-de-sus-ventanas-y-atraveso-el-living-mira-el-video-con-el-recorrido-de-la-bala\/#primaryimage"},"thumbnailUrl":"https:\/\/live.staticflickr.com\/65535\/51937576997_d92cb6e6a9_z.jpg","datePublished":"2022-03-14T21:21:21+00:00","author":{"@id":"https:\/\/www.noticiasradioreflejos.com.ar\/2021\/#\/schema\/person\/ad82545263dcc5ec0996818884fd5fb1"},"breadcrumb":{"@id":"https:\/\/www.noticiasradioreflejos.com.ar\/2021\/cerro-ceferino-una-bala-calibre-38-entro-por-una-de-sus-ventanas-y-atraveso-el-living-mira-el-video-con-el-recorrido-de-la-bala\/#breadcrumb"},"inLanguage":"es","potentialAction":[{"@type":"ReadAction","target":["https:\/\/www.noticiasradioreflejos.com.ar\/2021\/cerro-ceferino-una-bala-calibre-38-entro-por-una-de-sus-ventanas-y-atraveso-el-living-mira-el-video-con-el-recorrido-de-la-bala\/"]}]},{"@type":"ImageObject","inLanguage":"es","@id":"https:\/\/www.noticiasradioreflejos.com.ar\/2021\/cerro-ceferino-una-bala-calibre-38-entro-por-una-de-sus-ventanas-y-atraveso-el-living-mira-el-video-con-el-recorrido-de-la-bala\/#primaryimage","url":"https:\/\/live.staticflickr.com\/65535\/51937576997_d92cb6e6a9_z.jpg","contentUrl":"https:\/\/live.staticflickr.com\/65535\/51937576997_d92cb6e6a9_z.jpg"},{"@type":"BreadcrumbList","@id":"https:\/\/www.noticiasradioreflejos.com.ar\/2021\/cerro-ceferino-una-bala-calibre-38-entro-por-una-de-sus-ventanas-y-atraveso-el-living-mira-el-video-con-el-recorrido-de-la-bala\/#breadcrumb","itemListElement":[{"@type":"ListItem","position":1,"name":"Portada","item":"https:\/\/www.noticiasradioreflejos.com.ar\/2021\/"},{"@type":"ListItem","position":2,"name":"Cerro Ceferino: Una bala calibre 38 entr\u00f3 por una de sus ventanas y atraves\u00f3 el living (Mir\u00e1 el video con el recorrido de la bala)"}]},{"@type":"WebSite","@id":"https:\/\/www.noticiasradioreflejos.com.ar\/2021\/#website","url":"https:\/\/www.noticiasradioreflejos.com.ar\/2021\/","name":"Noticias Radio Reflejos","description":"Las noticias de mi comarca","potentialAction":[{"@type":"SearchAction","target":{"@type":"EntryPoint","urlTemplate":"https:\/\/www.noticiasradioreflejos.com.ar\/2021\/?s={search_term_string}"},"query-input":{"@type":"PropertyValueSpecification","valueRequired":true,"valueName":"search_term_string"}}],"inLanguage":"es"},{"@type":"Person","@id":"https:\/\/www.noticiasradioreflejos.com.ar\/2021\/#\/schema\/person\/ad82545263dcc5ec0996818884fd5fb1","name":"Arnaldo Botto","image":{"@type":"ImageObject","inLanguage":"es","@id":"https:\/\/www.noticiasradioreflejos.com.ar\/2021\/#\/schema\/person\/image\/","url":"https:\/\/secure.gravatar.com\/avatar\/55cb5e37c1efa326397366e6974cb338056df65cb50e7d64d1cf314e87504837?s=96&d=mm&r=g","contentUrl":"https:\/\/secure.gravatar.com\/avatar\/55cb5e37c1efa326397366e6974cb338056df65cb50e7d64d1cf314e87504837?s=96&d=mm&r=g","caption":"Arnaldo Botto"},"url":"https:\/\/www.noticiasradioreflejos.com.ar\/2021\/author\/arnaldo\/"}]}},"_links":{"self":[{"href":"https:\/\/www.noticiasradioreflejos.com.ar\/2021\/wp-json\/wp\/v2\/posts\/69271","targetHints":{"allow":["GET"]}}],"collection":[{"href":"https:\/\/www.noticiasradioreflejos.com.ar\/2021\/wp-json\/wp\/v2\/posts"}],"about":[{"href":"https:\/\/www.noticiasradioreflejos.com.ar\/2021\/wp-json\/wp\/v2\/types\/post"}],"author":[{"embeddable":true,"href":"https:\/\/www.noticiasradioreflejos.com.ar\/2021\/wp-json\/wp\/v2\/users\/3"}],"replies":[{"embeddable":true,"href":"https:\/\/www.noticiasradioreflejos.com.ar\/2021\/wp-json\/wp\/v2\/comments?post=69271"}],"version-history":[{"count":3,"href":"https:\/\/www.noticiasradioreflejos.com.ar\/2021\/wp-json\/wp\/v2\/posts\/69271\/revisions"}],"predecessor-version":[{"id":69284,"href":"https:\/\/www.noticiasradioreflejos.com.ar\/2021\/wp-json\/wp\/v2\/posts\/69271\/revisions\/69284"}],"wp:attachment":[{"href":"https:\/\/www.noticiasradioreflejos.com.ar\/2021\/wp-json\/wp\/v2\/media?parent=69271"}],"wp:term":[{"taxonomy":"category","embeddable":true,"href":"https:\/\/www.noticiasradioreflejos.com.ar\/2021\/wp-json\/wp\/v2\/categories?post=69271"},{"taxonomy":"post_tag","embeddable":true,"href":"https:\/\/www.noticiasradioreflejos.com.ar\/2021\/wp-json\/wp\/v2\/tags?post=69271"}],"curies":[{"name":"wp","href":"https:\/\/api.w.org\/{rel}","templated":true}]}}