{"id":69269,"date":"2022-03-14T18:01:27","date_gmt":"2022-03-14T18:01:27","guid":{"rendered":"http:\/\/www.noticiasradioreflejos.com.ar\/2021\/?p=69269"},"modified":"2022-03-14T18:01:27","modified_gmt":"2022-03-14T18:01:27","slug":"el-hcd-se-reune-en-sesion-ordinaria","status":"publish","type":"post","link":"https:\/\/www.noticiasradioreflejos.com.ar\/2021\/el-hcd-se-reune-en-sesion-ordinaria\/","title":{"rendered":"El HCD se re\u00fane en sesi\u00f3n ordinaria"},"content":{"rendered":"<p>El HCD se re\u00fane en Sesi\u00f3n ordinaria el D\u00eda 15 de marzo de 2022; en el recinto del palacio municipal.<\/p>\n<p>Hora de comienzo: 20:00 Hs.-<!--more--><\/p>\n<p  style=\" margin: 12px auto 6px auto; font-family: Helvetica,Arial,Sans-serif; font-style: normal; font-variant: normal; font-weight: normal; font-size: 14px; line-height: normal; font-size-adjust: none; font-stretch: normal; -x-system-font: none; display: block;\">   <a title=\"View Oren del d\u00eda -15-03-22 on Scribd\" href=\"https:\/\/www.scribd.com\/document\/564621287\/Oren-del-dia-15-03-22#from_embed\"  style=\"text-decoration: underline;\" >Oren del d\u00eda -15-03-22<\/a> by <a title=\"View FM Reflejos Sierra de la Ventana's profile on Scribd\" href=\"https:\/\/es.scribd.com\/user\/128459674\/FM-Reflejos-Sierra-de-la-Ventana#from_embed\"  style=\"text-decoration: underline;\" >FM Reflejos Sierra de la Ventana<\/a> on Scribd<\/p>\n<p><iframe loading=\"lazy\" class=\"scribd_iframe_embed\" title=\"Oren del d\u00eda -15-03-22\" src=\"https:\/\/es.scribd.com\/embeds\/564621287\/content?start_page=1&#038;view_mode=scroll&#038;access_key=key-RkmkxwytY2H5XxwztWkf\" data-auto-height=\"false\" data-aspect-ratio=\"0.6069986541049798\" scrolling=\"no\" id=\"doc_41515\" width=\"100%\" height=\"600\" frameborder=\"0\"><\/iframe><\/p>\n","protected":false},"excerpt":{"rendered":"<p>El HCD se re\u00fane en Sesi\u00f3n ordinaria el D\u00eda 15 de marzo de 2022; en el recinto del palacio municipal. Hora de comienzo: 20:00 Hs.-<\/p>\n","protected":false},"author":3,"featured_media":0,"comment_status":"closed","ping_status":"closed","sticky":false,"template":"","format":"standard","meta":{"footnotes":""},"categories":[28],"tags":[],"class_list":["post-69269","post","type-post","status-publish","format-standard","hentry","category-municipales"],"yoast_head":"<!-- This site is optimized with the Yoast SEO plugin v25.9 - https:\/\/yoast.com\/wordpress\/plugins\/seo\/ -->\n<title>El HCD se re\u00fane en sesi\u00f3n ordinaria - Noticias Radio Reflejos<\/title>\n<meta name=\"robots\" content=\"index, follow, max-snippet:-1, max-image-preview:large, max-video-preview:-1\" \/>\n<link rel=\"canonical\" href=\"https:\/\/www.noticiasradioreflejos.com.ar\/2021\/el-hcd-se-reune-en-sesion-ordinaria\/\" \/>\n<meta property=\"og:locale\" content=\"es_ES\" \/>\n<meta property=\"og:type\" content=\"article\" \/>\n<meta property=\"og:title\" content=\"El HCD se re\u00fane en sesi\u00f3n ordinaria - Noticias Radio Reflejos\" \/>\n<meta property=\"og:description\" content=\"El HCD se re\u00fane en Sesi\u00f3n ordinaria el D\u00eda 15 de marzo de 2022; en el recinto del palacio municipal. Hora de comienzo: 20:00 Hs.-\" \/>\n<meta property=\"og:url\" content=\"https:\/\/www.noticiasradioreflejos.com.ar\/2021\/el-hcd-se-reune-en-sesion-ordinaria\/\" \/>\n<meta property=\"og:site_name\" content=\"Noticias Radio Reflejos\" \/>\n<meta property=\"article:published_time\" content=\"2022-03-14T18:01:27+00:00\" \/>\n<meta property=\"og:image\" content=\"https:\/\/www.noticiasradioreflejos.com.ar\/2021\/wp-content\/uploads\/2021\/12\/HCD.jpg\" \/>\n\t<meta property=\"og:image:width\" content=\"1600\" \/>\n\t<meta property=\"og:image:height\" content=\"719\" \/>\n\t<meta property=\"og:image:type\" content=\"image\/jpeg\" \/>\n<meta name=\"author\" content=\"Arnaldo Botto\" \/>\n<meta name=\"twitter:card\" content=\"summary_large_image\" \/>\n<script type=\"application\/ld+json\" class=\"yoast-schema-graph\">{\"@context\":\"https:\/\/schema.org\",\"@graph\":[{\"@type\":\"WebPage\",\"@id\":\"https:\/\/www.noticiasradioreflejos.com.ar\/2021\/el-hcd-se-reune-en-sesion-ordinaria\/\",\"url\":\"https:\/\/www.noticiasradioreflejos.com.ar\/2021\/el-hcd-se-reune-en-sesion-ordinaria\/\",\"name\":\"El HCD se re\u00fane en sesi\u00f3n ordinaria - Noticias Radio Reflejos\",\"isPartOf\":{\"@id\":\"https:\/\/www.noticiasradioreflejos.com.ar\/2021\/#website\"},\"datePublished\":\"2022-03-14T18:01:27+00:00\",\"author\":{\"@id\":\"https:\/\/www.noticiasradioreflejos.com.ar\/2021\/#\/schema\/person\/ad82545263dcc5ec0996818884fd5fb1\"},\"breadcrumb\":{\"@id\":\"https:\/\/www.noticiasradioreflejos.com.ar\/2021\/el-hcd-se-reune-en-sesion-ordinaria\/#breadcrumb\"},\"inLanguage\":\"es\",\"potentialAction\":[{\"@type\":\"ReadAction\",\"target\":[\"https:\/\/www.noticiasradioreflejos.com.ar\/2021\/el-hcd-se-reune-en-sesion-ordinaria\/\"]}]},{\"@type\":\"BreadcrumbList\",\"@id\":\"https:\/\/www.noticiasradioreflejos.com.ar\/2021\/el-hcd-se-reune-en-sesion-ordinaria\/#breadcrumb\",\"itemListElement\":[{\"@type\":\"ListItem\",\"position\":1,\"name\":\"Portada\",\"item\":\"https:\/\/www.noticiasradioreflejos.com.ar\/2021\/\"},{\"@type\":\"ListItem\",\"position\":2,\"name\":\"El HCD se re\u00fane en sesi\u00f3n ordinaria\"}]},{\"@type\":\"WebSite\",\"@id\":\"https:\/\/www.noticiasradioreflejos.com.ar\/2021\/#website\",\"url\":\"https:\/\/www.noticiasradioreflejos.com.ar\/2021\/\",\"name\":\"Noticias Radio Reflejos\",\"description\":\"Las noticias de mi comarca\",\"potentialAction\":[{\"@type\":\"SearchAction\",\"target\":{\"@type\":\"EntryPoint\",\"urlTemplate\":\"https:\/\/www.noticiasradioreflejos.com.ar\/2021\/?s={search_term_string}\"},\"query-input\":{\"@type\":\"PropertyValueSpecification\",\"valueRequired\":true,\"valueName\":\"search_term_string\"}}],\"inLanguage\":\"es\"},{\"@type\":\"Person\",\"@id\":\"https:\/\/www.noticiasradioreflejos.com.ar\/2021\/#\/schema\/person\/ad82545263dcc5ec0996818884fd5fb1\",\"name\":\"Arnaldo Botto\",\"image\":{\"@type\":\"ImageObject\",\"inLanguage\":\"es\",\"@id\":\"https:\/\/www.noticiasradioreflejos.com.ar\/2021\/#\/schema\/person\/image\/\",\"url\":\"https:\/\/secure.gravatar.com\/avatar\/55cb5e37c1efa326397366e6974cb338056df65cb50e7d64d1cf314e87504837?s=96&d=mm&r=g\",\"contentUrl\":\"https:\/\/secure.gravatar.com\/avatar\/55cb5e37c1efa326397366e6974cb338056df65cb50e7d64d1cf314e87504837?s=96&d=mm&r=g\",\"caption\":\"Arnaldo Botto\"},\"url\":\"https:\/\/www.noticiasradioreflejos.com.ar\/2021\/author\/arnaldo\/\"}]}<\/script>\n<!-- \/ Yoast SEO plugin. -->","yoast_head_json":{"title":"El HCD se re\u00fane en sesi\u00f3n ordinaria - Noticias Radio Reflejos","robots":{"index":"index","follow":"follow","max-snippet":"max-snippet:-1","max-image-preview":"max-image-preview:large","max-video-preview":"max-video-preview:-1"},"canonical":"https:\/\/www.noticiasradioreflejos.com.ar\/2021\/el-hcd-se-reune-en-sesion-ordinaria\/","og_locale":"es_ES","og_type":"article","og_title":"El HCD se re\u00fane en sesi\u00f3n ordinaria - Noticias Radio Reflejos","og_description":"El HCD se re\u00fane en Sesi\u00f3n ordinaria el D\u00eda 15 de marzo de 2022; en el recinto del palacio municipal. Hora de comienzo: 20:00 Hs.-","og_url":"https:\/\/www.noticiasradioreflejos.com.ar\/2021\/el-hcd-se-reune-en-sesion-ordinaria\/","og_site_name":"Noticias Radio Reflejos","article_published_time":"2022-03-14T18:01:27+00:00","og_image":[{"width":1600,"height":719,"url":"https:\/\/www.noticiasradioreflejos.com.ar\/2021\/wp-content\/uploads\/2021\/12\/HCD.jpg","type":"image\/jpeg"}],"author":"Arnaldo Botto","twitter_card":"summary_large_image","schema":{"@context":"https:\/\/schema.org","@graph":[{"@type":"WebPage","@id":"https:\/\/www.noticiasradioreflejos.com.ar\/2021\/el-hcd-se-reune-en-sesion-ordinaria\/","url":"https:\/\/www.noticiasradioreflejos.com.ar\/2021\/el-hcd-se-reune-en-sesion-ordinaria\/","name":"El HCD se re\u00fane en sesi\u00f3n ordinaria - Noticias Radio Reflejos","isPartOf":{"@id":"https:\/\/www.noticiasradioreflejos.com.ar\/2021\/#website"},"datePublished":"2022-03-14T18:01:27+00:00","author":{"@id":"https:\/\/www.noticiasradioreflejos.com.ar\/2021\/#\/schema\/person\/ad82545263dcc5ec0996818884fd5fb1"},"breadcrumb":{"@id":"https:\/\/www.noticiasradioreflejos.com.ar\/2021\/el-hcd-se-reune-en-sesion-ordinaria\/#breadcrumb"},"inLanguage":"es","potentialAction":[{"@type":"ReadAction","target":["https:\/\/www.noticiasradioreflejos.com.ar\/2021\/el-hcd-se-reune-en-sesion-ordinaria\/"]}]},{"@type":"BreadcrumbList","@id":"https:\/\/www.noticiasradioreflejos.com.ar\/2021\/el-hcd-se-reune-en-sesion-ordinaria\/#breadcrumb","itemListElement":[{"@type":"ListItem","position":1,"name":"Portada","item":"https:\/\/www.noticiasradioreflejos.com.ar\/2021\/"},{"@type":"ListItem","position":2,"name":"El HCD se re\u00fane en sesi\u00f3n ordinaria"}]},{"@type":"WebSite","@id":"https:\/\/www.noticiasradioreflejos.com.ar\/2021\/#website","url":"https:\/\/www.noticiasradioreflejos.com.ar\/2021\/","name":"Noticias Radio Reflejos","description":"Las noticias de mi comarca","potentialAction":[{"@type":"SearchAction","target":{"@type":"EntryPoint","urlTemplate":"https:\/\/www.noticiasradioreflejos.com.ar\/2021\/?s={search_term_string}"},"query-input":{"@type":"PropertyValueSpecification","valueRequired":true,"valueName":"search_term_string"}}],"inLanguage":"es"},{"@type":"Person","@id":"https:\/\/www.noticiasradioreflejos.com.ar\/2021\/#\/schema\/person\/ad82545263dcc5ec0996818884fd5fb1","name":"Arnaldo Botto","image":{"@type":"ImageObject","inLanguage":"es","@id":"https:\/\/www.noticiasradioreflejos.com.ar\/2021\/#\/schema\/person\/image\/","url":"https:\/\/secure.gravatar.com\/avatar\/55cb5e37c1efa326397366e6974cb338056df65cb50e7d64d1cf314e87504837?s=96&d=mm&r=g","contentUrl":"https:\/\/secure.gravatar.com\/avatar\/55cb5e37c1efa326397366e6974cb338056df65cb50e7d64d1cf314e87504837?s=96&d=mm&r=g","caption":"Arnaldo Botto"},"url":"https:\/\/www.noticiasradioreflejos.com.ar\/2021\/author\/arnaldo\/"}]}},"_links":{"self":[{"href":"https:\/\/www.noticiasradioreflejos.com.ar\/2021\/wp-json\/wp\/v2\/posts\/69269","targetHints":{"allow":["GET"]}}],"collection":[{"href":"https:\/\/www.noticiasradioreflejos.com.ar\/2021\/wp-json\/wp\/v2\/posts"}],"about":[{"href":"https:\/\/www.noticiasradioreflejos.com.ar\/2021\/wp-json\/wp\/v2\/types\/post"}],"author":[{"embeddable":true,"href":"https:\/\/www.noticiasradioreflejos.com.ar\/2021\/wp-json\/wp\/v2\/users\/3"}],"replies":[{"embeddable":true,"href":"https:\/\/www.noticiasradioreflejos.com.ar\/2021\/wp-json\/wp\/v2\/comments?post=69269"}],"version-history":[{"count":1,"href":"https:\/\/www.noticiasradioreflejos.com.ar\/2021\/wp-json\/wp\/v2\/posts\/69269\/revisions"}],"predecessor-version":[{"id":69270,"href":"https:\/\/www.noticiasradioreflejos.com.ar\/2021\/wp-json\/wp\/v2\/posts\/69269\/revisions\/69270"}],"wp:attachment":[{"href":"https:\/\/www.noticiasradioreflejos.com.ar\/2021\/wp-json\/wp\/v2\/media?parent=69269"}],"wp:term":[{"taxonomy":"category","embeddable":true,"href":"https:\/\/www.noticiasradioreflejos.com.ar\/2021\/wp-json\/wp\/v2\/categories?post=69269"},{"taxonomy":"post_tag","embeddable":true,"href":"https:\/\/www.noticiasradioreflejos.com.ar\/2021\/wp-json\/wp\/v2\/tags?post=69269"}],"curies":[{"name":"wp","href":"https:\/\/api.w.org\/{rel}","templated":true}]}}