{"id":69263,"date":"2022-03-14T15:18:05","date_gmt":"2022-03-14T15:18:05","guid":{"rendered":"http:\/\/www.noticiasradioreflejos.com.ar\/2021\/?p=69263"},"modified":"2022-03-14T15:18:05","modified_gmt":"2022-03-14T15:18:05","slug":"fondos-de-medio-oriente-invertiran-1-000-millones-en-obras-de-infraestructura","status":"publish","type":"post","link":"https:\/\/www.noticiasradioreflejos.com.ar\/2021\/fondos-de-medio-oriente-invertiran-1-000-millones-en-obras-de-infraestructura\/","title":{"rendered":"Fondos de Medio Oriente invertir\u00e1n $ 1.000 millones en obras de infraestructura"},"content":{"rendered":"<p>Santiago Cafiero calific\u00f3 el inter\u00e9s de los empresarios como una \u00abgran oportunidad para atraer nuevas inversiones\u00bb durante un encuentro que llev\u00f3 a cabo la comitiva argentina junto con presidentes y CEO de empresas de los Emiratos \u00c1rabes Unidos en un evento de \u00abnetworking\u00bb.<!--more--><\/p>\n<div>\n<div class=\"wrapper-editable-content\">\n<div>\n<div class=\"container-md\">\n<div class=\"row\">\n<div class=\"col-md-12 speak\">\n<div class=\"paragraph\">\n<figure class=\"mb-3\"><img decoding=\"async\" src=\"https:\/\/www.telam.com.ar\/thumbs\/bluesteel\/advf\/imagenes\/2022\/03\/622f369114c80_900.jpg\" alt=\"Un conjunto de Fondos de Desarrollo de Medio Oriente invertir US 1000 millones en el pas para financiar obras de infraestructura durante los prximos dos aosFoto Twitter Santiago Cafiero\" width=\"100%\" height=\"100%\" \/><\/p>\n<div class=\"media-icons\"><\/div><figcaption>Un conjunto de Fondos de Desarrollo de Medio Oriente invertir\u00e1 US$ 1.000 millones en el pa\u00eds para financiar obras de infraestructura durante los pr\u00f3ximos dos a\u00f1os.Foto: Twitter Santiago Cafiero<\/figcaption><\/figure>\n<p>Un conjunto de Fondos de Desarrollo de Medio Oriente invertir\u00e1 US$ 1.000 millones en el pa\u00eds para financiar obras de infraestructura durante los pr\u00f3ximos dos a\u00f1os, anunci\u00f3 este lunes Canciller\u00eda en el marco de la misi\u00f3n comercial que encabeza Santiago Cafiero en la regi\u00f3n.<\/p>\n<p>\u00abFondos soberanos de Medio Oriente nos confirmaron financiamiento para la Argentina: US$ 1.000 millones para invertir en distintos proyectos de infraestructura\u00bb, public\u00f3 el canciller Santiago Cafiero en su cuenta de Twitter.<\/p>\n<p>La ratificaci\u00f3n del financiamiento fue anunciada luego de un encuentro en Abu Dabi que llev\u00f3 a cabo la comitiva argentina junto con presidentes y directores ejecutivos de empresas y entidades de los Emiratos \u00c1rabes Unidos en un evento de relacionamiento, al inicio de la gira que se realizar\u00e1 hasta el jueves por Medio Oriente.<\/p>\n<blockquote class=\"twitter-tweet\" data-width=\"500\" data-dnt=\"true\">\n<p lang=\"es\" dir=\"ltr\">Fondos Soberanos de Medio Oriente nos confirmaron financiamiento para la Argentina: 1000 millones de d\u00f3lares para invertir en distintos proyectos de infraestructura.<\/p>\n<p>La misi\u00f3n comercial que iniciamos hoy en Abu Dhabi es central en ese contexto y robustece nuestros v\u00ednculos. <a href=\"https:\/\/t.co\/ynEDJEKQAL\">pic.twitter.com\/ynEDJEKQAL<\/a><\/p>\n<p>&mdash; Santiago Cafiero (@SantiagoCafiero) <a href=\"https:\/\/twitter.com\/SantiagoCafiero\/status\/1503326154777841664?ref_src=twsrc%5Etfw\">March 14, 2022<\/a><\/p><\/blockquote>\n<p><script async src=\"https:\/\/platform.twitter.com\/widgets.js\" charset=\"utf-8\"><\/script><\/p>\n<p>Los fondos<strong>\u00a0totalizar\u00e1n los US$ 550 millones para 2022 y \u201cpotencialmente\u201d otros US$ 450 millones de aprobaciones para 2023<\/strong>, inform\u00f3 Canciller\u00eda.<\/p>\n<p>\u201cTenemos una gran oportunidad para atraer nuevas inversiones porque nuestras econom\u00edas y nuestros pa\u00edses son complementarios\u201d, agreg\u00f3 el canciller.<\/p>\n<p>El financiamiento de las obras provendr\u00e1 de los Fondos para el Desarrollo de Arabia Saudita, Kuwait, el emirato de Abu Dabi, Qatar y de la Organizaci\u00f3n de Pa\u00edses Exportadores de Petr\u00f3leo (OPEP).<\/p>\n<p>Si bien no se precisaron las obras, la Secretar\u00eda de Asuntos Estrat\u00e9gicos desarroll\u00f3 un trabajo coordinado junto a los fondos para identificar los sectores estrat\u00e9gicos a los cuales se destinar\u00e1 el financiamiento.<\/p>\n<p>De esta forma,\u00a0<strong>las inversiones estar\u00e1n dirigidas a financiar \u201cla agenda de hidr\u00f3geno, cambio clim\u00e1tico, generaci\u00f3n y transmisi\u00f3n de energ\u00eda, movilidad sostenible, agua y saneamiento, vivienda, salud y educaci\u00f3n\u201d<\/strong>, entre otros, seg\u00fan consign\u00f3 el Palacio San Mart\u00edn.<\/p>\n<p>Las mismas \u201cse enmarcan en las prioridades de gobierno en la promoci\u00f3n de la transici\u00f3n energ\u00e9tica, integraci\u00f3n territorial, log\u00edstica y movilidad sustentable\u201d, puntualizaron.<\/p>\n<p>Asimismo, en el encuentro de relacionamiento, del cual participaron empresas argentinas y de los EAU, \u201cse difundieron las capacidades tecnol\u00f3gicas argentinas en materia transici\u00f3n energ\u00e9tica, econom\u00eda del conocimiento, industria satelital, biotecnolog\u00eda aplicada a salud humana y seguridad alimentaria, propiciando conversaciones para la cooperaci\u00f3n tecnol\u00f3gica y el desarrollo de proyectos en conjunto con contrapartes emirat\u00edes\u201d.<\/p>\n<p>Luego del evento, los ministros de Ciencia, Daniel Filmus, y de Desarrollo Productivo, Mat\u00edas Kulfas,\u00a0<strong>llevaron adelante el panel \u201cEstrategia y capacidades tecnol\u00f3gicas argentinas\u201d.<\/strong><\/p>\n<h2 class=\"\">Sobre la gira en Emiratos<\/h2>\n<p>La misi\u00f3n comercial, que cuenta con la participaci\u00f3n de funcionarios nacionales, gobernadores y representantes de m\u00e1s de 35 empresas, se llevar\u00e1 a cabo hasta el jueves, y posee como destinos Emiratos \u00c1rabes (cuya visita se extender\u00e1 hasta ma\u00f1ana) y Arabia Saudita (mi\u00e9rcoles y jueves).<\/p>\n<p>Entre los objetivos de la gira, el Gobierno buscar\u00e1 diversificar el intercambio con esa regi\u00f3n \u2013concentrado actualmente en combustibles, cereales y otros productos primarios- posicionando a los sectores de la transici\u00f3n energ\u00e9tica, la ciencia espacial, la biotecnolog\u00eda, la tecnolog\u00eda de la informaci\u00f3n y la comunicaci\u00f3n.<\/p>\n<p>La delegaci\u00f3n nacional est\u00e1 compuesta por el jefe de la diplomacia argentina, acompa\u00f1ado de los gobernadores Gerardo Zamora (Santiago del Estero), Ra\u00fal Jalil (Catamarca), Jorge Capitanich (Chaco), Gerardo Morales (Jujuy), y Ricardo Quintela (La Rioja).<\/p>\n<p>Por su parte, adem\u00e1s de Kulfas y Filmus, la comitiva est\u00e1 integrada por el ministro de Turismo, Mat\u00edas Lammens; las secretarias de Relaciones Econ\u00f3micas Internacionales, Cecilia Todesca Bocco, y de Promoci\u00f3n Tur\u00edstica, Yanina Mart\u00ednez; la jefa de Gabinete de la Canciller\u00eda, Luciana Tito; y el secretario general del Consejo Federal de Inversiones, Ignacio Lamothe.<\/p>\n<\/div>\n<\/div>\n<\/div>\n<\/div>\n<\/div>\n<\/div>\n<\/div>\n","protected":false},"excerpt":{"rendered":"<p>Santiago Cafiero calific\u00f3 el inter\u00e9s de los empresarios como una \u00abgran oportunidad para atraer nuevas inversiones\u00bb durante un encuentro que llev\u00f3 a cabo la comitiva argentina junto con presidentes y CEO de empresas de los Emiratos \u00c1rabes Unidos en un evento de \u00abnetworking\u00bb.<\/p>\n","protected":false},"author":3,"featured_media":0,"comment_status":"closed","ping_status":"closed","sticky":false,"template":"","format":"standard","meta":{"footnotes":""},"categories":[36,24,26],"tags":[],"class_list":["post-69263","post","type-post","status-publish","format-standard","hentry","category-economia","category-politica","category-sociedad"],"yoast_head":"<!-- This site is optimized with the Yoast SEO plugin v25.9 - https:\/\/yoast.com\/wordpress\/plugins\/seo\/ -->\n<title>Fondos de Medio Oriente invertir\u00e1n $ 1.000 millones en obras de infraestructura - Noticias Radio Reflejos<\/title>\n<meta name=\"robots\" content=\"index, follow, max-snippet:-1, max-image-preview:large, max-video-preview:-1\" \/>\n<link rel=\"canonical\" href=\"https:\/\/www.noticiasradioreflejos.com.ar\/2021\/fondos-de-medio-oriente-invertiran-1-000-millones-en-obras-de-infraestructura\/\" \/>\n<meta property=\"og:locale\" content=\"es_ES\" \/>\n<meta property=\"og:type\" content=\"article\" \/>\n<meta property=\"og:title\" content=\"Fondos de Medio Oriente invertir\u00e1n $ 1.000 millones en obras de infraestructura - Noticias Radio Reflejos\" \/>\n<meta property=\"og:description\" content=\"Santiago Cafiero calific\u00f3 el inter\u00e9s de los empresarios como una \u00abgran oportunidad para atraer nuevas inversiones\u00bb durante un encuentro que llev\u00f3 a cabo la comitiva argentina junto con presidentes y CEO de empresas de los Emiratos \u00c1rabes Unidos en un evento de \u00abnetworking\u00bb.\" \/>\n<meta property=\"og:url\" content=\"https:\/\/www.noticiasradioreflejos.com.ar\/2021\/fondos-de-medio-oriente-invertiran-1-000-millones-en-obras-de-infraestructura\/\" \/>\n<meta property=\"og:site_name\" content=\"Noticias Radio Reflejos\" \/>\n<meta property=\"article:published_time\" content=\"2022-03-14T15:18:05+00:00\" \/>\n<meta property=\"og:image\" content=\"https:\/\/www.telam.com.ar\/thumbs\/bluesteel\/advf\/imagenes\/2022\/03\/622f369114c80_900.jpg\" \/>\n<meta name=\"author\" content=\"Arnaldo Botto\" \/>\n<meta name=\"twitter:card\" content=\"summary_large_image\" \/>\n<script type=\"application\/ld+json\" class=\"yoast-schema-graph\">{\"@context\":\"https:\/\/schema.org\",\"@graph\":[{\"@type\":\"WebPage\",\"@id\":\"https:\/\/www.noticiasradioreflejos.com.ar\/2021\/fondos-de-medio-oriente-invertiran-1-000-millones-en-obras-de-infraestructura\/\",\"url\":\"https:\/\/www.noticiasradioreflejos.com.ar\/2021\/fondos-de-medio-oriente-invertiran-1-000-millones-en-obras-de-infraestructura\/\",\"name\":\"Fondos de Medio Oriente invertir\u00e1n $ 1.000 millones en obras de infraestructura - Noticias Radio Reflejos\",\"isPartOf\":{\"@id\":\"https:\/\/www.noticiasradioreflejos.com.ar\/2021\/#website\"},\"primaryImageOfPage\":{\"@id\":\"https:\/\/www.noticiasradioreflejos.com.ar\/2021\/fondos-de-medio-oriente-invertiran-1-000-millones-en-obras-de-infraestructura\/#primaryimage\"},\"image\":{\"@id\":\"https:\/\/www.noticiasradioreflejos.com.ar\/2021\/fondos-de-medio-oriente-invertiran-1-000-millones-en-obras-de-infraestructura\/#primaryimage\"},\"thumbnailUrl\":\"https:\/\/www.telam.com.ar\/thumbs\/bluesteel\/advf\/imagenes\/2022\/03\/622f369114c80_900.jpg\",\"datePublished\":\"2022-03-14T15:18:05+00:00\",\"author\":{\"@id\":\"https:\/\/www.noticiasradioreflejos.com.ar\/2021\/#\/schema\/person\/ad82545263dcc5ec0996818884fd5fb1\"},\"breadcrumb\":{\"@id\":\"https:\/\/www.noticiasradioreflejos.com.ar\/2021\/fondos-de-medio-oriente-invertiran-1-000-millones-en-obras-de-infraestructura\/#breadcrumb\"},\"inLanguage\":\"es\",\"potentialAction\":[{\"@type\":\"ReadAction\",\"target\":[\"https:\/\/www.noticiasradioreflejos.com.ar\/2021\/fondos-de-medio-oriente-invertiran-1-000-millones-en-obras-de-infraestructura\/\"]}]},{\"@type\":\"ImageObject\",\"inLanguage\":\"es\",\"@id\":\"https:\/\/www.noticiasradioreflejos.com.ar\/2021\/fondos-de-medio-oriente-invertiran-1-000-millones-en-obras-de-infraestructura\/#primaryimage\",\"url\":\"https:\/\/www.telam.com.ar\/thumbs\/bluesteel\/advf\/imagenes\/2022\/03\/622f369114c80_900.jpg\",\"contentUrl\":\"https:\/\/www.telam.com.ar\/thumbs\/bluesteel\/advf\/imagenes\/2022\/03\/622f369114c80_900.jpg\"},{\"@type\":\"BreadcrumbList\",\"@id\":\"https:\/\/www.noticiasradioreflejos.com.ar\/2021\/fondos-de-medio-oriente-invertiran-1-000-millones-en-obras-de-infraestructura\/#breadcrumb\",\"itemListElement\":[{\"@type\":\"ListItem\",\"position\":1,\"name\":\"Portada\",\"item\":\"https:\/\/www.noticiasradioreflejos.com.ar\/2021\/\"},{\"@type\":\"ListItem\",\"position\":2,\"name\":\"Fondos de Medio Oriente invertir\u00e1n $ 1.000 millones en obras de infraestructura\"}]},{\"@type\":\"WebSite\",\"@id\":\"https:\/\/www.noticiasradioreflejos.com.ar\/2021\/#website\",\"url\":\"https:\/\/www.noticiasradioreflejos.com.ar\/2021\/\",\"name\":\"Noticias Radio Reflejos\",\"description\":\"Las noticias de mi comarca\",\"potentialAction\":[{\"@type\":\"SearchAction\",\"target\":{\"@type\":\"EntryPoint\",\"urlTemplate\":\"https:\/\/www.noticiasradioreflejos.com.ar\/2021\/?s={search_term_string}\"},\"query-input\":{\"@type\":\"PropertyValueSpecification\",\"valueRequired\":true,\"valueName\":\"search_term_string\"}}],\"inLanguage\":\"es\"},{\"@type\":\"Person\",\"@id\":\"https:\/\/www.noticiasradioreflejos.com.ar\/2021\/#\/schema\/person\/ad82545263dcc5ec0996818884fd5fb1\",\"name\":\"Arnaldo Botto\",\"image\":{\"@type\":\"ImageObject\",\"inLanguage\":\"es\",\"@id\":\"https:\/\/www.noticiasradioreflejos.com.ar\/2021\/#\/schema\/person\/image\/\",\"url\":\"https:\/\/secure.gravatar.com\/avatar\/55cb5e37c1efa326397366e6974cb338056df65cb50e7d64d1cf314e87504837?s=96&d=mm&r=g\",\"contentUrl\":\"https:\/\/secure.gravatar.com\/avatar\/55cb5e37c1efa326397366e6974cb338056df65cb50e7d64d1cf314e87504837?s=96&d=mm&r=g\",\"caption\":\"Arnaldo Botto\"},\"url\":\"https:\/\/www.noticiasradioreflejos.com.ar\/2021\/author\/arnaldo\/\"}]}<\/script>\n<!-- \/ Yoast SEO plugin. -->","yoast_head_json":{"title":"Fondos de Medio Oriente invertir\u00e1n $ 1.000 millones en obras de infraestructura - Noticias Radio Reflejos","robots":{"index":"index","follow":"follow","max-snippet":"max-snippet:-1","max-image-preview":"max-image-preview:large","max-video-preview":"max-video-preview:-1"},"canonical":"https:\/\/www.noticiasradioreflejos.com.ar\/2021\/fondos-de-medio-oriente-invertiran-1-000-millones-en-obras-de-infraestructura\/","og_locale":"es_ES","og_type":"article","og_title":"Fondos de Medio Oriente invertir\u00e1n $ 1.000 millones en obras de infraestructura - Noticias Radio Reflejos","og_description":"Santiago Cafiero calific\u00f3 el inter\u00e9s de los empresarios como una \u00abgran oportunidad para atraer nuevas inversiones\u00bb durante un encuentro que llev\u00f3 a cabo la comitiva argentina junto con presidentes y CEO de empresas de los Emiratos \u00c1rabes Unidos en un evento de \u00abnetworking\u00bb.","og_url":"https:\/\/www.noticiasradioreflejos.com.ar\/2021\/fondos-de-medio-oriente-invertiran-1-000-millones-en-obras-de-infraestructura\/","og_site_name":"Noticias Radio Reflejos","article_published_time":"2022-03-14T15:18:05+00:00","og_image":[{"url":"https:\/\/www.telam.com.ar\/thumbs\/bluesteel\/advf\/imagenes\/2022\/03\/622f369114c80_900.jpg","type":"","width":"","height":""}],"author":"Arnaldo Botto","twitter_card":"summary_large_image","schema":{"@context":"https:\/\/schema.org","@graph":[{"@type":"WebPage","@id":"https:\/\/www.noticiasradioreflejos.com.ar\/2021\/fondos-de-medio-oriente-invertiran-1-000-millones-en-obras-de-infraestructura\/","url":"https:\/\/www.noticiasradioreflejos.com.ar\/2021\/fondos-de-medio-oriente-invertiran-1-000-millones-en-obras-de-infraestructura\/","name":"Fondos de Medio Oriente invertir\u00e1n $ 1.000 millones en obras de infraestructura - Noticias Radio Reflejos","isPartOf":{"@id":"https:\/\/www.noticiasradioreflejos.com.ar\/2021\/#website"},"primaryImageOfPage":{"@id":"https:\/\/www.noticiasradioreflejos.com.ar\/2021\/fondos-de-medio-oriente-invertiran-1-000-millones-en-obras-de-infraestructura\/#primaryimage"},"image":{"@id":"https:\/\/www.noticiasradioreflejos.com.ar\/2021\/fondos-de-medio-oriente-invertiran-1-000-millones-en-obras-de-infraestructura\/#primaryimage"},"thumbnailUrl":"https:\/\/www.telam.com.ar\/thumbs\/bluesteel\/advf\/imagenes\/2022\/03\/622f369114c80_900.jpg","datePublished":"2022-03-14T15:18:05+00:00","author":{"@id":"https:\/\/www.noticiasradioreflejos.com.ar\/2021\/#\/schema\/person\/ad82545263dcc5ec0996818884fd5fb1"},"breadcrumb":{"@id":"https:\/\/www.noticiasradioreflejos.com.ar\/2021\/fondos-de-medio-oriente-invertiran-1-000-millones-en-obras-de-infraestructura\/#breadcrumb"},"inLanguage":"es","potentialAction":[{"@type":"ReadAction","target":["https:\/\/www.noticiasradioreflejos.com.ar\/2021\/fondos-de-medio-oriente-invertiran-1-000-millones-en-obras-de-infraestructura\/"]}]},{"@type":"ImageObject","inLanguage":"es","@id":"https:\/\/www.noticiasradioreflejos.com.ar\/2021\/fondos-de-medio-oriente-invertiran-1-000-millones-en-obras-de-infraestructura\/#primaryimage","url":"https:\/\/www.telam.com.ar\/thumbs\/bluesteel\/advf\/imagenes\/2022\/03\/622f369114c80_900.jpg","contentUrl":"https:\/\/www.telam.com.ar\/thumbs\/bluesteel\/advf\/imagenes\/2022\/03\/622f369114c80_900.jpg"},{"@type":"BreadcrumbList","@id":"https:\/\/www.noticiasradioreflejos.com.ar\/2021\/fondos-de-medio-oriente-invertiran-1-000-millones-en-obras-de-infraestructura\/#breadcrumb","itemListElement":[{"@type":"ListItem","position":1,"name":"Portada","item":"https:\/\/www.noticiasradioreflejos.com.ar\/2021\/"},{"@type":"ListItem","position":2,"name":"Fondos de Medio Oriente invertir\u00e1n $ 1.000 millones en obras de infraestructura"}]},{"@type":"WebSite","@id":"https:\/\/www.noticiasradioreflejos.com.ar\/2021\/#website","url":"https:\/\/www.noticiasradioreflejos.com.ar\/2021\/","name":"Noticias Radio Reflejos","description":"Las noticias de mi comarca","potentialAction":[{"@type":"SearchAction","target":{"@type":"EntryPoint","urlTemplate":"https:\/\/www.noticiasradioreflejos.com.ar\/2021\/?s={search_term_string}"},"query-input":{"@type":"PropertyValueSpecification","valueRequired":true,"valueName":"search_term_string"}}],"inLanguage":"es"},{"@type":"Person","@id":"https:\/\/www.noticiasradioreflejos.com.ar\/2021\/#\/schema\/person\/ad82545263dcc5ec0996818884fd5fb1","name":"Arnaldo Botto","image":{"@type":"ImageObject","inLanguage":"es","@id":"https:\/\/www.noticiasradioreflejos.com.ar\/2021\/#\/schema\/person\/image\/","url":"https:\/\/secure.gravatar.com\/avatar\/55cb5e37c1efa326397366e6974cb338056df65cb50e7d64d1cf314e87504837?s=96&d=mm&r=g","contentUrl":"https:\/\/secure.gravatar.com\/avatar\/55cb5e37c1efa326397366e6974cb338056df65cb50e7d64d1cf314e87504837?s=96&d=mm&r=g","caption":"Arnaldo Botto"},"url":"https:\/\/www.noticiasradioreflejos.com.ar\/2021\/author\/arnaldo\/"}]}},"_links":{"self":[{"href":"https:\/\/www.noticiasradioreflejos.com.ar\/2021\/wp-json\/wp\/v2\/posts\/69263","targetHints":{"allow":["GET"]}}],"collection":[{"href":"https:\/\/www.noticiasradioreflejos.com.ar\/2021\/wp-json\/wp\/v2\/posts"}],"about":[{"href":"https:\/\/www.noticiasradioreflejos.com.ar\/2021\/wp-json\/wp\/v2\/types\/post"}],"author":[{"embeddable":true,"href":"https:\/\/www.noticiasradioreflejos.com.ar\/2021\/wp-json\/wp\/v2\/users\/3"}],"replies":[{"embeddable":true,"href":"https:\/\/www.noticiasradioreflejos.com.ar\/2021\/wp-json\/wp\/v2\/comments?post=69263"}],"version-history":[{"count":1,"href":"https:\/\/www.noticiasradioreflejos.com.ar\/2021\/wp-json\/wp\/v2\/posts\/69263\/revisions"}],"predecessor-version":[{"id":69265,"href":"https:\/\/www.noticiasradioreflejos.com.ar\/2021\/wp-json\/wp\/v2\/posts\/69263\/revisions\/69265"}],"wp:attachment":[{"href":"https:\/\/www.noticiasradioreflejos.com.ar\/2021\/wp-json\/wp\/v2\/media?parent=69263"}],"wp:term":[{"taxonomy":"category","embeddable":true,"href":"https:\/\/www.noticiasradioreflejos.com.ar\/2021\/wp-json\/wp\/v2\/categories?post=69263"},{"taxonomy":"post_tag","embeddable":true,"href":"https:\/\/www.noticiasradioreflejos.com.ar\/2021\/wp-json\/wp\/v2\/tags?post=69263"}],"curies":[{"name":"wp","href":"https:\/\/api.w.org\/{rel}","templated":true}]}}