{"id":69258,"date":"2022-03-14T11:50:56","date_gmt":"2022-03-14T11:50:56","guid":{"rendered":"http:\/\/www.noticiasradioreflejos.com.ar\/2021\/?p=69258"},"modified":"2022-03-14T12:25:01","modified_gmt":"2022-03-14T12:25:01","slug":"aumentaron-los-combustibles-hasta-un-115","status":"publish","type":"post","link":"https:\/\/www.noticiasradioreflejos.com.ar\/2021\/aumentaron-los-combustibles-hasta-un-115\/","title":{"rendered":"Aumentaron los combustibles hasta un 11,5%"},"content":{"rendered":"<header id=\"mvp-post-head\" class=\"left relative\">Las empresas explicaron que el incremento responde a una suba en el valor del petr\u00f3leo y de otros insumos. C\u00f3mo quedaron los precios en Bah\u00eda.<\/header>\n<p><!--more--><\/p>\n<div class=\"mvp-post-main-out left relative\">\n<div class=\"mvp-post-main-in\">\n<div id=\"mvp-post-content\" class=\"left relative\">\n<div id=\"mvp-post-feat-img\" class=\"left relative mvp-post-feat-img-wide2\"><\/div>\n<div id=\"mvp-content-wrap\" class=\"left relative\">\n<div class=\"mvp-post-soc-out right relative\">\n<div class=\"mvp-post-soc-in\">\n<div id=\"mvp-content-body\" class=\"left relative\">\n<div id=\"mvp-content-body-top\" class=\"left relative\">\n<div id=\"mvp-content-main\" class=\"left relative\">\n<div id=\"textbody\">\n<div class=\"code-block code-block-2\">\n<div class=\"at-above-post\" data-url=\"https:\/\/www.labrujula24.com\/notas\/2022\/03\/14\/aumentan-los-combustibles-hasta-un-115-en-todo-el-pais-n199036\/\" data-title=\"Aumentaron los combustibles hasta un 11,5%\" data-description=\"Las empresas explicaron que el incremento responde a una suba en el valor del petr\u00f3leo y de otros insumos. Mir\u00e1 c\u00f3mo quedaron los precios en Bah\u00eda. \">\n<div id=\"atstbx\" class=\"at-resp-share-element at-style-responsive addthis-smartlayers addthis-animated at4-show\" role=\"region\" aria-labelledby=\"at-e370f3e3-3129-4117-a980-17d661399dfd\">\n<p>&nbsp;<\/p>\n<div class=\"at-share-btn-elements\"><\/div>\n<\/div>\n<\/div>\n<\/div>\n<p>Desde las cero horas de este lunes,\u00a0los combustibles registran un aumento promedio de 11,5%\u00a0en las principales estaciones de servicio del pa\u00eds, por lo que los conductores se encontrar\u00e1n con nuevos precios en los surtidores.<\/p>\n<p>Por un lado, YPF anunci\u00f3 que desde este 14 de marzo aumenta un 9,5% en promedio el precio de sus combustibles b\u00e1sicos y un 11,5% en promedio el de los de categor\u00eda premium, pero como suele ocurrir en estos casos, esta decisi\u00f3n impactar\u00e1 tambi\u00e9n en otras cadenas como Shell, Axion y Puma, entre otras.<\/p>\n<p>De acuerdo con lo que inform\u00f3 la compa\u00f1\u00eda estatal, este ajuste responde a la evoluci\u00f3n de las principales variables que conforman el precio de venta al p\u00fablico, sobre todo el incremento de los costos internacionales del petr\u00f3leo y los niveles de demanda superiores a la prepandemia, que requieren importaciones para complementar la oferta local.<\/p>\n<figure class=\"wp-block-image size-full\"><img loading=\"lazy\" decoding=\"async\" class=\"wp-image-199049\" src=\"https:\/\/www.labrujula24.com\/wp-content\/uploads\/2022\/03\/261b241c-2aa3-4c8d-9888-31ec355bfa41.jpg\" sizes=\"auto, (max-width: 1280px) 100vw, 1280px\" srcset=\"https:\/\/www.labrujula24.com\/wp-content\/uploads\/2022\/03\/261b241c-2aa3-4c8d-9888-31ec355bfa41.jpg 1280w, https:\/\/www.labrujula24.com\/wp-content\/uploads\/2022\/03\/261b241c-2aa3-4c8d-9888-31ec355bfa41-768x432.jpg 768w\" alt=\"\" width=\"1280\" height=\"720\" \/><figcaption>As\u00ed quedaron los valores en Bah\u00eda Blanca.<\/figcaption><\/figure>\n<p><strong>En este sentido, la firma se\u00f1al\u00f3 que\u00a0el petr\u00f3leo sufri\u00f3 subas significativas durante las \u00faltimas semanas, alcanzando niveles r\u00e9cords\u00a0(50% por encima de los valores de inicios de febrero de 2022).<\/strong><\/p>\n<div class=\"code-block code-block-1\"><\/div>\n<p>Adem\u00e1s, remarc\u00f3 que el precio internacional de los combustibles con los que se complementa la oferta local aument\u00f3 incluso por encima del petr\u00f3leo crudo.<\/p>\n<p>Por esta raz\u00f3n,\u00a0YPF adelant\u00f3 que continuar\u00e1 monitoreando la evoluci\u00f3n de las variables que inciden en la formaci\u00f3n de precios, \u201cteniendo en consideraci\u00f3n las particularidades del contexto macroecon\u00f3mico del pa\u00eds y la realidad internacional\u201d.<\/p>\n<p>El \u00faltimo incremento anunciado por la empresa\u00a0hab\u00eda sido del 9%\u00a0y comenz\u00f3 a regir a principios de febrero pasado, tambi\u00e9n en un contexto de incremento sostenido de los costos mundiales de la energ\u00eda.<\/p>\n<p>En marzo del 2021, YPF hab\u00eda informado que durante ese a\u00f1o se iba a aplicar un ajuste escalonado de 15% a lo largo de tres meses para financiar inversiones. El primer incremento de 7% promedio se aplic\u00f3 el 16 de marzo y luego hubo un segundo aumento de 6% en abril. Los aumentos fueron diferenciados: m\u00e1s altos en la ciudad de Buenos Aires y m\u00e1s bajos en el interior.<\/p>\n<div class=\"code-block code-block-6\"><\/div>\n<p>En las \u00faltimas semanas,\u00a0los precios internacionales de la energ\u00eda se dispararon\u00a0como consecuencia del conflicto b\u00e9lico desatado a partir de la invasi\u00f3n de Vladimir Putin a Ucrania y de las sanciones impuestas a Rusia, uno de los principales productores globales de petr\u00f3leo y gas. El barril de petr\u00f3leo Brent \u2014que se usa como referencia para la Argentina\u2014 toc\u00f3 esta semana los USD 130 y este mi\u00e9rcoles su cotizaci\u00f3n cerr\u00f3 cerca de los USD 111.<\/p>\n<p>\u201cSi bien el aumento es de YPF, el resto de las estaciones de servicio van a ir actualizando sus precios en la misma l\u00ednea durante la ma\u00f1ana. Era algo esperable porque el barril de petr\u00f3leo tuvo un incremento del 50 por ciento.\u00a0Era insostenible que con esos valores en la Argentina continu\u00e1ramos teniendo el precio m\u00e1s barato del mundo\u201d, opin\u00f3 en di\u00e1logo con\u00a0Infobae Gabriel Bornoroni, presidente de la\u00a0Confederaci\u00f3n de Entidades del Comercio de los Hidrocarburos de la Rep\u00fablica Argentina (CECHA).<\/p>\n<p>El m\u00e1ximo representante de la c\u00e1mara que agrupa a los due\u00f1os de las estaciones de servicio remarc\u00f3 la importancia de \u201ctener una pol\u00edtica energ\u00e9tica que no deje al pa\u00eds afuera del mundo\u201d y explic\u00f3 que\u00a0\u201cestos aumentos nunca hacen que se caigan las ventas\u201d.<\/p>\n<p>\u201cLo venimos siguiendo y no ocurri\u00f3 ni siquiera en los peores momentos. Este costo si no lo pagamos en el surtidor, lo paga Do\u00f1a Rosa con impuestos. Obviamente que si lo comparamos con nuestros sueldos, querr\u00edamos que no aumente m\u00e1s, pero el problema nuestro es la inflaci\u00f3n, no el valor de la nafta\u201d, agreg\u00f3.<\/p>\n<p><strong>Fuente: Infobae<\/strong><\/p>\n<\/div>\n<\/div>\n<\/div>\n<\/div>\n<\/div>\n<\/div>\n<\/div>\n<\/div>\n<\/div>\n<\/div>\n","protected":false},"excerpt":{"rendered":"<p>Las empresas explicaron que el incremento responde a una suba en el valor del petr\u00f3leo y de otros insumos. C\u00f3mo quedaron los precios en Bah\u00eda.<\/p>\n","protected":false},"author":3,"featured_media":68768,"comment_status":"closed","ping_status":"closed","sticky":false,"template":"","format":"standard","meta":{"footnotes":""},"categories":[36],"tags":[],"class_list":["post-69258","post","type-post","status-publish","format-standard","has-post-thumbnail","hentry","category-economia"],"yoast_head":"<!-- This site is optimized with the Yoast SEO plugin v25.9 - https:\/\/yoast.com\/wordpress\/plugins\/seo\/ -->\n<title>Aumentaron los combustibles hasta un 11,5% - Noticias Radio Reflejos<\/title>\n<meta name=\"robots\" content=\"index, follow, max-snippet:-1, max-image-preview:large, max-video-preview:-1\" \/>\n<link rel=\"canonical\" href=\"https:\/\/www.noticiasradioreflejos.com.ar\/2021\/aumentaron-los-combustibles-hasta-un-115\/\" \/>\n<meta property=\"og:locale\" content=\"es_ES\" \/>\n<meta property=\"og:type\" content=\"article\" \/>\n<meta property=\"og:title\" content=\"Aumentaron los combustibles hasta un 11,5% - Noticias Radio Reflejos\" \/>\n<meta property=\"og:description\" content=\"Las empresas explicaron que el incremento responde a una suba en el valor del petr\u00f3leo y de otros insumos. C\u00f3mo quedaron los precios en Bah\u00eda.\" \/>\n<meta property=\"og:url\" content=\"https:\/\/www.noticiasradioreflejos.com.ar\/2021\/aumentaron-los-combustibles-hasta-un-115\/\" \/>\n<meta property=\"og:site_name\" content=\"Noticias Radio Reflejos\" \/>\n<meta property=\"article:published_time\" content=\"2022-03-14T11:50:56+00:00\" \/>\n<meta property=\"article:modified_time\" content=\"2022-03-14T12:25:01+00:00\" \/>\n<meta property=\"og:image\" content=\"https:\/\/www.noticiasradioreflejos.com.ar\/2021\/wp-content\/uploads\/2022\/02\/combustibles.jpg\" \/>\n\t<meta property=\"og:image:width\" content=\"1000\" \/>\n\t<meta property=\"og:image:height\" content=\"600\" \/>\n\t<meta property=\"og:image:type\" content=\"image\/jpeg\" \/>\n<meta name=\"author\" content=\"Arnaldo Botto\" \/>\n<meta name=\"twitter:card\" content=\"summary_large_image\" \/>\n<script type=\"application\/ld+json\" class=\"yoast-schema-graph\">{\"@context\":\"https:\/\/schema.org\",\"@graph\":[{\"@type\":\"WebPage\",\"@id\":\"https:\/\/www.noticiasradioreflejos.com.ar\/2021\/aumentaron-los-combustibles-hasta-un-115\/\",\"url\":\"https:\/\/www.noticiasradioreflejos.com.ar\/2021\/aumentaron-los-combustibles-hasta-un-115\/\",\"name\":\"Aumentaron los combustibles hasta un 11,5% - Noticias Radio Reflejos\",\"isPartOf\":{\"@id\":\"https:\/\/www.noticiasradioreflejos.com.ar\/2021\/#website\"},\"primaryImageOfPage\":{\"@id\":\"https:\/\/www.noticiasradioreflejos.com.ar\/2021\/aumentaron-los-combustibles-hasta-un-115\/#primaryimage\"},\"image\":{\"@id\":\"https:\/\/www.noticiasradioreflejos.com.ar\/2021\/aumentaron-los-combustibles-hasta-un-115\/#primaryimage\"},\"thumbnailUrl\":\"https:\/\/www.noticiasradioreflejos.com.ar\/2021\/wp-content\/uploads\/2022\/02\/combustibles.jpg\",\"datePublished\":\"2022-03-14T11:50:56+00:00\",\"dateModified\":\"2022-03-14T12:25:01+00:00\",\"author\":{\"@id\":\"https:\/\/www.noticiasradioreflejos.com.ar\/2021\/#\/schema\/person\/ad82545263dcc5ec0996818884fd5fb1\"},\"breadcrumb\":{\"@id\":\"https:\/\/www.noticiasradioreflejos.com.ar\/2021\/aumentaron-los-combustibles-hasta-un-115\/#breadcrumb\"},\"inLanguage\":\"es\",\"potentialAction\":[{\"@type\":\"ReadAction\",\"target\":[\"https:\/\/www.noticiasradioreflejos.com.ar\/2021\/aumentaron-los-combustibles-hasta-un-115\/\"]}]},{\"@type\":\"ImageObject\",\"inLanguage\":\"es\",\"@id\":\"https:\/\/www.noticiasradioreflejos.com.ar\/2021\/aumentaron-los-combustibles-hasta-un-115\/#primaryimage\",\"url\":\"https:\/\/www.noticiasradioreflejos.com.ar\/2021\/wp-content\/uploads\/2022\/02\/combustibles.jpg\",\"contentUrl\":\"https:\/\/www.noticiasradioreflejos.com.ar\/2021\/wp-content\/uploads\/2022\/02\/combustibles.jpg\",\"width\":1000,\"height\":600},{\"@type\":\"BreadcrumbList\",\"@id\":\"https:\/\/www.noticiasradioreflejos.com.ar\/2021\/aumentaron-los-combustibles-hasta-un-115\/#breadcrumb\",\"itemListElement\":[{\"@type\":\"ListItem\",\"position\":1,\"name\":\"Portada\",\"item\":\"https:\/\/www.noticiasradioreflejos.com.ar\/2021\/\"},{\"@type\":\"ListItem\",\"position\":2,\"name\":\"Aumentaron los combustibles hasta un 11,5%\"}]},{\"@type\":\"WebSite\",\"@id\":\"https:\/\/www.noticiasradioreflejos.com.ar\/2021\/#website\",\"url\":\"https:\/\/www.noticiasradioreflejos.com.ar\/2021\/\",\"name\":\"Noticias Radio Reflejos\",\"description\":\"Las noticias de mi comarca\",\"potentialAction\":[{\"@type\":\"SearchAction\",\"target\":{\"@type\":\"EntryPoint\",\"urlTemplate\":\"https:\/\/www.noticiasradioreflejos.com.ar\/2021\/?s={search_term_string}\"},\"query-input\":{\"@type\":\"PropertyValueSpecification\",\"valueRequired\":true,\"valueName\":\"search_term_string\"}}],\"inLanguage\":\"es\"},{\"@type\":\"Person\",\"@id\":\"https:\/\/www.noticiasradioreflejos.com.ar\/2021\/#\/schema\/person\/ad82545263dcc5ec0996818884fd5fb1\",\"name\":\"Arnaldo Botto\",\"image\":{\"@type\":\"ImageObject\",\"inLanguage\":\"es\",\"@id\":\"https:\/\/www.noticiasradioreflejos.com.ar\/2021\/#\/schema\/person\/image\/\",\"url\":\"https:\/\/secure.gravatar.com\/avatar\/55cb5e37c1efa326397366e6974cb338056df65cb50e7d64d1cf314e87504837?s=96&d=mm&r=g\",\"contentUrl\":\"https:\/\/secure.gravatar.com\/avatar\/55cb5e37c1efa326397366e6974cb338056df65cb50e7d64d1cf314e87504837?s=96&d=mm&r=g\",\"caption\":\"Arnaldo Botto\"},\"url\":\"https:\/\/www.noticiasradioreflejos.com.ar\/2021\/author\/arnaldo\/\"}]}<\/script>\n<!-- \/ Yoast SEO plugin. -->","yoast_head_json":{"title":"Aumentaron los combustibles hasta un 11,5% - Noticias Radio Reflejos","robots":{"index":"index","follow":"follow","max-snippet":"max-snippet:-1","max-image-preview":"max-image-preview:large","max-video-preview":"max-video-preview:-1"},"canonical":"https:\/\/www.noticiasradioreflejos.com.ar\/2021\/aumentaron-los-combustibles-hasta-un-115\/","og_locale":"es_ES","og_type":"article","og_title":"Aumentaron los combustibles hasta un 11,5% - Noticias Radio Reflejos","og_description":"Las empresas explicaron que el incremento responde a una suba en el valor del petr\u00f3leo y de otros insumos. C\u00f3mo quedaron los precios en Bah\u00eda.","og_url":"https:\/\/www.noticiasradioreflejos.com.ar\/2021\/aumentaron-los-combustibles-hasta-un-115\/","og_site_name":"Noticias Radio Reflejos","article_published_time":"2022-03-14T11:50:56+00:00","article_modified_time":"2022-03-14T12:25:01+00:00","og_image":[{"width":1000,"height":600,"url":"https:\/\/www.noticiasradioreflejos.com.ar\/2021\/wp-content\/uploads\/2022\/02\/combustibles.jpg","type":"image\/jpeg"}],"author":"Arnaldo Botto","twitter_card":"summary_large_image","schema":{"@context":"https:\/\/schema.org","@graph":[{"@type":"WebPage","@id":"https:\/\/www.noticiasradioreflejos.com.ar\/2021\/aumentaron-los-combustibles-hasta-un-115\/","url":"https:\/\/www.noticiasradioreflejos.com.ar\/2021\/aumentaron-los-combustibles-hasta-un-115\/","name":"Aumentaron los combustibles hasta un 11,5% - Noticias Radio Reflejos","isPartOf":{"@id":"https:\/\/www.noticiasradioreflejos.com.ar\/2021\/#website"},"primaryImageOfPage":{"@id":"https:\/\/www.noticiasradioreflejos.com.ar\/2021\/aumentaron-los-combustibles-hasta-un-115\/#primaryimage"},"image":{"@id":"https:\/\/www.noticiasradioreflejos.com.ar\/2021\/aumentaron-los-combustibles-hasta-un-115\/#primaryimage"},"thumbnailUrl":"https:\/\/www.noticiasradioreflejos.com.ar\/2021\/wp-content\/uploads\/2022\/02\/combustibles.jpg","datePublished":"2022-03-14T11:50:56+00:00","dateModified":"2022-03-14T12:25:01+00:00","author":{"@id":"https:\/\/www.noticiasradioreflejos.com.ar\/2021\/#\/schema\/person\/ad82545263dcc5ec0996818884fd5fb1"},"breadcrumb":{"@id":"https:\/\/www.noticiasradioreflejos.com.ar\/2021\/aumentaron-los-combustibles-hasta-un-115\/#breadcrumb"},"inLanguage":"es","potentialAction":[{"@type":"ReadAction","target":["https:\/\/www.noticiasradioreflejos.com.ar\/2021\/aumentaron-los-combustibles-hasta-un-115\/"]}]},{"@type":"ImageObject","inLanguage":"es","@id":"https:\/\/www.noticiasradioreflejos.com.ar\/2021\/aumentaron-los-combustibles-hasta-un-115\/#primaryimage","url":"https:\/\/www.noticiasradioreflejos.com.ar\/2021\/wp-content\/uploads\/2022\/02\/combustibles.jpg","contentUrl":"https:\/\/www.noticiasradioreflejos.com.ar\/2021\/wp-content\/uploads\/2022\/02\/combustibles.jpg","width":1000,"height":600},{"@type":"BreadcrumbList","@id":"https:\/\/www.noticiasradioreflejos.com.ar\/2021\/aumentaron-los-combustibles-hasta-un-115\/#breadcrumb","itemListElement":[{"@type":"ListItem","position":1,"name":"Portada","item":"https:\/\/www.noticiasradioreflejos.com.ar\/2021\/"},{"@type":"ListItem","position":2,"name":"Aumentaron los combustibles hasta un 11,5%"}]},{"@type":"WebSite","@id":"https:\/\/www.noticiasradioreflejos.com.ar\/2021\/#website","url":"https:\/\/www.noticiasradioreflejos.com.ar\/2021\/","name":"Noticias Radio Reflejos","description":"Las noticias de mi comarca","potentialAction":[{"@type":"SearchAction","target":{"@type":"EntryPoint","urlTemplate":"https:\/\/www.noticiasradioreflejos.com.ar\/2021\/?s={search_term_string}"},"query-input":{"@type":"PropertyValueSpecification","valueRequired":true,"valueName":"search_term_string"}}],"inLanguage":"es"},{"@type":"Person","@id":"https:\/\/www.noticiasradioreflejos.com.ar\/2021\/#\/schema\/person\/ad82545263dcc5ec0996818884fd5fb1","name":"Arnaldo Botto","image":{"@type":"ImageObject","inLanguage":"es","@id":"https:\/\/www.noticiasradioreflejos.com.ar\/2021\/#\/schema\/person\/image\/","url":"https:\/\/secure.gravatar.com\/avatar\/55cb5e37c1efa326397366e6974cb338056df65cb50e7d64d1cf314e87504837?s=96&d=mm&r=g","contentUrl":"https:\/\/secure.gravatar.com\/avatar\/55cb5e37c1efa326397366e6974cb338056df65cb50e7d64d1cf314e87504837?s=96&d=mm&r=g","caption":"Arnaldo Botto"},"url":"https:\/\/www.noticiasradioreflejos.com.ar\/2021\/author\/arnaldo\/"}]}},"_links":{"self":[{"href":"https:\/\/www.noticiasradioreflejos.com.ar\/2021\/wp-json\/wp\/v2\/posts\/69258","targetHints":{"allow":["GET"]}}],"collection":[{"href":"https:\/\/www.noticiasradioreflejos.com.ar\/2021\/wp-json\/wp\/v2\/posts"}],"about":[{"href":"https:\/\/www.noticiasradioreflejos.com.ar\/2021\/wp-json\/wp\/v2\/types\/post"}],"author":[{"embeddable":true,"href":"https:\/\/www.noticiasradioreflejos.com.ar\/2021\/wp-json\/wp\/v2\/users\/3"}],"replies":[{"embeddable":true,"href":"https:\/\/www.noticiasradioreflejos.com.ar\/2021\/wp-json\/wp\/v2\/comments?post=69258"}],"version-history":[{"count":2,"href":"https:\/\/www.noticiasradioreflejos.com.ar\/2021\/wp-json\/wp\/v2\/posts\/69258\/revisions"}],"predecessor-version":[{"id":69260,"href":"https:\/\/www.noticiasradioreflejos.com.ar\/2021\/wp-json\/wp\/v2\/posts\/69258\/revisions\/69260"}],"wp:featuredmedia":[{"embeddable":true,"href":"https:\/\/www.noticiasradioreflejos.com.ar\/2021\/wp-json\/wp\/v2\/media\/68768"}],"wp:attachment":[{"href":"https:\/\/www.noticiasradioreflejos.com.ar\/2021\/wp-json\/wp\/v2\/media?parent=69258"}],"wp:term":[{"taxonomy":"category","embeddable":true,"href":"https:\/\/www.noticiasradioreflejos.com.ar\/2021\/wp-json\/wp\/v2\/categories?post=69258"},{"taxonomy":"post_tag","embeddable":true,"href":"https:\/\/www.noticiasradioreflejos.com.ar\/2021\/wp-json\/wp\/v2\/tags?post=69258"}],"curies":[{"name":"wp","href":"https:\/\/api.w.org\/{rel}","templated":true}]}}