{"id":69255,"date":"2022-03-14T11:20:58","date_gmt":"2022-03-14T11:20:58","guid":{"rendered":"http:\/\/www.noticiasradioreflejos.com.ar\/2021\/?p=69255"},"modified":"2022-03-14T11:28:02","modified_gmt":"2022-03-14T11:28:02","slug":"tras-viajar-por-el-mundo-durante-22-anos-volvio-la-familia-zapp-al-obelisco","status":"publish","type":"post","link":"https:\/\/www.noticiasradioreflejos.com.ar\/2021\/tras-viajar-por-el-mundo-durante-22-anos-volvio-la-familia-zapp-al-obelisco\/","title":{"rendered":"Tras viajar por el mundo durante 22 a\u00f1os, volvi\u00f3 la familia Zapp al Obelisco"},"content":{"rendered":"<div class=\"social mt-3\">Con m\u00e1s de 300 mil kil\u00f3metros recorridos en todo el mundo, los viajeros dijeron que sienten \u00abel coraz\u00f3n lleno, tenemos un sue\u00f1o cumplido y la fortuna de compartirlo\u201d.<\/div>\n<p><!--more--><\/p>\n<div class=\"wrapper-editable-content\">\n<div>\n<div class=\"wrapper-editable-content\">\n<div>\n<div class=\"container-md\">\n<div class=\"row\">\n<div class=\"col-md-12 speak\">\n<div class=\"paragraph\">\n<figure class=\"mb-3\"><img decoding=\"async\" src=\"https:\/\/www.telam.com.ar\/thumbs\/bluesteel\/advf\/imagenes\/2022\/03\/622e102b4c692_900.jpg\" alt=\"La familia Zapp regres esta maana al Obelisco de Buenos Aires desde donde hace 22 aos haba partido con el sueo de recorrer el mundo Foto Leo Vaca\" width=\"100%\" height=\"100%\" \/><\/p>\n<div class=\"media-icons\"><\/div><figcaption>La familia Zapp regres\u00f3 esta ma\u00f1ana al Obelisco de Buenos Aires desde donde hace 22 a\u00f1os hab\u00eda partido con el sue\u00f1o de recorrer el mundo. Foto: Leo Vaca<\/figcaption><\/figure>\n<p>Tras visitar m\u00e1s de 100 pa\u00edses en cinco continentes a bordo de un autom\u00f3vil de 1928, la familia Zapp regres\u00f3 en la ma\u00f1ana del domingo al Obelisco de Buenos Aires desde donde hace 22 a\u00f1os hab\u00eda partido con el sue\u00f1o de recorrer el mundo.<\/p>\n<p><strong>\u201cSentimos el coraz\u00f3n lleno, tenemos un sue\u00f1o cumplido y la fortuna de compartirlo\u201d<\/strong>, manifest\u00f3 Hern\u00e1n Zapp que hab\u00eda iniciado la traves\u00eda junto con Candelaria el 25 de enero de 2000 y ahora volvieron con cuatro hijos adolescentes, nacidos en distintos pa\u00edses.<\/p>\n<figure class=\"mb-3\"><img decoding=\"async\" src=\"https:\/\/www.telam.com.ar\/thumbs\/bluesteel\/advf\/imagenes\/2022\/03\/622e102b1d91e_900.jpg\" alt=\"Sentimos el corazn lleno tenemos un sueo cumplido y la fortuna de compartirlo manifest Hernn Zapp Foto Leo Vaca\" width=\"100%\" height=\"100%\" \/><\/p>\n<div class=\"media-icons\"><\/div><figcaption>\u201cSentimos el coraz\u00f3n lleno, tenemos un sue\u00f1o cumplido y la fortuna de compartirlo\u201d, manifest\u00f3 Hern\u00e1n Zapp. Foto: Leo Vaca<\/figcaption><\/figure>\n<p>La familia viajera fue recibida alrededor de las 11 por decenas de personas en el Obelisco, en un domingo soleado, con banderas argentinas y aplausos.<\/p>\n<p>Los seis integrantes de la familia arribaron al centro porte\u00f1o\u00a0<strong>a bordo del Graham-Paige, de 1928,<\/strong>\u00a0con que realizaron el viaje que se extendi\u00f3<strong>\u00a0por m\u00e1s de 300.000 kil\u00f3metros.<\/strong><\/p>\n<figure class=\"mb-3\"><img decoding=\"async\" src=\"https:\/\/www.telam.com.ar\/thumbs\/bluesteel\/advf\/imagenes\/2022\/03\/622e102ae3a30_900.jpg\" alt=\"Los seis integrantes de la familia arribaron al centro porteo a bordo del GrahamPaige de 1928 Foto Leo Vaca\" width=\"100%\" height=\"100%\" \/><\/p>\n<div class=\"media-icons\"><\/div><figcaption>Los seis integrantes de la familia arribaron al centro porte\u00f1o a bordo del Graham-Paige, de 1928. Foto: Leo Vaca<\/figcaption><\/figure>\n<p>Minutos despu\u00e9s del arribo, Candelaria declar\u00f3 ante los medios: \u201cNunca hubi\u00e9ramos imaginado, cuando salimos de ac\u00e1, volver 22 a\u00f1os despu\u00e9s con hijos y con todo lo vivido\u201d.<\/p>\n<p>Y su marido agreg\u00f3: \u201cCuando salimos \u00e9ramos dos porque nadie nos cre\u00eda, pero qu\u00e9 lindo es que podamos compartir todo esto. Nos cobijaron en todas partes del mundo como si fu\u00e9ramos familia\u201d.<\/p>\n<p><strong>\u201cTenemos un mundo maravilloso, hay que ir a conocerlo\u201d<\/strong>, subray\u00f3 Hern\u00e1n.<\/p>\n<h2 class=\"\">La traves\u00eda<\/h2>\n<p>Hern\u00e1n y Candelaria iniciaron el viaje cuando llevaban seis a\u00f1os de casados, con la intenci\u00f3n inicial de llegar hasta Alaska, pero luego continuaron por el resto del mundo y fueron cumpliendo en el trayecto el deseo de tener hijos.<\/p>\n<p>En general, los Zapp<strong>\u00a0se hospedaron en m\u00e1s de 2.000 hogares que los recibieron\u00a0<\/strong>y Candelaria destac\u00f3 que \u00abes incre\u00edble la humanidad\u00bb y que \u00abmuchos nos ayudaron solo por ser parte de un sue\u00f1o\u00bb.<\/p>\n<figure class=\"mb-3\"><img decoding=\"async\" src=\"https:\/\/www.telam.com.ar\/thumbs\/bluesteel\/advf\/imagenes\/2022\/03\/622e102ab7327_900.jpg\" alt=\"Tenemos un mundo maravilloso hay que ir a conocerlo subray Hernn Foto Leo Vaca\" width=\"100%\" height=\"100%\" \/><\/p>\n<div class=\"media-icons\"><\/div><figcaption>\u201cTenemos un mundo maravilloso, hay que ir a conocerlo\u201d, subray\u00f3 Hern\u00e1n. Foto: Leo Vaca<\/figcaption><\/figure>\n<p>Durante la traves\u00eda Hern\u00e1n contrajo malaria; tambi\u00e9n atravesaron Asia cuando hab\u00eda gripe aviar, \u00c1frica con el \u00e9bola y Centroam\u00e9rica con dengue.<\/p>\n<p>Durante su traves\u00eda, los Zapp tambi\u00e9n<strong>\u00a0fueron recibidos por personalidades argentinas como Lionel Messi o el Papa Francisco,<\/strong>\u00a0a quienes les entregaron su libro \u201cAtrapa tus sue\u00f1os\u201d.<\/p>\n<p>\u00abLa idea era recorrer 20 pa\u00edses y terminamos recorriendo m\u00e1s de 100. Cumplimos dos sue\u00f1os: el de conocer el mundo que Dios nos dio y poder formar una familia\u00bb, dijo emocionado Herman.<\/p>\n<blockquote class=\"\"><p>\u00abLa idea era recorrer 20 pa\u00edses y terminamos recorriendo m\u00e1s de 100. Cumplimos dos sue\u00f1os: el de conocer el mundo que Dios nos dio y poder formar una familia\u00bb<\/p><\/blockquote>\n<p>Candelaria dijo que, durante la traves\u00eda, fue una \u201cmaestra estricta de sus hijos\u201d y que, con la conclusi\u00f3n del viaje, ingresar\u00e1n a una instituci\u00f3n educativa para continuar su formaci\u00f3n.<\/p>\n<p>\u00abA los chicos les encanta viajar, la pasaban super y en esta nueva etapa tambi\u00e9n la van a pasar genial. En el Obelisco termina una etapa y comienza otra. Sigue la aventura de vivir en Argentina, una linda aventura\u00bb, remarc\u00f3 Candelaria.<\/p>\n<\/div>\n<\/div>\n<\/div>\n<\/div>\n<\/div>\n<\/div>\n<\/div>\n<\/div>\n","protected":false},"excerpt":{"rendered":"<p>Con m\u00e1s de 300 mil kil\u00f3metros recorridos en todo el mundo, los viajeros dijeron que sienten \u00abel coraz\u00f3n lleno, tenemos un sue\u00f1o cumplido y la fortuna de compartirlo\u201d.<\/p>\n","protected":false},"author":3,"featured_media":0,"comment_status":"closed","ping_status":"closed","sticky":false,"template":"","format":"standard","meta":{"footnotes":""},"categories":[26,33],"tags":[48],"class_list":["post-69255","post","type-post","status-publish","format-standard","hentry","category-sociedad","category-turismo","tag-destacada"],"yoast_head":"<!-- This site is optimized with the Yoast SEO plugin v25.9 - https:\/\/yoast.com\/wordpress\/plugins\/seo\/ -->\n<title>Tras viajar por el mundo durante 22 a\u00f1os, volvi\u00f3 la familia Zapp al Obelisco - Noticias Radio Reflejos<\/title>\n<meta name=\"robots\" content=\"index, follow, max-snippet:-1, max-image-preview:large, max-video-preview:-1\" \/>\n<link rel=\"canonical\" href=\"https:\/\/www.noticiasradioreflejos.com.ar\/2021\/tras-viajar-por-el-mundo-durante-22-anos-volvio-la-familia-zapp-al-obelisco\/\" \/>\n<meta property=\"og:locale\" content=\"es_ES\" \/>\n<meta property=\"og:type\" content=\"article\" \/>\n<meta property=\"og:title\" content=\"Tras viajar por el mundo durante 22 a\u00f1os, volvi\u00f3 la familia Zapp al Obelisco - Noticias Radio Reflejos\" \/>\n<meta property=\"og:description\" content=\"Con m\u00e1s de 300 mil kil\u00f3metros recorridos en todo el mundo, los viajeros dijeron que sienten \u00abel coraz\u00f3n lleno, tenemos un sue\u00f1o cumplido y la fortuna de compartirlo\u201d.\" \/>\n<meta property=\"og:url\" content=\"https:\/\/www.noticiasradioreflejos.com.ar\/2021\/tras-viajar-por-el-mundo-durante-22-anos-volvio-la-familia-zapp-al-obelisco\/\" \/>\n<meta property=\"og:site_name\" content=\"Noticias Radio Reflejos\" \/>\n<meta property=\"article:published_time\" content=\"2022-03-14T11:20:58+00:00\" \/>\n<meta property=\"article:modified_time\" content=\"2022-03-14T11:28:02+00:00\" \/>\n<meta property=\"og:image\" content=\"https:\/\/www.telam.com.ar\/thumbs\/bluesteel\/advf\/imagenes\/2022\/03\/622e102b4c692_900.jpg\" \/>\n<meta name=\"author\" content=\"Arnaldo Botto\" \/>\n<meta name=\"twitter:card\" content=\"summary_large_image\" \/>\n<script type=\"application\/ld+json\" class=\"yoast-schema-graph\">{\"@context\":\"https:\/\/schema.org\",\"@graph\":[{\"@type\":\"WebPage\",\"@id\":\"https:\/\/www.noticiasradioreflejos.com.ar\/2021\/tras-viajar-por-el-mundo-durante-22-anos-volvio-la-familia-zapp-al-obelisco\/\",\"url\":\"https:\/\/www.noticiasradioreflejos.com.ar\/2021\/tras-viajar-por-el-mundo-durante-22-anos-volvio-la-familia-zapp-al-obelisco\/\",\"name\":\"Tras viajar por el mundo durante 22 a\u00f1os, volvi\u00f3 la familia Zapp al Obelisco - Noticias Radio Reflejos\",\"isPartOf\":{\"@id\":\"https:\/\/www.noticiasradioreflejos.com.ar\/2021\/#website\"},\"primaryImageOfPage\":{\"@id\":\"https:\/\/www.noticiasradioreflejos.com.ar\/2021\/tras-viajar-por-el-mundo-durante-22-anos-volvio-la-familia-zapp-al-obelisco\/#primaryimage\"},\"image\":{\"@id\":\"https:\/\/www.noticiasradioreflejos.com.ar\/2021\/tras-viajar-por-el-mundo-durante-22-anos-volvio-la-familia-zapp-al-obelisco\/#primaryimage\"},\"thumbnailUrl\":\"https:\/\/www.telam.com.ar\/thumbs\/bluesteel\/advf\/imagenes\/2022\/03\/622e102b4c692_900.jpg\",\"datePublished\":\"2022-03-14T11:20:58+00:00\",\"dateModified\":\"2022-03-14T11:28:02+00:00\",\"author\":{\"@id\":\"https:\/\/www.noticiasradioreflejos.com.ar\/2021\/#\/schema\/person\/ad82545263dcc5ec0996818884fd5fb1\"},\"breadcrumb\":{\"@id\":\"https:\/\/www.noticiasradioreflejos.com.ar\/2021\/tras-viajar-por-el-mundo-durante-22-anos-volvio-la-familia-zapp-al-obelisco\/#breadcrumb\"},\"inLanguage\":\"es\",\"potentialAction\":[{\"@type\":\"ReadAction\",\"target\":[\"https:\/\/www.noticiasradioreflejos.com.ar\/2021\/tras-viajar-por-el-mundo-durante-22-anos-volvio-la-familia-zapp-al-obelisco\/\"]}]},{\"@type\":\"ImageObject\",\"inLanguage\":\"es\",\"@id\":\"https:\/\/www.noticiasradioreflejos.com.ar\/2021\/tras-viajar-por-el-mundo-durante-22-anos-volvio-la-familia-zapp-al-obelisco\/#primaryimage\",\"url\":\"https:\/\/www.telam.com.ar\/thumbs\/bluesteel\/advf\/imagenes\/2022\/03\/622e102b4c692_900.jpg\",\"contentUrl\":\"https:\/\/www.telam.com.ar\/thumbs\/bluesteel\/advf\/imagenes\/2022\/03\/622e102b4c692_900.jpg\"},{\"@type\":\"BreadcrumbList\",\"@id\":\"https:\/\/www.noticiasradioreflejos.com.ar\/2021\/tras-viajar-por-el-mundo-durante-22-anos-volvio-la-familia-zapp-al-obelisco\/#breadcrumb\",\"itemListElement\":[{\"@type\":\"ListItem\",\"position\":1,\"name\":\"Portada\",\"item\":\"https:\/\/www.noticiasradioreflejos.com.ar\/2021\/\"},{\"@type\":\"ListItem\",\"position\":2,\"name\":\"Tras viajar por el mundo durante 22 a\u00f1os, volvi\u00f3 la familia Zapp al Obelisco\"}]},{\"@type\":\"WebSite\",\"@id\":\"https:\/\/www.noticiasradioreflejos.com.ar\/2021\/#website\",\"url\":\"https:\/\/www.noticiasradioreflejos.com.ar\/2021\/\",\"name\":\"Noticias Radio Reflejos\",\"description\":\"Las noticias de mi comarca\",\"potentialAction\":[{\"@type\":\"SearchAction\",\"target\":{\"@type\":\"EntryPoint\",\"urlTemplate\":\"https:\/\/www.noticiasradioreflejos.com.ar\/2021\/?s={search_term_string}\"},\"query-input\":{\"@type\":\"PropertyValueSpecification\",\"valueRequired\":true,\"valueName\":\"search_term_string\"}}],\"inLanguage\":\"es\"},{\"@type\":\"Person\",\"@id\":\"https:\/\/www.noticiasradioreflejos.com.ar\/2021\/#\/schema\/person\/ad82545263dcc5ec0996818884fd5fb1\",\"name\":\"Arnaldo Botto\",\"image\":{\"@type\":\"ImageObject\",\"inLanguage\":\"es\",\"@id\":\"https:\/\/www.noticiasradioreflejos.com.ar\/2021\/#\/schema\/person\/image\/\",\"url\":\"https:\/\/secure.gravatar.com\/avatar\/55cb5e37c1efa326397366e6974cb338056df65cb50e7d64d1cf314e87504837?s=96&d=mm&r=g\",\"contentUrl\":\"https:\/\/secure.gravatar.com\/avatar\/55cb5e37c1efa326397366e6974cb338056df65cb50e7d64d1cf314e87504837?s=96&d=mm&r=g\",\"caption\":\"Arnaldo Botto\"},\"url\":\"https:\/\/www.noticiasradioreflejos.com.ar\/2021\/author\/arnaldo\/\"}]}<\/script>\n<!-- \/ Yoast SEO plugin. -->","yoast_head_json":{"title":"Tras viajar por el mundo durante 22 a\u00f1os, volvi\u00f3 la familia Zapp al Obelisco - Noticias Radio Reflejos","robots":{"index":"index","follow":"follow","max-snippet":"max-snippet:-1","max-image-preview":"max-image-preview:large","max-video-preview":"max-video-preview:-1"},"canonical":"https:\/\/www.noticiasradioreflejos.com.ar\/2021\/tras-viajar-por-el-mundo-durante-22-anos-volvio-la-familia-zapp-al-obelisco\/","og_locale":"es_ES","og_type":"article","og_title":"Tras viajar por el mundo durante 22 a\u00f1os, volvi\u00f3 la familia Zapp al Obelisco - Noticias Radio Reflejos","og_description":"Con m\u00e1s de 300 mil kil\u00f3metros recorridos en todo el mundo, los viajeros dijeron que sienten \u00abel coraz\u00f3n lleno, tenemos un sue\u00f1o cumplido y la fortuna de compartirlo\u201d.","og_url":"https:\/\/www.noticiasradioreflejos.com.ar\/2021\/tras-viajar-por-el-mundo-durante-22-anos-volvio-la-familia-zapp-al-obelisco\/","og_site_name":"Noticias Radio Reflejos","article_published_time":"2022-03-14T11:20:58+00:00","article_modified_time":"2022-03-14T11:28:02+00:00","og_image":[{"url":"https:\/\/www.telam.com.ar\/thumbs\/bluesteel\/advf\/imagenes\/2022\/03\/622e102b4c692_900.jpg","type":"","width":"","height":""}],"author":"Arnaldo Botto","twitter_card":"summary_large_image","schema":{"@context":"https:\/\/schema.org","@graph":[{"@type":"WebPage","@id":"https:\/\/www.noticiasradioreflejos.com.ar\/2021\/tras-viajar-por-el-mundo-durante-22-anos-volvio-la-familia-zapp-al-obelisco\/","url":"https:\/\/www.noticiasradioreflejos.com.ar\/2021\/tras-viajar-por-el-mundo-durante-22-anos-volvio-la-familia-zapp-al-obelisco\/","name":"Tras viajar por el mundo durante 22 a\u00f1os, volvi\u00f3 la familia Zapp al Obelisco - Noticias Radio Reflejos","isPartOf":{"@id":"https:\/\/www.noticiasradioreflejos.com.ar\/2021\/#website"},"primaryImageOfPage":{"@id":"https:\/\/www.noticiasradioreflejos.com.ar\/2021\/tras-viajar-por-el-mundo-durante-22-anos-volvio-la-familia-zapp-al-obelisco\/#primaryimage"},"image":{"@id":"https:\/\/www.noticiasradioreflejos.com.ar\/2021\/tras-viajar-por-el-mundo-durante-22-anos-volvio-la-familia-zapp-al-obelisco\/#primaryimage"},"thumbnailUrl":"https:\/\/www.telam.com.ar\/thumbs\/bluesteel\/advf\/imagenes\/2022\/03\/622e102b4c692_900.jpg","datePublished":"2022-03-14T11:20:58+00:00","dateModified":"2022-03-14T11:28:02+00:00","author":{"@id":"https:\/\/www.noticiasradioreflejos.com.ar\/2021\/#\/schema\/person\/ad82545263dcc5ec0996818884fd5fb1"},"breadcrumb":{"@id":"https:\/\/www.noticiasradioreflejos.com.ar\/2021\/tras-viajar-por-el-mundo-durante-22-anos-volvio-la-familia-zapp-al-obelisco\/#breadcrumb"},"inLanguage":"es","potentialAction":[{"@type":"ReadAction","target":["https:\/\/www.noticiasradioreflejos.com.ar\/2021\/tras-viajar-por-el-mundo-durante-22-anos-volvio-la-familia-zapp-al-obelisco\/"]}]},{"@type":"ImageObject","inLanguage":"es","@id":"https:\/\/www.noticiasradioreflejos.com.ar\/2021\/tras-viajar-por-el-mundo-durante-22-anos-volvio-la-familia-zapp-al-obelisco\/#primaryimage","url":"https:\/\/www.telam.com.ar\/thumbs\/bluesteel\/advf\/imagenes\/2022\/03\/622e102b4c692_900.jpg","contentUrl":"https:\/\/www.telam.com.ar\/thumbs\/bluesteel\/advf\/imagenes\/2022\/03\/622e102b4c692_900.jpg"},{"@type":"BreadcrumbList","@id":"https:\/\/www.noticiasradioreflejos.com.ar\/2021\/tras-viajar-por-el-mundo-durante-22-anos-volvio-la-familia-zapp-al-obelisco\/#breadcrumb","itemListElement":[{"@type":"ListItem","position":1,"name":"Portada","item":"https:\/\/www.noticiasradioreflejos.com.ar\/2021\/"},{"@type":"ListItem","position":2,"name":"Tras viajar por el mundo durante 22 a\u00f1os, volvi\u00f3 la familia Zapp al Obelisco"}]},{"@type":"WebSite","@id":"https:\/\/www.noticiasradioreflejos.com.ar\/2021\/#website","url":"https:\/\/www.noticiasradioreflejos.com.ar\/2021\/","name":"Noticias Radio Reflejos","description":"Las noticias de mi comarca","potentialAction":[{"@type":"SearchAction","target":{"@type":"EntryPoint","urlTemplate":"https:\/\/www.noticiasradioreflejos.com.ar\/2021\/?s={search_term_string}"},"query-input":{"@type":"PropertyValueSpecification","valueRequired":true,"valueName":"search_term_string"}}],"inLanguage":"es"},{"@type":"Person","@id":"https:\/\/www.noticiasradioreflejos.com.ar\/2021\/#\/schema\/person\/ad82545263dcc5ec0996818884fd5fb1","name":"Arnaldo Botto","image":{"@type":"ImageObject","inLanguage":"es","@id":"https:\/\/www.noticiasradioreflejos.com.ar\/2021\/#\/schema\/person\/image\/","url":"https:\/\/secure.gravatar.com\/avatar\/55cb5e37c1efa326397366e6974cb338056df65cb50e7d64d1cf314e87504837?s=96&d=mm&r=g","contentUrl":"https:\/\/secure.gravatar.com\/avatar\/55cb5e37c1efa326397366e6974cb338056df65cb50e7d64d1cf314e87504837?s=96&d=mm&r=g","caption":"Arnaldo Botto"},"url":"https:\/\/www.noticiasradioreflejos.com.ar\/2021\/author\/arnaldo\/"}]}},"_links":{"self":[{"href":"https:\/\/www.noticiasradioreflejos.com.ar\/2021\/wp-json\/wp\/v2\/posts\/69255","targetHints":{"allow":["GET"]}}],"collection":[{"href":"https:\/\/www.noticiasradioreflejos.com.ar\/2021\/wp-json\/wp\/v2\/posts"}],"about":[{"href":"https:\/\/www.noticiasradioreflejos.com.ar\/2021\/wp-json\/wp\/v2\/types\/post"}],"author":[{"embeddable":true,"href":"https:\/\/www.noticiasradioreflejos.com.ar\/2021\/wp-json\/wp\/v2\/users\/3"}],"replies":[{"embeddable":true,"href":"https:\/\/www.noticiasradioreflejos.com.ar\/2021\/wp-json\/wp\/v2\/comments?post=69255"}],"version-history":[{"count":1,"href":"https:\/\/www.noticiasradioreflejos.com.ar\/2021\/wp-json\/wp\/v2\/posts\/69255\/revisions"}],"predecessor-version":[{"id":69257,"href":"https:\/\/www.noticiasradioreflejos.com.ar\/2021\/wp-json\/wp\/v2\/posts\/69255\/revisions\/69257"}],"wp:attachment":[{"href":"https:\/\/www.noticiasradioreflejos.com.ar\/2021\/wp-json\/wp\/v2\/media?parent=69255"}],"wp:term":[{"taxonomy":"category","embeddable":true,"href":"https:\/\/www.noticiasradioreflejos.com.ar\/2021\/wp-json\/wp\/v2\/categories?post=69255"},{"taxonomy":"post_tag","embeddable":true,"href":"https:\/\/www.noticiasradioreflejos.com.ar\/2021\/wp-json\/wp\/v2\/tags?post=69255"}],"curies":[{"name":"wp","href":"https:\/\/api.w.org\/{rel}","templated":true}]}}