{"id":69250,"date":"2022-03-14T11:15:26","date_gmt":"2022-03-14T11:15:26","guid":{"rendered":"http:\/\/www.noticiasradioreflejos.com.ar\/2021\/?p=69250"},"modified":"2022-03-14T11:17:33","modified_gmt":"2022-03-14T11:17:33","slug":"cierran-las-exportaciones-de-harina-y-aceite-de-soja","status":"publish","type":"post","link":"https:\/\/www.noticiasradioreflejos.com.ar\/2021\/cierran-las-exportaciones-de-harina-y-aceite-de-soja\/","title":{"rendered":"Cierran las exportaciones de harina y aceite de soja"},"content":{"rendered":"<div class=\"section-2-col article-header\">\n<div class=\"col 2-col\">\n<p>El poroto de soja paga una retenci\u00f3n de 33 por ciento y los subproductos industriales 31 por ciento.\u00a0 La intenci\u00f3n ser\u00eda unificar la al\u00edcuota en 33 por ciento.<\/p>\n<\/div>\n<\/div>\n<p><!--more--><\/p>\n<div class=\"section-2-col article-main-image\">\n<div class=\"col 2-col\">\n<div class=\"article-main-media-image__container\">\n<div class=\"image-wrapper\">\n<figure>\n<figure class=\"object-fit-block--contain intrinsic-container intrinsic-container-3x2\"><img decoding=\"async\" class=\" \" src=\"https:\/\/images.pagina12.com.ar\/styles\/focal_3_2_960x640\/public\/2022-03\/402211-whatsapp-20image-202022-03-13-20at-2019-02-28.jpeg?itok=ds6CbvYw\" alt=\"Si se concreta la suba de 2 puntos en los subproductos de la soja, el gobierno podr\u00eda incrementar la recaudaci\u00f3n en unos 400 millones de d\u00f3lares. (Fuente: NA)\" \/><\/figure><figcaption>Si se concreta la suba de 2 puntos en los subproductos de la soja, el gobierno podr\u00eda incrementar la recaudaci\u00f3n en unos 400 millones de d\u00f3lares.. Imagen: NA<\/figcaption><\/figure>\n<\/div>\n<\/div>\n<\/div>\n<\/div>\n<div class=\"section-2-col article-main-content\">\n<div class=\"col 1-col\"><\/div>\n<div class=\"col 2-col\">\n<div class=\"article-main-content article-text \">\n<p>El gobierno\u00a0<b>decidi\u00f3 cerrar a partir de este domingo los registros para nuevas exportaciones de aceite y harina de soja \u201chasta nuevo aviso\u201d<\/b>. Fuentes del sector privado afirman que es el paso previo a la implementaci\u00f3n de una suba de los derechos de exportaci\u00f3n para el complejo industrial de la oleaginosa, medida que la administraci\u00f3n de Alberto Fern\u00e1ndez viene evaluando a ra\u00edz del aumento que registr\u00f3 la cotizaci\u00f3n internacional de este cultivo en las \u00faltimas semanas.<\/p>\n<p>\u201cHabiendo recibido las correspondientes instrucciones del se\u00f1or ministro de Agricultura, Ganader\u00eda y Pesca, est\u00e1 Subsecretar\u00eda de Mercados Agropecuarios pone en conocimiento del sector exportador de los productos agr\u00edcolas comprendidos en el r\u00e9gimen creado por la ley 21.453 que a partir de la fecha de la presente y hasta nuevo aviso el Registro de Declaraciones Juradas de Venta al Exterior que involucre la exportaci\u00f3n de las siguientes posiciones arancelarias quedar\u00e1 suspendido a todos sus efectos\u201d, dice el comunicado oficial, firmado por el subsecretario Javier Preciado Pati\u00f1o, que luego rese\u00f1a las posiciones arancelarias correspondientes a la harina de soja, el aceite de soja y otros subproductos.<\/p>\n<div id=\"talkFireEvent\"><\/div>\n<h2><b>Qu\u00e9 retenciones subir\u00edan<\/b><\/h2>\n<p>En la actualidad existe un diferencial de derechos de exportaci\u00f3n entre el poroto de soja, que paga 33 por ciento, y sus subproductos, como la harina y el aceite, que pagan 31 por ciento. Esa diferencia se explic\u00f3 en su momento por la intenci\u00f3n de alentar la exportaci\u00f3n de productos con mayor valor agregado. Sin embargo, en la industria ven\u00edan especulando con la posibilidad de que el gobierno elimine esa brecha.<\/p>\n<p>A diferencia del trigo y el ma\u00edz, el impacto que genera la suba del precio de la soja en los precios internos es mucho menor porque la oleaginosa pr\u00e1cticamente no se consume en el mercado local, aunque se la suele utilizar como alimentaci\u00f3n animal. Esto llev\u00f3 a algunos especialistas a especular en los \u00faltimos d\u00edas con que est\u00e1 suba puntual no tendr\u00eda como objetivo desacoplar los precios internacionales de los locales sino incrementar la recaudaci\u00f3n, aprovechando el incremento que registr\u00f3 la cotizaci\u00f3n internacional del cultivo en las \u00faltimas semanas cuando a ra\u00edz de la guerra en Ucrania la tonelada se dispar\u00f3 por encima de los 600 d\u00f3lares alcanzando su mayor valor desde 2012.<\/p>\n<p>Si se concreta la suba de 2 puntos en los subproductos de la soja, el gobierno podr\u00eda incrementar la recaudaci\u00f3n en\u00a0<b>unos 400 millones de d\u00f3lares adicionales<\/b>\u00a0elevando la cifra total por retenciones de esos productos a unos\u00a0<b>6800 millones de d\u00f3lares anuales<\/b>, pues se aplicar\u00eda justo en el comienzo de la cosecha. El poroto de soja, en cambio, seguir\u00e1 pagando un 33 por ciento. De hecho, su exportaci\u00f3n no est\u00e1 cerrada.<\/p>\n<p>La decisi\u00f3n de cerrar el registro es pr\u00e1cticamente una confirmaci\u00f3n de que las retenciones de esos productos subir\u00e1n y tiene como objetivo evitar que los exportadores se apresuren a registrar sus ventas al exterior para congelar de ese modo el derecho de exportaci\u00f3n vigente.<\/p>\n<p>Si finalmente se confirma la suba, el ministro de Agricultura\u00a0<b>Juli\u00e1n Dom\u00ednguez<\/b>\u00a0quedar\u00e1 en un lugar inc\u00f3modo ya que en una conferencia de prensa ofrecida el 3 de marzo hab\u00eda negado una suba de retenciones. \u201cEste ministerio quiere que se exporte m\u00e1s y este ministro quiere llegar al mill\u00f3n de toneladas y los temas agropecuarios desde que asum\u00ed, los decide este ministro y el Presidente, por eso no va a haber cierre de exportaci\u00f3n ni aumento de retenciones. Esta es la visi\u00f3n y la tarea que me deleg\u00f3 el Presidente de la Rep\u00fablica\u201d, asegur\u00f3 entonces.<\/p>\n<h2><b>Reacci\u00f3n empresaria<\/b><\/h2>\n<p>&nbsp;<\/p>\n<p>Apenas se conoci\u00f3 el cierre del registro, la\u00a0<b>C\u00e1mara de la Industria Aceitera Argentina (CIARA)\u00a0<\/b>dio por hecho a trav\u00e9s de su cuenta de Twitter que la decisi\u00f3n del gobierno es subir dos puntos las retenciones al complejo industrial y adelant\u00f3 su rechazo: \u201cEs totalmente contrario al inter\u00e9s exportador de la Argentina. Adem\u00e1s de ser ilegal, va a afectar el ingreso de divisas y el empleo en el cord\u00f3n agroindustrial\u201d, asegur\u00f3 la entidad. Adem\u00e1s, CIARA adelant\u00f3 que la medida \u201c<b>pone fin a los fideicomisos de ma\u00edz, trigo y aceite<\/b>, puesto que cambia las condiciones de comercio exterior.<\/p>\n<\/div>\n<\/div>\n<\/div>\n<p>&nbsp;<\/p>\n<div class=\"section-2-col article-main-content\">\n<div class=\"col 2-col\">\n<h4><strong><span style=\"color: #000080;\">Fuente P\u00e1gina 12<\/span><\/strong><\/h4>\n<\/div>\n<\/div>\n","protected":false},"excerpt":{"rendered":"<p>El poroto de soja paga una retenci\u00f3n de 33 por ciento y los subproductos industriales 31 por ciento.\u00a0 La intenci\u00f3n ser\u00eda unificar la al\u00edcuota en 33 por ciento.<\/p>\n","protected":false},"author":3,"featured_media":0,"comment_status":"closed","ping_status":"closed","sticky":false,"template":"","format":"standard","meta":{"footnotes":""},"categories":[36,24,26],"tags":[],"class_list":["post-69250","post","type-post","status-publish","format-standard","hentry","category-economia","category-politica","category-sociedad"],"yoast_head":"<!-- This site is optimized with the Yoast SEO plugin v25.9 - https:\/\/yoast.com\/wordpress\/plugins\/seo\/ -->\n<title>Cierran las exportaciones de harina y aceite de soja - Noticias Radio Reflejos<\/title>\n<meta name=\"robots\" content=\"index, follow, max-snippet:-1, max-image-preview:large, max-video-preview:-1\" \/>\n<link rel=\"canonical\" href=\"https:\/\/www.noticiasradioreflejos.com.ar\/2021\/cierran-las-exportaciones-de-harina-y-aceite-de-soja\/\" \/>\n<meta property=\"og:locale\" content=\"es_ES\" \/>\n<meta property=\"og:type\" content=\"article\" \/>\n<meta property=\"og:title\" content=\"Cierran las exportaciones de harina y aceite de soja - Noticias Radio Reflejos\" \/>\n<meta property=\"og:description\" content=\"El poroto de soja paga una retenci\u00f3n de 33 por ciento y los subproductos industriales 31 por ciento.\u00a0 La intenci\u00f3n ser\u00eda unificar la al\u00edcuota en 33 por ciento.\" \/>\n<meta property=\"og:url\" content=\"https:\/\/www.noticiasradioreflejos.com.ar\/2021\/cierran-las-exportaciones-de-harina-y-aceite-de-soja\/\" \/>\n<meta property=\"og:site_name\" content=\"Noticias Radio Reflejos\" \/>\n<meta property=\"article:published_time\" content=\"2022-03-14T11:15:26+00:00\" \/>\n<meta property=\"article:modified_time\" content=\"2022-03-14T11:17:33+00:00\" \/>\n<meta property=\"og:image\" content=\"https:\/\/images.pagina12.com.ar\/styles\/focal_3_2_960x640\/public\/2022-03\/402211-whatsapp-20image-202022-03-13-20at-2019-02-28.jpeg?itok=ds6CbvYw\" \/>\n<meta name=\"author\" content=\"Arnaldo Botto\" \/>\n<meta name=\"twitter:card\" content=\"summary_large_image\" \/>\n<script type=\"application\/ld+json\" class=\"yoast-schema-graph\">{\"@context\":\"https:\/\/schema.org\",\"@graph\":[{\"@type\":\"WebPage\",\"@id\":\"https:\/\/www.noticiasradioreflejos.com.ar\/2021\/cierran-las-exportaciones-de-harina-y-aceite-de-soja\/\",\"url\":\"https:\/\/www.noticiasradioreflejos.com.ar\/2021\/cierran-las-exportaciones-de-harina-y-aceite-de-soja\/\",\"name\":\"Cierran las exportaciones de harina y aceite de soja - Noticias Radio Reflejos\",\"isPartOf\":{\"@id\":\"https:\/\/www.noticiasradioreflejos.com.ar\/2021\/#website\"},\"primaryImageOfPage\":{\"@id\":\"https:\/\/www.noticiasradioreflejos.com.ar\/2021\/cierran-las-exportaciones-de-harina-y-aceite-de-soja\/#primaryimage\"},\"image\":{\"@id\":\"https:\/\/www.noticiasradioreflejos.com.ar\/2021\/cierran-las-exportaciones-de-harina-y-aceite-de-soja\/#primaryimage\"},\"thumbnailUrl\":\"https:\/\/images.pagina12.com.ar\/styles\/focal_3_2_960x640\/public\/2022-03\/402211-whatsapp-20image-202022-03-13-20at-2019-02-28.jpeg?itok=ds6CbvYw\",\"datePublished\":\"2022-03-14T11:15:26+00:00\",\"dateModified\":\"2022-03-14T11:17:33+00:00\",\"author\":{\"@id\":\"https:\/\/www.noticiasradioreflejos.com.ar\/2021\/#\/schema\/person\/ad82545263dcc5ec0996818884fd5fb1\"},\"breadcrumb\":{\"@id\":\"https:\/\/www.noticiasradioreflejos.com.ar\/2021\/cierran-las-exportaciones-de-harina-y-aceite-de-soja\/#breadcrumb\"},\"inLanguage\":\"es\",\"potentialAction\":[{\"@type\":\"ReadAction\",\"target\":[\"https:\/\/www.noticiasradioreflejos.com.ar\/2021\/cierran-las-exportaciones-de-harina-y-aceite-de-soja\/\"]}]},{\"@type\":\"ImageObject\",\"inLanguage\":\"es\",\"@id\":\"https:\/\/www.noticiasradioreflejos.com.ar\/2021\/cierran-las-exportaciones-de-harina-y-aceite-de-soja\/#primaryimage\",\"url\":\"https:\/\/images.pagina12.com.ar\/styles\/focal_3_2_960x640\/public\/2022-03\/402211-whatsapp-20image-202022-03-13-20at-2019-02-28.jpeg?itok=ds6CbvYw\",\"contentUrl\":\"https:\/\/images.pagina12.com.ar\/styles\/focal_3_2_960x640\/public\/2022-03\/402211-whatsapp-20image-202022-03-13-20at-2019-02-28.jpeg?itok=ds6CbvYw\"},{\"@type\":\"BreadcrumbList\",\"@id\":\"https:\/\/www.noticiasradioreflejos.com.ar\/2021\/cierran-las-exportaciones-de-harina-y-aceite-de-soja\/#breadcrumb\",\"itemListElement\":[{\"@type\":\"ListItem\",\"position\":1,\"name\":\"Portada\",\"item\":\"https:\/\/www.noticiasradioreflejos.com.ar\/2021\/\"},{\"@type\":\"ListItem\",\"position\":2,\"name\":\"Cierran las exportaciones de harina y aceite de soja\"}]},{\"@type\":\"WebSite\",\"@id\":\"https:\/\/www.noticiasradioreflejos.com.ar\/2021\/#website\",\"url\":\"https:\/\/www.noticiasradioreflejos.com.ar\/2021\/\",\"name\":\"Noticias Radio Reflejos\",\"description\":\"Las noticias de mi comarca\",\"potentialAction\":[{\"@type\":\"SearchAction\",\"target\":{\"@type\":\"EntryPoint\",\"urlTemplate\":\"https:\/\/www.noticiasradioreflejos.com.ar\/2021\/?s={search_term_string}\"},\"query-input\":{\"@type\":\"PropertyValueSpecification\",\"valueRequired\":true,\"valueName\":\"search_term_string\"}}],\"inLanguage\":\"es\"},{\"@type\":\"Person\",\"@id\":\"https:\/\/www.noticiasradioreflejos.com.ar\/2021\/#\/schema\/person\/ad82545263dcc5ec0996818884fd5fb1\",\"name\":\"Arnaldo Botto\",\"image\":{\"@type\":\"ImageObject\",\"inLanguage\":\"es\",\"@id\":\"https:\/\/www.noticiasradioreflejos.com.ar\/2021\/#\/schema\/person\/image\/\",\"url\":\"https:\/\/secure.gravatar.com\/avatar\/55cb5e37c1efa326397366e6974cb338056df65cb50e7d64d1cf314e87504837?s=96&d=mm&r=g\",\"contentUrl\":\"https:\/\/secure.gravatar.com\/avatar\/55cb5e37c1efa326397366e6974cb338056df65cb50e7d64d1cf314e87504837?s=96&d=mm&r=g\",\"caption\":\"Arnaldo Botto\"},\"url\":\"https:\/\/www.noticiasradioreflejos.com.ar\/2021\/author\/arnaldo\/\"}]}<\/script>\n<!-- \/ Yoast SEO plugin. -->","yoast_head_json":{"title":"Cierran las exportaciones de harina y aceite de soja - Noticias Radio Reflejos","robots":{"index":"index","follow":"follow","max-snippet":"max-snippet:-1","max-image-preview":"max-image-preview:large","max-video-preview":"max-video-preview:-1"},"canonical":"https:\/\/www.noticiasradioreflejos.com.ar\/2021\/cierran-las-exportaciones-de-harina-y-aceite-de-soja\/","og_locale":"es_ES","og_type":"article","og_title":"Cierran las exportaciones de harina y aceite de soja - Noticias Radio Reflejos","og_description":"El poroto de soja paga una retenci\u00f3n de 33 por ciento y los subproductos industriales 31 por ciento.\u00a0 La intenci\u00f3n ser\u00eda unificar la al\u00edcuota en 33 por ciento.","og_url":"https:\/\/www.noticiasradioreflejos.com.ar\/2021\/cierran-las-exportaciones-de-harina-y-aceite-de-soja\/","og_site_name":"Noticias Radio Reflejos","article_published_time":"2022-03-14T11:15:26+00:00","article_modified_time":"2022-03-14T11:17:33+00:00","og_image":[{"url":"https:\/\/images.pagina12.com.ar\/styles\/focal_3_2_960x640\/public\/2022-03\/402211-whatsapp-20image-202022-03-13-20at-2019-02-28.jpeg?itok=ds6CbvYw","type":"","width":"","height":""}],"author":"Arnaldo Botto","twitter_card":"summary_large_image","schema":{"@context":"https:\/\/schema.org","@graph":[{"@type":"WebPage","@id":"https:\/\/www.noticiasradioreflejos.com.ar\/2021\/cierran-las-exportaciones-de-harina-y-aceite-de-soja\/","url":"https:\/\/www.noticiasradioreflejos.com.ar\/2021\/cierran-las-exportaciones-de-harina-y-aceite-de-soja\/","name":"Cierran las exportaciones de harina y aceite de soja - Noticias Radio Reflejos","isPartOf":{"@id":"https:\/\/www.noticiasradioreflejos.com.ar\/2021\/#website"},"primaryImageOfPage":{"@id":"https:\/\/www.noticiasradioreflejos.com.ar\/2021\/cierran-las-exportaciones-de-harina-y-aceite-de-soja\/#primaryimage"},"image":{"@id":"https:\/\/www.noticiasradioreflejos.com.ar\/2021\/cierran-las-exportaciones-de-harina-y-aceite-de-soja\/#primaryimage"},"thumbnailUrl":"https:\/\/images.pagina12.com.ar\/styles\/focal_3_2_960x640\/public\/2022-03\/402211-whatsapp-20image-202022-03-13-20at-2019-02-28.jpeg?itok=ds6CbvYw","datePublished":"2022-03-14T11:15:26+00:00","dateModified":"2022-03-14T11:17:33+00:00","author":{"@id":"https:\/\/www.noticiasradioreflejos.com.ar\/2021\/#\/schema\/person\/ad82545263dcc5ec0996818884fd5fb1"},"breadcrumb":{"@id":"https:\/\/www.noticiasradioreflejos.com.ar\/2021\/cierran-las-exportaciones-de-harina-y-aceite-de-soja\/#breadcrumb"},"inLanguage":"es","potentialAction":[{"@type":"ReadAction","target":["https:\/\/www.noticiasradioreflejos.com.ar\/2021\/cierran-las-exportaciones-de-harina-y-aceite-de-soja\/"]}]},{"@type":"ImageObject","inLanguage":"es","@id":"https:\/\/www.noticiasradioreflejos.com.ar\/2021\/cierran-las-exportaciones-de-harina-y-aceite-de-soja\/#primaryimage","url":"https:\/\/images.pagina12.com.ar\/styles\/focal_3_2_960x640\/public\/2022-03\/402211-whatsapp-20image-202022-03-13-20at-2019-02-28.jpeg?itok=ds6CbvYw","contentUrl":"https:\/\/images.pagina12.com.ar\/styles\/focal_3_2_960x640\/public\/2022-03\/402211-whatsapp-20image-202022-03-13-20at-2019-02-28.jpeg?itok=ds6CbvYw"},{"@type":"BreadcrumbList","@id":"https:\/\/www.noticiasradioreflejos.com.ar\/2021\/cierran-las-exportaciones-de-harina-y-aceite-de-soja\/#breadcrumb","itemListElement":[{"@type":"ListItem","position":1,"name":"Portada","item":"https:\/\/www.noticiasradioreflejos.com.ar\/2021\/"},{"@type":"ListItem","position":2,"name":"Cierran las exportaciones de harina y aceite de soja"}]},{"@type":"WebSite","@id":"https:\/\/www.noticiasradioreflejos.com.ar\/2021\/#website","url":"https:\/\/www.noticiasradioreflejos.com.ar\/2021\/","name":"Noticias Radio Reflejos","description":"Las noticias de mi comarca","potentialAction":[{"@type":"SearchAction","target":{"@type":"EntryPoint","urlTemplate":"https:\/\/www.noticiasradioreflejos.com.ar\/2021\/?s={search_term_string}"},"query-input":{"@type":"PropertyValueSpecification","valueRequired":true,"valueName":"search_term_string"}}],"inLanguage":"es"},{"@type":"Person","@id":"https:\/\/www.noticiasradioreflejos.com.ar\/2021\/#\/schema\/person\/ad82545263dcc5ec0996818884fd5fb1","name":"Arnaldo Botto","image":{"@type":"ImageObject","inLanguage":"es","@id":"https:\/\/www.noticiasradioreflejos.com.ar\/2021\/#\/schema\/person\/image\/","url":"https:\/\/secure.gravatar.com\/avatar\/55cb5e37c1efa326397366e6974cb338056df65cb50e7d64d1cf314e87504837?s=96&d=mm&r=g","contentUrl":"https:\/\/secure.gravatar.com\/avatar\/55cb5e37c1efa326397366e6974cb338056df65cb50e7d64d1cf314e87504837?s=96&d=mm&r=g","caption":"Arnaldo Botto"},"url":"https:\/\/www.noticiasradioreflejos.com.ar\/2021\/author\/arnaldo\/"}]}},"_links":{"self":[{"href":"https:\/\/www.noticiasradioreflejos.com.ar\/2021\/wp-json\/wp\/v2\/posts\/69250","targetHints":{"allow":["GET"]}}],"collection":[{"href":"https:\/\/www.noticiasradioreflejos.com.ar\/2021\/wp-json\/wp\/v2\/posts"}],"about":[{"href":"https:\/\/www.noticiasradioreflejos.com.ar\/2021\/wp-json\/wp\/v2\/types\/post"}],"author":[{"embeddable":true,"href":"https:\/\/www.noticiasradioreflejos.com.ar\/2021\/wp-json\/wp\/v2\/users\/3"}],"replies":[{"embeddable":true,"href":"https:\/\/www.noticiasradioreflejos.com.ar\/2021\/wp-json\/wp\/v2\/comments?post=69250"}],"version-history":[{"count":2,"href":"https:\/\/www.noticiasradioreflejos.com.ar\/2021\/wp-json\/wp\/v2\/posts\/69250\/revisions"}],"predecessor-version":[{"id":69253,"href":"https:\/\/www.noticiasradioreflejos.com.ar\/2021\/wp-json\/wp\/v2\/posts\/69250\/revisions\/69253"}],"wp:attachment":[{"href":"https:\/\/www.noticiasradioreflejos.com.ar\/2021\/wp-json\/wp\/v2\/media?parent=69250"}],"wp:term":[{"taxonomy":"category","embeddable":true,"href":"https:\/\/www.noticiasradioreflejos.com.ar\/2021\/wp-json\/wp\/v2\/categories?post=69250"},{"taxonomy":"post_tag","embeddable":true,"href":"https:\/\/www.noticiasradioreflejos.com.ar\/2021\/wp-json\/wp\/v2\/tags?post=69250"}],"curies":[{"name":"wp","href":"https:\/\/api.w.org\/{rel}","templated":true}]}}