{"id":69244,"date":"2022-03-14T10:20:11","date_gmt":"2022-03-14T10:20:11","guid":{"rendered":"http:\/\/www.noticiasradioreflejos.com.ar\/2021\/?p=69244"},"modified":"2022-03-14T10:20:11","modified_gmt":"2022-03-14T10:20:11","slug":"volvio-la-fiesta-provincial-de-la-vendimia-y-se-vivio-a-pleno-en-saldungaray","status":"publish","type":"post","link":"https:\/\/www.noticiasradioreflejos.com.ar\/2021\/volvio-la-fiesta-provincial-de-la-vendimia-y-se-vivio-a-pleno-en-saldungaray\/","title":{"rendered":"Volvi\u00f3 la Fiesta Provincial de la Vendimia y se vivi\u00f3 a pleno en Saldungaray"},"content":{"rendered":"<p>Luego de realizarse por \u00faltima vez en 2019, se vivi\u00f3 a pleno la 7\u00b0 edici\u00f3n de la Fiesta Provincial de la Vendimia, desarrollada este fin de semana en el predio del Ferrocarril de Saldungaray.<!--more--><\/p>\n<p><a title=\"7ma Fiesta de la Vendimia (2)\" href=\"https:\/\/www.flickr.com\/photos\/182279889@N02\/51937481366\/in\/dateposted-public\/\" data-flickr-embed=\"true\"><img loading=\"lazy\" decoding=\"async\" src=\"https:\/\/live.staticflickr.com\/65535\/51937481366_419f3c6c08_c.jpg\" alt=\"7ma Fiesta de la Vendimia (2)\" width=\"800\" height=\"534\" \/><\/a><script async src=\"\/\/embedr.flickr.com\/assets\/client-code.js\" charset=\"utf-8\"><\/script><\/p>\n<p>Con una variada propuesta art\u00edstica, empresarial y gastron\u00f3mica, una multitud disfrut\u00f3 durante los dos d\u00edas de la popular celebraci\u00f3n, a la que arribaron visitantes del distrito de Tornquist y de una amplia regi\u00f3n.<\/p>\n<p>Fueron parte, productores de vinos de la Provincia de Buenos Aires, quienes expusieron el resultado del trabajo en sus bodegas, en un sector en constante crecimiento y expansi\u00f3n.<\/p>\n<p>La apertura tuvo lugar el s\u00e1bado y fue encabezada por el intendente municipal, Sergio Bordoni, quien destac\u00f3 la vuelta de la realizaci\u00f3n de fiestas populares en el distrito; el Ministro de Desarrollo Agrario bonaerense, Javier Rodr\u00edguez; el Secretario de Turismo, Gustavo Sandobal; la Directora de Cultura, Lic. Luc\u00eda Urriaga; y Manuela Parra, de Bodega Saldungaray.<\/p>\n<p>Durante el primer d\u00eda, adem\u00e1s, tuvo lugar la Mesa Regional Vitivin\u00edcola y Oliv\u00edcola, encabezada por el ministro Rodriguez y de la que participaron funcionarios provinciales y municipales y productores locales y regionales; y los espect\u00e1culos programados: Pe\u00f1a Huinca Malal, Huma, Enrique Gonz\u00e1lez, Fede Brisco, Los Potros Malambo y, como cierre, Ceibo.<\/p>\n<p>La Fiesta de la Vendimia continu\u00f3 el domingo con su cronograma estipulado, que incluy\u00f3 la charla \u2018El Olivo: un cultivo innovado en el distrito de Tornquist\u2019 a cargo de Yanina Torres; y los shows sobre el escenario de Carlos Porsel, Os Birretes, Los Raviolis, Alex Freidig, el peque\u00f1o gran talento Joaco Larrea y Tres M\u00e1s Uno Folklore.<\/p>\n<p>Las dos jornadas, en las que acompa\u00f1\u00f3 de gran manera el clima y una masiva concurrencia de p\u00fablico, contaron adem\u00e1s con una amplia variedad de stands, paseo de artesanos y emprendedores, patio de comidas, entretenimientos para toda la familia, con la presencia de los programas provinciales Vacunate PBA y Recreo PBA, y nacional Fiestas Argentinas; y una continuidad prometedora para las pr\u00f3ximas ediciones de la fiesta.<\/p>\n<p><a title=\"7ma Fiesta de la Vendimia (1)\" href=\"https:\/\/www.flickr.com\/photos\/182279889@N02\/51937555778\/in\/dateposted-public\/\" data-flickr-embed=\"true\"><img loading=\"lazy\" decoding=\"async\" src=\"https:\/\/live.staticflickr.com\/65535\/51937555778_f5ac890670_c.jpg\" alt=\"7ma Fiesta de la Vendimia (1)\" width=\"800\" height=\"534\" \/><\/a><script async src=\"\/\/embedr.flickr.com\/assets\/client-code.js\" charset=\"utf-8\"><\/script><\/p>\n<p><a title=\"7ma Fiesta de la Vendimia (12)\" href=\"https:\/\/www.flickr.com\/photos\/182279889@N02\/51937797559\/in\/dateposted-public\/\" data-flickr-embed=\"true\"><img loading=\"lazy\" decoding=\"async\" src=\"https:\/\/live.staticflickr.com\/65535\/51937797559_e059332167_c.jpg\" alt=\"7ma Fiesta de la Vendimia (12)\" width=\"800\" height=\"534\" \/><\/a><script async src=\"\/\/embedr.flickr.com\/assets\/client-code.js\" charset=\"utf-8\"><\/script><\/p>\n<p><a title=\"7ma Fiesta de la Vendimia (14)\" href=\"https:\/\/www.flickr.com\/photos\/182279889@N02\/51936496727\/in\/dateposted-public\/\" data-flickr-embed=\"true\"><img loading=\"lazy\" decoding=\"async\" src=\"https:\/\/live.staticflickr.com\/65535\/51936496727_2e2102a08c_c.jpg\" alt=\"7ma Fiesta de la Vendimia (14)\" width=\"800\" height=\"536\" \/><\/a><script async src=\"\/\/embedr.flickr.com\/assets\/client-code.js\" charset=\"utf-8\"><\/script><\/p>\n","protected":false},"excerpt":{"rendered":"<p>Luego de realizarse por \u00faltima vez en 2019, se vivi\u00f3 a pleno la 7\u00b0 edici\u00f3n de la Fiesta Provincial de la Vendimia, desarrollada este fin de semana en el predio del Ferrocarril de Saldungaray.<\/p>\n","protected":false},"author":3,"featured_media":0,"comment_status":"closed","ping_status":"closed","sticky":false,"template":"","format":"standard","meta":{"footnotes":""},"categories":[28],"tags":[48],"class_list":["post-69244","post","type-post","status-publish","format-standard","hentry","category-municipales","tag-destacada"],"yoast_head":"<!-- This site is optimized with the Yoast SEO plugin v25.9 - https:\/\/yoast.com\/wordpress\/plugins\/seo\/ -->\n<title>Volvi\u00f3 la Fiesta Provincial de la Vendimia y se vivi\u00f3 a pleno en Saldungaray - Noticias Radio Reflejos<\/title>\n<meta name=\"robots\" content=\"index, follow, max-snippet:-1, max-image-preview:large, max-video-preview:-1\" \/>\n<link rel=\"canonical\" href=\"https:\/\/www.noticiasradioreflejos.com.ar\/2021\/volvio-la-fiesta-provincial-de-la-vendimia-y-se-vivio-a-pleno-en-saldungaray\/\" \/>\n<meta property=\"og:locale\" content=\"es_ES\" \/>\n<meta property=\"og:type\" content=\"article\" \/>\n<meta property=\"og:title\" content=\"Volvi\u00f3 la Fiesta Provincial de la Vendimia y se vivi\u00f3 a pleno en Saldungaray - Noticias Radio Reflejos\" \/>\n<meta property=\"og:description\" content=\"Luego de realizarse por \u00faltima vez en 2019, se vivi\u00f3 a pleno la 7\u00b0 edici\u00f3n de la Fiesta Provincial de la Vendimia, desarrollada este fin de semana en el predio del Ferrocarril de Saldungaray.\" \/>\n<meta property=\"og:url\" content=\"https:\/\/www.noticiasradioreflejos.com.ar\/2021\/volvio-la-fiesta-provincial-de-la-vendimia-y-se-vivio-a-pleno-en-saldungaray\/\" \/>\n<meta property=\"og:site_name\" content=\"Noticias Radio Reflejos\" \/>\n<meta property=\"article:published_time\" content=\"2022-03-14T10:20:11+00:00\" \/>\n<meta property=\"og:image\" content=\"https:\/\/live.staticflickr.com\/65535\/51937481366_419f3c6c08_c.jpg\" \/>\n<meta name=\"author\" content=\"Arnaldo Botto\" \/>\n<meta name=\"twitter:card\" content=\"summary_large_image\" \/>\n<script type=\"application\/ld+json\" class=\"yoast-schema-graph\">{\"@context\":\"https:\/\/schema.org\",\"@graph\":[{\"@type\":\"WebPage\",\"@id\":\"https:\/\/www.noticiasradioreflejos.com.ar\/2021\/volvio-la-fiesta-provincial-de-la-vendimia-y-se-vivio-a-pleno-en-saldungaray\/\",\"url\":\"https:\/\/www.noticiasradioreflejos.com.ar\/2021\/volvio-la-fiesta-provincial-de-la-vendimia-y-se-vivio-a-pleno-en-saldungaray\/\",\"name\":\"Volvi\u00f3 la Fiesta Provincial de la Vendimia y se vivi\u00f3 a pleno en Saldungaray - Noticias Radio Reflejos\",\"isPartOf\":{\"@id\":\"https:\/\/www.noticiasradioreflejos.com.ar\/2021\/#website\"},\"primaryImageOfPage\":{\"@id\":\"https:\/\/www.noticiasradioreflejos.com.ar\/2021\/volvio-la-fiesta-provincial-de-la-vendimia-y-se-vivio-a-pleno-en-saldungaray\/#primaryimage\"},\"image\":{\"@id\":\"https:\/\/www.noticiasradioreflejos.com.ar\/2021\/volvio-la-fiesta-provincial-de-la-vendimia-y-se-vivio-a-pleno-en-saldungaray\/#primaryimage\"},\"thumbnailUrl\":\"https:\/\/live.staticflickr.com\/65535\/51937481366_419f3c6c08_c.jpg\",\"datePublished\":\"2022-03-14T10:20:11+00:00\",\"author\":{\"@id\":\"https:\/\/www.noticiasradioreflejos.com.ar\/2021\/#\/schema\/person\/ad82545263dcc5ec0996818884fd5fb1\"},\"breadcrumb\":{\"@id\":\"https:\/\/www.noticiasradioreflejos.com.ar\/2021\/volvio-la-fiesta-provincial-de-la-vendimia-y-se-vivio-a-pleno-en-saldungaray\/#breadcrumb\"},\"inLanguage\":\"es\",\"potentialAction\":[{\"@type\":\"ReadAction\",\"target\":[\"https:\/\/www.noticiasradioreflejos.com.ar\/2021\/volvio-la-fiesta-provincial-de-la-vendimia-y-se-vivio-a-pleno-en-saldungaray\/\"]}]},{\"@type\":\"ImageObject\",\"inLanguage\":\"es\",\"@id\":\"https:\/\/www.noticiasradioreflejos.com.ar\/2021\/volvio-la-fiesta-provincial-de-la-vendimia-y-se-vivio-a-pleno-en-saldungaray\/#primaryimage\",\"url\":\"https:\/\/live.staticflickr.com\/65535\/51937481366_419f3c6c08_c.jpg\",\"contentUrl\":\"https:\/\/live.staticflickr.com\/65535\/51937481366_419f3c6c08_c.jpg\"},{\"@type\":\"BreadcrumbList\",\"@id\":\"https:\/\/www.noticiasradioreflejos.com.ar\/2021\/volvio-la-fiesta-provincial-de-la-vendimia-y-se-vivio-a-pleno-en-saldungaray\/#breadcrumb\",\"itemListElement\":[{\"@type\":\"ListItem\",\"position\":1,\"name\":\"Portada\",\"item\":\"https:\/\/www.noticiasradioreflejos.com.ar\/2021\/\"},{\"@type\":\"ListItem\",\"position\":2,\"name\":\"Volvi\u00f3 la Fiesta Provincial de la Vendimia y se vivi\u00f3 a pleno en Saldungaray\"}]},{\"@type\":\"WebSite\",\"@id\":\"https:\/\/www.noticiasradioreflejos.com.ar\/2021\/#website\",\"url\":\"https:\/\/www.noticiasradioreflejos.com.ar\/2021\/\",\"name\":\"Noticias Radio Reflejos\",\"description\":\"Las noticias de mi comarca\",\"potentialAction\":[{\"@type\":\"SearchAction\",\"target\":{\"@type\":\"EntryPoint\",\"urlTemplate\":\"https:\/\/www.noticiasradioreflejos.com.ar\/2021\/?s={search_term_string}\"},\"query-input\":{\"@type\":\"PropertyValueSpecification\",\"valueRequired\":true,\"valueName\":\"search_term_string\"}}],\"inLanguage\":\"es\"},{\"@type\":\"Person\",\"@id\":\"https:\/\/www.noticiasradioreflejos.com.ar\/2021\/#\/schema\/person\/ad82545263dcc5ec0996818884fd5fb1\",\"name\":\"Arnaldo Botto\",\"image\":{\"@type\":\"ImageObject\",\"inLanguage\":\"es\",\"@id\":\"https:\/\/www.noticiasradioreflejos.com.ar\/2021\/#\/schema\/person\/image\/\",\"url\":\"https:\/\/secure.gravatar.com\/avatar\/55cb5e37c1efa326397366e6974cb338056df65cb50e7d64d1cf314e87504837?s=96&d=mm&r=g\",\"contentUrl\":\"https:\/\/secure.gravatar.com\/avatar\/55cb5e37c1efa326397366e6974cb338056df65cb50e7d64d1cf314e87504837?s=96&d=mm&r=g\",\"caption\":\"Arnaldo Botto\"},\"url\":\"https:\/\/www.noticiasradioreflejos.com.ar\/2021\/author\/arnaldo\/\"}]}<\/script>\n<!-- \/ Yoast SEO plugin. -->","yoast_head_json":{"title":"Volvi\u00f3 la Fiesta Provincial de la Vendimia y se vivi\u00f3 a pleno en Saldungaray - Noticias Radio Reflejos","robots":{"index":"index","follow":"follow","max-snippet":"max-snippet:-1","max-image-preview":"max-image-preview:large","max-video-preview":"max-video-preview:-1"},"canonical":"https:\/\/www.noticiasradioreflejos.com.ar\/2021\/volvio-la-fiesta-provincial-de-la-vendimia-y-se-vivio-a-pleno-en-saldungaray\/","og_locale":"es_ES","og_type":"article","og_title":"Volvi\u00f3 la Fiesta Provincial de la Vendimia y se vivi\u00f3 a pleno en Saldungaray - Noticias Radio Reflejos","og_description":"Luego de realizarse por \u00faltima vez en 2019, se vivi\u00f3 a pleno la 7\u00b0 edici\u00f3n de la Fiesta Provincial de la Vendimia, desarrollada este fin de semana en el predio del Ferrocarril de Saldungaray.","og_url":"https:\/\/www.noticiasradioreflejos.com.ar\/2021\/volvio-la-fiesta-provincial-de-la-vendimia-y-se-vivio-a-pleno-en-saldungaray\/","og_site_name":"Noticias Radio Reflejos","article_published_time":"2022-03-14T10:20:11+00:00","og_image":[{"url":"https:\/\/live.staticflickr.com\/65535\/51937481366_419f3c6c08_c.jpg","type":"","width":"","height":""}],"author":"Arnaldo Botto","twitter_card":"summary_large_image","schema":{"@context":"https:\/\/schema.org","@graph":[{"@type":"WebPage","@id":"https:\/\/www.noticiasradioreflejos.com.ar\/2021\/volvio-la-fiesta-provincial-de-la-vendimia-y-se-vivio-a-pleno-en-saldungaray\/","url":"https:\/\/www.noticiasradioreflejos.com.ar\/2021\/volvio-la-fiesta-provincial-de-la-vendimia-y-se-vivio-a-pleno-en-saldungaray\/","name":"Volvi\u00f3 la Fiesta Provincial de la Vendimia y se vivi\u00f3 a pleno en Saldungaray - Noticias Radio Reflejos","isPartOf":{"@id":"https:\/\/www.noticiasradioreflejos.com.ar\/2021\/#website"},"primaryImageOfPage":{"@id":"https:\/\/www.noticiasradioreflejos.com.ar\/2021\/volvio-la-fiesta-provincial-de-la-vendimia-y-se-vivio-a-pleno-en-saldungaray\/#primaryimage"},"image":{"@id":"https:\/\/www.noticiasradioreflejos.com.ar\/2021\/volvio-la-fiesta-provincial-de-la-vendimia-y-se-vivio-a-pleno-en-saldungaray\/#primaryimage"},"thumbnailUrl":"https:\/\/live.staticflickr.com\/65535\/51937481366_419f3c6c08_c.jpg","datePublished":"2022-03-14T10:20:11+00:00","author":{"@id":"https:\/\/www.noticiasradioreflejos.com.ar\/2021\/#\/schema\/person\/ad82545263dcc5ec0996818884fd5fb1"},"breadcrumb":{"@id":"https:\/\/www.noticiasradioreflejos.com.ar\/2021\/volvio-la-fiesta-provincial-de-la-vendimia-y-se-vivio-a-pleno-en-saldungaray\/#breadcrumb"},"inLanguage":"es","potentialAction":[{"@type":"ReadAction","target":["https:\/\/www.noticiasradioreflejos.com.ar\/2021\/volvio-la-fiesta-provincial-de-la-vendimia-y-se-vivio-a-pleno-en-saldungaray\/"]}]},{"@type":"ImageObject","inLanguage":"es","@id":"https:\/\/www.noticiasradioreflejos.com.ar\/2021\/volvio-la-fiesta-provincial-de-la-vendimia-y-se-vivio-a-pleno-en-saldungaray\/#primaryimage","url":"https:\/\/live.staticflickr.com\/65535\/51937481366_419f3c6c08_c.jpg","contentUrl":"https:\/\/live.staticflickr.com\/65535\/51937481366_419f3c6c08_c.jpg"},{"@type":"BreadcrumbList","@id":"https:\/\/www.noticiasradioreflejos.com.ar\/2021\/volvio-la-fiesta-provincial-de-la-vendimia-y-se-vivio-a-pleno-en-saldungaray\/#breadcrumb","itemListElement":[{"@type":"ListItem","position":1,"name":"Portada","item":"https:\/\/www.noticiasradioreflejos.com.ar\/2021\/"},{"@type":"ListItem","position":2,"name":"Volvi\u00f3 la Fiesta Provincial de la Vendimia y se vivi\u00f3 a pleno en Saldungaray"}]},{"@type":"WebSite","@id":"https:\/\/www.noticiasradioreflejos.com.ar\/2021\/#website","url":"https:\/\/www.noticiasradioreflejos.com.ar\/2021\/","name":"Noticias Radio Reflejos","description":"Las noticias de mi comarca","potentialAction":[{"@type":"SearchAction","target":{"@type":"EntryPoint","urlTemplate":"https:\/\/www.noticiasradioreflejos.com.ar\/2021\/?s={search_term_string}"},"query-input":{"@type":"PropertyValueSpecification","valueRequired":true,"valueName":"search_term_string"}}],"inLanguage":"es"},{"@type":"Person","@id":"https:\/\/www.noticiasradioreflejos.com.ar\/2021\/#\/schema\/person\/ad82545263dcc5ec0996818884fd5fb1","name":"Arnaldo Botto","image":{"@type":"ImageObject","inLanguage":"es","@id":"https:\/\/www.noticiasradioreflejos.com.ar\/2021\/#\/schema\/person\/image\/","url":"https:\/\/secure.gravatar.com\/avatar\/55cb5e37c1efa326397366e6974cb338056df65cb50e7d64d1cf314e87504837?s=96&d=mm&r=g","contentUrl":"https:\/\/secure.gravatar.com\/avatar\/55cb5e37c1efa326397366e6974cb338056df65cb50e7d64d1cf314e87504837?s=96&d=mm&r=g","caption":"Arnaldo Botto"},"url":"https:\/\/www.noticiasradioreflejos.com.ar\/2021\/author\/arnaldo\/"}]}},"_links":{"self":[{"href":"https:\/\/www.noticiasradioreflejos.com.ar\/2021\/wp-json\/wp\/v2\/posts\/69244","targetHints":{"allow":["GET"]}}],"collection":[{"href":"https:\/\/www.noticiasradioreflejos.com.ar\/2021\/wp-json\/wp\/v2\/posts"}],"about":[{"href":"https:\/\/www.noticiasradioreflejos.com.ar\/2021\/wp-json\/wp\/v2\/types\/post"}],"author":[{"embeddable":true,"href":"https:\/\/www.noticiasradioreflejos.com.ar\/2021\/wp-json\/wp\/v2\/users\/3"}],"replies":[{"embeddable":true,"href":"https:\/\/www.noticiasradioreflejos.com.ar\/2021\/wp-json\/wp\/v2\/comments?post=69244"}],"version-history":[{"count":1,"href":"https:\/\/www.noticiasradioreflejos.com.ar\/2021\/wp-json\/wp\/v2\/posts\/69244\/revisions"}],"predecessor-version":[{"id":69246,"href":"https:\/\/www.noticiasradioreflejos.com.ar\/2021\/wp-json\/wp\/v2\/posts\/69244\/revisions\/69246"}],"wp:attachment":[{"href":"https:\/\/www.noticiasradioreflejos.com.ar\/2021\/wp-json\/wp\/v2\/media?parent=69244"}],"wp:term":[{"taxonomy":"category","embeddable":true,"href":"https:\/\/www.noticiasradioreflejos.com.ar\/2021\/wp-json\/wp\/v2\/categories?post=69244"},{"taxonomy":"post_tag","embeddable":true,"href":"https:\/\/www.noticiasradioreflejos.com.ar\/2021\/wp-json\/wp\/v2\/tags?post=69244"}],"curies":[{"name":"wp","href":"https:\/\/api.w.org\/{rel}","templated":true}]}}