{"id":69239,"date":"2022-03-13T21:05:46","date_gmt":"2022-03-13T21:05:46","guid":{"rendered":"http:\/\/www.noticiasradioreflejos.com.ar\/2021\/?p=69239"},"modified":"2022-03-13T21:05:46","modified_gmt":"2022-03-13T21:05:46","slug":"el-ministro-de-desarrollo-agrario-javier-rodriguez-con-importante-apoyo-al-sector-vitivinicola-bonaerense-en-la-fiesta-provincial-de-la-vendimia","status":"publish","type":"post","link":"https:\/\/www.noticiasradioreflejos.com.ar\/2021\/el-ministro-de-desarrollo-agrario-javier-rodriguez-con-importante-apoyo-al-sector-vitivinicola-bonaerense-en-la-fiesta-provincial-de-la-vendimia\/","title":{"rendered":"El Ministro de desarrollo agrario Javier Rodriguez con importante apoyo al sector vitivin\u00edcola bonaerense en la Fiesta Provincial de la Vendimia"},"content":{"rendered":"<p>El ministro de Desarrollo Agrario bonaerense, Javier Rodr\u00edguez, destac\u00f3 las l\u00edneas de financiamiento y programas implementados para acompa\u00f1ar y potenciar la producci\u00f3n vitivin\u00edcola en la provincia.<!--more--><\/p>\n<p>\u00abTenemos una provincia que, dentro de su enorme diversidad, cuenta con una producci\u00f3n vitivin\u00edcola creciente. Por eso, nuestra gesti\u00f3n tiene la clara decisi\u00f3n de impulsar al sector a partir de pol\u00edticas concretas y la realizaci\u00f3n de mesas vitivin\u00edcolas para poder analizarlas, mejorarlas y profundizarlas\u00bb, se\u00f1al\u00f3 el ministro.<\/p>\n<p>\u00abSabemos que una herramienta fundamental para acompa\u00f1ar ese crecimiento es la financiaci\u00f3n\u00bb, dijo Rodr\u00edguez al participar del Encuentro Regional de la Vitivinicultura.<\/p>\n<p>El encuentro se lleva a cabo este fin de semana en el marco de la Fiesta Provincial de la Vendimia, en la localidad de Saldungaray, en el partido de Tornquist.<\/p>\n<p>El titular del Ministerio de Desarrollo Agrario bonaerense (MDA) se\u00f1al\u00f3 que en la provincia \u00abse generaron un conjunto de l\u00edneas espec\u00edficas para el sector con tasas accesibles y plazos de gracia m\u00e1s extensos que acompa\u00f1en y entiendan los ritmos de producci\u00f3n\u00bb.<\/p>\n<p>A modo de ejemplo cit\u00f3 la l\u00ednea de financiamiento al sector frut\u00edcola desarrollada por la cartera y el Banco Provincia, destinada a la inversi\u00f3n en ampliaci\u00f3n o renovaci\u00f3n de montes frut\u00edcolas de productores bonaerenses.<\/p>\n<p>Esta herramienta otorga montos de hasta $10.000.000 con un plazo de 60 meses, 2 a\u00f1os de gracia sobre el capital y una tasa de inter\u00e9s del 30%.<\/p>\n<p>A su vez, cuenta con una financiaci\u00f3n adicional de 2 a\u00f1os de gracia sobre el 75% del pago de inter\u00e9s, capitalizable a una TNA de 22%.<\/p>\n<p>En el encuentro, Daniel Dinucci, productor de Bodega del Este, un emprendimiento local de Saldungaray, manifest\u00f3 que \u00abestas pol\u00edticas por parte del Estado provincial son muy importantes porque otorgan posibilidades de desarrollo concretas al sector\u00bb.<\/p>\n<p>La Fiesta Provincial de la Vendimia, declarada de inter\u00e9s legislativo en 2012, se lleva a cabo los d\u00edas 12 y 13 de marzo en el Predio del Ferrocarril de la localidad de Saldungaray. All\u00ed, se puede recorrer el stand de las bodegas de la provincia de Buenos Aires y disfrutar de los diferentes patios disponibles: gastron\u00f3mico, cervecero, de artesanos y regionales.<\/p>\n<p>Hace ya m\u00e1s de 20 a\u00f1os que la vitivinicultura comenz\u00f3 a desarrollarse en distintas localidades del territorio bonaerense y el partido de Tornquist hoy forma parte de Ruta del Vino en la Provincia.<\/p>\n<p>Rodriguez, estuvo acompa\u00f1ado por el Intendente Municipal Sergio Bordoni y dem\u00e1s funcionarios provinciales y municipales.<\/p>\n<p>Fotos: prensa municipio<\/p>\n<div>\n<p><img decoding=\"async\" src=\"https:\/\/www.noticiastornquist.com.ar\/imagen.php?imagen=2022-03\/2758536383268943694705728237982657721528242n.jpg\" \/><\/p>\n<div><\/div>\n<hr \/>\n<p><img decoding=\"async\" src=\"https:\/\/www.noticiastornquist.com.ar\/imagen.php?imagen=2022-03\/2757400263268943628039067362834382208922384n.jpg\" \/><\/p>\n<div><\/div>\n<hr \/>\n<p><img decoding=\"async\" src=\"https:\/\/www.noticiastornquist.com.ar\/imagen.php?imagen=2022-03\/2757479303268943661372396770342949082099585n.jpg\" \/><\/p>\n<div><\/div>\n<hr \/>\n<p><img decoding=\"async\" src=\"https:\/\/www.noticiastornquist.com.ar\/imagen.php?imagen=2022-03\/2757518913268943728039057134851999970263689n-1.jpg\" \/><\/p>\n<div><\/div>\n<hr \/>\n<p><img decoding=\"async\" src=\"https:\/\/www.noticiastornquist.com.ar\/imagen.php?imagen=2022-03\/2758620083268943594705732786288411080702489n-1.jpg\" \/><\/p>\n<div><\/div>\n<hr \/>\n<\/div>\n<p><!--more--><\/p>\n<p><!--more--><\/p>\n<p>&nbsp;<\/p>\n","protected":false},"excerpt":{"rendered":"<p>El ministro de Desarrollo Agrario bonaerense, Javier Rodr\u00edguez, destac\u00f3 las l\u00edneas de financiamiento y programas implementados para acompa\u00f1ar y potenciar la producci\u00f3n vitivin\u00edcola en la provincia.<\/p>\n","protected":false},"author":3,"featured_media":0,"comment_status":"closed","ping_status":"closed","sticky":false,"template":"","format":"standard","meta":{"footnotes":""},"categories":[28],"tags":[],"class_list":["post-69239","post","type-post","status-publish","format-standard","hentry","category-municipales"],"yoast_head":"<!-- This site is optimized with the Yoast SEO plugin v25.9 - https:\/\/yoast.com\/wordpress\/plugins\/seo\/ -->\n<title>El Ministro de desarrollo agrario Javier Rodriguez con importante apoyo al sector vitivin\u00edcola bonaerense en la Fiesta Provincial de la Vendimia - Noticias Radio Reflejos<\/title>\n<meta name=\"robots\" content=\"index, follow, max-snippet:-1, max-image-preview:large, max-video-preview:-1\" \/>\n<link rel=\"canonical\" href=\"https:\/\/www.noticiasradioreflejos.com.ar\/2021\/el-ministro-de-desarrollo-agrario-javier-rodriguez-con-importante-apoyo-al-sector-vitivinicola-bonaerense-en-la-fiesta-provincial-de-la-vendimia\/\" \/>\n<meta property=\"og:locale\" content=\"es_ES\" \/>\n<meta property=\"og:type\" content=\"article\" \/>\n<meta property=\"og:title\" content=\"El Ministro de desarrollo agrario Javier Rodriguez con importante apoyo al sector vitivin\u00edcola bonaerense en la Fiesta Provincial de la Vendimia - Noticias Radio Reflejos\" \/>\n<meta property=\"og:description\" content=\"El ministro de Desarrollo Agrario bonaerense, Javier Rodr\u00edguez, destac\u00f3 las l\u00edneas de financiamiento y programas implementados para acompa\u00f1ar y potenciar la producci\u00f3n vitivin\u00edcola en la provincia.\" \/>\n<meta property=\"og:url\" content=\"https:\/\/www.noticiasradioreflejos.com.ar\/2021\/el-ministro-de-desarrollo-agrario-javier-rodriguez-con-importante-apoyo-al-sector-vitivinicola-bonaerense-en-la-fiesta-provincial-de-la-vendimia\/\" \/>\n<meta property=\"og:site_name\" content=\"Noticias Radio Reflejos\" \/>\n<meta property=\"article:published_time\" content=\"2022-03-13T21:05:46+00:00\" \/>\n<meta property=\"og:image\" content=\"https:\/\/www.noticiastornquist.com.ar\/imagen.php?imagen=2022-03\/2758536383268943694705728237982657721528242n.jpg\" \/>\n<meta name=\"author\" content=\"Arnaldo Botto\" \/>\n<meta name=\"twitter:card\" content=\"summary_large_image\" \/>\n<script type=\"application\/ld+json\" class=\"yoast-schema-graph\">{\"@context\":\"https:\/\/schema.org\",\"@graph\":[{\"@type\":\"WebPage\",\"@id\":\"https:\/\/www.noticiasradioreflejos.com.ar\/2021\/el-ministro-de-desarrollo-agrario-javier-rodriguez-con-importante-apoyo-al-sector-vitivinicola-bonaerense-en-la-fiesta-provincial-de-la-vendimia\/\",\"url\":\"https:\/\/www.noticiasradioreflejos.com.ar\/2021\/el-ministro-de-desarrollo-agrario-javier-rodriguez-con-importante-apoyo-al-sector-vitivinicola-bonaerense-en-la-fiesta-provincial-de-la-vendimia\/\",\"name\":\"El Ministro de desarrollo agrario Javier Rodriguez con importante apoyo al sector vitivin\u00edcola bonaerense en la Fiesta Provincial de la Vendimia - Noticias Radio Reflejos\",\"isPartOf\":{\"@id\":\"https:\/\/www.noticiasradioreflejos.com.ar\/2021\/#website\"},\"primaryImageOfPage\":{\"@id\":\"https:\/\/www.noticiasradioreflejos.com.ar\/2021\/el-ministro-de-desarrollo-agrario-javier-rodriguez-con-importante-apoyo-al-sector-vitivinicola-bonaerense-en-la-fiesta-provincial-de-la-vendimia\/#primaryimage\"},\"image\":{\"@id\":\"https:\/\/www.noticiasradioreflejos.com.ar\/2021\/el-ministro-de-desarrollo-agrario-javier-rodriguez-con-importante-apoyo-al-sector-vitivinicola-bonaerense-en-la-fiesta-provincial-de-la-vendimia\/#primaryimage\"},\"thumbnailUrl\":\"https:\/\/www.noticiastornquist.com.ar\/imagen.php?imagen=2022-03\/2758536383268943694705728237982657721528242n.jpg\",\"datePublished\":\"2022-03-13T21:05:46+00:00\",\"author\":{\"@id\":\"https:\/\/www.noticiasradioreflejos.com.ar\/2021\/#\/schema\/person\/ad82545263dcc5ec0996818884fd5fb1\"},\"breadcrumb\":{\"@id\":\"https:\/\/www.noticiasradioreflejos.com.ar\/2021\/el-ministro-de-desarrollo-agrario-javier-rodriguez-con-importante-apoyo-al-sector-vitivinicola-bonaerense-en-la-fiesta-provincial-de-la-vendimia\/#breadcrumb\"},\"inLanguage\":\"es\",\"potentialAction\":[{\"@type\":\"ReadAction\",\"target\":[\"https:\/\/www.noticiasradioreflejos.com.ar\/2021\/el-ministro-de-desarrollo-agrario-javier-rodriguez-con-importante-apoyo-al-sector-vitivinicola-bonaerense-en-la-fiesta-provincial-de-la-vendimia\/\"]}]},{\"@type\":\"ImageObject\",\"inLanguage\":\"es\",\"@id\":\"https:\/\/www.noticiasradioreflejos.com.ar\/2021\/el-ministro-de-desarrollo-agrario-javier-rodriguez-con-importante-apoyo-al-sector-vitivinicola-bonaerense-en-la-fiesta-provincial-de-la-vendimia\/#primaryimage\",\"url\":\"https:\/\/www.noticiastornquist.com.ar\/imagen.php?imagen=2022-03\/2758536383268943694705728237982657721528242n.jpg\",\"contentUrl\":\"https:\/\/www.noticiastornquist.com.ar\/imagen.php?imagen=2022-03\/2758536383268943694705728237982657721528242n.jpg\"},{\"@type\":\"BreadcrumbList\",\"@id\":\"https:\/\/www.noticiasradioreflejos.com.ar\/2021\/el-ministro-de-desarrollo-agrario-javier-rodriguez-con-importante-apoyo-al-sector-vitivinicola-bonaerense-en-la-fiesta-provincial-de-la-vendimia\/#breadcrumb\",\"itemListElement\":[{\"@type\":\"ListItem\",\"position\":1,\"name\":\"Portada\",\"item\":\"https:\/\/www.noticiasradioreflejos.com.ar\/2021\/\"},{\"@type\":\"ListItem\",\"position\":2,\"name\":\"El Ministro de desarrollo agrario Javier Rodriguez con importante apoyo al sector vitivin\u00edcola bonaerense en la Fiesta Provincial de la Vendimia\"}]},{\"@type\":\"WebSite\",\"@id\":\"https:\/\/www.noticiasradioreflejos.com.ar\/2021\/#website\",\"url\":\"https:\/\/www.noticiasradioreflejos.com.ar\/2021\/\",\"name\":\"Noticias Radio Reflejos\",\"description\":\"Las noticias de mi comarca\",\"potentialAction\":[{\"@type\":\"SearchAction\",\"target\":{\"@type\":\"EntryPoint\",\"urlTemplate\":\"https:\/\/www.noticiasradioreflejos.com.ar\/2021\/?s={search_term_string}\"},\"query-input\":{\"@type\":\"PropertyValueSpecification\",\"valueRequired\":true,\"valueName\":\"search_term_string\"}}],\"inLanguage\":\"es\"},{\"@type\":\"Person\",\"@id\":\"https:\/\/www.noticiasradioreflejos.com.ar\/2021\/#\/schema\/person\/ad82545263dcc5ec0996818884fd5fb1\",\"name\":\"Arnaldo Botto\",\"image\":{\"@type\":\"ImageObject\",\"inLanguage\":\"es\",\"@id\":\"https:\/\/www.noticiasradioreflejos.com.ar\/2021\/#\/schema\/person\/image\/\",\"url\":\"https:\/\/secure.gravatar.com\/avatar\/55cb5e37c1efa326397366e6974cb338056df65cb50e7d64d1cf314e87504837?s=96&d=mm&r=g\",\"contentUrl\":\"https:\/\/secure.gravatar.com\/avatar\/55cb5e37c1efa326397366e6974cb338056df65cb50e7d64d1cf314e87504837?s=96&d=mm&r=g\",\"caption\":\"Arnaldo Botto\"},\"url\":\"https:\/\/www.noticiasradioreflejos.com.ar\/2021\/author\/arnaldo\/\"}]}<\/script>\n<!-- \/ Yoast SEO plugin. -->","yoast_head_json":{"title":"El Ministro de desarrollo agrario Javier Rodriguez con importante apoyo al sector vitivin\u00edcola bonaerense en la Fiesta Provincial de la Vendimia - Noticias Radio Reflejos","robots":{"index":"index","follow":"follow","max-snippet":"max-snippet:-1","max-image-preview":"max-image-preview:large","max-video-preview":"max-video-preview:-1"},"canonical":"https:\/\/www.noticiasradioreflejos.com.ar\/2021\/el-ministro-de-desarrollo-agrario-javier-rodriguez-con-importante-apoyo-al-sector-vitivinicola-bonaerense-en-la-fiesta-provincial-de-la-vendimia\/","og_locale":"es_ES","og_type":"article","og_title":"El Ministro de desarrollo agrario Javier Rodriguez con importante apoyo al sector vitivin\u00edcola bonaerense en la Fiesta Provincial de la Vendimia - Noticias Radio Reflejos","og_description":"El ministro de Desarrollo Agrario bonaerense, Javier Rodr\u00edguez, destac\u00f3 las l\u00edneas de financiamiento y programas implementados para acompa\u00f1ar y potenciar la producci\u00f3n vitivin\u00edcola en la provincia.","og_url":"https:\/\/www.noticiasradioreflejos.com.ar\/2021\/el-ministro-de-desarrollo-agrario-javier-rodriguez-con-importante-apoyo-al-sector-vitivinicola-bonaerense-en-la-fiesta-provincial-de-la-vendimia\/","og_site_name":"Noticias Radio Reflejos","article_published_time":"2022-03-13T21:05:46+00:00","og_image":[{"url":"https:\/\/www.noticiastornquist.com.ar\/imagen.php?imagen=2022-03\/2758536383268943694705728237982657721528242n.jpg","type":"","width":"","height":""}],"author":"Arnaldo Botto","twitter_card":"summary_large_image","schema":{"@context":"https:\/\/schema.org","@graph":[{"@type":"WebPage","@id":"https:\/\/www.noticiasradioreflejos.com.ar\/2021\/el-ministro-de-desarrollo-agrario-javier-rodriguez-con-importante-apoyo-al-sector-vitivinicola-bonaerense-en-la-fiesta-provincial-de-la-vendimia\/","url":"https:\/\/www.noticiasradioreflejos.com.ar\/2021\/el-ministro-de-desarrollo-agrario-javier-rodriguez-con-importante-apoyo-al-sector-vitivinicola-bonaerense-en-la-fiesta-provincial-de-la-vendimia\/","name":"El Ministro de desarrollo agrario Javier Rodriguez con importante apoyo al sector vitivin\u00edcola bonaerense en la Fiesta Provincial de la Vendimia - Noticias Radio Reflejos","isPartOf":{"@id":"https:\/\/www.noticiasradioreflejos.com.ar\/2021\/#website"},"primaryImageOfPage":{"@id":"https:\/\/www.noticiasradioreflejos.com.ar\/2021\/el-ministro-de-desarrollo-agrario-javier-rodriguez-con-importante-apoyo-al-sector-vitivinicola-bonaerense-en-la-fiesta-provincial-de-la-vendimia\/#primaryimage"},"image":{"@id":"https:\/\/www.noticiasradioreflejos.com.ar\/2021\/el-ministro-de-desarrollo-agrario-javier-rodriguez-con-importante-apoyo-al-sector-vitivinicola-bonaerense-en-la-fiesta-provincial-de-la-vendimia\/#primaryimage"},"thumbnailUrl":"https:\/\/www.noticiastornquist.com.ar\/imagen.php?imagen=2022-03\/2758536383268943694705728237982657721528242n.jpg","datePublished":"2022-03-13T21:05:46+00:00","author":{"@id":"https:\/\/www.noticiasradioreflejos.com.ar\/2021\/#\/schema\/person\/ad82545263dcc5ec0996818884fd5fb1"},"breadcrumb":{"@id":"https:\/\/www.noticiasradioreflejos.com.ar\/2021\/el-ministro-de-desarrollo-agrario-javier-rodriguez-con-importante-apoyo-al-sector-vitivinicola-bonaerense-en-la-fiesta-provincial-de-la-vendimia\/#breadcrumb"},"inLanguage":"es","potentialAction":[{"@type":"ReadAction","target":["https:\/\/www.noticiasradioreflejos.com.ar\/2021\/el-ministro-de-desarrollo-agrario-javier-rodriguez-con-importante-apoyo-al-sector-vitivinicola-bonaerense-en-la-fiesta-provincial-de-la-vendimia\/"]}]},{"@type":"ImageObject","inLanguage":"es","@id":"https:\/\/www.noticiasradioreflejos.com.ar\/2021\/el-ministro-de-desarrollo-agrario-javier-rodriguez-con-importante-apoyo-al-sector-vitivinicola-bonaerense-en-la-fiesta-provincial-de-la-vendimia\/#primaryimage","url":"https:\/\/www.noticiastornquist.com.ar\/imagen.php?imagen=2022-03\/2758536383268943694705728237982657721528242n.jpg","contentUrl":"https:\/\/www.noticiastornquist.com.ar\/imagen.php?imagen=2022-03\/2758536383268943694705728237982657721528242n.jpg"},{"@type":"BreadcrumbList","@id":"https:\/\/www.noticiasradioreflejos.com.ar\/2021\/el-ministro-de-desarrollo-agrario-javier-rodriguez-con-importante-apoyo-al-sector-vitivinicola-bonaerense-en-la-fiesta-provincial-de-la-vendimia\/#breadcrumb","itemListElement":[{"@type":"ListItem","position":1,"name":"Portada","item":"https:\/\/www.noticiasradioreflejos.com.ar\/2021\/"},{"@type":"ListItem","position":2,"name":"El Ministro de desarrollo agrario Javier Rodriguez con importante apoyo al sector vitivin\u00edcola bonaerense en la Fiesta Provincial de la Vendimia"}]},{"@type":"WebSite","@id":"https:\/\/www.noticiasradioreflejos.com.ar\/2021\/#website","url":"https:\/\/www.noticiasradioreflejos.com.ar\/2021\/","name":"Noticias Radio Reflejos","description":"Las noticias de mi comarca","potentialAction":[{"@type":"SearchAction","target":{"@type":"EntryPoint","urlTemplate":"https:\/\/www.noticiasradioreflejos.com.ar\/2021\/?s={search_term_string}"},"query-input":{"@type":"PropertyValueSpecification","valueRequired":true,"valueName":"search_term_string"}}],"inLanguage":"es"},{"@type":"Person","@id":"https:\/\/www.noticiasradioreflejos.com.ar\/2021\/#\/schema\/person\/ad82545263dcc5ec0996818884fd5fb1","name":"Arnaldo Botto","image":{"@type":"ImageObject","inLanguage":"es","@id":"https:\/\/www.noticiasradioreflejos.com.ar\/2021\/#\/schema\/person\/image\/","url":"https:\/\/secure.gravatar.com\/avatar\/55cb5e37c1efa326397366e6974cb338056df65cb50e7d64d1cf314e87504837?s=96&d=mm&r=g","contentUrl":"https:\/\/secure.gravatar.com\/avatar\/55cb5e37c1efa326397366e6974cb338056df65cb50e7d64d1cf314e87504837?s=96&d=mm&r=g","caption":"Arnaldo Botto"},"url":"https:\/\/www.noticiasradioreflejos.com.ar\/2021\/author\/arnaldo\/"}]}},"_links":{"self":[{"href":"https:\/\/www.noticiasradioreflejos.com.ar\/2021\/wp-json\/wp\/v2\/posts\/69239","targetHints":{"allow":["GET"]}}],"collection":[{"href":"https:\/\/www.noticiasradioreflejos.com.ar\/2021\/wp-json\/wp\/v2\/posts"}],"about":[{"href":"https:\/\/www.noticiasradioreflejos.com.ar\/2021\/wp-json\/wp\/v2\/types\/post"}],"author":[{"embeddable":true,"href":"https:\/\/www.noticiasradioreflejos.com.ar\/2021\/wp-json\/wp\/v2\/users\/3"}],"replies":[{"embeddable":true,"href":"https:\/\/www.noticiasradioreflejos.com.ar\/2021\/wp-json\/wp\/v2\/comments?post=69239"}],"version-history":[{"count":1,"href":"https:\/\/www.noticiasradioreflejos.com.ar\/2021\/wp-json\/wp\/v2\/posts\/69239\/revisions"}],"predecessor-version":[{"id":69241,"href":"https:\/\/www.noticiasradioreflejos.com.ar\/2021\/wp-json\/wp\/v2\/posts\/69239\/revisions\/69241"}],"wp:attachment":[{"href":"https:\/\/www.noticiasradioreflejos.com.ar\/2021\/wp-json\/wp\/v2\/media?parent=69239"}],"wp:term":[{"taxonomy":"category","embeddable":true,"href":"https:\/\/www.noticiasradioreflejos.com.ar\/2021\/wp-json\/wp\/v2\/categories?post=69239"},{"taxonomy":"post_tag","embeddable":true,"href":"https:\/\/www.noticiasradioreflejos.com.ar\/2021\/wp-json\/wp\/v2\/tags?post=69239"}],"curies":[{"name":"wp","href":"https:\/\/api.w.org\/{rel}","templated":true}]}}