{"id":69233,"date":"2022-03-13T20:56:55","date_gmt":"2022-03-13T20:56:55","guid":{"rendered":"http:\/\/www.noticiasradioreflejos.com.ar\/2021\/?p=69233"},"modified":"2022-03-13T20:56:55","modified_gmt":"2022-03-13T20:56:55","slug":"tornquist-agresiones-al-personal-de-salud-y-roturas-en-el-hospital-dr-alberto-castro","status":"publish","type":"post","link":"https:\/\/www.noticiasradioreflejos.com.ar\/2021\/tornquist-agresiones-al-personal-de-salud-y-roturas-en-el-hospital-dr-alberto-castro\/","title":{"rendered":"Tornquist: Agresiones al personal de salud y roturas en el Hospital \u201cDr. Alberto Castro\u201d"},"content":{"rendered":"<div class=\"noticia\">\n<div class=\"noticia-content\">\n<div class=\"hnoti\">Una desagradable situaci\u00f3n se vivi\u00f3 esta madrugada en la ciudad cuando alertados por una persona descompensada en un domicilio del sector sur, acudi\u00f3 la ambulancia del hospital municipal, seg\u00fan indic\u00f3 el M\u00e9dico de Guardia y Director Dr. Diego Herrera.<\/div>\n<div class=\"text\">\n<p>\u201cAlrededor de las tres de la ma\u00f1ana, recibimos un llamado, por una persona supuestamente inconciente. Al llegar la ambulancia con una enfermera al lugar junto con el chofer ya estaba uno de los patrulleros de la polic\u00eda. A penas llegaron al domicilio que queda a cinco cuadras del hospital, comenzaron a recibir agresiones y golpes en la ambulancia\u201d afirm\u00f3 Herrera.<\/p>\n<p>\u201cAnte esa situaci\u00f3n, el personal del hospital esper\u00f3 a que la polic\u00eda pudiera reducir al agresor y otras personas que estaban muy exaltados. Personal de la ambulancia se baj\u00f3 para asistir, pero no hicieron tiempo de bajar la camilla porque las personas literalmente, lo subieron a la misma\u201d indic\u00f3.<\/p>\n<p>\u201cPor ello decidieron regresar al hospital con la ambulancia y el hombre que estaba bajo los efectos de alcohol \u00a0excesivo y con p\u00e9rdida de la conciencia \u201c<\/p>\n<p>Pero al llegar al hospital, las mismas personas que estaban en ese domicilio, concurrieron al centro de salud y rompieron un vidrio de la puerta de acceso a la guardia.<\/p>\n<p>\u201cA\u00fan no pudimos ver las c\u00e1maras pero sabemos que contamos con el video y haremos la denuncia pertinente en la comisar\u00eda, porque se da\u00f1\u00f3 uno de los m\u00f3viles como la ambulancia y muchas no tenemos. Nos duele mucho lo que hicieron\u201d destac\u00f3 Herrera.<\/p>\n<p>Inclusive relat\u00f3 el Dr. Herrera, la persona que rompi\u00f3 el vidrio termin\u00f3 con un corte en el cuero cabelludo y el propio m\u00e9dico de guardia en ese momento el Dr. Diaz, lo sutur\u00f3 y permaneci\u00f3 internado hasta cerca del mediod\u00eda cuando recibi\u00f3 el alta.<\/p>\n<p>\u201cEsto causa indignaci\u00f3n porque trabajamos mucho para el hosp\u00ectal y la gente , este es un lugar tranquilo, me da mucha pena que pase esta situaci\u00f3n de violencia que no se pueda controlar\u201d finaliz\u00f3.<\/p>\n<p>&nbsp;<\/p>\n<p><iframe loading=\"lazy\" src=\"https:\/\/www.facebook.com\/plugins\/video.php?height=274&amp;href=https%3A%2F%2Fwww.facebook.com%2Fnoticastornquist%2Fvideos%2F814196966111202%2F&amp;show_text=false&amp;width=560&amp;t=0\" width=\"560\" height=\"274\" frameborder=\"0\" scrolling=\"no\" allowfullscreen=\"allowfullscreen\" data-mce-fragment=\"1\"><\/iframe><\/p>\n<\/div>\n<div><img decoding=\"async\" src=\"https:\/\/www.noticiastornquist.com.ar\/imagen.php?imagen=2022-03\/die.png\" \/><\/p>\n<div>Dr. Diego Herrera-Director del Hospital<\/div>\n<hr \/>\n<p><img decoding=\"async\" src=\"https:\/\/www.noticiastornquist.com.ar\/imagen.php?imagen=2022-03\/0de85472f894487696ae404157bc6f32.jpg\" \/><\/p>\n<div>La ambulancia sufri\u00f3 roturas<\/div>\n<hr \/>\n<p><img decoding=\"async\" src=\"https:\/\/www.noticiastornquist.com.ar\/imagen.php?imagen=2022-03\/vidrio.jpg\" \/><\/p>\n<div>Un vidrio de la puerta de acceso rompi\u00f3 tambi\u00e9n uno de los agresores<\/div>\n<hr \/>\n<\/div>\n<\/div>\n<\/div>\n<p><!--more--><\/p>\n<p>&nbsp;<\/p>\n","protected":false},"excerpt":{"rendered":"<p>Una desagradable situaci\u00f3n se vivi\u00f3 esta madrugada en la ciudad cuando alertados por una persona descompensada en un domicilio del sector sur, acudi\u00f3 la ambulancia del hospital municipal, seg\u00fan indic\u00f3 el M\u00e9dico de Guardia y Director Dr. Diego Herrera. \u201cAlrededor de las tres de la ma\u00f1ana, recibimos un llamado, por una persona supuestamente inconciente. Al [&hellip;]<\/p>\n","protected":false},"author":3,"featured_media":0,"comment_status":"closed","ping_status":"closed","sticky":false,"template":"","format":"standard","meta":{"footnotes":""},"categories":[29,30,26],"tags":[],"class_list":["post-69233","post","type-post","status-publish","format-standard","hentry","category-policiales","category-salud","category-sociedad"],"yoast_head":"<!-- This site is optimized with the Yoast SEO plugin v25.9 - https:\/\/yoast.com\/wordpress\/plugins\/seo\/ -->\n<title>Tornquist: Agresiones al personal de salud y roturas en el Hospital \u201cDr. Alberto Castro\u201d - Noticias Radio Reflejos<\/title>\n<meta name=\"robots\" content=\"index, follow, max-snippet:-1, max-image-preview:large, max-video-preview:-1\" \/>\n<link rel=\"canonical\" href=\"https:\/\/www.noticiasradioreflejos.com.ar\/2021\/tornquist-agresiones-al-personal-de-salud-y-roturas-en-el-hospital-dr-alberto-castro\/\" \/>\n<meta property=\"og:locale\" content=\"es_ES\" \/>\n<meta property=\"og:type\" content=\"article\" \/>\n<meta property=\"og:title\" content=\"Tornquist: Agresiones al personal de salud y roturas en el Hospital \u201cDr. Alberto Castro\u201d - Noticias Radio Reflejos\" \/>\n<meta property=\"og:description\" content=\"Una desagradable situaci\u00f3n se vivi\u00f3 esta madrugada en la ciudad cuando alertados por una persona descompensada en un domicilio del sector sur, acudi\u00f3 la ambulancia del hospital municipal, seg\u00fan indic\u00f3 el M\u00e9dico de Guardia y Director Dr. Diego Herrera. \u201cAlrededor de las tres de la ma\u00f1ana, recibimos un llamado, por una persona supuestamente inconciente. Al [&hellip;]\" \/>\n<meta property=\"og:url\" content=\"https:\/\/www.noticiasradioreflejos.com.ar\/2021\/tornquist-agresiones-al-personal-de-salud-y-roturas-en-el-hospital-dr-alberto-castro\/\" \/>\n<meta property=\"og:site_name\" content=\"Noticias Radio Reflejos\" \/>\n<meta property=\"article:published_time\" content=\"2022-03-13T20:56:55+00:00\" \/>\n<meta property=\"og:image\" content=\"https:\/\/www.noticiastornquist.com.ar\/imagen.php?imagen=2022-03\/die.png\" \/>\n<meta name=\"author\" content=\"Arnaldo Botto\" \/>\n<meta name=\"twitter:card\" content=\"summary_large_image\" \/>\n<script type=\"application\/ld+json\" class=\"yoast-schema-graph\">{\"@context\":\"https:\/\/schema.org\",\"@graph\":[{\"@type\":\"WebPage\",\"@id\":\"https:\/\/www.noticiasradioreflejos.com.ar\/2021\/tornquist-agresiones-al-personal-de-salud-y-roturas-en-el-hospital-dr-alberto-castro\/\",\"url\":\"https:\/\/www.noticiasradioreflejos.com.ar\/2021\/tornquist-agresiones-al-personal-de-salud-y-roturas-en-el-hospital-dr-alberto-castro\/\",\"name\":\"Tornquist: Agresiones al personal de salud y roturas en el Hospital \u201cDr. Alberto Castro\u201d - Noticias Radio Reflejos\",\"isPartOf\":{\"@id\":\"https:\/\/www.noticiasradioreflejos.com.ar\/2021\/#website\"},\"primaryImageOfPage\":{\"@id\":\"https:\/\/www.noticiasradioreflejos.com.ar\/2021\/tornquist-agresiones-al-personal-de-salud-y-roturas-en-el-hospital-dr-alberto-castro\/#primaryimage\"},\"image\":{\"@id\":\"https:\/\/www.noticiasradioreflejos.com.ar\/2021\/tornquist-agresiones-al-personal-de-salud-y-roturas-en-el-hospital-dr-alberto-castro\/#primaryimage\"},\"thumbnailUrl\":\"https:\/\/www.noticiastornquist.com.ar\/imagen.php?imagen=2022-03\/die.png\",\"datePublished\":\"2022-03-13T20:56:55+00:00\",\"author\":{\"@id\":\"https:\/\/www.noticiasradioreflejos.com.ar\/2021\/#\/schema\/person\/ad82545263dcc5ec0996818884fd5fb1\"},\"breadcrumb\":{\"@id\":\"https:\/\/www.noticiasradioreflejos.com.ar\/2021\/tornquist-agresiones-al-personal-de-salud-y-roturas-en-el-hospital-dr-alberto-castro\/#breadcrumb\"},\"inLanguage\":\"es\",\"potentialAction\":[{\"@type\":\"ReadAction\",\"target\":[\"https:\/\/www.noticiasradioreflejos.com.ar\/2021\/tornquist-agresiones-al-personal-de-salud-y-roturas-en-el-hospital-dr-alberto-castro\/\"]}]},{\"@type\":\"ImageObject\",\"inLanguage\":\"es\",\"@id\":\"https:\/\/www.noticiasradioreflejos.com.ar\/2021\/tornquist-agresiones-al-personal-de-salud-y-roturas-en-el-hospital-dr-alberto-castro\/#primaryimage\",\"url\":\"https:\/\/www.noticiastornquist.com.ar\/imagen.php?imagen=2022-03\/die.png\",\"contentUrl\":\"https:\/\/www.noticiastornquist.com.ar\/imagen.php?imagen=2022-03\/die.png\"},{\"@type\":\"BreadcrumbList\",\"@id\":\"https:\/\/www.noticiasradioreflejos.com.ar\/2021\/tornquist-agresiones-al-personal-de-salud-y-roturas-en-el-hospital-dr-alberto-castro\/#breadcrumb\",\"itemListElement\":[{\"@type\":\"ListItem\",\"position\":1,\"name\":\"Portada\",\"item\":\"https:\/\/www.noticiasradioreflejos.com.ar\/2021\/\"},{\"@type\":\"ListItem\",\"position\":2,\"name\":\"Tornquist: Agresiones al personal de salud y roturas en el Hospital \u201cDr. Alberto Castro\u201d\"}]},{\"@type\":\"WebSite\",\"@id\":\"https:\/\/www.noticiasradioreflejos.com.ar\/2021\/#website\",\"url\":\"https:\/\/www.noticiasradioreflejos.com.ar\/2021\/\",\"name\":\"Noticias Radio Reflejos\",\"description\":\"Las noticias de mi comarca\",\"potentialAction\":[{\"@type\":\"SearchAction\",\"target\":{\"@type\":\"EntryPoint\",\"urlTemplate\":\"https:\/\/www.noticiasradioreflejos.com.ar\/2021\/?s={search_term_string}\"},\"query-input\":{\"@type\":\"PropertyValueSpecification\",\"valueRequired\":true,\"valueName\":\"search_term_string\"}}],\"inLanguage\":\"es\"},{\"@type\":\"Person\",\"@id\":\"https:\/\/www.noticiasradioreflejos.com.ar\/2021\/#\/schema\/person\/ad82545263dcc5ec0996818884fd5fb1\",\"name\":\"Arnaldo Botto\",\"image\":{\"@type\":\"ImageObject\",\"inLanguage\":\"es\",\"@id\":\"https:\/\/www.noticiasradioreflejos.com.ar\/2021\/#\/schema\/person\/image\/\",\"url\":\"https:\/\/secure.gravatar.com\/avatar\/55cb5e37c1efa326397366e6974cb338056df65cb50e7d64d1cf314e87504837?s=96&d=mm&r=g\",\"contentUrl\":\"https:\/\/secure.gravatar.com\/avatar\/55cb5e37c1efa326397366e6974cb338056df65cb50e7d64d1cf314e87504837?s=96&d=mm&r=g\",\"caption\":\"Arnaldo Botto\"},\"url\":\"https:\/\/www.noticiasradioreflejos.com.ar\/2021\/author\/arnaldo\/\"}]}<\/script>\n<!-- \/ Yoast SEO plugin. -->","yoast_head_json":{"title":"Tornquist: Agresiones al personal de salud y roturas en el Hospital \u201cDr. Alberto Castro\u201d - Noticias Radio Reflejos","robots":{"index":"index","follow":"follow","max-snippet":"max-snippet:-1","max-image-preview":"max-image-preview:large","max-video-preview":"max-video-preview:-1"},"canonical":"https:\/\/www.noticiasradioreflejos.com.ar\/2021\/tornquist-agresiones-al-personal-de-salud-y-roturas-en-el-hospital-dr-alberto-castro\/","og_locale":"es_ES","og_type":"article","og_title":"Tornquist: Agresiones al personal de salud y roturas en el Hospital \u201cDr. Alberto Castro\u201d - Noticias Radio Reflejos","og_description":"Una desagradable situaci\u00f3n se vivi\u00f3 esta madrugada en la ciudad cuando alertados por una persona descompensada en un domicilio del sector sur, acudi\u00f3 la ambulancia del hospital municipal, seg\u00fan indic\u00f3 el M\u00e9dico de Guardia y Director Dr. Diego Herrera. \u201cAlrededor de las tres de la ma\u00f1ana, recibimos un llamado, por una persona supuestamente inconciente. Al [&hellip;]","og_url":"https:\/\/www.noticiasradioreflejos.com.ar\/2021\/tornquist-agresiones-al-personal-de-salud-y-roturas-en-el-hospital-dr-alberto-castro\/","og_site_name":"Noticias Radio Reflejos","article_published_time":"2022-03-13T20:56:55+00:00","og_image":[{"url":"https:\/\/www.noticiastornquist.com.ar\/imagen.php?imagen=2022-03\/die.png","type":"","width":"","height":""}],"author":"Arnaldo Botto","twitter_card":"summary_large_image","schema":{"@context":"https:\/\/schema.org","@graph":[{"@type":"WebPage","@id":"https:\/\/www.noticiasradioreflejos.com.ar\/2021\/tornquist-agresiones-al-personal-de-salud-y-roturas-en-el-hospital-dr-alberto-castro\/","url":"https:\/\/www.noticiasradioreflejos.com.ar\/2021\/tornquist-agresiones-al-personal-de-salud-y-roturas-en-el-hospital-dr-alberto-castro\/","name":"Tornquist: Agresiones al personal de salud y roturas en el Hospital \u201cDr. Alberto Castro\u201d - Noticias Radio Reflejos","isPartOf":{"@id":"https:\/\/www.noticiasradioreflejos.com.ar\/2021\/#website"},"primaryImageOfPage":{"@id":"https:\/\/www.noticiasradioreflejos.com.ar\/2021\/tornquist-agresiones-al-personal-de-salud-y-roturas-en-el-hospital-dr-alberto-castro\/#primaryimage"},"image":{"@id":"https:\/\/www.noticiasradioreflejos.com.ar\/2021\/tornquist-agresiones-al-personal-de-salud-y-roturas-en-el-hospital-dr-alberto-castro\/#primaryimage"},"thumbnailUrl":"https:\/\/www.noticiastornquist.com.ar\/imagen.php?imagen=2022-03\/die.png","datePublished":"2022-03-13T20:56:55+00:00","author":{"@id":"https:\/\/www.noticiasradioreflejos.com.ar\/2021\/#\/schema\/person\/ad82545263dcc5ec0996818884fd5fb1"},"breadcrumb":{"@id":"https:\/\/www.noticiasradioreflejos.com.ar\/2021\/tornquist-agresiones-al-personal-de-salud-y-roturas-en-el-hospital-dr-alberto-castro\/#breadcrumb"},"inLanguage":"es","potentialAction":[{"@type":"ReadAction","target":["https:\/\/www.noticiasradioreflejos.com.ar\/2021\/tornquist-agresiones-al-personal-de-salud-y-roturas-en-el-hospital-dr-alberto-castro\/"]}]},{"@type":"ImageObject","inLanguage":"es","@id":"https:\/\/www.noticiasradioreflejos.com.ar\/2021\/tornquist-agresiones-al-personal-de-salud-y-roturas-en-el-hospital-dr-alberto-castro\/#primaryimage","url":"https:\/\/www.noticiastornquist.com.ar\/imagen.php?imagen=2022-03\/die.png","contentUrl":"https:\/\/www.noticiastornquist.com.ar\/imagen.php?imagen=2022-03\/die.png"},{"@type":"BreadcrumbList","@id":"https:\/\/www.noticiasradioreflejos.com.ar\/2021\/tornquist-agresiones-al-personal-de-salud-y-roturas-en-el-hospital-dr-alberto-castro\/#breadcrumb","itemListElement":[{"@type":"ListItem","position":1,"name":"Portada","item":"https:\/\/www.noticiasradioreflejos.com.ar\/2021\/"},{"@type":"ListItem","position":2,"name":"Tornquist: Agresiones al personal de salud y roturas en el Hospital \u201cDr. Alberto Castro\u201d"}]},{"@type":"WebSite","@id":"https:\/\/www.noticiasradioreflejos.com.ar\/2021\/#website","url":"https:\/\/www.noticiasradioreflejos.com.ar\/2021\/","name":"Noticias Radio Reflejos","description":"Las noticias de mi comarca","potentialAction":[{"@type":"SearchAction","target":{"@type":"EntryPoint","urlTemplate":"https:\/\/www.noticiasradioreflejos.com.ar\/2021\/?s={search_term_string}"},"query-input":{"@type":"PropertyValueSpecification","valueRequired":true,"valueName":"search_term_string"}}],"inLanguage":"es"},{"@type":"Person","@id":"https:\/\/www.noticiasradioreflejos.com.ar\/2021\/#\/schema\/person\/ad82545263dcc5ec0996818884fd5fb1","name":"Arnaldo Botto","image":{"@type":"ImageObject","inLanguage":"es","@id":"https:\/\/www.noticiasradioreflejos.com.ar\/2021\/#\/schema\/person\/image\/","url":"https:\/\/secure.gravatar.com\/avatar\/55cb5e37c1efa326397366e6974cb338056df65cb50e7d64d1cf314e87504837?s=96&d=mm&r=g","contentUrl":"https:\/\/secure.gravatar.com\/avatar\/55cb5e37c1efa326397366e6974cb338056df65cb50e7d64d1cf314e87504837?s=96&d=mm&r=g","caption":"Arnaldo Botto"},"url":"https:\/\/www.noticiasradioreflejos.com.ar\/2021\/author\/arnaldo\/"}]}},"_links":{"self":[{"href":"https:\/\/www.noticiasradioreflejos.com.ar\/2021\/wp-json\/wp\/v2\/posts\/69233","targetHints":{"allow":["GET"]}}],"collection":[{"href":"https:\/\/www.noticiasradioreflejos.com.ar\/2021\/wp-json\/wp\/v2\/posts"}],"about":[{"href":"https:\/\/www.noticiasradioreflejos.com.ar\/2021\/wp-json\/wp\/v2\/types\/post"}],"author":[{"embeddable":true,"href":"https:\/\/www.noticiasradioreflejos.com.ar\/2021\/wp-json\/wp\/v2\/users\/3"}],"replies":[{"embeddable":true,"href":"https:\/\/www.noticiasradioreflejos.com.ar\/2021\/wp-json\/wp\/v2\/comments?post=69233"}],"version-history":[{"count":1,"href":"https:\/\/www.noticiasradioreflejos.com.ar\/2021\/wp-json\/wp\/v2\/posts\/69233\/revisions"}],"predecessor-version":[{"id":69235,"href":"https:\/\/www.noticiasradioreflejos.com.ar\/2021\/wp-json\/wp\/v2\/posts\/69233\/revisions\/69235"}],"wp:attachment":[{"href":"https:\/\/www.noticiasradioreflejos.com.ar\/2021\/wp-json\/wp\/v2\/media?parent=69233"}],"wp:term":[{"taxonomy":"category","embeddable":true,"href":"https:\/\/www.noticiasradioreflejos.com.ar\/2021\/wp-json\/wp\/v2\/categories?post=69233"},{"taxonomy":"post_tag","embeddable":true,"href":"https:\/\/www.noticiasradioreflejos.com.ar\/2021\/wp-json\/wp\/v2\/tags?post=69233"}],"curies":[{"name":"wp","href":"https:\/\/api.w.org\/{rel}","templated":true}]}}