{"id":69226,"date":"2022-03-13T16:12:09","date_gmt":"2022-03-13T16:12:09","guid":{"rendered":"http:\/\/www.noticiasradioreflejos.com.ar\/2021\/?p=69226"},"modified":"2022-03-13T16:17:05","modified_gmt":"2022-03-13T16:17:05","slug":"primer-noche-de-la-rutilante-7ma-fiesta-provincial-de-la-vendimia-en-saldungaray","status":"publish","type":"post","link":"https:\/\/www.noticiasradioreflejos.com.ar\/2021\/primer-noche-de-la-rutilante-7ma-fiesta-provincial-de-la-vendimia-en-saldungaray\/","title":{"rendered":"Primer noche de la rutilante 7ma Fiesta Provincial de la Vendimia en Saldungaray."},"content":{"rendered":"<p>Miles de personas visitaron este s\u00e1bado el predio de la Estaci\u00f3n Ferroviaria de Saldungaray para disfrutar del encuentro con productores vitivin\u00edcolas del sudoeste bonaerense, artesanos, emprendedores, artistas locales y de relieve nacional.<!--more--><\/p>\n<p><a title=\"7\u00b0 fiesta de la Vendimia (17)\" href=\"https:\/\/www.flickr.com\/photos\/182279889@N02\/51935792294\/in\/dateposted-public\/\" data-flickr-embed=\"true\"><img loading=\"lazy\" decoding=\"async\" src=\"https:\/\/live.staticflickr.com\/65535\/51935792294_85bba1ed9d_c.jpg\" alt=\"7\u00b0 fiesta de la Vendimia (17)\" width=\"800\" height=\"450\" \/><\/a><script async src=\"\/\/embedr.flickr.com\/assets\/client-code.js\" charset=\"utf-8\"><\/script><\/p>\n<p>Durante la jornada estuvo presente el Ministro de Desarrollo Agrario de la provincia de Buenos Aires, Dr. Javier Rodr\u00edguez, y varios funcionarios de su cartera; mantuvieron reuniones con los bodegueros y acercaron importantes ayudas econ\u00f3micas orientadas al desarrollo del sector, que recibi\u00f3 los anuncios con sumo optimismo.<br \/>\nEl amplio predio mostr\u00f3 una organizaci\u00f3n impecable, que permiti\u00f3 a todos los visitantes a la muestra moverse con comodidad y elegir a su gusto la ubicaci\u00f3n frente al gran escenario que mostr\u00f3 un programa de espect\u00e1culos que hicieron vivar, bailar y aplaudir a todos los espectadores.<\/p>\n<p><a title=\"7\u00b0 fiesta de la Vendimia (12)\" href=\"https:\/\/www.flickr.com\/photos\/182279889@N02\/51934493117\/in\/dateposted-public\/\" data-flickr-embed=\"true\"><img loading=\"lazy\" decoding=\"async\" src=\"https:\/\/live.staticflickr.com\/65535\/51934493117_fea0ce82e1_c.jpg\" alt=\"7\u00b0 fiesta de la Vendimia (12)\" width=\"800\" height=\"450\" \/><\/a><script async src=\"\/\/embedr.flickr.com\/assets\/client-code.js\" charset=\"utf-8\"><\/script><\/p>\n<p>El predio abri\u00f3 sus puertas desde las 16 horas, pero ya desde mucho antes la actividad era intensa en el lugar, los preparativos por parte de organizadores y expositores, los fuegos encendi\u00e9ndose en los puestos de comidas de las instituciones locales que ofrecieron bondiolitas, choris y carnes asadas,\u00a0 mostraban con nerviosismo la expectativa por el reencuentro con una fiesta que alcanz\u00f3, previo a la pandemia, a tener m\u00e1s de 40 mil espectadores.<\/p>\n<p>En el carp\u00f3n que llamaron paseo del vino, los productos regionales exhibidos y para degustar durante toda jornada inicial y a continuaci\u00f3n, otra carpa como auditorio, tuvo ferviente actividad previo al comienzo de los espect\u00e1culos; all\u00ed el propio <strong>Ministro de Desarrollo Agrario provincial, Dr. Javier Rodr\u00edguez,\u00a0<\/strong>junto a autoridades de su cartera y funcionarios de Tornquist, con el intendente Sergio Bordoni a la cabeza, de producci\u00f3n, turismo y cultura, se reunieron con los productores vitivin\u00edcolas de toda la provincia, ahora nucleados en una nueva c\u00e1mara del sector, y recibieron informaci\u00f3n sobre importantes l\u00edneas de cr\u00e9dito a tasas \u00ednfimas y con mucho apoyo gubernamental, para apostar a un mayor desarrollo del sector e imponer los vinos bonaerenses a nivel nacional.<\/p>\n<p><a title=\"7\u00b0 fiesta de la Vendimia (6)\" href=\"https:\/\/www.flickr.com\/photos\/182279889@N02\/51936088630\/in\/dateposted-public\/\" data-flickr-embed=\"true\"><img loading=\"lazy\" decoding=\"async\" class=\"aligncenter\" src=\"https:\/\/live.staticflickr.com\/65535\/51936088630_808b3b3e88_c.jpg\" alt=\"7\u00b0 fiesta de la Vendimia (6)\" width=\"800\" height=\"450\" \/><\/a><script async src=\"\/\/embedr.flickr.com\/assets\/client-code.js\" charset=\"utf-8\"><\/script><\/p>\n<p>Desde las 18 hs, el escenario comenz\u00f3 a sentirse con su sonido y las danzas folcl\u00f3ricas. Con la<strong> Pe\u00f1a Huinca Malal<\/strong> abrieron el fuego de lo que llevar\u00eda hasta las 23 hs un importante despliegue de actividades art\u00edsticas, con: <strong>Huma<\/strong> y su rock latino, <strong>Enrique Gonz\u00e1lez<\/strong> y sus recitados,\u00a0<strong>Fede Brisco<\/strong> cocinando en vivo y con magia incluida,\u00a0<strong>Los Potros Malambo\u00a0<\/strong>en una puesta de baile, coreograf\u00eda, malabares con ponchos, bombos y boleadoras al comp\u00e1s del malambo y, cerrando el n\u00famero central, <strong>Ceibo,\u00a0<\/strong>afamado cuarteto folcl\u00f3rico con temas propios y de sus ra\u00edces cosco\u00ednas.<\/p>\n<p><a title=\"7\u00b0 fiesta de la Vendimia (30)\" href=\"https:\/\/www.flickr.com\/photos\/182279889@N02\/51934491532\/in\/dateposted-public\/\" data-flickr-embed=\"true\"><img loading=\"lazy\" decoding=\"async\" src=\"https:\/\/live.staticflickr.com\/65535\/51934491532_eda31a5b53_c.jpg\" alt=\"7\u00b0 fiesta de la Vendimia (30)\" width=\"800\" height=\"450\" \/><\/a><script async src=\"\/\/embedr.flickr.com\/assets\/client-code.js\" charset=\"utf-8\"><\/script><\/p>\n<p><a title=\"7\u00b0 fiesta de la Vendimia (43)\" href=\"https:\/\/www.flickr.com\/photos\/182279889@N02\/51936085950\/in\/dateposted-public\/\" data-flickr-embed=\"true\"><img loading=\"lazy\" decoding=\"async\" src=\"https:\/\/live.staticflickr.com\/65535\/51936085950_97eca0b8ee_c.jpg\" alt=\"7\u00b0 fiesta de la Vendimia (43)\" width=\"800\" height=\"450\" \/><\/a><script async src=\"\/\/embedr.flickr.com\/assets\/client-code.js\" charset=\"utf-8\"><\/script><\/p>\n<p>Mientras cientos de personas con sus reposeras disfrutaban de lo que en el escenario se desplegaba, otras miles recorr\u00edan cada uno de las decenas de puestos buscando llevarse el mejor recuerdo del lugar, nuestra comarca, los productos de nuestro terru\u00f1o, y tambi\u00e9n disfrutar de la variada gastronom\u00eda que se ofrec\u00eda desde los <b>foot\u00a0<\/b><i style=\"font-weight: bold;\">truck<\/i> estacionados, o desde los puestos de las instituciones de Saldungaray que trabajaron para obtener beneficios y seguir con sus propuestas sociales, educativas y deportivas.<\/p>\n<p><a title=\"7\u00b0 fiesta de la Vendimia (75)\" href=\"https:\/\/www.flickr.com\/photos\/182279889@N02\/51935790769\/in\/dateposted-public\/\" data-flickr-embed=\"true\"><img loading=\"lazy\" decoding=\"async\" src=\"https:\/\/live.staticflickr.com\/65535\/51935790769_cfd6cfa9d1_c.jpg\" alt=\"7\u00b0 fiesta de la Vendimia (75)\" width=\"800\" height=\"450\" \/><\/a><script async src=\"\/\/embedr.flickr.com\/assets\/client-code.js\" charset=\"utf-8\"><\/script><\/p>\n<p>Hoy domingo 13 siguen las actividades programadas, y la invitaci\u00f3n est\u00e1 abierta para el encuentro de la 2da noche de la fiesta. Se espera una gran concurrencia para disfrutar de los siguientes espect\u00e1culos:<\/p>\n<p>8 hs: Apertura con Huinca Malal y Carlos Porsel<\/p>\n<p>18.30 hs: Os Birretes<\/p>\n<p>18.30 hs: Charla \u2018El Olivo\u2019, un cultivo innovador en el distrito de Tornquist (en carpa auditorium)<\/p>\n<p>19 hs: Los Raviolis<\/p>\n<p>19.45 hs: Alex Freidig<\/p>\n<p>20.30 hs: Joaco Larrea<\/p>\n<p>20.45 hs: Tres M\u00e1s Uno Folklore y Pe\u00f1a Huinca Malal<\/p>\n<p>El predio se podr\u00e1 visitar a partir de las 16 hs de cada jornada, la entrada ser\u00e1 libre y gratuita y habr\u00e1 estacionamiento a cargo del Club Porte\u00f1o.<\/p>\n<p>.<iframe loading=\"lazy\" style=\"border: none; overflow: hidden;\" src=\"https:\/\/www.facebook.com\/plugins\/post.php?href=https%3A%2F%2Fwww.facebook.com%2FNoticiasRadioReflejos%2Fposts%2F1587697274931508&amp;show_text=true&amp;width=500\" width=\"500\" height=\"806\" frameborder=\"0\" scrolling=\"no\" allowfullscreen=\"allowfullscreen\"><\/iframe><\/p>\n","protected":false},"excerpt":{"rendered":"<p>Miles de personas visitaron este s\u00e1bado el predio de la Estaci\u00f3n Ferroviaria de Saldungaray para disfrutar del encuentro con productores vitivin\u00edcolas del sudoeste bonaerense, artesanos, emprendedores, artistas locales y de relieve nacional.<\/p>\n","protected":false},"author":3,"featured_media":0,"comment_status":"closed","ping_status":"closed","sticky":false,"template":"","format":"standard","meta":{"footnotes":""},"categories":[28,26,33],"tags":[48],"class_list":["post-69226","post","type-post","status-publish","format-standard","hentry","category-municipales","category-sociedad","category-turismo","tag-destacada"],"yoast_head":"<!-- This site is optimized with the Yoast SEO plugin v25.9 - https:\/\/yoast.com\/wordpress\/plugins\/seo\/ -->\n<title>Primer noche de la rutilante 7ma Fiesta Provincial de la Vendimia en Saldungaray. - Noticias Radio Reflejos<\/title>\n<meta name=\"robots\" content=\"index, follow, max-snippet:-1, max-image-preview:large, max-video-preview:-1\" \/>\n<link rel=\"canonical\" href=\"https:\/\/www.noticiasradioreflejos.com.ar\/2021\/primer-noche-de-la-rutilante-7ma-fiesta-provincial-de-la-vendimia-en-saldungaray\/\" \/>\n<meta property=\"og:locale\" content=\"es_ES\" \/>\n<meta property=\"og:type\" content=\"article\" \/>\n<meta property=\"og:title\" content=\"Primer noche de la rutilante 7ma Fiesta Provincial de la Vendimia en Saldungaray. - Noticias Radio Reflejos\" \/>\n<meta property=\"og:description\" content=\"Miles de personas visitaron este s\u00e1bado el predio de la Estaci\u00f3n Ferroviaria de Saldungaray para disfrutar del encuentro con productores vitivin\u00edcolas del sudoeste bonaerense, artesanos, emprendedores, artistas locales y de relieve nacional.\" \/>\n<meta property=\"og:url\" content=\"https:\/\/www.noticiasradioreflejos.com.ar\/2021\/primer-noche-de-la-rutilante-7ma-fiesta-provincial-de-la-vendimia-en-saldungaray\/\" \/>\n<meta property=\"og:site_name\" content=\"Noticias Radio Reflejos\" \/>\n<meta property=\"article:published_time\" content=\"2022-03-13T16:12:09+00:00\" \/>\n<meta property=\"article:modified_time\" content=\"2022-03-13T16:17:05+00:00\" \/>\n<meta property=\"og:image\" content=\"https:\/\/live.staticflickr.com\/65535\/51935792294_85bba1ed9d_c.jpg\" \/>\n<meta name=\"author\" content=\"Arnaldo Botto\" \/>\n<meta name=\"twitter:card\" content=\"summary_large_image\" \/>\n<script type=\"application\/ld+json\" class=\"yoast-schema-graph\">{\"@context\":\"https:\/\/schema.org\",\"@graph\":[{\"@type\":\"WebPage\",\"@id\":\"https:\/\/www.noticiasradioreflejos.com.ar\/2021\/primer-noche-de-la-rutilante-7ma-fiesta-provincial-de-la-vendimia-en-saldungaray\/\",\"url\":\"https:\/\/www.noticiasradioreflejos.com.ar\/2021\/primer-noche-de-la-rutilante-7ma-fiesta-provincial-de-la-vendimia-en-saldungaray\/\",\"name\":\"Primer noche de la rutilante 7ma Fiesta Provincial de la Vendimia en Saldungaray. - Noticias Radio Reflejos\",\"isPartOf\":{\"@id\":\"https:\/\/www.noticiasradioreflejos.com.ar\/2021\/#website\"},\"primaryImageOfPage\":{\"@id\":\"https:\/\/www.noticiasradioreflejos.com.ar\/2021\/primer-noche-de-la-rutilante-7ma-fiesta-provincial-de-la-vendimia-en-saldungaray\/#primaryimage\"},\"image\":{\"@id\":\"https:\/\/www.noticiasradioreflejos.com.ar\/2021\/primer-noche-de-la-rutilante-7ma-fiesta-provincial-de-la-vendimia-en-saldungaray\/#primaryimage\"},\"thumbnailUrl\":\"https:\/\/live.staticflickr.com\/65535\/51935792294_85bba1ed9d_c.jpg\",\"datePublished\":\"2022-03-13T16:12:09+00:00\",\"dateModified\":\"2022-03-13T16:17:05+00:00\",\"author\":{\"@id\":\"https:\/\/www.noticiasradioreflejos.com.ar\/2021\/#\/schema\/person\/ad82545263dcc5ec0996818884fd5fb1\"},\"breadcrumb\":{\"@id\":\"https:\/\/www.noticiasradioreflejos.com.ar\/2021\/primer-noche-de-la-rutilante-7ma-fiesta-provincial-de-la-vendimia-en-saldungaray\/#breadcrumb\"},\"inLanguage\":\"es\",\"potentialAction\":[{\"@type\":\"ReadAction\",\"target\":[\"https:\/\/www.noticiasradioreflejos.com.ar\/2021\/primer-noche-de-la-rutilante-7ma-fiesta-provincial-de-la-vendimia-en-saldungaray\/\"]}]},{\"@type\":\"ImageObject\",\"inLanguage\":\"es\",\"@id\":\"https:\/\/www.noticiasradioreflejos.com.ar\/2021\/primer-noche-de-la-rutilante-7ma-fiesta-provincial-de-la-vendimia-en-saldungaray\/#primaryimage\",\"url\":\"https:\/\/live.staticflickr.com\/65535\/51935792294_85bba1ed9d_c.jpg\",\"contentUrl\":\"https:\/\/live.staticflickr.com\/65535\/51935792294_85bba1ed9d_c.jpg\"},{\"@type\":\"BreadcrumbList\",\"@id\":\"https:\/\/www.noticiasradioreflejos.com.ar\/2021\/primer-noche-de-la-rutilante-7ma-fiesta-provincial-de-la-vendimia-en-saldungaray\/#breadcrumb\",\"itemListElement\":[{\"@type\":\"ListItem\",\"position\":1,\"name\":\"Portada\",\"item\":\"https:\/\/www.noticiasradioreflejos.com.ar\/2021\/\"},{\"@type\":\"ListItem\",\"position\":2,\"name\":\"Primer noche de la rutilante 7ma Fiesta Provincial de la Vendimia en Saldungaray.\"}]},{\"@type\":\"WebSite\",\"@id\":\"https:\/\/www.noticiasradioreflejos.com.ar\/2021\/#website\",\"url\":\"https:\/\/www.noticiasradioreflejos.com.ar\/2021\/\",\"name\":\"Noticias Radio Reflejos\",\"description\":\"Las noticias de mi comarca\",\"potentialAction\":[{\"@type\":\"SearchAction\",\"target\":{\"@type\":\"EntryPoint\",\"urlTemplate\":\"https:\/\/www.noticiasradioreflejos.com.ar\/2021\/?s={search_term_string}\"},\"query-input\":{\"@type\":\"PropertyValueSpecification\",\"valueRequired\":true,\"valueName\":\"search_term_string\"}}],\"inLanguage\":\"es\"},{\"@type\":\"Person\",\"@id\":\"https:\/\/www.noticiasradioreflejos.com.ar\/2021\/#\/schema\/person\/ad82545263dcc5ec0996818884fd5fb1\",\"name\":\"Arnaldo Botto\",\"image\":{\"@type\":\"ImageObject\",\"inLanguage\":\"es\",\"@id\":\"https:\/\/www.noticiasradioreflejos.com.ar\/2021\/#\/schema\/person\/image\/\",\"url\":\"https:\/\/secure.gravatar.com\/avatar\/55cb5e37c1efa326397366e6974cb338056df65cb50e7d64d1cf314e87504837?s=96&d=mm&r=g\",\"contentUrl\":\"https:\/\/secure.gravatar.com\/avatar\/55cb5e37c1efa326397366e6974cb338056df65cb50e7d64d1cf314e87504837?s=96&d=mm&r=g\",\"caption\":\"Arnaldo Botto\"},\"url\":\"https:\/\/www.noticiasradioreflejos.com.ar\/2021\/author\/arnaldo\/\"}]}<\/script>\n<!-- \/ Yoast SEO plugin. -->","yoast_head_json":{"title":"Primer noche de la rutilante 7ma Fiesta Provincial de la Vendimia en Saldungaray. - Noticias Radio Reflejos","robots":{"index":"index","follow":"follow","max-snippet":"max-snippet:-1","max-image-preview":"max-image-preview:large","max-video-preview":"max-video-preview:-1"},"canonical":"https:\/\/www.noticiasradioreflejos.com.ar\/2021\/primer-noche-de-la-rutilante-7ma-fiesta-provincial-de-la-vendimia-en-saldungaray\/","og_locale":"es_ES","og_type":"article","og_title":"Primer noche de la rutilante 7ma Fiesta Provincial de la Vendimia en Saldungaray. - Noticias Radio Reflejos","og_description":"Miles de personas visitaron este s\u00e1bado el predio de la Estaci\u00f3n Ferroviaria de Saldungaray para disfrutar del encuentro con productores vitivin\u00edcolas del sudoeste bonaerense, artesanos, emprendedores, artistas locales y de relieve nacional.","og_url":"https:\/\/www.noticiasradioreflejos.com.ar\/2021\/primer-noche-de-la-rutilante-7ma-fiesta-provincial-de-la-vendimia-en-saldungaray\/","og_site_name":"Noticias Radio Reflejos","article_published_time":"2022-03-13T16:12:09+00:00","article_modified_time":"2022-03-13T16:17:05+00:00","og_image":[{"url":"https:\/\/live.staticflickr.com\/65535\/51935792294_85bba1ed9d_c.jpg","type":"","width":"","height":""}],"author":"Arnaldo Botto","twitter_card":"summary_large_image","schema":{"@context":"https:\/\/schema.org","@graph":[{"@type":"WebPage","@id":"https:\/\/www.noticiasradioreflejos.com.ar\/2021\/primer-noche-de-la-rutilante-7ma-fiesta-provincial-de-la-vendimia-en-saldungaray\/","url":"https:\/\/www.noticiasradioreflejos.com.ar\/2021\/primer-noche-de-la-rutilante-7ma-fiesta-provincial-de-la-vendimia-en-saldungaray\/","name":"Primer noche de la rutilante 7ma Fiesta Provincial de la Vendimia en Saldungaray. - Noticias Radio Reflejos","isPartOf":{"@id":"https:\/\/www.noticiasradioreflejos.com.ar\/2021\/#website"},"primaryImageOfPage":{"@id":"https:\/\/www.noticiasradioreflejos.com.ar\/2021\/primer-noche-de-la-rutilante-7ma-fiesta-provincial-de-la-vendimia-en-saldungaray\/#primaryimage"},"image":{"@id":"https:\/\/www.noticiasradioreflejos.com.ar\/2021\/primer-noche-de-la-rutilante-7ma-fiesta-provincial-de-la-vendimia-en-saldungaray\/#primaryimage"},"thumbnailUrl":"https:\/\/live.staticflickr.com\/65535\/51935792294_85bba1ed9d_c.jpg","datePublished":"2022-03-13T16:12:09+00:00","dateModified":"2022-03-13T16:17:05+00:00","author":{"@id":"https:\/\/www.noticiasradioreflejos.com.ar\/2021\/#\/schema\/person\/ad82545263dcc5ec0996818884fd5fb1"},"breadcrumb":{"@id":"https:\/\/www.noticiasradioreflejos.com.ar\/2021\/primer-noche-de-la-rutilante-7ma-fiesta-provincial-de-la-vendimia-en-saldungaray\/#breadcrumb"},"inLanguage":"es","potentialAction":[{"@type":"ReadAction","target":["https:\/\/www.noticiasradioreflejos.com.ar\/2021\/primer-noche-de-la-rutilante-7ma-fiesta-provincial-de-la-vendimia-en-saldungaray\/"]}]},{"@type":"ImageObject","inLanguage":"es","@id":"https:\/\/www.noticiasradioreflejos.com.ar\/2021\/primer-noche-de-la-rutilante-7ma-fiesta-provincial-de-la-vendimia-en-saldungaray\/#primaryimage","url":"https:\/\/live.staticflickr.com\/65535\/51935792294_85bba1ed9d_c.jpg","contentUrl":"https:\/\/live.staticflickr.com\/65535\/51935792294_85bba1ed9d_c.jpg"},{"@type":"BreadcrumbList","@id":"https:\/\/www.noticiasradioreflejos.com.ar\/2021\/primer-noche-de-la-rutilante-7ma-fiesta-provincial-de-la-vendimia-en-saldungaray\/#breadcrumb","itemListElement":[{"@type":"ListItem","position":1,"name":"Portada","item":"https:\/\/www.noticiasradioreflejos.com.ar\/2021\/"},{"@type":"ListItem","position":2,"name":"Primer noche de la rutilante 7ma Fiesta Provincial de la Vendimia en Saldungaray."}]},{"@type":"WebSite","@id":"https:\/\/www.noticiasradioreflejos.com.ar\/2021\/#website","url":"https:\/\/www.noticiasradioreflejos.com.ar\/2021\/","name":"Noticias Radio Reflejos","description":"Las noticias de mi comarca","potentialAction":[{"@type":"SearchAction","target":{"@type":"EntryPoint","urlTemplate":"https:\/\/www.noticiasradioreflejos.com.ar\/2021\/?s={search_term_string}"},"query-input":{"@type":"PropertyValueSpecification","valueRequired":true,"valueName":"search_term_string"}}],"inLanguage":"es"},{"@type":"Person","@id":"https:\/\/www.noticiasradioreflejos.com.ar\/2021\/#\/schema\/person\/ad82545263dcc5ec0996818884fd5fb1","name":"Arnaldo Botto","image":{"@type":"ImageObject","inLanguage":"es","@id":"https:\/\/www.noticiasradioreflejos.com.ar\/2021\/#\/schema\/person\/image\/","url":"https:\/\/secure.gravatar.com\/avatar\/55cb5e37c1efa326397366e6974cb338056df65cb50e7d64d1cf314e87504837?s=96&d=mm&r=g","contentUrl":"https:\/\/secure.gravatar.com\/avatar\/55cb5e37c1efa326397366e6974cb338056df65cb50e7d64d1cf314e87504837?s=96&d=mm&r=g","caption":"Arnaldo Botto"},"url":"https:\/\/www.noticiasradioreflejos.com.ar\/2021\/author\/arnaldo\/"}]}},"_links":{"self":[{"href":"https:\/\/www.noticiasradioreflejos.com.ar\/2021\/wp-json\/wp\/v2\/posts\/69226","targetHints":{"allow":["GET"]}}],"collection":[{"href":"https:\/\/www.noticiasradioreflejos.com.ar\/2021\/wp-json\/wp\/v2\/posts"}],"about":[{"href":"https:\/\/www.noticiasradioreflejos.com.ar\/2021\/wp-json\/wp\/v2\/types\/post"}],"author":[{"embeddable":true,"href":"https:\/\/www.noticiasradioreflejos.com.ar\/2021\/wp-json\/wp\/v2\/users\/3"}],"replies":[{"embeddable":true,"href":"https:\/\/www.noticiasradioreflejos.com.ar\/2021\/wp-json\/wp\/v2\/comments?post=69226"}],"version-history":[{"count":2,"href":"https:\/\/www.noticiasradioreflejos.com.ar\/2021\/wp-json\/wp\/v2\/posts\/69226\/revisions"}],"predecessor-version":[{"id":69230,"href":"https:\/\/www.noticiasradioreflejos.com.ar\/2021\/wp-json\/wp\/v2\/posts\/69226\/revisions\/69230"}],"wp:attachment":[{"href":"https:\/\/www.noticiasradioreflejos.com.ar\/2021\/wp-json\/wp\/v2\/media?parent=69226"}],"wp:term":[{"taxonomy":"category","embeddable":true,"href":"https:\/\/www.noticiasradioreflejos.com.ar\/2021\/wp-json\/wp\/v2\/categories?post=69226"},{"taxonomy":"post_tag","embeddable":true,"href":"https:\/\/www.noticiasradioreflejos.com.ar\/2021\/wp-json\/wp\/v2\/tags?post=69226"}],"curies":[{"name":"wp","href":"https:\/\/api.w.org\/{rel}","templated":true}]}}