{"id":69218,"date":"2022-03-13T13:25:29","date_gmt":"2022-03-13T13:25:29","guid":{"rendered":"http:\/\/www.noticiasradioreflejos.com.ar\/2021\/?p=69218"},"modified":"2022-03-13T13:36:21","modified_gmt":"2022-03-13T13:36:21","slug":"rene-longoni-investigo-durante-anos-a-francisco-salamone-ese-ingeniero-del-que-muchos-hablan-pero-que-continua-siendo-un-gran-desconocido","status":"publish","type":"post","link":"https:\/\/www.noticiasradioreflejos.com.ar\/2021\/rene-longoni-investigo-durante-anos-a-francisco-salamone-ese-ingeniero-del-que-muchos-hablan-pero-que-continua-siendo-un-gran-desconocido\/","title":{"rendered":"Ren\u00e9 Longoni investig\u00f3 durante a\u00f1os a Francisco Salamone, ese ingeniero del que muchos hablan pero que contin\u00faa siendo un gran desconocido"},"content":{"rendered":"<p><strong>Ren\u00e9 Longoni<\/strong> es arquitecto y un estudioso de la vida y obra del ingeniero Francisco Salamone (Leonforte, Sicilia, 1897- Buenos Aires, 1959), reconocido en especial por toda su obra realizada en la provincia de Buenos Aires. En 1985 Longoni y su equipo de estudio conocieron el portal del cementerio de la ciudad de Azul y partir de esta experiencia, Francisco Salamone y su obra fueron temas permanentes de estudio y materia de numerosas publicaciones.<\/p>\n<p><a title=\"salamone-1-169x300\" href=\"https:\/\/www.flickr.com\/photos\/182279889@N02\/51935571158\/in\/dateposted-public\/\" data-flickr-embed=\"true\"><img loading=\"lazy\" decoding=\"async\" class=\"alignleft\" src=\"https:\/\/live.staticflickr.com\/65535\/51935571158_eeab5729b7_n.jpg\" alt=\"salamone-1-169x300\" width=\"169\" height=\"300\" \/><\/a><script async src=\"\/\/embedr.flickr.com\/assets\/client-code.js\" charset=\"utf-8\"><\/script>\u201cUna dificultad en el desarrollo de la investigaci\u00f3n fue la dispersi\u00f3n documental en cada municipio y la p\u00e9rdida irreparable del archivo profesional y empresario de Salamone por la desidia familiar\u201d, describe Longoni. \u201cA pesar del tiempo transcurrido y las investigaciones realizadas, a\u00fan a la fecha hay aspectos personales y profesionales que permanecen desconocidos\u201d, lamenta.<\/p>\n<p>M\u00e1s all\u00e1 del hermetismo que sobrevuela la figura del arquitecto siciliano, Longoni distingue tres per\u00edodos en su vida profesional: Uno sucede en C\u00f3rdoba (1920-935), donde despliega una extraordinaria capacidad de trabajo pero tambi\u00e9n una incontrolable necesidad de reconocimiento p\u00fablico y un temperamento que le trajo problemas. Entre 1925 y 1932 reside en el valle de Punilla, donde desarrolla junto a sus hermanos una intensa actividad pol\u00edtica en las filas de la UCR yrigoyenista pero en las elecciones de 1930, es derrotada su candidatura a una senadur\u00eda provincial.<\/p>\n<p><a title=\"salamone-2\" href=\"https:\/\/www.flickr.com\/photos\/182279889@N02\/51936108580\/in\/dateposted-public\/\" data-flickr-embed=\"true\"><img loading=\"lazy\" decoding=\"async\" src=\"https:\/\/live.staticflickr.com\/65535\/51936108580_291bd40130_z.jpg\" alt=\"salamone-2\" width=\"633\" height=\"405\" \/><\/a><script async src=\"\/\/embedr.flickr.com\/assets\/client-code.js\" charset=\"utf-8\"><\/script><\/p>\n<p>Entre 1933 y 1935 es contratado por las ciudades de Villa Mar\u00eda y Las Varillas y en esta producci\u00f3n se encuentran dos obras de ruptura: la Plaza Centenario y el Matadero Municipal en Villa Mar\u00eda, que preanuncian la etapa bonaerense. Con el cambio de autoridades provinciales, un conflicto pol\u00edtico\u2013judicial lo aleja de la provincia, emigrando junto a sus colaboradores a Buenos Aires.<\/p>\n<p>Otro per\u00edodo y el m\u00e1s conocido es el de Buenos Aires (1936-1940), en el que la Provincia relanz\u00f3 un plan de obras descentralizado para cubrir las necesidades edilicias de los 110 municipios, existentes en ese entonces.<\/p>\n<p><a title=\"Salamone Matadero\" href=\"https:\/\/www.flickr.com\/photos\/182279889@N02\/51934514477\/in\/dateposted-public\/\" data-flickr-embed=\"true\"><img loading=\"lazy\" decoding=\"async\" class=\"aligncenter\" src=\"https:\/\/live.staticflickr.com\/65535\/51934514477_3920babbf4_z.jpg\" alt=\"Salamone Matadero\" width=\"640\" height=\"480\" \/><\/a><script async src=\"\/\/embedr.flickr.com\/assets\/client-code.js\" charset=\"utf-8\"><\/script><\/p>\n<p><a title=\"Salamone Matadero a\" href=\"https:\/\/www.flickr.com\/photos\/182279889@N02\/51935814309\/in\/dateposted-public\/\" data-flickr-embed=\"true\"><img loading=\"lazy\" decoding=\"async\" class=\"aligncenter\" src=\"https:\/\/live.staticflickr.com\/65535\/51935814309_d14c723994_z.jpg\" alt=\"Salamone Matadero a\" width=\"480\" height=\"640\" \/><\/a><script async src=\"\/\/embedr.flickr.com\/assets\/client-code.js\" charset=\"utf-8\"><\/script><\/p>\n<p>En un marco de libre elecci\u00f3n de profesionales, Salamone fue contratado con al menos 18 Partidos el proyecto y direcci\u00f3n de las obras ajustadas a las normativas vigentes. Si bien la crisis econ\u00f3mica de 1938 abort\u00f3 a algunos de estos emprendimientos, lo cierto es que en cuatro a\u00f1os, construy\u00f3 un centenar de edificios y espacios comunales.<\/p>\n<p>\u201cDe estos cien, al menos una treintena de proyectos tienen indudable inter\u00e9s arquitect\u00f3nico y fueron objeto de declaratorias patrimoniales y otros reconocimientos. La intervenci\u00f3n del gobierno nacional (el presidente Ortiz) a la provincia en 1940 y los consiguientes conflictos pol\u00edticos signific\u00f3 un abrupto final de su etapa bonaerense\u201d, describe Longoni.<\/p>\n<p>\u201cSu h\u00e1bil manejo de las formas, propio de un esp\u00edritu intenso y barroco, produjo obras cuya impactante est\u00e9tica de vanguardia justificar\u00edan ubicar a Salamone dentro de los primeros modernos del siglo XX\u201d, aclara.<\/p>\n<p><a title=\"Salamone Azul\" href=\"https:\/\/www.flickr.com\/photos\/182279889@N02\/51934515127\/in\/dateposted-public\/\" data-flickr-embed=\"true\"><img loading=\"lazy\" decoding=\"async\" class=\"aligncenter\" src=\"https:\/\/live.staticflickr.com\/65535\/51934515127_9e3606b5c4_c.jpg\" alt=\"Salamone Azul\" width=\"600\" height=\"800\" \/><\/a><script async src=\"\/\/embedr.flickr.com\/assets\/client-code.js\" charset=\"utf-8\"><\/script><\/p>\n<p>La tercera y \u00faltima parte de la vida de Salamone transcurri\u00f3 en la Capital Federal (1942-1959), donde cre\u00f3 la empresa familiar SAFFRA, dedicada a pavimentaciones urbanas en el conurbano y unas pocas obras de viviendas en propiedad horizontal. Pero, acosado por problemas de salud, familiares y econ\u00f3micos, perdi\u00f3 el inter\u00e9s en explorar caminos alternativos y, de una producci\u00f3n signada por la mediocridad, lo m\u00e1s rescatable es el edificio ubicado en Av. Alvear y Ayacucho.<\/p>\n<p>Tras d\u00e9cadas de ausencia en el canon oficial de la modernidad de la arquitectura argentina, en los a\u00f1os noventa se produjo un potente \u201cresurgir\u201d de Salamone y de su obra. Hoy es materia de numerosas publicaciones, videos, exposiciones fotogr\u00e1ficas y de declaratorias patrimoniales. Un indudable factor en la popularizaci\u00f3n de su obra fue la exposici\u00f3n itinerante del fot\u00f3grafo norteamericano Ed Shaw, iniciada en 1997 en el Centro Cultural Borges y que luego recorri\u00f3 numerosos espacios locales y extranjeros, respaldada por una intensa difusi\u00f3n period\u00edstica.<\/p>\n<p><a title=\"Salamone Carhue-750x498\" href=\"https:\/\/www.flickr.com\/photos\/182279889@N02\/51935572393\/in\/dateposted-public\/\" data-flickr-embed=\"true\"><img loading=\"lazy\" decoding=\"async\" src=\"https:\/\/live.staticflickr.com\/65535\/51935572393_e6196ab6da_c.jpg\" alt=\"Salamone Carhue-750x498\" width=\"750\" height=\"498\" \/><\/a><script async src=\"\/\/embedr.flickr.com\/assets\/client-code.js\" charset=\"utf-8\"><\/script><\/p>\n<p>La ley 4017\/28 de Obras Municipales fue sancionada por el gobierno bonaerense de Valent\u00edn Vergara (1926-1930) y establec\u00eda la normativa para el financiamiento mediante bonos que cotizaban en Bolsa, de los planes comunales que abarcaban mejoras edilicias o de equipamiento.<\/p>\n<p>\u201cEn este marco Salamone act\u00faa como profesional liberal, en un tiempo que este tipo de actuaciones no estaban reguladas\u201d, destaca Longoni. \u201cY hay un detalle importante: Salamone cobraba el 10% como honorario total, pero lo hac\u00eda reci\u00e9n con cada certificado de obra. O sea, si la obra no se hac\u00eda, no cobraba, mientras que en general, los profesionales actuantes en otras municipalidades cobraban entre el 5 y el 7%, pero al finalizar cada etapa del proceso: anteproyecto, proyecto, legajo licitatorio, direcci\u00f3n de obra\u201d.<\/p>\n<p>A Salamone lo contrataron una veintena de municipios (algunos proyectos no prosperaron) pero otros profesionales actuaron en otros partidos, como ocurri\u00f3 con el ingeniero Francisco Marseill\u00e1n, radicado en Bah\u00eda Blanca, que particip\u00f3 en por lo menos 7 comunas; otros lo hicieron en dos o una comuna y los llamamos `los otros Salamones\u2019\u201d.<\/p>\n<p>Los programas de obras, al ser municipales, coincid\u00edan generalmente en la tem\u00e1tica: edificios administrativos, (casas y delegaciones comunales), espacios sociales (plazas y parques), control de la higiene en la alimentaci\u00f3n (mercados y mataderos) y modernizaci\u00f3n en la salud p\u00fablica, (ampliaciones en hospitales y nichos en cementerios). Paralelamente, funcionaba un Plan de Pavimentaci\u00f3n Urbana, con el mismo esquema que las obras municipales. Salamone particip\u00f3 como contratista en varios distritos, una ampliaci\u00f3n de responsabilidades que le trajo numerosos dolores de cabeza.<\/p>\n<p><a title=\"salamone-4\" href=\"https:\/\/www.flickr.com\/photos\/182279889@N02\/51935496961\/in\/dateposted-public\/\" data-flickr-embed=\"true\"><img loading=\"lazy\" decoding=\"async\" class=\"aligncenter\" src=\"https:\/\/live.staticflickr.com\/65535\/51935496961_08c600dcce_n.jpg\" alt=\"salamone-4\" width=\"295\" height=\"320\" \/><\/a><script async src=\"\/\/embedr.flickr.com\/assets\/client-code.js\" charset=\"utf-8\"><\/script><\/p>\n<p>No hace mucho tiempo se rescat\u00f3 de los archivos de la <strong>Municipalidad de\u00a0<\/strong><b>Tornquist<\/b>\u00a0unas cuarenta copias fotogr\u00e1ficas de las perspectivas de obras de Salamone en el per\u00edodo bonaerense, donde aparecen obras contratadas hasta 1938 y otras que no se realizaron. Se tratar\u00eda de una suerte de \u201cfigur\u00edn\u201d que el ingeniero mostraba a los intendentes y funcionarios influyentes en una potencial nueva contrataci\u00f3n.<\/p>\n<p>\u201cEs un documento de mucha importancia para comprender c\u00f3mo se iba construyendo las decisiones proyectuales. All\u00ed se muestran algunos casos de decisiones complicadas donde fue necesario construir variantes hasta dar con el gusto del intendente o el concejo deliberante y de otras que no prosperaron\u201d, destaca Longoni.<\/p>\n<p>\u201cEl ascenso a la presidencia del radical Roberto Ortiz en 1938 con su proyecto de eliminar el fraude electoral lo enfrent\u00f3 de inmediato al gobernador de Buenos Aires, Manuel Fresco, p\u00fablico defensor del voto calificado. La tensi\u00f3n se reflej\u00f3 en el flujo de fondos de Naci\u00f3n a Provincia, que afect\u00f3 la marcha de las obras en general y los contratos de Salamone en particular. Sin embargo, lo que desarticul\u00f3 el\u00a0<em>modus operandi<\/em>\u00a0de Salamone fue una medida del mismo Fresco destinada a ordenar las obras p\u00fablicas\u201d.<\/p>\n<p><a title=\"Salamone alberdi\" href=\"https:\/\/www.flickr.com\/photos\/182279889@N02\/51935814689\/in\/dateposted-public\/\" data-flickr-embed=\"true\"><img loading=\"lazy\" decoding=\"async\" src=\"https:\/\/live.staticflickr.com\/65535\/51935814689_011b86568a_n.jpg\" alt=\"Salamone alberdi\" width=\"310\" height=\"320\" \/><\/a><script async src=\"\/\/embedr.flickr.com\/assets\/client-code.js\" charset=\"utf-8\"><\/script><\/p>\n<p>\u201cLa ley 4538\/38, sancionada con el objeto de fijar derechos y obligaciones del Estado, las empresas y los trabajadores, hab\u00eda creado instrumentos reguladores como el Registro de Proveedores y el Consejo Profesional de la Ingenier\u00eda (CPI), que incidieron de forma directa en los procedimientos de Salamone y seguramente de otros empresarios m\u00e1s: ya no iba a ser tan f\u00e1cil manipular licitaciones ni competir profesionalmente con ofertas desleales\u201d, explica Longoni.<\/p>\n<p>\u201cEl CPI constituido por profesionales pertenecientes en parte al Estado y en parte con profesionales liberales, ya le hab\u00eda echado el ojo al ingeniero y el caso de la contrataci\u00f3n en Chascom\u00fas fue la se\u00f1al de que la fiesta hab\u00eda acabado: los organismos de control reci\u00e9n creados interfirieron en el <em>modus operandi<\/em>\u00a0que ven\u00edan trayendo y los socios lo abandonaron para buscar obras en Santa Fe y C\u00f3rdoba\u201d.<\/p>\n<p><a title=\"rene-longoni-750x422 (1)\" href=\"https:\/\/www.flickr.com\/photos\/182279889@N02\/51934530962\/in\/dateposted-public\/\" data-flickr-embed=\"true\"><img loading=\"lazy\" decoding=\"async\" src=\"https:\/\/live.staticflickr.com\/65535\/51934530962_0d3f6c976a_z.jpg\" alt=\"rene-longoni-750x422 (1)\" width=\"640\" height=\"360\" \/><\/a><script async src=\"\/\/embedr.flickr.com\/assets\/client-code.js\" charset=\"utf-8\"><\/script><\/p>\n<p>&nbsp;<\/p>\n<h5><strong>Nota:<\/strong>\u00a0Las publicaciones de Longoni y su equipo incluyen tres libros:\u00a0<em>Francisco Salamone. Sus obras municipales y la identidad bonaerense<\/em>, editado por el Instituto Cultural en 2004; varios cap\u00edtulos en los dos tomos de\u00a0<em>Francisco Salamone en la Provincia de Buenos Aires<\/em>, editado por la UNMdP en 2000 y 2004 y finalmente \u201cFrancisco Salamone\u201d en la serie Maestros de la Arquitectura Argentina, que editara Clar\u00edn asociado con la FADU en 2014 (en todas, la autor\u00eda estuvo asociada al arquitecto J.C. Molteni). Recientemente Longoni public\u00f3 adem\u00e1s un libro llamado\u00a0<em>Buscando a Salamone<\/em>, que recopila textos sueltos e investigaciones breves sobre sus principales colaboradores.<\/h5>\n<p>&nbsp;<\/p>\n<p>&nbsp;<\/p>\n<p><span class=\"meta_text\">por<\/span>\u00a0<a href=\"https:\/\/bichosdecampo.com\/author\/bdc\/\">Bichos de campo<\/a><\/p>\n","protected":false},"excerpt":{"rendered":"<p>Ren\u00e9 Longoni es arquitecto y un estudioso de la vida y obra del ingeniero Francisco Salamone (Leonforte, Sicilia, 1897- Buenos Aires, 1959), reconocido en especial por toda su obra realizada en la provincia de Buenos Aires. En 1985 Longoni y su equipo de estudio conocieron el portal del cementerio de la ciudad de Azul y [&hellip;]<\/p>\n","protected":false},"author":3,"featured_media":38944,"comment_status":"closed","ping_status":"closed","sticky":false,"template":"","format":"standard","meta":{"footnotes":""},"categories":[35,33],"tags":[48],"class_list":["post-69218","post","type-post","status-publish","format-standard","has-post-thumbnail","hentry","category-cultura","category-turismo","tag-destacada"],"yoast_head":"<!-- This site is optimized with the Yoast SEO plugin v25.9 - https:\/\/yoast.com\/wordpress\/plugins\/seo\/ -->\n<title>Ren\u00e9 Longoni investig\u00f3 durante a\u00f1os a Francisco Salamone, ese ingeniero del que muchos hablan pero que contin\u00faa siendo un gran desconocido - Noticias Radio Reflejos<\/title>\n<meta name=\"robots\" content=\"index, follow, max-snippet:-1, max-image-preview:large, max-video-preview:-1\" \/>\n<link rel=\"canonical\" href=\"https:\/\/www.noticiasradioreflejos.com.ar\/2021\/rene-longoni-investigo-durante-anos-a-francisco-salamone-ese-ingeniero-del-que-muchos-hablan-pero-que-continua-siendo-un-gran-desconocido\/\" \/>\n<meta property=\"og:locale\" content=\"es_ES\" \/>\n<meta property=\"og:type\" content=\"article\" \/>\n<meta property=\"og:title\" content=\"Ren\u00e9 Longoni investig\u00f3 durante a\u00f1os a Francisco Salamone, ese ingeniero del que muchos hablan pero que contin\u00faa siendo un gran desconocido - Noticias Radio Reflejos\" \/>\n<meta property=\"og:description\" content=\"Ren\u00e9 Longoni es arquitecto y un estudioso de la vida y obra del ingeniero Francisco Salamone (Leonforte, Sicilia, 1897- Buenos Aires, 1959), reconocido en especial por toda su obra realizada en la provincia de Buenos Aires. En 1985 Longoni y su equipo de estudio conocieron el portal del cementerio de la ciudad de Azul y [&hellip;]\" \/>\n<meta property=\"og:url\" content=\"https:\/\/www.noticiasradioreflejos.com.ar\/2021\/rene-longoni-investigo-durante-anos-a-francisco-salamone-ese-ingeniero-del-que-muchos-hablan-pero-que-continua-siendo-un-gran-desconocido\/\" \/>\n<meta property=\"og:site_name\" content=\"Noticias Radio Reflejos\" \/>\n<meta property=\"article:published_time\" content=\"2022-03-13T13:25:29+00:00\" \/>\n<meta property=\"article:modified_time\" content=\"2022-03-13T13:36:21+00:00\" \/>\n<meta property=\"og:image\" content=\"https:\/\/www.noticiasradioreflejos.com.ar\/2021\/wp-content\/uploads\/2020\/02\/Cementerio-de-saldungaray.png\" \/>\n\t<meta property=\"og:image:width\" content=\"1270\" \/>\n\t<meta property=\"og:image:height\" content=\"637\" \/>\n\t<meta property=\"og:image:type\" content=\"image\/png\" \/>\n<meta name=\"author\" content=\"Arnaldo Botto\" \/>\n<meta name=\"twitter:card\" content=\"summary_large_image\" \/>\n<script type=\"application\/ld+json\" class=\"yoast-schema-graph\">{\"@context\":\"https:\/\/schema.org\",\"@graph\":[{\"@type\":\"WebPage\",\"@id\":\"https:\/\/www.noticiasradioreflejos.com.ar\/2021\/rene-longoni-investigo-durante-anos-a-francisco-salamone-ese-ingeniero-del-que-muchos-hablan-pero-que-continua-siendo-un-gran-desconocido\/\",\"url\":\"https:\/\/www.noticiasradioreflejos.com.ar\/2021\/rene-longoni-investigo-durante-anos-a-francisco-salamone-ese-ingeniero-del-que-muchos-hablan-pero-que-continua-siendo-un-gran-desconocido\/\",\"name\":\"Ren\u00e9 Longoni investig\u00f3 durante a\u00f1os a Francisco Salamone, ese ingeniero del que muchos hablan pero que contin\u00faa siendo un gran desconocido - Noticias Radio Reflejos\",\"isPartOf\":{\"@id\":\"https:\/\/www.noticiasradioreflejos.com.ar\/2021\/#website\"},\"primaryImageOfPage\":{\"@id\":\"https:\/\/www.noticiasradioreflejos.com.ar\/2021\/rene-longoni-investigo-durante-anos-a-francisco-salamone-ese-ingeniero-del-que-muchos-hablan-pero-que-continua-siendo-un-gran-desconocido\/#primaryimage\"},\"image\":{\"@id\":\"https:\/\/www.noticiasradioreflejos.com.ar\/2021\/rene-longoni-investigo-durante-anos-a-francisco-salamone-ese-ingeniero-del-que-muchos-hablan-pero-que-continua-siendo-un-gran-desconocido\/#primaryimage\"},\"thumbnailUrl\":\"https:\/\/www.noticiasradioreflejos.com.ar\/2021\/wp-content\/uploads\/2020\/02\/Cementerio-de-saldungaray.png\",\"datePublished\":\"2022-03-13T13:25:29+00:00\",\"dateModified\":\"2022-03-13T13:36:21+00:00\",\"author\":{\"@id\":\"https:\/\/www.noticiasradioreflejos.com.ar\/2021\/#\/schema\/person\/ad82545263dcc5ec0996818884fd5fb1\"},\"breadcrumb\":{\"@id\":\"https:\/\/www.noticiasradioreflejos.com.ar\/2021\/rene-longoni-investigo-durante-anos-a-francisco-salamone-ese-ingeniero-del-que-muchos-hablan-pero-que-continua-siendo-un-gran-desconocido\/#breadcrumb\"},\"inLanguage\":\"es\",\"potentialAction\":[{\"@type\":\"ReadAction\",\"target\":[\"https:\/\/www.noticiasradioreflejos.com.ar\/2021\/rene-longoni-investigo-durante-anos-a-francisco-salamone-ese-ingeniero-del-que-muchos-hablan-pero-que-continua-siendo-un-gran-desconocido\/\"]}]},{\"@type\":\"ImageObject\",\"inLanguage\":\"es\",\"@id\":\"https:\/\/www.noticiasradioreflejos.com.ar\/2021\/rene-longoni-investigo-durante-anos-a-francisco-salamone-ese-ingeniero-del-que-muchos-hablan-pero-que-continua-siendo-un-gran-desconocido\/#primaryimage\",\"url\":\"https:\/\/www.noticiasradioreflejos.com.ar\/2021\/wp-content\/uploads\/2020\/02\/Cementerio-de-saldungaray.png\",\"contentUrl\":\"https:\/\/www.noticiasradioreflejos.com.ar\/2021\/wp-content\/uploads\/2020\/02\/Cementerio-de-saldungaray.png\",\"width\":1270,\"height\":637},{\"@type\":\"BreadcrumbList\",\"@id\":\"https:\/\/www.noticiasradioreflejos.com.ar\/2021\/rene-longoni-investigo-durante-anos-a-francisco-salamone-ese-ingeniero-del-que-muchos-hablan-pero-que-continua-siendo-un-gran-desconocido\/#breadcrumb\",\"itemListElement\":[{\"@type\":\"ListItem\",\"position\":1,\"name\":\"Portada\",\"item\":\"https:\/\/www.noticiasradioreflejos.com.ar\/2021\/\"},{\"@type\":\"ListItem\",\"position\":2,\"name\":\"Ren\u00e9 Longoni investig\u00f3 durante a\u00f1os a Francisco Salamone, ese ingeniero del que muchos hablan pero que contin\u00faa siendo un gran desconocido\"}]},{\"@type\":\"WebSite\",\"@id\":\"https:\/\/www.noticiasradioreflejos.com.ar\/2021\/#website\",\"url\":\"https:\/\/www.noticiasradioreflejos.com.ar\/2021\/\",\"name\":\"Noticias Radio Reflejos\",\"description\":\"Las noticias de mi comarca\",\"potentialAction\":[{\"@type\":\"SearchAction\",\"target\":{\"@type\":\"EntryPoint\",\"urlTemplate\":\"https:\/\/www.noticiasradioreflejos.com.ar\/2021\/?s={search_term_string}\"},\"query-input\":{\"@type\":\"PropertyValueSpecification\",\"valueRequired\":true,\"valueName\":\"search_term_string\"}}],\"inLanguage\":\"es\"},{\"@type\":\"Person\",\"@id\":\"https:\/\/www.noticiasradioreflejos.com.ar\/2021\/#\/schema\/person\/ad82545263dcc5ec0996818884fd5fb1\",\"name\":\"Arnaldo Botto\",\"image\":{\"@type\":\"ImageObject\",\"inLanguage\":\"es\",\"@id\":\"https:\/\/www.noticiasradioreflejos.com.ar\/2021\/#\/schema\/person\/image\/\",\"url\":\"https:\/\/secure.gravatar.com\/avatar\/55cb5e37c1efa326397366e6974cb338056df65cb50e7d64d1cf314e87504837?s=96&d=mm&r=g\",\"contentUrl\":\"https:\/\/secure.gravatar.com\/avatar\/55cb5e37c1efa326397366e6974cb338056df65cb50e7d64d1cf314e87504837?s=96&d=mm&r=g\",\"caption\":\"Arnaldo Botto\"},\"url\":\"https:\/\/www.noticiasradioreflejos.com.ar\/2021\/author\/arnaldo\/\"}]}<\/script>\n<!-- \/ Yoast SEO plugin. -->","yoast_head_json":{"title":"Ren\u00e9 Longoni investig\u00f3 durante a\u00f1os a Francisco Salamone, ese ingeniero del que muchos hablan pero que contin\u00faa siendo un gran desconocido - Noticias Radio Reflejos","robots":{"index":"index","follow":"follow","max-snippet":"max-snippet:-1","max-image-preview":"max-image-preview:large","max-video-preview":"max-video-preview:-1"},"canonical":"https:\/\/www.noticiasradioreflejos.com.ar\/2021\/rene-longoni-investigo-durante-anos-a-francisco-salamone-ese-ingeniero-del-que-muchos-hablan-pero-que-continua-siendo-un-gran-desconocido\/","og_locale":"es_ES","og_type":"article","og_title":"Ren\u00e9 Longoni investig\u00f3 durante a\u00f1os a Francisco Salamone, ese ingeniero del que muchos hablan pero que contin\u00faa siendo un gran desconocido - Noticias Radio Reflejos","og_description":"Ren\u00e9 Longoni es arquitecto y un estudioso de la vida y obra del ingeniero Francisco Salamone (Leonforte, Sicilia, 1897- Buenos Aires, 1959), reconocido en especial por toda su obra realizada en la provincia de Buenos Aires. En 1985 Longoni y su equipo de estudio conocieron el portal del cementerio de la ciudad de Azul y [&hellip;]","og_url":"https:\/\/www.noticiasradioreflejos.com.ar\/2021\/rene-longoni-investigo-durante-anos-a-francisco-salamone-ese-ingeniero-del-que-muchos-hablan-pero-que-continua-siendo-un-gran-desconocido\/","og_site_name":"Noticias Radio Reflejos","article_published_time":"2022-03-13T13:25:29+00:00","article_modified_time":"2022-03-13T13:36:21+00:00","og_image":[{"width":1270,"height":637,"url":"https:\/\/www.noticiasradioreflejos.com.ar\/2021\/wp-content\/uploads\/2020\/02\/Cementerio-de-saldungaray.png","type":"image\/png"}],"author":"Arnaldo Botto","twitter_card":"summary_large_image","schema":{"@context":"https:\/\/schema.org","@graph":[{"@type":"WebPage","@id":"https:\/\/www.noticiasradioreflejos.com.ar\/2021\/rene-longoni-investigo-durante-anos-a-francisco-salamone-ese-ingeniero-del-que-muchos-hablan-pero-que-continua-siendo-un-gran-desconocido\/","url":"https:\/\/www.noticiasradioreflejos.com.ar\/2021\/rene-longoni-investigo-durante-anos-a-francisco-salamone-ese-ingeniero-del-que-muchos-hablan-pero-que-continua-siendo-un-gran-desconocido\/","name":"Ren\u00e9 Longoni investig\u00f3 durante a\u00f1os a Francisco Salamone, ese ingeniero del que muchos hablan pero que contin\u00faa siendo un gran desconocido - Noticias Radio Reflejos","isPartOf":{"@id":"https:\/\/www.noticiasradioreflejos.com.ar\/2021\/#website"},"primaryImageOfPage":{"@id":"https:\/\/www.noticiasradioreflejos.com.ar\/2021\/rene-longoni-investigo-durante-anos-a-francisco-salamone-ese-ingeniero-del-que-muchos-hablan-pero-que-continua-siendo-un-gran-desconocido\/#primaryimage"},"image":{"@id":"https:\/\/www.noticiasradioreflejos.com.ar\/2021\/rene-longoni-investigo-durante-anos-a-francisco-salamone-ese-ingeniero-del-que-muchos-hablan-pero-que-continua-siendo-un-gran-desconocido\/#primaryimage"},"thumbnailUrl":"https:\/\/www.noticiasradioreflejos.com.ar\/2021\/wp-content\/uploads\/2020\/02\/Cementerio-de-saldungaray.png","datePublished":"2022-03-13T13:25:29+00:00","dateModified":"2022-03-13T13:36:21+00:00","author":{"@id":"https:\/\/www.noticiasradioreflejos.com.ar\/2021\/#\/schema\/person\/ad82545263dcc5ec0996818884fd5fb1"},"breadcrumb":{"@id":"https:\/\/www.noticiasradioreflejos.com.ar\/2021\/rene-longoni-investigo-durante-anos-a-francisco-salamone-ese-ingeniero-del-que-muchos-hablan-pero-que-continua-siendo-un-gran-desconocido\/#breadcrumb"},"inLanguage":"es","potentialAction":[{"@type":"ReadAction","target":["https:\/\/www.noticiasradioreflejos.com.ar\/2021\/rene-longoni-investigo-durante-anos-a-francisco-salamone-ese-ingeniero-del-que-muchos-hablan-pero-que-continua-siendo-un-gran-desconocido\/"]}]},{"@type":"ImageObject","inLanguage":"es","@id":"https:\/\/www.noticiasradioreflejos.com.ar\/2021\/rene-longoni-investigo-durante-anos-a-francisco-salamone-ese-ingeniero-del-que-muchos-hablan-pero-que-continua-siendo-un-gran-desconocido\/#primaryimage","url":"https:\/\/www.noticiasradioreflejos.com.ar\/2021\/wp-content\/uploads\/2020\/02\/Cementerio-de-saldungaray.png","contentUrl":"https:\/\/www.noticiasradioreflejos.com.ar\/2021\/wp-content\/uploads\/2020\/02\/Cementerio-de-saldungaray.png","width":1270,"height":637},{"@type":"BreadcrumbList","@id":"https:\/\/www.noticiasradioreflejos.com.ar\/2021\/rene-longoni-investigo-durante-anos-a-francisco-salamone-ese-ingeniero-del-que-muchos-hablan-pero-que-continua-siendo-un-gran-desconocido\/#breadcrumb","itemListElement":[{"@type":"ListItem","position":1,"name":"Portada","item":"https:\/\/www.noticiasradioreflejos.com.ar\/2021\/"},{"@type":"ListItem","position":2,"name":"Ren\u00e9 Longoni investig\u00f3 durante a\u00f1os a Francisco Salamone, ese ingeniero del que muchos hablan pero que contin\u00faa siendo un gran desconocido"}]},{"@type":"WebSite","@id":"https:\/\/www.noticiasradioreflejos.com.ar\/2021\/#website","url":"https:\/\/www.noticiasradioreflejos.com.ar\/2021\/","name":"Noticias Radio Reflejos","description":"Las noticias de mi comarca","potentialAction":[{"@type":"SearchAction","target":{"@type":"EntryPoint","urlTemplate":"https:\/\/www.noticiasradioreflejos.com.ar\/2021\/?s={search_term_string}"},"query-input":{"@type":"PropertyValueSpecification","valueRequired":true,"valueName":"search_term_string"}}],"inLanguage":"es"},{"@type":"Person","@id":"https:\/\/www.noticiasradioreflejos.com.ar\/2021\/#\/schema\/person\/ad82545263dcc5ec0996818884fd5fb1","name":"Arnaldo Botto","image":{"@type":"ImageObject","inLanguage":"es","@id":"https:\/\/www.noticiasradioreflejos.com.ar\/2021\/#\/schema\/person\/image\/","url":"https:\/\/secure.gravatar.com\/avatar\/55cb5e37c1efa326397366e6974cb338056df65cb50e7d64d1cf314e87504837?s=96&d=mm&r=g","contentUrl":"https:\/\/secure.gravatar.com\/avatar\/55cb5e37c1efa326397366e6974cb338056df65cb50e7d64d1cf314e87504837?s=96&d=mm&r=g","caption":"Arnaldo Botto"},"url":"https:\/\/www.noticiasradioreflejos.com.ar\/2021\/author\/arnaldo\/"}]}},"_links":{"self":[{"href":"https:\/\/www.noticiasradioreflejos.com.ar\/2021\/wp-json\/wp\/v2\/posts\/69218","targetHints":{"allow":["GET"]}}],"collection":[{"href":"https:\/\/www.noticiasradioreflejos.com.ar\/2021\/wp-json\/wp\/v2\/posts"}],"about":[{"href":"https:\/\/www.noticiasradioreflejos.com.ar\/2021\/wp-json\/wp\/v2\/types\/post"}],"author":[{"embeddable":true,"href":"https:\/\/www.noticiasradioreflejos.com.ar\/2021\/wp-json\/wp\/v2\/users\/3"}],"replies":[{"embeddable":true,"href":"https:\/\/www.noticiasradioreflejos.com.ar\/2021\/wp-json\/wp\/v2\/comments?post=69218"}],"version-history":[{"count":4,"href":"https:\/\/www.noticiasradioreflejos.com.ar\/2021\/wp-json\/wp\/v2\/posts\/69218\/revisions"}],"predecessor-version":[{"id":69222,"href":"https:\/\/www.noticiasradioreflejos.com.ar\/2021\/wp-json\/wp\/v2\/posts\/69218\/revisions\/69222"}],"wp:featuredmedia":[{"embeddable":true,"href":"https:\/\/www.noticiasradioreflejos.com.ar\/2021\/wp-json\/wp\/v2\/media\/38944"}],"wp:attachment":[{"href":"https:\/\/www.noticiasradioreflejos.com.ar\/2021\/wp-json\/wp\/v2\/media?parent=69218"}],"wp:term":[{"taxonomy":"category","embeddable":true,"href":"https:\/\/www.noticiasradioreflejos.com.ar\/2021\/wp-json\/wp\/v2\/categories?post=69218"},{"taxonomy":"post_tag","embeddable":true,"href":"https:\/\/www.noticiasradioreflejos.com.ar\/2021\/wp-json\/wp\/v2\/tags?post=69218"}],"curies":[{"name":"wp","href":"https:\/\/api.w.org\/{rel}","templated":true}]}}