{"id":69205,"date":"2022-03-11T19:37:00","date_gmt":"2022-03-11T19:37:00","guid":{"rendered":"http:\/\/www.noticiasradioreflejos.com.ar\/2021\/?p=69205"},"modified":"2022-03-11T19:37:00","modified_gmt":"2022-03-11T19:37:00","slug":"no-habra-trenes-entre-bahia-y-buenos-aires-hasta-el-17-de-marzo","status":"publish","type":"post","link":"https:\/\/www.noticiasradioreflejos.com.ar\/2021\/no-habra-trenes-entre-bahia-y-buenos-aires-hasta-el-17-de-marzo\/","title":{"rendered":"No habr\u00e1 trenes entre Bah\u00eda y Buenos Aires hasta el 17 de marzo"},"content":{"rendered":"<div id=\"atstbx\" class=\"at-resp-share-element at-style-responsive addthis-smartlayers addthis-animated at4-show\" role=\"region\" aria-labelledby=\"at-5535b3a5-060d-4888-96a8-dd30e980366a\">\n<div class=\"at-share-btn-elements\">Trenes Argentinos inform\u00f3 hoy que se sigue trabajando en la zona pr\u00f3xima a Olavarr\u00eda <a href=\"https:\/\/www.labrujula24.com\/notas\/2022\/03\/08\/tren-descarrilado-en-olavarria-el-comunicado-de-trenes-argentinos-n197804\/\" data-type=\"post\" data-id=\"197804\">donde el martes se produjo el descarrilamiento<\/a>, al tiempo que anunci\u00f3 la cancelaci\u00f3n de todos los servicios que unen Bah\u00eda Blanca con la estaci\u00f3n Plaza Constituci\u00f3n hasta el 17 de marzo inclusive.<\/div>\n<\/div>\n<p><!--more--><\/p>\n<p>En el d\u00eda de ayer se\u00a0<a href=\"https:\/\/www.labrujula24.com\/notas\/2022\/03\/10\/trabajan-en-reposicionar-a-los-vagones-que-descarrilaron-cerca-de-olavarria-n198385\/\" data-type=\"post\" data-id=\"198385\">empezaron a quitar los coches de la formaci\u00f3n que tuvo el incidente<\/a>, mientras que\u00a0<a href=\"https:\/\/www.labrujula24.com\/notas\/2022\/03\/09\/la-justicia-federal-investiga-las-causas-del-descarrilamiento-n198029\/\" data-type=\"post\" data-id=\"198029\">la justicia federal de Azul procura determinar las causas<\/a>\u00a0del hecho.<\/p>\n<div id=\"sm-it-main-container-1647027129360\" class=\"sm-it-main-container\" data-it=\"88868243-bf49-4dfa-95e6-44ae351effec\" data-device=\"desktop\" data-index=\"0\">\n<div id=\"sm-alternative-1647027129360\" class=\"sm-alternative\" data-it=\"88868243-bf49-4dfa-95e6-44ae351effec\" data-index=\"0\" data-device=\"desktop\">El tendido ferroviario qued\u00f3 no operativo desde el mismo momento que ocurri\u00f3 el descarrilamiento, se\u00f1alaron las mismas fuentes, motivo por el cual no pueden circular por ese tramo f\u00e9rreo trenes de pasajeros ni de cargas.<\/div>\n<\/div>\n","protected":false},"excerpt":{"rendered":"<p>Trenes Argentinos inform\u00f3 hoy que se sigue trabajando en la zona pr\u00f3xima a Olavarr\u00eda donde el martes se produjo el descarrilamiento, al tiempo que anunci\u00f3 la cancelaci\u00f3n de todos los servicios que unen Bah\u00eda Blanca con la estaci\u00f3n Plaza Constituci\u00f3n hasta el 17 de marzo inclusive.<\/p>\n","protected":false},"author":3,"featured_media":0,"comment_status":"closed","ping_status":"closed","sticky":false,"template":"","format":"standard","meta":{"footnotes":""},"categories":[26,33],"tags":[],"class_list":["post-69205","post","type-post","status-publish","format-standard","hentry","category-sociedad","category-turismo"],"yoast_head":"<!-- This site is optimized with the Yoast SEO plugin v25.9 - https:\/\/yoast.com\/wordpress\/plugins\/seo\/ -->\n<title>No habr\u00e1 trenes entre Bah\u00eda y Buenos Aires hasta el 17 de marzo - Noticias Radio Reflejos<\/title>\n<meta name=\"robots\" content=\"index, follow, max-snippet:-1, max-image-preview:large, max-video-preview:-1\" \/>\n<link rel=\"canonical\" href=\"https:\/\/www.noticiasradioreflejos.com.ar\/2021\/no-habra-trenes-entre-bahia-y-buenos-aires-hasta-el-17-de-marzo\/\" \/>\n<meta property=\"og:locale\" content=\"es_ES\" \/>\n<meta property=\"og:type\" content=\"article\" \/>\n<meta property=\"og:title\" content=\"No habr\u00e1 trenes entre Bah\u00eda y Buenos Aires hasta el 17 de marzo - Noticias Radio Reflejos\" \/>\n<meta property=\"og:description\" content=\"Trenes Argentinos inform\u00f3 hoy que se sigue trabajando en la zona pr\u00f3xima a Olavarr\u00eda donde el martes se produjo el descarrilamiento, al tiempo que anunci\u00f3 la cancelaci\u00f3n de todos los servicios que unen Bah\u00eda Blanca con la estaci\u00f3n Plaza Constituci\u00f3n hasta el 17 de marzo inclusive.\" \/>\n<meta property=\"og:url\" content=\"https:\/\/www.noticiasradioreflejos.com.ar\/2021\/no-habra-trenes-entre-bahia-y-buenos-aires-hasta-el-17-de-marzo\/\" \/>\n<meta property=\"og:site_name\" content=\"Noticias Radio Reflejos\" \/>\n<meta property=\"article:published_time\" content=\"2022-03-11T19:37:00+00:00\" \/>\n<meta property=\"og:image\" content=\"https:\/\/www.noticiasradioreflejos.com.ar\/2021\/wp-content\/uploads\/2021\/07\/logosol300x200.png\" \/>\n\t<meta property=\"og:image:width\" content=\"300\" \/>\n\t<meta property=\"og:image:height\" content=\"200\" \/>\n\t<meta property=\"og:image:type\" content=\"image\/png\" \/>\n<meta name=\"author\" content=\"Arnaldo Botto\" \/>\n<meta name=\"twitter:card\" content=\"summary_large_image\" \/>\n<script type=\"application\/ld+json\" class=\"yoast-schema-graph\">{\"@context\":\"https:\/\/schema.org\",\"@graph\":[{\"@type\":\"WebPage\",\"@id\":\"https:\/\/www.noticiasradioreflejos.com.ar\/2021\/no-habra-trenes-entre-bahia-y-buenos-aires-hasta-el-17-de-marzo\/\",\"url\":\"https:\/\/www.noticiasradioreflejos.com.ar\/2021\/no-habra-trenes-entre-bahia-y-buenos-aires-hasta-el-17-de-marzo\/\",\"name\":\"No habr\u00e1 trenes entre Bah\u00eda y Buenos Aires hasta el 17 de marzo - Noticias Radio Reflejos\",\"isPartOf\":{\"@id\":\"https:\/\/www.noticiasradioreflejos.com.ar\/2021\/#website\"},\"datePublished\":\"2022-03-11T19:37:00+00:00\",\"author\":{\"@id\":\"https:\/\/www.noticiasradioreflejos.com.ar\/2021\/#\/schema\/person\/ad82545263dcc5ec0996818884fd5fb1\"},\"breadcrumb\":{\"@id\":\"https:\/\/www.noticiasradioreflejos.com.ar\/2021\/no-habra-trenes-entre-bahia-y-buenos-aires-hasta-el-17-de-marzo\/#breadcrumb\"},\"inLanguage\":\"es\",\"potentialAction\":[{\"@type\":\"ReadAction\",\"target\":[\"https:\/\/www.noticiasradioreflejos.com.ar\/2021\/no-habra-trenes-entre-bahia-y-buenos-aires-hasta-el-17-de-marzo\/\"]}]},{\"@type\":\"BreadcrumbList\",\"@id\":\"https:\/\/www.noticiasradioreflejos.com.ar\/2021\/no-habra-trenes-entre-bahia-y-buenos-aires-hasta-el-17-de-marzo\/#breadcrumb\",\"itemListElement\":[{\"@type\":\"ListItem\",\"position\":1,\"name\":\"Portada\",\"item\":\"https:\/\/www.noticiasradioreflejos.com.ar\/2021\/\"},{\"@type\":\"ListItem\",\"position\":2,\"name\":\"No habr\u00e1 trenes entre Bah\u00eda y Buenos Aires hasta el 17 de marzo\"}]},{\"@type\":\"WebSite\",\"@id\":\"https:\/\/www.noticiasradioreflejos.com.ar\/2021\/#website\",\"url\":\"https:\/\/www.noticiasradioreflejos.com.ar\/2021\/\",\"name\":\"Noticias Radio Reflejos\",\"description\":\"Las noticias de mi comarca\",\"potentialAction\":[{\"@type\":\"SearchAction\",\"target\":{\"@type\":\"EntryPoint\",\"urlTemplate\":\"https:\/\/www.noticiasradioreflejos.com.ar\/2021\/?s={search_term_string}\"},\"query-input\":{\"@type\":\"PropertyValueSpecification\",\"valueRequired\":true,\"valueName\":\"search_term_string\"}}],\"inLanguage\":\"es\"},{\"@type\":\"Person\",\"@id\":\"https:\/\/www.noticiasradioreflejos.com.ar\/2021\/#\/schema\/person\/ad82545263dcc5ec0996818884fd5fb1\",\"name\":\"Arnaldo Botto\",\"image\":{\"@type\":\"ImageObject\",\"inLanguage\":\"es\",\"@id\":\"https:\/\/www.noticiasradioreflejos.com.ar\/2021\/#\/schema\/person\/image\/\",\"url\":\"https:\/\/secure.gravatar.com\/avatar\/55cb5e37c1efa326397366e6974cb338056df65cb50e7d64d1cf314e87504837?s=96&d=mm&r=g\",\"contentUrl\":\"https:\/\/secure.gravatar.com\/avatar\/55cb5e37c1efa326397366e6974cb338056df65cb50e7d64d1cf314e87504837?s=96&d=mm&r=g\",\"caption\":\"Arnaldo Botto\"},\"url\":\"https:\/\/www.noticiasradioreflejos.com.ar\/2021\/author\/arnaldo\/\"}]}<\/script>\n<!-- \/ Yoast SEO plugin. -->","yoast_head_json":{"title":"No habr\u00e1 trenes entre Bah\u00eda y Buenos Aires hasta el 17 de marzo - Noticias Radio Reflejos","robots":{"index":"index","follow":"follow","max-snippet":"max-snippet:-1","max-image-preview":"max-image-preview:large","max-video-preview":"max-video-preview:-1"},"canonical":"https:\/\/www.noticiasradioreflejos.com.ar\/2021\/no-habra-trenes-entre-bahia-y-buenos-aires-hasta-el-17-de-marzo\/","og_locale":"es_ES","og_type":"article","og_title":"No habr\u00e1 trenes entre Bah\u00eda y Buenos Aires hasta el 17 de marzo - Noticias Radio Reflejos","og_description":"Trenes Argentinos inform\u00f3 hoy que se sigue trabajando en la zona pr\u00f3xima a Olavarr\u00eda donde el martes se produjo el descarrilamiento, al tiempo que anunci\u00f3 la cancelaci\u00f3n de todos los servicios que unen Bah\u00eda Blanca con la estaci\u00f3n Plaza Constituci\u00f3n hasta el 17 de marzo inclusive.","og_url":"https:\/\/www.noticiasradioreflejos.com.ar\/2021\/no-habra-trenes-entre-bahia-y-buenos-aires-hasta-el-17-de-marzo\/","og_site_name":"Noticias Radio Reflejos","article_published_time":"2022-03-11T19:37:00+00:00","og_image":[{"width":300,"height":200,"url":"https:\/\/www.noticiasradioreflejos.com.ar\/2021\/wp-content\/uploads\/2021\/07\/logosol300x200.png","type":"image\/png"}],"author":"Arnaldo Botto","twitter_card":"summary_large_image","schema":{"@context":"https:\/\/schema.org","@graph":[{"@type":"WebPage","@id":"https:\/\/www.noticiasradioreflejos.com.ar\/2021\/no-habra-trenes-entre-bahia-y-buenos-aires-hasta-el-17-de-marzo\/","url":"https:\/\/www.noticiasradioreflejos.com.ar\/2021\/no-habra-trenes-entre-bahia-y-buenos-aires-hasta-el-17-de-marzo\/","name":"No habr\u00e1 trenes entre Bah\u00eda y Buenos Aires hasta el 17 de marzo - Noticias Radio Reflejos","isPartOf":{"@id":"https:\/\/www.noticiasradioreflejos.com.ar\/2021\/#website"},"datePublished":"2022-03-11T19:37:00+00:00","author":{"@id":"https:\/\/www.noticiasradioreflejos.com.ar\/2021\/#\/schema\/person\/ad82545263dcc5ec0996818884fd5fb1"},"breadcrumb":{"@id":"https:\/\/www.noticiasradioreflejos.com.ar\/2021\/no-habra-trenes-entre-bahia-y-buenos-aires-hasta-el-17-de-marzo\/#breadcrumb"},"inLanguage":"es","potentialAction":[{"@type":"ReadAction","target":["https:\/\/www.noticiasradioreflejos.com.ar\/2021\/no-habra-trenes-entre-bahia-y-buenos-aires-hasta-el-17-de-marzo\/"]}]},{"@type":"BreadcrumbList","@id":"https:\/\/www.noticiasradioreflejos.com.ar\/2021\/no-habra-trenes-entre-bahia-y-buenos-aires-hasta-el-17-de-marzo\/#breadcrumb","itemListElement":[{"@type":"ListItem","position":1,"name":"Portada","item":"https:\/\/www.noticiasradioreflejos.com.ar\/2021\/"},{"@type":"ListItem","position":2,"name":"No habr\u00e1 trenes entre Bah\u00eda y Buenos Aires hasta el 17 de marzo"}]},{"@type":"WebSite","@id":"https:\/\/www.noticiasradioreflejos.com.ar\/2021\/#website","url":"https:\/\/www.noticiasradioreflejos.com.ar\/2021\/","name":"Noticias Radio Reflejos","description":"Las noticias de mi comarca","potentialAction":[{"@type":"SearchAction","target":{"@type":"EntryPoint","urlTemplate":"https:\/\/www.noticiasradioreflejos.com.ar\/2021\/?s={search_term_string}"},"query-input":{"@type":"PropertyValueSpecification","valueRequired":true,"valueName":"search_term_string"}}],"inLanguage":"es"},{"@type":"Person","@id":"https:\/\/www.noticiasradioreflejos.com.ar\/2021\/#\/schema\/person\/ad82545263dcc5ec0996818884fd5fb1","name":"Arnaldo Botto","image":{"@type":"ImageObject","inLanguage":"es","@id":"https:\/\/www.noticiasradioreflejos.com.ar\/2021\/#\/schema\/person\/image\/","url":"https:\/\/secure.gravatar.com\/avatar\/55cb5e37c1efa326397366e6974cb338056df65cb50e7d64d1cf314e87504837?s=96&d=mm&r=g","contentUrl":"https:\/\/secure.gravatar.com\/avatar\/55cb5e37c1efa326397366e6974cb338056df65cb50e7d64d1cf314e87504837?s=96&d=mm&r=g","caption":"Arnaldo Botto"},"url":"https:\/\/www.noticiasradioreflejos.com.ar\/2021\/author\/arnaldo\/"}]}},"_links":{"self":[{"href":"https:\/\/www.noticiasradioreflejos.com.ar\/2021\/wp-json\/wp\/v2\/posts\/69205","targetHints":{"allow":["GET"]}}],"collection":[{"href":"https:\/\/www.noticiasradioreflejos.com.ar\/2021\/wp-json\/wp\/v2\/posts"}],"about":[{"href":"https:\/\/www.noticiasradioreflejos.com.ar\/2021\/wp-json\/wp\/v2\/types\/post"}],"author":[{"embeddable":true,"href":"https:\/\/www.noticiasradioreflejos.com.ar\/2021\/wp-json\/wp\/v2\/users\/3"}],"replies":[{"embeddable":true,"href":"https:\/\/www.noticiasradioreflejos.com.ar\/2021\/wp-json\/wp\/v2\/comments?post=69205"}],"version-history":[{"count":1,"href":"https:\/\/www.noticiasradioreflejos.com.ar\/2021\/wp-json\/wp\/v2\/posts\/69205\/revisions"}],"predecessor-version":[{"id":69206,"href":"https:\/\/www.noticiasradioreflejos.com.ar\/2021\/wp-json\/wp\/v2\/posts\/69205\/revisions\/69206"}],"wp:attachment":[{"href":"https:\/\/www.noticiasradioreflejos.com.ar\/2021\/wp-json\/wp\/v2\/media?parent=69205"}],"wp:term":[{"taxonomy":"category","embeddable":true,"href":"https:\/\/www.noticiasradioreflejos.com.ar\/2021\/wp-json\/wp\/v2\/categories?post=69205"},{"taxonomy":"post_tag","embeddable":true,"href":"https:\/\/www.noticiasradioreflejos.com.ar\/2021\/wp-json\/wp\/v2\/tags?post=69205"}],"curies":[{"name":"wp","href":"https:\/\/api.w.org\/{rel}","templated":true}]}}