{"id":69203,"date":"2022-03-11T19:31:49","date_gmt":"2022-03-11T19:31:49","guid":{"rendered":"http:\/\/www.noticiasradioreflejos.com.ar\/2021\/?p=69203"},"modified":"2022-03-11T19:31:49","modified_gmt":"2022-03-11T19:31:49","slug":"brindaran-un-taller-de-autogestion-de-las-emociones","status":"publish","type":"post","link":"https:\/\/www.noticiasradioreflejos.com.ar\/2021\/brindaran-un-taller-de-autogestion-de-las-emociones\/","title":{"rendered":"Brindar\u00e1n un taller de autogesti\u00f3n de las emociones"},"content":{"rendered":"<p>En el marco de actividades por el D\u00eda de la Mujer y con la organizaci\u00f3n de la Secretar\u00eda de Salud, el mi\u00e9rcoles 23 de marzo tendr\u00e1 lugar el taller \u2018Autogesti\u00f3n de las emociones. Muerte y duelo, relaciones sanas, ejercicios constelatorios\u2019.<!--more--><\/p>\n<p>Es abierto a toda lacomunidad, ser\u00e1 dictado por la Lic. en Psicolog\u00eda Mariana Weimann, egresada en M\u00e9xico y Consteladora Familiar, y se desarrollar\u00e1 desde las 18.30 hs en la Biblioteca Popular \u2018Ernesto Tornquist\u2019.<\/p>\n<p><a data-flickr-embed=\"true\" href=\"https:\/\/www.flickr.com\/photos\/182279889@N02\/51932388668\/in\/dateposted-public\/\" title=\"Taller de Autogestion\"><img loading=\"lazy\" decoding=\"async\" src=\"https:\/\/live.staticflickr.com\/65535\/51932388668_432065dccd_c.jpg\" width=\"800\" height=\"800\" alt=\"Taller de Autogestion\"><\/a><script async src=\"\/\/embedr.flickr.com\/assets\/client-code.js\" charset=\"utf-8\"><\/script><\/p>\n","protected":false},"excerpt":{"rendered":"<p>En el marco de actividades por el D\u00eda de la Mujer y con la organizaci\u00f3n de la Secretar\u00eda de Salud, el mi\u00e9rcoles 23 de marzo tendr\u00e1 lugar el taller \u2018Autogesti\u00f3n de las emociones. Muerte y duelo, relaciones sanas, ejercicios constelatorios\u2019.<\/p>\n","protected":false},"author":3,"featured_media":0,"comment_status":"closed","ping_status":"closed","sticky":false,"template":"","format":"standard","meta":{"footnotes":""},"categories":[28],"tags":[],"class_list":["post-69203","post","type-post","status-publish","format-standard","hentry","category-municipales"],"yoast_head":"<!-- This site is optimized with the Yoast SEO plugin v25.9 - https:\/\/yoast.com\/wordpress\/plugins\/seo\/ -->\n<title>Brindar\u00e1n un taller de autogesti\u00f3n de las emociones - Noticias Radio Reflejos<\/title>\n<meta name=\"robots\" content=\"index, follow, max-snippet:-1, max-image-preview:large, max-video-preview:-1\" \/>\n<link rel=\"canonical\" href=\"https:\/\/www.noticiasradioreflejos.com.ar\/2021\/brindaran-un-taller-de-autogestion-de-las-emociones\/\" \/>\n<meta property=\"og:locale\" content=\"es_ES\" \/>\n<meta property=\"og:type\" content=\"article\" \/>\n<meta property=\"og:title\" content=\"Brindar\u00e1n un taller de autogesti\u00f3n de las emociones - Noticias Radio Reflejos\" \/>\n<meta property=\"og:description\" content=\"En el marco de actividades por el D\u00eda de la Mujer y con la organizaci\u00f3n de la Secretar\u00eda de Salud, el mi\u00e9rcoles 23 de marzo tendr\u00e1 lugar el taller \u2018Autogesti\u00f3n de las emociones. Muerte y duelo, relaciones sanas, ejercicios constelatorios\u2019.\" \/>\n<meta property=\"og:url\" content=\"https:\/\/www.noticiasradioreflejos.com.ar\/2021\/brindaran-un-taller-de-autogestion-de-las-emociones\/\" \/>\n<meta property=\"og:site_name\" content=\"Noticias Radio Reflejos\" \/>\n<meta property=\"article:published_time\" content=\"2022-03-11T19:31:49+00:00\" \/>\n<meta property=\"og:image\" content=\"https:\/\/live.staticflickr.com\/65535\/51932388668_432065dccd_c.jpg\" \/>\n<meta name=\"author\" content=\"Arnaldo Botto\" \/>\n<meta name=\"twitter:card\" content=\"summary_large_image\" \/>\n<script type=\"application\/ld+json\" class=\"yoast-schema-graph\">{\"@context\":\"https:\/\/schema.org\",\"@graph\":[{\"@type\":\"WebPage\",\"@id\":\"https:\/\/www.noticiasradioreflejos.com.ar\/2021\/brindaran-un-taller-de-autogestion-de-las-emociones\/\",\"url\":\"https:\/\/www.noticiasradioreflejos.com.ar\/2021\/brindaran-un-taller-de-autogestion-de-las-emociones\/\",\"name\":\"Brindar\u00e1n un taller de autogesti\u00f3n de las emociones - Noticias Radio Reflejos\",\"isPartOf\":{\"@id\":\"https:\/\/www.noticiasradioreflejos.com.ar\/2021\/#website\"},\"primaryImageOfPage\":{\"@id\":\"https:\/\/www.noticiasradioreflejos.com.ar\/2021\/brindaran-un-taller-de-autogestion-de-las-emociones\/#primaryimage\"},\"image\":{\"@id\":\"https:\/\/www.noticiasradioreflejos.com.ar\/2021\/brindaran-un-taller-de-autogestion-de-las-emociones\/#primaryimage\"},\"thumbnailUrl\":\"https:\/\/live.staticflickr.com\/65535\/51932388668_432065dccd_c.jpg\",\"datePublished\":\"2022-03-11T19:31:49+00:00\",\"author\":{\"@id\":\"https:\/\/www.noticiasradioreflejos.com.ar\/2021\/#\/schema\/person\/ad82545263dcc5ec0996818884fd5fb1\"},\"breadcrumb\":{\"@id\":\"https:\/\/www.noticiasradioreflejos.com.ar\/2021\/brindaran-un-taller-de-autogestion-de-las-emociones\/#breadcrumb\"},\"inLanguage\":\"es\",\"potentialAction\":[{\"@type\":\"ReadAction\",\"target\":[\"https:\/\/www.noticiasradioreflejos.com.ar\/2021\/brindaran-un-taller-de-autogestion-de-las-emociones\/\"]}]},{\"@type\":\"ImageObject\",\"inLanguage\":\"es\",\"@id\":\"https:\/\/www.noticiasradioreflejos.com.ar\/2021\/brindaran-un-taller-de-autogestion-de-las-emociones\/#primaryimage\",\"url\":\"https:\/\/live.staticflickr.com\/65535\/51932388668_432065dccd_c.jpg\",\"contentUrl\":\"https:\/\/live.staticflickr.com\/65535\/51932388668_432065dccd_c.jpg\"},{\"@type\":\"BreadcrumbList\",\"@id\":\"https:\/\/www.noticiasradioreflejos.com.ar\/2021\/brindaran-un-taller-de-autogestion-de-las-emociones\/#breadcrumb\",\"itemListElement\":[{\"@type\":\"ListItem\",\"position\":1,\"name\":\"Portada\",\"item\":\"https:\/\/www.noticiasradioreflejos.com.ar\/2021\/\"},{\"@type\":\"ListItem\",\"position\":2,\"name\":\"Brindar\u00e1n un taller de autogesti\u00f3n de las emociones\"}]},{\"@type\":\"WebSite\",\"@id\":\"https:\/\/www.noticiasradioreflejos.com.ar\/2021\/#website\",\"url\":\"https:\/\/www.noticiasradioreflejos.com.ar\/2021\/\",\"name\":\"Noticias Radio Reflejos\",\"description\":\"Las noticias de mi comarca\",\"potentialAction\":[{\"@type\":\"SearchAction\",\"target\":{\"@type\":\"EntryPoint\",\"urlTemplate\":\"https:\/\/www.noticiasradioreflejos.com.ar\/2021\/?s={search_term_string}\"},\"query-input\":{\"@type\":\"PropertyValueSpecification\",\"valueRequired\":true,\"valueName\":\"search_term_string\"}}],\"inLanguage\":\"es\"},{\"@type\":\"Person\",\"@id\":\"https:\/\/www.noticiasradioreflejos.com.ar\/2021\/#\/schema\/person\/ad82545263dcc5ec0996818884fd5fb1\",\"name\":\"Arnaldo Botto\",\"image\":{\"@type\":\"ImageObject\",\"inLanguage\":\"es\",\"@id\":\"https:\/\/www.noticiasradioreflejos.com.ar\/2021\/#\/schema\/person\/image\/\",\"url\":\"https:\/\/secure.gravatar.com\/avatar\/55cb5e37c1efa326397366e6974cb338056df65cb50e7d64d1cf314e87504837?s=96&d=mm&r=g\",\"contentUrl\":\"https:\/\/secure.gravatar.com\/avatar\/55cb5e37c1efa326397366e6974cb338056df65cb50e7d64d1cf314e87504837?s=96&d=mm&r=g\",\"caption\":\"Arnaldo Botto\"},\"url\":\"https:\/\/www.noticiasradioreflejos.com.ar\/2021\/author\/arnaldo\/\"}]}<\/script>\n<!-- \/ Yoast SEO plugin. -->","yoast_head_json":{"title":"Brindar\u00e1n un taller de autogesti\u00f3n de las emociones - Noticias Radio Reflejos","robots":{"index":"index","follow":"follow","max-snippet":"max-snippet:-1","max-image-preview":"max-image-preview:large","max-video-preview":"max-video-preview:-1"},"canonical":"https:\/\/www.noticiasradioreflejos.com.ar\/2021\/brindaran-un-taller-de-autogestion-de-las-emociones\/","og_locale":"es_ES","og_type":"article","og_title":"Brindar\u00e1n un taller de autogesti\u00f3n de las emociones - Noticias Radio Reflejos","og_description":"En el marco de actividades por el D\u00eda de la Mujer y con la organizaci\u00f3n de la Secretar\u00eda de Salud, el mi\u00e9rcoles 23 de marzo tendr\u00e1 lugar el taller \u2018Autogesti\u00f3n de las emociones. Muerte y duelo, relaciones sanas, ejercicios constelatorios\u2019.","og_url":"https:\/\/www.noticiasradioreflejos.com.ar\/2021\/brindaran-un-taller-de-autogestion-de-las-emociones\/","og_site_name":"Noticias Radio Reflejos","article_published_time":"2022-03-11T19:31:49+00:00","og_image":[{"url":"https:\/\/live.staticflickr.com\/65535\/51932388668_432065dccd_c.jpg","type":"","width":"","height":""}],"author":"Arnaldo Botto","twitter_card":"summary_large_image","schema":{"@context":"https:\/\/schema.org","@graph":[{"@type":"WebPage","@id":"https:\/\/www.noticiasradioreflejos.com.ar\/2021\/brindaran-un-taller-de-autogestion-de-las-emociones\/","url":"https:\/\/www.noticiasradioreflejos.com.ar\/2021\/brindaran-un-taller-de-autogestion-de-las-emociones\/","name":"Brindar\u00e1n un taller de autogesti\u00f3n de las emociones - Noticias Radio Reflejos","isPartOf":{"@id":"https:\/\/www.noticiasradioreflejos.com.ar\/2021\/#website"},"primaryImageOfPage":{"@id":"https:\/\/www.noticiasradioreflejos.com.ar\/2021\/brindaran-un-taller-de-autogestion-de-las-emociones\/#primaryimage"},"image":{"@id":"https:\/\/www.noticiasradioreflejos.com.ar\/2021\/brindaran-un-taller-de-autogestion-de-las-emociones\/#primaryimage"},"thumbnailUrl":"https:\/\/live.staticflickr.com\/65535\/51932388668_432065dccd_c.jpg","datePublished":"2022-03-11T19:31:49+00:00","author":{"@id":"https:\/\/www.noticiasradioreflejos.com.ar\/2021\/#\/schema\/person\/ad82545263dcc5ec0996818884fd5fb1"},"breadcrumb":{"@id":"https:\/\/www.noticiasradioreflejos.com.ar\/2021\/brindaran-un-taller-de-autogestion-de-las-emociones\/#breadcrumb"},"inLanguage":"es","potentialAction":[{"@type":"ReadAction","target":["https:\/\/www.noticiasradioreflejos.com.ar\/2021\/brindaran-un-taller-de-autogestion-de-las-emociones\/"]}]},{"@type":"ImageObject","inLanguage":"es","@id":"https:\/\/www.noticiasradioreflejos.com.ar\/2021\/brindaran-un-taller-de-autogestion-de-las-emociones\/#primaryimage","url":"https:\/\/live.staticflickr.com\/65535\/51932388668_432065dccd_c.jpg","contentUrl":"https:\/\/live.staticflickr.com\/65535\/51932388668_432065dccd_c.jpg"},{"@type":"BreadcrumbList","@id":"https:\/\/www.noticiasradioreflejos.com.ar\/2021\/brindaran-un-taller-de-autogestion-de-las-emociones\/#breadcrumb","itemListElement":[{"@type":"ListItem","position":1,"name":"Portada","item":"https:\/\/www.noticiasradioreflejos.com.ar\/2021\/"},{"@type":"ListItem","position":2,"name":"Brindar\u00e1n un taller de autogesti\u00f3n de las emociones"}]},{"@type":"WebSite","@id":"https:\/\/www.noticiasradioreflejos.com.ar\/2021\/#website","url":"https:\/\/www.noticiasradioreflejos.com.ar\/2021\/","name":"Noticias Radio Reflejos","description":"Las noticias de mi comarca","potentialAction":[{"@type":"SearchAction","target":{"@type":"EntryPoint","urlTemplate":"https:\/\/www.noticiasradioreflejos.com.ar\/2021\/?s={search_term_string}"},"query-input":{"@type":"PropertyValueSpecification","valueRequired":true,"valueName":"search_term_string"}}],"inLanguage":"es"},{"@type":"Person","@id":"https:\/\/www.noticiasradioreflejos.com.ar\/2021\/#\/schema\/person\/ad82545263dcc5ec0996818884fd5fb1","name":"Arnaldo Botto","image":{"@type":"ImageObject","inLanguage":"es","@id":"https:\/\/www.noticiasradioreflejos.com.ar\/2021\/#\/schema\/person\/image\/","url":"https:\/\/secure.gravatar.com\/avatar\/55cb5e37c1efa326397366e6974cb338056df65cb50e7d64d1cf314e87504837?s=96&d=mm&r=g","contentUrl":"https:\/\/secure.gravatar.com\/avatar\/55cb5e37c1efa326397366e6974cb338056df65cb50e7d64d1cf314e87504837?s=96&d=mm&r=g","caption":"Arnaldo Botto"},"url":"https:\/\/www.noticiasradioreflejos.com.ar\/2021\/author\/arnaldo\/"}]}},"_links":{"self":[{"href":"https:\/\/www.noticiasradioreflejos.com.ar\/2021\/wp-json\/wp\/v2\/posts\/69203","targetHints":{"allow":["GET"]}}],"collection":[{"href":"https:\/\/www.noticiasradioreflejos.com.ar\/2021\/wp-json\/wp\/v2\/posts"}],"about":[{"href":"https:\/\/www.noticiasradioreflejos.com.ar\/2021\/wp-json\/wp\/v2\/types\/post"}],"author":[{"embeddable":true,"href":"https:\/\/www.noticiasradioreflejos.com.ar\/2021\/wp-json\/wp\/v2\/users\/3"}],"replies":[{"embeddable":true,"href":"https:\/\/www.noticiasradioreflejos.com.ar\/2021\/wp-json\/wp\/v2\/comments?post=69203"}],"version-history":[{"count":1,"href":"https:\/\/www.noticiasradioreflejos.com.ar\/2021\/wp-json\/wp\/v2\/posts\/69203\/revisions"}],"predecessor-version":[{"id":69204,"href":"https:\/\/www.noticiasradioreflejos.com.ar\/2021\/wp-json\/wp\/v2\/posts\/69203\/revisions\/69204"}],"wp:attachment":[{"href":"https:\/\/www.noticiasradioreflejos.com.ar\/2021\/wp-json\/wp\/v2\/media?parent=69203"}],"wp:term":[{"taxonomy":"category","embeddable":true,"href":"https:\/\/www.noticiasradioreflejos.com.ar\/2021\/wp-json\/wp\/v2\/categories?post=69203"},{"taxonomy":"post_tag","embeddable":true,"href":"https:\/\/www.noticiasradioreflejos.com.ar\/2021\/wp-json\/wp\/v2\/tags?post=69203"}],"curies":[{"name":"wp","href":"https:\/\/api.w.org\/{rel}","templated":true}]}}