{"id":69195,"date":"2022-03-11T14:50:01","date_gmt":"2022-03-11T14:50:01","guid":{"rendered":"http:\/\/www.noticiasradioreflejos.com.ar\/2021\/?p=69195"},"modified":"2022-03-11T14:50:37","modified_gmt":"2022-03-11T14:50:37","slug":"la-imagen-de-las-islas-malvinas-estara-en-tarjetas-de-debito-y-en-guardapolvos","status":"publish","type":"post","link":"https:\/\/www.noticiasradioreflejos.com.ar\/2021\/la-imagen-de-las-islas-malvinas-estara-en-tarjetas-de-debito-y-en-guardapolvos\/","title":{"rendered":"La imagen de las islas Malvinas estar\u00e1 en tarjetas de d\u00e9bito y en guardapolvos"},"content":{"rendered":"<p>En el 40 aniversario del inicio de la guerra con Gran Breta\u00f1a de 1982, el Banco de Tierra del Fuego lanz\u00f3 una serie especial con im\u00e1genes del archipi\u00e9lago. Los estudiantes de primaria llevar\u00e1n un logo de las Malvinas en los guardapolvos.<!--more--><\/p>\n<div>\n<div class=\"wrapper-editable-content\">\n<div>\n<div class=\"container-md\">\n<div class=\"row\">\n<div class=\"col-md-12 speak\">\n<div class=\"paragraph\">\n<figure class=\"mb-3\"><img decoding=\"async\" src=\"https:\/\/www.telam.com.ar\/thumbs\/bluesteel\/advf\/imagenes\/2022\/03\/622a1e8135438_900.jpg\" alt=\"Telam SE\" width=\"100%\" height=\"100%\" \/><\/p>\n<div class=\"media-icons\"><\/div><figcaption><\/figcaption><\/figure>\n<p>La provincia de Tierra del Fuego, que posee en su jurisdicci\u00f3n a las Islas Malvinas, implement\u00f3 una serie de acciones para reivindicar la soberan\u00eda argentina del archipi\u00e9lago a poco de cumplirse, el 2 de abril, el\u00a0<strong>40 aniversario del inicio de la guerra con Gran Breta\u00f1a de 1982<\/strong>.<\/p>\n<p>Una de las iniciativas consiste en el lanzamiento de una s<strong>erie especial de tarjetas de d\u00e9bito para los clientes del Banco de Tierra del Fuego que llevan una imagen alusiva a las Malvinas<\/strong>\u00a0y hacen referencia al 40 aniversario del conflicto b\u00e9lico.<\/p>\n<p>Por otro lado, ya se puso en pr\u00e1ctica la ley que obliga al\u00a0<strong>uso de un logo vinculado con el archipi\u00e9lago en los guardapolvos de todos los estudiantes primarios de la provincia<\/strong>.<\/p>\n<p>La vicegobernadora fueguina, M\u00f3nica Urquiza, explic\u00f3 que ambas medidas se corresponden con normas aprobadas por la propia Legislatura provincial durante 2021, como \u201cparte de las actividades previstas a lo largo de este a\u00f1o para recordar el conflicto, honrar a las veteranas y los veteranos de guerra y reafirmar el reclamo de soberan\u00eda sobre las Islas\u00bb.<\/p>\n<figure class=\"mb-3\"><img decoding=\"async\" src=\"https:\/\/www.telam.com.ar\/thumbs\/bluesteel\/advf\/imagenes\/2022\/03\/622a1e812b49f_900.jpg\" alt=\"Telam SE\" width=\"100%\" height=\"100%\" \/><\/p>\n<div class=\"media-icons\"><\/div><figcaption><\/figcaption><\/figure>\n<p>En tanto, el presidente de la comisi\u00f3n legislativa de Malvinas, Atl\u00e1ntico Sur y Ant\u00e1rtida,\u00a0<strong>Federico Sciurano, remarc\u00f3 que la emisi\u00f3n de las tarjetas bancarias con la imagen de Malvinas resulta \u201cmuy significativa\u201d para esta fecha<\/strong>\u00a0y \u201cnos alegra poder verla concretada\u201d.<\/p>\n<p>\u201cCreemos que parte del reconocimiento de la soberan\u00eda es tener siempre presente nuestro territorio. Esta comisi\u00f3n tiene como eje poner en valor temas de nuestra provincia vinculados a algo tan sensible como la soberan\u00eda y los temas de desarrollo ant\u00e1rtico\u00bb, dijo el legislador provincial.<\/p>\n<blockquote class=\"\"><p>\u00abParte del reconocimiento de la soberan\u00eda es tener siempre presente nuestro territorio. Esta comisi\u00f3n tiene como eje poner en valor temas de nuestra provincia vinculados a algo tan sensible como la soberan\u00eda y los temas de desarrollo ant\u00e1rtico\u00bb<\/p><\/blockquote>\n<p>Las tarjetas de d\u00e9bito del BTF que ya est\u00e1n en circulaci\u00f3n llevan impresa una imagen del contorno de las islas y la leyenda: \u00ab2022 \u2013 40\u00b0 Aniversario de la Gesta Heroica de Malvinas\u00bb.<\/p>\n<p>A su vez, la llamada\u00a0<strong>\u201cLey Thiago\u201d<\/strong>\u00a0(n\u00famero 1390) y sancionada el 18 de noviembre del a\u00f1o pasado, est\u00e1 basada en una iniciativa de Thiago Huenchill\u00e1n, un ni\u00f1o de 7 a\u00f1os de Comodoro Rivadavia, Chubut, que mantuvo una discusi\u00f3n con su maestra al defender la soberan\u00eda del archipi\u00e9lago.<\/p>\n<p>Como consecuencia de aquel episodio surgi\u00f3 la iniciativa legal de imponer el uso del logo de Malvinas en los guardapolvos o uniformes de los estudiantes fueguinos.<\/p>\n<figure class=\"mb-3\"><img decoding=\"async\" src=\"https:\/\/www.telam.com.ar\/thumbs\/bluesteel\/advf\/imagenes\/2022\/03\/622a1e8120e0c_900.jpg\" alt=\"Telam SE\" width=\"100%\" height=\"100%\" \/><\/p>\n<div class=\"media-icons\"><\/div><figcaption><\/figcaption><\/figure>\n<p>Los titulares del Centro de Excombatientes de Malvinas de Ushuaia, Conrado Zamora, y del Centro de Veteranos de Guerra de R\u00edo Grande, Ra\u00fal Villafa\u00f1e, mantuvieron una reuni\u00f3n con legisladores provinciales con el fin de adelantarles las actividades que se est\u00e1n preparando para conmemorar el 2 de abril.<\/p>\n<p>Al respecto, los dirigentes confirmaron que entre el 24 y el 25 de marzo se armar\u00e1 en R\u00edo Grande la llamada \u201cCarpa de la Dignidad\u201d, que desde el 26 recibir\u00e1 la visita de estudiantes y que permanecer\u00e1 junto al Monumento a los Ca\u00eddos hasta la vigilia del 1 de abril y el acto central del 2.<\/p>\n<p>En Ushuaia habr\u00e1 otra carpa frente a la \u201cPlaza Malvinas\u201d, donde tambi\u00e9n se realiza una vigilia el 1 de abril y se llevar\u00e1 a cabo el acto principal del 2 de abril con la presencia de autoridades provinciales y nacionales.<\/p>\n<\/div>\n<\/div>\n<\/div>\n<\/div>\n<\/div>\n<\/div>\n<\/div>\n","protected":false},"excerpt":{"rendered":"<p>En el 40 aniversario del inicio de la guerra con Gran Breta\u00f1a de 1982, el Banco de Tierra del Fuego lanz\u00f3 una serie especial con im\u00e1genes del archipi\u00e9lago. Los estudiantes de primaria llevar\u00e1n un logo de las Malvinas en los guardapolvos.<\/p>\n","protected":false},"author":3,"featured_media":0,"comment_status":"closed","ping_status":"closed","sticky":false,"template":"","format":"standard","meta":{"footnotes":""},"categories":[34,24,26],"tags":[],"class_list":["post-69195","post","type-post","status-publish","format-standard","hentry","category-educacion","category-politica","category-sociedad"],"yoast_head":"<!-- This site is optimized with the Yoast SEO plugin v25.9 - https:\/\/yoast.com\/wordpress\/plugins\/seo\/ -->\n<title>La imagen de las islas Malvinas estar\u00e1 en tarjetas de d\u00e9bito y en guardapolvos - Noticias Radio Reflejos<\/title>\n<meta name=\"robots\" content=\"index, follow, max-snippet:-1, max-image-preview:large, max-video-preview:-1\" \/>\n<link rel=\"canonical\" href=\"https:\/\/www.noticiasradioreflejos.com.ar\/2021\/la-imagen-de-las-islas-malvinas-estara-en-tarjetas-de-debito-y-en-guardapolvos\/\" \/>\n<meta property=\"og:locale\" content=\"es_ES\" \/>\n<meta property=\"og:type\" content=\"article\" \/>\n<meta property=\"og:title\" content=\"La imagen de las islas Malvinas estar\u00e1 en tarjetas de d\u00e9bito y en guardapolvos - Noticias Radio Reflejos\" \/>\n<meta property=\"og:description\" content=\"En el 40 aniversario del inicio de la guerra con Gran Breta\u00f1a de 1982, el Banco de Tierra del Fuego lanz\u00f3 una serie especial con im\u00e1genes del archipi\u00e9lago. Los estudiantes de primaria llevar\u00e1n un logo de las Malvinas en los guardapolvos.\" \/>\n<meta property=\"og:url\" content=\"https:\/\/www.noticiasradioreflejos.com.ar\/2021\/la-imagen-de-las-islas-malvinas-estara-en-tarjetas-de-debito-y-en-guardapolvos\/\" \/>\n<meta property=\"og:site_name\" content=\"Noticias Radio Reflejos\" \/>\n<meta property=\"article:published_time\" content=\"2022-03-11T14:50:01+00:00\" \/>\n<meta property=\"article:modified_time\" content=\"2022-03-11T14:50:37+00:00\" \/>\n<meta property=\"og:image\" content=\"https:\/\/www.telam.com.ar\/thumbs\/bluesteel\/advf\/imagenes\/2022\/03\/622a1e8135438_900.jpg\" \/>\n<meta name=\"author\" content=\"Arnaldo Botto\" \/>\n<meta name=\"twitter:card\" content=\"summary_large_image\" \/>\n<script type=\"application\/ld+json\" class=\"yoast-schema-graph\">{\"@context\":\"https:\/\/schema.org\",\"@graph\":[{\"@type\":\"WebPage\",\"@id\":\"https:\/\/www.noticiasradioreflejos.com.ar\/2021\/la-imagen-de-las-islas-malvinas-estara-en-tarjetas-de-debito-y-en-guardapolvos\/\",\"url\":\"https:\/\/www.noticiasradioreflejos.com.ar\/2021\/la-imagen-de-las-islas-malvinas-estara-en-tarjetas-de-debito-y-en-guardapolvos\/\",\"name\":\"La imagen de las islas Malvinas estar\u00e1 en tarjetas de d\u00e9bito y en guardapolvos - Noticias Radio Reflejos\",\"isPartOf\":{\"@id\":\"https:\/\/www.noticiasradioreflejos.com.ar\/2021\/#website\"},\"primaryImageOfPage\":{\"@id\":\"https:\/\/www.noticiasradioreflejos.com.ar\/2021\/la-imagen-de-las-islas-malvinas-estara-en-tarjetas-de-debito-y-en-guardapolvos\/#primaryimage\"},\"image\":{\"@id\":\"https:\/\/www.noticiasradioreflejos.com.ar\/2021\/la-imagen-de-las-islas-malvinas-estara-en-tarjetas-de-debito-y-en-guardapolvos\/#primaryimage\"},\"thumbnailUrl\":\"https:\/\/www.telam.com.ar\/thumbs\/bluesteel\/advf\/imagenes\/2022\/03\/622a1e8135438_900.jpg\",\"datePublished\":\"2022-03-11T14:50:01+00:00\",\"dateModified\":\"2022-03-11T14:50:37+00:00\",\"author\":{\"@id\":\"https:\/\/www.noticiasradioreflejos.com.ar\/2021\/#\/schema\/person\/ad82545263dcc5ec0996818884fd5fb1\"},\"breadcrumb\":{\"@id\":\"https:\/\/www.noticiasradioreflejos.com.ar\/2021\/la-imagen-de-las-islas-malvinas-estara-en-tarjetas-de-debito-y-en-guardapolvos\/#breadcrumb\"},\"inLanguage\":\"es\",\"potentialAction\":[{\"@type\":\"ReadAction\",\"target\":[\"https:\/\/www.noticiasradioreflejos.com.ar\/2021\/la-imagen-de-las-islas-malvinas-estara-en-tarjetas-de-debito-y-en-guardapolvos\/\"]}]},{\"@type\":\"ImageObject\",\"inLanguage\":\"es\",\"@id\":\"https:\/\/www.noticiasradioreflejos.com.ar\/2021\/la-imagen-de-las-islas-malvinas-estara-en-tarjetas-de-debito-y-en-guardapolvos\/#primaryimage\",\"url\":\"https:\/\/www.telam.com.ar\/thumbs\/bluesteel\/advf\/imagenes\/2022\/03\/622a1e8135438_900.jpg\",\"contentUrl\":\"https:\/\/www.telam.com.ar\/thumbs\/bluesteel\/advf\/imagenes\/2022\/03\/622a1e8135438_900.jpg\"},{\"@type\":\"BreadcrumbList\",\"@id\":\"https:\/\/www.noticiasradioreflejos.com.ar\/2021\/la-imagen-de-las-islas-malvinas-estara-en-tarjetas-de-debito-y-en-guardapolvos\/#breadcrumb\",\"itemListElement\":[{\"@type\":\"ListItem\",\"position\":1,\"name\":\"Portada\",\"item\":\"https:\/\/www.noticiasradioreflejos.com.ar\/2021\/\"},{\"@type\":\"ListItem\",\"position\":2,\"name\":\"La imagen de las islas Malvinas estar\u00e1 en tarjetas de d\u00e9bito y en guardapolvos\"}]},{\"@type\":\"WebSite\",\"@id\":\"https:\/\/www.noticiasradioreflejos.com.ar\/2021\/#website\",\"url\":\"https:\/\/www.noticiasradioreflejos.com.ar\/2021\/\",\"name\":\"Noticias Radio Reflejos\",\"description\":\"Las noticias de mi comarca\",\"potentialAction\":[{\"@type\":\"SearchAction\",\"target\":{\"@type\":\"EntryPoint\",\"urlTemplate\":\"https:\/\/www.noticiasradioreflejos.com.ar\/2021\/?s={search_term_string}\"},\"query-input\":{\"@type\":\"PropertyValueSpecification\",\"valueRequired\":true,\"valueName\":\"search_term_string\"}}],\"inLanguage\":\"es\"},{\"@type\":\"Person\",\"@id\":\"https:\/\/www.noticiasradioreflejos.com.ar\/2021\/#\/schema\/person\/ad82545263dcc5ec0996818884fd5fb1\",\"name\":\"Arnaldo Botto\",\"image\":{\"@type\":\"ImageObject\",\"inLanguage\":\"es\",\"@id\":\"https:\/\/www.noticiasradioreflejos.com.ar\/2021\/#\/schema\/person\/image\/\",\"url\":\"https:\/\/secure.gravatar.com\/avatar\/55cb5e37c1efa326397366e6974cb338056df65cb50e7d64d1cf314e87504837?s=96&d=mm&r=g\",\"contentUrl\":\"https:\/\/secure.gravatar.com\/avatar\/55cb5e37c1efa326397366e6974cb338056df65cb50e7d64d1cf314e87504837?s=96&d=mm&r=g\",\"caption\":\"Arnaldo Botto\"},\"url\":\"https:\/\/www.noticiasradioreflejos.com.ar\/2021\/author\/arnaldo\/\"}]}<\/script>\n<!-- \/ Yoast SEO plugin. -->","yoast_head_json":{"title":"La imagen de las islas Malvinas estar\u00e1 en tarjetas de d\u00e9bito y en guardapolvos - Noticias Radio Reflejos","robots":{"index":"index","follow":"follow","max-snippet":"max-snippet:-1","max-image-preview":"max-image-preview:large","max-video-preview":"max-video-preview:-1"},"canonical":"https:\/\/www.noticiasradioreflejos.com.ar\/2021\/la-imagen-de-las-islas-malvinas-estara-en-tarjetas-de-debito-y-en-guardapolvos\/","og_locale":"es_ES","og_type":"article","og_title":"La imagen de las islas Malvinas estar\u00e1 en tarjetas de d\u00e9bito y en guardapolvos - Noticias Radio Reflejos","og_description":"En el 40 aniversario del inicio de la guerra con Gran Breta\u00f1a de 1982, el Banco de Tierra del Fuego lanz\u00f3 una serie especial con im\u00e1genes del archipi\u00e9lago. Los estudiantes de primaria llevar\u00e1n un logo de las Malvinas en los guardapolvos.","og_url":"https:\/\/www.noticiasradioreflejos.com.ar\/2021\/la-imagen-de-las-islas-malvinas-estara-en-tarjetas-de-debito-y-en-guardapolvos\/","og_site_name":"Noticias Radio Reflejos","article_published_time":"2022-03-11T14:50:01+00:00","article_modified_time":"2022-03-11T14:50:37+00:00","og_image":[{"url":"https:\/\/www.telam.com.ar\/thumbs\/bluesteel\/advf\/imagenes\/2022\/03\/622a1e8135438_900.jpg","type":"","width":"","height":""}],"author":"Arnaldo Botto","twitter_card":"summary_large_image","schema":{"@context":"https:\/\/schema.org","@graph":[{"@type":"WebPage","@id":"https:\/\/www.noticiasradioreflejos.com.ar\/2021\/la-imagen-de-las-islas-malvinas-estara-en-tarjetas-de-debito-y-en-guardapolvos\/","url":"https:\/\/www.noticiasradioreflejos.com.ar\/2021\/la-imagen-de-las-islas-malvinas-estara-en-tarjetas-de-debito-y-en-guardapolvos\/","name":"La imagen de las islas Malvinas estar\u00e1 en tarjetas de d\u00e9bito y en guardapolvos - Noticias Radio Reflejos","isPartOf":{"@id":"https:\/\/www.noticiasradioreflejos.com.ar\/2021\/#website"},"primaryImageOfPage":{"@id":"https:\/\/www.noticiasradioreflejos.com.ar\/2021\/la-imagen-de-las-islas-malvinas-estara-en-tarjetas-de-debito-y-en-guardapolvos\/#primaryimage"},"image":{"@id":"https:\/\/www.noticiasradioreflejos.com.ar\/2021\/la-imagen-de-las-islas-malvinas-estara-en-tarjetas-de-debito-y-en-guardapolvos\/#primaryimage"},"thumbnailUrl":"https:\/\/www.telam.com.ar\/thumbs\/bluesteel\/advf\/imagenes\/2022\/03\/622a1e8135438_900.jpg","datePublished":"2022-03-11T14:50:01+00:00","dateModified":"2022-03-11T14:50:37+00:00","author":{"@id":"https:\/\/www.noticiasradioreflejos.com.ar\/2021\/#\/schema\/person\/ad82545263dcc5ec0996818884fd5fb1"},"breadcrumb":{"@id":"https:\/\/www.noticiasradioreflejos.com.ar\/2021\/la-imagen-de-las-islas-malvinas-estara-en-tarjetas-de-debito-y-en-guardapolvos\/#breadcrumb"},"inLanguage":"es","potentialAction":[{"@type":"ReadAction","target":["https:\/\/www.noticiasradioreflejos.com.ar\/2021\/la-imagen-de-las-islas-malvinas-estara-en-tarjetas-de-debito-y-en-guardapolvos\/"]}]},{"@type":"ImageObject","inLanguage":"es","@id":"https:\/\/www.noticiasradioreflejos.com.ar\/2021\/la-imagen-de-las-islas-malvinas-estara-en-tarjetas-de-debito-y-en-guardapolvos\/#primaryimage","url":"https:\/\/www.telam.com.ar\/thumbs\/bluesteel\/advf\/imagenes\/2022\/03\/622a1e8135438_900.jpg","contentUrl":"https:\/\/www.telam.com.ar\/thumbs\/bluesteel\/advf\/imagenes\/2022\/03\/622a1e8135438_900.jpg"},{"@type":"BreadcrumbList","@id":"https:\/\/www.noticiasradioreflejos.com.ar\/2021\/la-imagen-de-las-islas-malvinas-estara-en-tarjetas-de-debito-y-en-guardapolvos\/#breadcrumb","itemListElement":[{"@type":"ListItem","position":1,"name":"Portada","item":"https:\/\/www.noticiasradioreflejos.com.ar\/2021\/"},{"@type":"ListItem","position":2,"name":"La imagen de las islas Malvinas estar\u00e1 en tarjetas de d\u00e9bito y en guardapolvos"}]},{"@type":"WebSite","@id":"https:\/\/www.noticiasradioreflejos.com.ar\/2021\/#website","url":"https:\/\/www.noticiasradioreflejos.com.ar\/2021\/","name":"Noticias Radio Reflejos","description":"Las noticias de mi comarca","potentialAction":[{"@type":"SearchAction","target":{"@type":"EntryPoint","urlTemplate":"https:\/\/www.noticiasradioreflejos.com.ar\/2021\/?s={search_term_string}"},"query-input":{"@type":"PropertyValueSpecification","valueRequired":true,"valueName":"search_term_string"}}],"inLanguage":"es"},{"@type":"Person","@id":"https:\/\/www.noticiasradioreflejos.com.ar\/2021\/#\/schema\/person\/ad82545263dcc5ec0996818884fd5fb1","name":"Arnaldo Botto","image":{"@type":"ImageObject","inLanguage":"es","@id":"https:\/\/www.noticiasradioreflejos.com.ar\/2021\/#\/schema\/person\/image\/","url":"https:\/\/secure.gravatar.com\/avatar\/55cb5e37c1efa326397366e6974cb338056df65cb50e7d64d1cf314e87504837?s=96&d=mm&r=g","contentUrl":"https:\/\/secure.gravatar.com\/avatar\/55cb5e37c1efa326397366e6974cb338056df65cb50e7d64d1cf314e87504837?s=96&d=mm&r=g","caption":"Arnaldo Botto"},"url":"https:\/\/www.noticiasradioreflejos.com.ar\/2021\/author\/arnaldo\/"}]}},"_links":{"self":[{"href":"https:\/\/www.noticiasradioreflejos.com.ar\/2021\/wp-json\/wp\/v2\/posts\/69195","targetHints":{"allow":["GET"]}}],"collection":[{"href":"https:\/\/www.noticiasradioreflejos.com.ar\/2021\/wp-json\/wp\/v2\/posts"}],"about":[{"href":"https:\/\/www.noticiasradioreflejos.com.ar\/2021\/wp-json\/wp\/v2\/types\/post"}],"author":[{"embeddable":true,"href":"https:\/\/www.noticiasradioreflejos.com.ar\/2021\/wp-json\/wp\/v2\/users\/3"}],"replies":[{"embeddable":true,"href":"https:\/\/www.noticiasradioreflejos.com.ar\/2021\/wp-json\/wp\/v2\/comments?post=69195"}],"version-history":[{"count":1,"href":"https:\/\/www.noticiasradioreflejos.com.ar\/2021\/wp-json\/wp\/v2\/posts\/69195\/revisions"}],"predecessor-version":[{"id":69197,"href":"https:\/\/www.noticiasradioreflejos.com.ar\/2021\/wp-json\/wp\/v2\/posts\/69195\/revisions\/69197"}],"wp:attachment":[{"href":"https:\/\/www.noticiasradioreflejos.com.ar\/2021\/wp-json\/wp\/v2\/media?parent=69195"}],"wp:term":[{"taxonomy":"category","embeddable":true,"href":"https:\/\/www.noticiasradioreflejos.com.ar\/2021\/wp-json\/wp\/v2\/categories?post=69195"},{"taxonomy":"post_tag","embeddable":true,"href":"https:\/\/www.noticiasradioreflejos.com.ar\/2021\/wp-json\/wp\/v2\/tags?post=69195"}],"curies":[{"name":"wp","href":"https:\/\/api.w.org\/{rel}","templated":true}]}}