{"id":69104,"date":"2022-03-09T11:59:15","date_gmt":"2022-03-09T11:59:15","guid":{"rendered":"http:\/\/www.noticiasradioreflejos.com.ar\/2021\/?p=69104"},"modified":"2022-03-09T12:01:12","modified_gmt":"2022-03-09T12:01:12","slug":"el-movimiento-desde-la-calle-y-desde-el-estado-trabajando-en-conjunto-es-nuestro-horizonte","status":"publish","type":"post","link":"https:\/\/www.noticiasradioreflejos.com.ar\/2021\/el-movimiento-desde-la-calle-y-desde-el-estado-trabajando-en-conjunto-es-nuestro-horizonte\/","title":{"rendered":"\u00abEl movimiento desde la calle y desde el Estado trabajando en conjunto es nuestro horizonte\u00bb."},"content":{"rendered":"<p>En el d\u00eda de ayer, D\u00eda Internacional de la Mujer, charlamos en vivo con la\u00a0Subsecretaria de Pol\u00edticas Transversales del Ministerio de las Mujeres de la provincia de Buenos Aires.<!--more--><\/p>\n<p>\u00abNosotras trabajamos para que en cada municipio haya \u00e1reas de g\u00e9nero, as\u00ed que festejamos esta conformaci\u00f3n. Es la primera vez que hay fondo genuinos que vienen de provincia y que alcanzan a los 139 municipios\u00bb destac\u00f3 Lidia la perspectiva de g\u00e9nero del Gobernador Axel Kicillof. \u00abDarle la mayor jerarqu\u00eda ministerial a estas cuestiones, como lo son la perspectiva de g\u00e9nero y las diversidades, hace que todo tenga una contundencia m\u00e1s grande. El movimiento desde la calle y desde el Estado trabajando en conjunto es nuestro horizonte\u00bb.<\/p>\n<p>Lidia explic\u00f3 que se delinearon 5 encuentros regionales del Ministerio de las Mujeres, ya que la Ministra Estela D\u00edaz ve\u00eda importante llevar a todos los distritos lo que suced\u00eda en el gran encuentro provincial por el D\u00eda de la Mujer. \u00abSe eligieron distritos chicos, que casi nunca se tienen presentes porque todo cuenta y las mujeres estamos en todos los lugares del mundo\u00bb.<\/p>\n<p>\u00abEs muy dif\u00edcil que en dos a\u00f1os de ministerio y el ministerio en soledad pueda contra esta expresi\u00f3n m\u00e1s alta del la violencia de g\u00e9nero\u00bb hizo referencia a los femicidios. Sostiene que solo un cambio cultural har\u00e1 que los \u00edndices de violencia desciendan, no alcanza s\u00f3lo con la asistencia de las v\u00edctimas. \u00abHay que hacer trabajo sobre las violencias pero tambi\u00e9n muchas pol\u00edticas culturales sobre c\u00f3mo nos relacionamos varones, mujeres y disidencias\u00bb. Lidia menciona que a veces las mujeres y disidencias se ven acompa\u00f1adas\/es por los medios de comunicaci\u00f3n, a veces no, pero que esto cada vez se alcanza un poco m\u00e1s, \u00abes parte de la batalla cultural\u00bb.<\/p>\n<p>Lidia mencion\u00f3 el criterio de Transversalidad, que significa que las pol\u00edticas de g\u00e9nero tienen que ser tomadas por todos los espacios y ministerios. \u00abNuestro ministerio tiene que crear los espacios de di\u00e1logo e intercambio con todos los ministerios\u00bb. Agreg\u00f3 que la injerencia en sociedades civiles y empresas, por ejemplo es menor, pero que tambi\u00e9n se est\u00e1 trabajando en eso.<\/p>\n<p><a title=\"WhatsApp Image 2022-03-08 at 12.38.47 PM\" href=\"https:\/\/www.flickr.com\/photos\/182279889@N02\/51926863142\/in\/dateposted-public\/\" data-flickr-embed=\"true\"><img loading=\"lazy\" decoding=\"async\" src=\"https:\/\/live.staticflickr.com\/65535\/51926863142_96deab0fa9_c.jpg\" alt=\"WhatsApp Image 2022-03-08 at 12.38.47 PM\" width=\"800\" height=\"800\" \/><\/a><script async src=\"\/\/embedr.flickr.com\/assets\/client-code.js\" charset=\"utf-8\"><\/script><\/p>\n<p>La Subsecretaria tambi\u00e9n hizo referencia a Silvia Zabala y a sus funciones que ejerce como Directora Regional del Ministerio: \u00abHace que nuestro ministerio ponga sus pies en la tierra, escuche y sepa qu\u00e9 es lo que pasa. Por eso es necesario tener compa\u00f1eras que conozcan el territorio\u00bb.<\/p>\n<p>Nota completa a continuaci\u00f3n:<br \/>\n<iframe loading=\"lazy\" src=\"https:\/\/w.soundcloud.com\/player\/?url=https%3A\/\/api.soundcloud.com\/tracks\/1228622926&amp;color=%23ff5500&amp;auto_play=false&amp;hide_related=false&amp;show_comments=true&amp;show_user=true&amp;show_reposts=false&amp;show_teaser=true\" width=\"100%\" height=\"166\" frameborder=\"no\" scrolling=\"no\"><\/iframe><\/p>\n<div style=\"font-size: 10px; color: #cccccc; line-break: anywhere; word-break: normal; overflow: hidden; white-space: nowrap; text-overflow: ellipsis; font-family: Interstate,Lucida Grande,Lucida Sans Unicode,Lucida Sans,Garuda,Verdana,Tahoma,sans-serif; font-weight: 100;\"><a style=\"color: #cccccc; text-decoration: none;\" title=\"fmreflejos 103.7\" href=\"https:\/\/soundcloud.com\/fmreflejos-103-7\" target=\"_blank\" rel=\"noopener\">fmreflejos 103.7<\/a> \u00b7 <a style=\"color: #cccccc; text-decoration: none;\" title=\"Lidia Fernandez\" href=\"https:\/\/soundcloud.com\/fmreflejos-103-7\/lidia-fernandez\" target=\"_blank\" rel=\"noopener\">Lidia Fernandez<\/a><\/div>\n","protected":false},"excerpt":{"rendered":"<p>En el d\u00eda de ayer, D\u00eda Internacional de la Mujer, charlamos en vivo con la\u00a0Subsecretaria de Pol\u00edticas Transversales del Ministerio de las Mujeres de la provincia de Buenos Aires.<\/p>\n","protected":false},"author":3,"featured_media":0,"comment_status":"closed","ping_status":"closed","sticky":false,"template":"","format":"standard","meta":{"footnotes":""},"categories":[24,26],"tags":[48],"class_list":["post-69104","post","type-post","status-publish","format-standard","hentry","category-politica","category-sociedad","tag-destacada"],"yoast_head":"<!-- This site is optimized with the Yoast SEO plugin v25.9 - https:\/\/yoast.com\/wordpress\/plugins\/seo\/ -->\n<title>&quot;El movimiento desde la calle y desde el Estado trabajando en conjunto es nuestro horizonte&quot;. - Noticias Radio Reflejos<\/title>\n<meta name=\"robots\" content=\"index, follow, max-snippet:-1, max-image-preview:large, max-video-preview:-1\" \/>\n<link rel=\"canonical\" href=\"https:\/\/www.noticiasradioreflejos.com.ar\/2021\/el-movimiento-desde-la-calle-y-desde-el-estado-trabajando-en-conjunto-es-nuestro-horizonte\/\" \/>\n<meta property=\"og:locale\" content=\"es_ES\" \/>\n<meta property=\"og:type\" content=\"article\" \/>\n<meta property=\"og:title\" content=\"&quot;El movimiento desde la calle y desde el Estado trabajando en conjunto es nuestro horizonte&quot;. - Noticias Radio Reflejos\" \/>\n<meta property=\"og:description\" content=\"En el d\u00eda de ayer, D\u00eda Internacional de la Mujer, charlamos en vivo con la\u00a0Subsecretaria de Pol\u00edticas Transversales del Ministerio de las Mujeres de la provincia de Buenos Aires.\" \/>\n<meta property=\"og:url\" content=\"https:\/\/www.noticiasradioreflejos.com.ar\/2021\/el-movimiento-desde-la-calle-y-desde-el-estado-trabajando-en-conjunto-es-nuestro-horizonte\/\" \/>\n<meta property=\"og:site_name\" content=\"Noticias Radio Reflejos\" \/>\n<meta property=\"article:published_time\" content=\"2022-03-09T11:59:15+00:00\" \/>\n<meta property=\"article:modified_time\" content=\"2022-03-09T12:01:12+00:00\" \/>\n<meta property=\"og:image\" content=\"https:\/\/live.staticflickr.com\/65535\/51926863142_96deab0fa9_c.jpg\" \/>\n<meta name=\"author\" content=\"Arnaldo Botto\" \/>\n<meta name=\"twitter:card\" content=\"summary_large_image\" \/>\n<script type=\"application\/ld+json\" class=\"yoast-schema-graph\">{\"@context\":\"https:\/\/schema.org\",\"@graph\":[{\"@type\":\"WebPage\",\"@id\":\"https:\/\/www.noticiasradioreflejos.com.ar\/2021\/el-movimiento-desde-la-calle-y-desde-el-estado-trabajando-en-conjunto-es-nuestro-horizonte\/\",\"url\":\"https:\/\/www.noticiasradioreflejos.com.ar\/2021\/el-movimiento-desde-la-calle-y-desde-el-estado-trabajando-en-conjunto-es-nuestro-horizonte\/\",\"name\":\"\\\"El movimiento desde la calle y desde el Estado trabajando en conjunto es nuestro horizonte\\\". - Noticias Radio Reflejos\",\"isPartOf\":{\"@id\":\"https:\/\/www.noticiasradioreflejos.com.ar\/2021\/#website\"},\"primaryImageOfPage\":{\"@id\":\"https:\/\/www.noticiasradioreflejos.com.ar\/2021\/el-movimiento-desde-la-calle-y-desde-el-estado-trabajando-en-conjunto-es-nuestro-horizonte\/#primaryimage\"},\"image\":{\"@id\":\"https:\/\/www.noticiasradioreflejos.com.ar\/2021\/el-movimiento-desde-la-calle-y-desde-el-estado-trabajando-en-conjunto-es-nuestro-horizonte\/#primaryimage\"},\"thumbnailUrl\":\"https:\/\/live.staticflickr.com\/65535\/51926863142_96deab0fa9_c.jpg\",\"datePublished\":\"2022-03-09T11:59:15+00:00\",\"dateModified\":\"2022-03-09T12:01:12+00:00\",\"author\":{\"@id\":\"https:\/\/www.noticiasradioreflejos.com.ar\/2021\/#\/schema\/person\/ad82545263dcc5ec0996818884fd5fb1\"},\"breadcrumb\":{\"@id\":\"https:\/\/www.noticiasradioreflejos.com.ar\/2021\/el-movimiento-desde-la-calle-y-desde-el-estado-trabajando-en-conjunto-es-nuestro-horizonte\/#breadcrumb\"},\"inLanguage\":\"es\",\"potentialAction\":[{\"@type\":\"ReadAction\",\"target\":[\"https:\/\/www.noticiasradioreflejos.com.ar\/2021\/el-movimiento-desde-la-calle-y-desde-el-estado-trabajando-en-conjunto-es-nuestro-horizonte\/\"]}]},{\"@type\":\"ImageObject\",\"inLanguage\":\"es\",\"@id\":\"https:\/\/www.noticiasradioreflejos.com.ar\/2021\/el-movimiento-desde-la-calle-y-desde-el-estado-trabajando-en-conjunto-es-nuestro-horizonte\/#primaryimage\",\"url\":\"https:\/\/live.staticflickr.com\/65535\/51926863142_96deab0fa9_c.jpg\",\"contentUrl\":\"https:\/\/live.staticflickr.com\/65535\/51926863142_96deab0fa9_c.jpg\"},{\"@type\":\"BreadcrumbList\",\"@id\":\"https:\/\/www.noticiasradioreflejos.com.ar\/2021\/el-movimiento-desde-la-calle-y-desde-el-estado-trabajando-en-conjunto-es-nuestro-horizonte\/#breadcrumb\",\"itemListElement\":[{\"@type\":\"ListItem\",\"position\":1,\"name\":\"Portada\",\"item\":\"https:\/\/www.noticiasradioreflejos.com.ar\/2021\/\"},{\"@type\":\"ListItem\",\"position\":2,\"name\":\"\u00abEl movimiento desde la calle y desde el Estado trabajando en conjunto es nuestro horizonte\u00bb.\"}]},{\"@type\":\"WebSite\",\"@id\":\"https:\/\/www.noticiasradioreflejos.com.ar\/2021\/#website\",\"url\":\"https:\/\/www.noticiasradioreflejos.com.ar\/2021\/\",\"name\":\"Noticias Radio Reflejos\",\"description\":\"Las noticias de mi comarca\",\"potentialAction\":[{\"@type\":\"SearchAction\",\"target\":{\"@type\":\"EntryPoint\",\"urlTemplate\":\"https:\/\/www.noticiasradioreflejos.com.ar\/2021\/?s={search_term_string}\"},\"query-input\":{\"@type\":\"PropertyValueSpecification\",\"valueRequired\":true,\"valueName\":\"search_term_string\"}}],\"inLanguage\":\"es\"},{\"@type\":\"Person\",\"@id\":\"https:\/\/www.noticiasradioreflejos.com.ar\/2021\/#\/schema\/person\/ad82545263dcc5ec0996818884fd5fb1\",\"name\":\"Arnaldo Botto\",\"image\":{\"@type\":\"ImageObject\",\"inLanguage\":\"es\",\"@id\":\"https:\/\/www.noticiasradioreflejos.com.ar\/2021\/#\/schema\/person\/image\/\",\"url\":\"https:\/\/secure.gravatar.com\/avatar\/55cb5e37c1efa326397366e6974cb338056df65cb50e7d64d1cf314e87504837?s=96&d=mm&r=g\",\"contentUrl\":\"https:\/\/secure.gravatar.com\/avatar\/55cb5e37c1efa326397366e6974cb338056df65cb50e7d64d1cf314e87504837?s=96&d=mm&r=g\",\"caption\":\"Arnaldo Botto\"},\"url\":\"https:\/\/www.noticiasradioreflejos.com.ar\/2021\/author\/arnaldo\/\"}]}<\/script>\n<!-- \/ Yoast SEO plugin. -->","yoast_head_json":{"title":"\"El movimiento desde la calle y desde el Estado trabajando en conjunto es nuestro horizonte\". - Noticias Radio Reflejos","robots":{"index":"index","follow":"follow","max-snippet":"max-snippet:-1","max-image-preview":"max-image-preview:large","max-video-preview":"max-video-preview:-1"},"canonical":"https:\/\/www.noticiasradioreflejos.com.ar\/2021\/el-movimiento-desde-la-calle-y-desde-el-estado-trabajando-en-conjunto-es-nuestro-horizonte\/","og_locale":"es_ES","og_type":"article","og_title":"\"El movimiento desde la calle y desde el Estado trabajando en conjunto es nuestro horizonte\". - Noticias Radio Reflejos","og_description":"En el d\u00eda de ayer, D\u00eda Internacional de la Mujer, charlamos en vivo con la\u00a0Subsecretaria de Pol\u00edticas Transversales del Ministerio de las Mujeres de la provincia de Buenos Aires.","og_url":"https:\/\/www.noticiasradioreflejos.com.ar\/2021\/el-movimiento-desde-la-calle-y-desde-el-estado-trabajando-en-conjunto-es-nuestro-horizonte\/","og_site_name":"Noticias Radio Reflejos","article_published_time":"2022-03-09T11:59:15+00:00","article_modified_time":"2022-03-09T12:01:12+00:00","og_image":[{"url":"https:\/\/live.staticflickr.com\/65535\/51926863142_96deab0fa9_c.jpg","type":"","width":"","height":""}],"author":"Arnaldo Botto","twitter_card":"summary_large_image","schema":{"@context":"https:\/\/schema.org","@graph":[{"@type":"WebPage","@id":"https:\/\/www.noticiasradioreflejos.com.ar\/2021\/el-movimiento-desde-la-calle-y-desde-el-estado-trabajando-en-conjunto-es-nuestro-horizonte\/","url":"https:\/\/www.noticiasradioreflejos.com.ar\/2021\/el-movimiento-desde-la-calle-y-desde-el-estado-trabajando-en-conjunto-es-nuestro-horizonte\/","name":"\"El movimiento desde la calle y desde el Estado trabajando en conjunto es nuestro horizonte\". - Noticias Radio Reflejos","isPartOf":{"@id":"https:\/\/www.noticiasradioreflejos.com.ar\/2021\/#website"},"primaryImageOfPage":{"@id":"https:\/\/www.noticiasradioreflejos.com.ar\/2021\/el-movimiento-desde-la-calle-y-desde-el-estado-trabajando-en-conjunto-es-nuestro-horizonte\/#primaryimage"},"image":{"@id":"https:\/\/www.noticiasradioreflejos.com.ar\/2021\/el-movimiento-desde-la-calle-y-desde-el-estado-trabajando-en-conjunto-es-nuestro-horizonte\/#primaryimage"},"thumbnailUrl":"https:\/\/live.staticflickr.com\/65535\/51926863142_96deab0fa9_c.jpg","datePublished":"2022-03-09T11:59:15+00:00","dateModified":"2022-03-09T12:01:12+00:00","author":{"@id":"https:\/\/www.noticiasradioreflejos.com.ar\/2021\/#\/schema\/person\/ad82545263dcc5ec0996818884fd5fb1"},"breadcrumb":{"@id":"https:\/\/www.noticiasradioreflejos.com.ar\/2021\/el-movimiento-desde-la-calle-y-desde-el-estado-trabajando-en-conjunto-es-nuestro-horizonte\/#breadcrumb"},"inLanguage":"es","potentialAction":[{"@type":"ReadAction","target":["https:\/\/www.noticiasradioreflejos.com.ar\/2021\/el-movimiento-desde-la-calle-y-desde-el-estado-trabajando-en-conjunto-es-nuestro-horizonte\/"]}]},{"@type":"ImageObject","inLanguage":"es","@id":"https:\/\/www.noticiasradioreflejos.com.ar\/2021\/el-movimiento-desde-la-calle-y-desde-el-estado-trabajando-en-conjunto-es-nuestro-horizonte\/#primaryimage","url":"https:\/\/live.staticflickr.com\/65535\/51926863142_96deab0fa9_c.jpg","contentUrl":"https:\/\/live.staticflickr.com\/65535\/51926863142_96deab0fa9_c.jpg"},{"@type":"BreadcrumbList","@id":"https:\/\/www.noticiasradioreflejos.com.ar\/2021\/el-movimiento-desde-la-calle-y-desde-el-estado-trabajando-en-conjunto-es-nuestro-horizonte\/#breadcrumb","itemListElement":[{"@type":"ListItem","position":1,"name":"Portada","item":"https:\/\/www.noticiasradioreflejos.com.ar\/2021\/"},{"@type":"ListItem","position":2,"name":"\u00abEl movimiento desde la calle y desde el Estado trabajando en conjunto es nuestro horizonte\u00bb."}]},{"@type":"WebSite","@id":"https:\/\/www.noticiasradioreflejos.com.ar\/2021\/#website","url":"https:\/\/www.noticiasradioreflejos.com.ar\/2021\/","name":"Noticias Radio Reflejos","description":"Las noticias de mi comarca","potentialAction":[{"@type":"SearchAction","target":{"@type":"EntryPoint","urlTemplate":"https:\/\/www.noticiasradioreflejos.com.ar\/2021\/?s={search_term_string}"},"query-input":{"@type":"PropertyValueSpecification","valueRequired":true,"valueName":"search_term_string"}}],"inLanguage":"es"},{"@type":"Person","@id":"https:\/\/www.noticiasradioreflejos.com.ar\/2021\/#\/schema\/person\/ad82545263dcc5ec0996818884fd5fb1","name":"Arnaldo Botto","image":{"@type":"ImageObject","inLanguage":"es","@id":"https:\/\/www.noticiasradioreflejos.com.ar\/2021\/#\/schema\/person\/image\/","url":"https:\/\/secure.gravatar.com\/avatar\/55cb5e37c1efa326397366e6974cb338056df65cb50e7d64d1cf314e87504837?s=96&d=mm&r=g","contentUrl":"https:\/\/secure.gravatar.com\/avatar\/55cb5e37c1efa326397366e6974cb338056df65cb50e7d64d1cf314e87504837?s=96&d=mm&r=g","caption":"Arnaldo Botto"},"url":"https:\/\/www.noticiasradioreflejos.com.ar\/2021\/author\/arnaldo\/"}]}},"_links":{"self":[{"href":"https:\/\/www.noticiasradioreflejos.com.ar\/2021\/wp-json\/wp\/v2\/posts\/69104","targetHints":{"allow":["GET"]}}],"collection":[{"href":"https:\/\/www.noticiasradioreflejos.com.ar\/2021\/wp-json\/wp\/v2\/posts"}],"about":[{"href":"https:\/\/www.noticiasradioreflejos.com.ar\/2021\/wp-json\/wp\/v2\/types\/post"}],"author":[{"embeddable":true,"href":"https:\/\/www.noticiasradioreflejos.com.ar\/2021\/wp-json\/wp\/v2\/users\/3"}],"replies":[{"embeddable":true,"href":"https:\/\/www.noticiasradioreflejos.com.ar\/2021\/wp-json\/wp\/v2\/comments?post=69104"}],"version-history":[{"count":3,"href":"https:\/\/www.noticiasradioreflejos.com.ar\/2021\/wp-json\/wp\/v2\/posts\/69104\/revisions"}],"predecessor-version":[{"id":69112,"href":"https:\/\/www.noticiasradioreflejos.com.ar\/2021\/wp-json\/wp\/v2\/posts\/69104\/revisions\/69112"}],"wp:attachment":[{"href":"https:\/\/www.noticiasradioreflejos.com.ar\/2021\/wp-json\/wp\/v2\/media?parent=69104"}],"wp:term":[{"taxonomy":"category","embeddable":true,"href":"https:\/\/www.noticiasradioreflejos.com.ar\/2021\/wp-json\/wp\/v2\/categories?post=69104"},{"taxonomy":"post_tag","embeddable":true,"href":"https:\/\/www.noticiasradioreflejos.com.ar\/2021\/wp-json\/wp\/v2\/tags?post=69104"}],"curies":[{"name":"wp","href":"https:\/\/api.w.org\/{rel}","templated":true}]}}