{"id":69087,"date":"2022-03-09T11:52:21","date_gmt":"2022-03-09T11:52:21","guid":{"rendered":"http:\/\/www.noticiasradioreflejos.com.ar\/2021\/?p=69087"},"modified":"2022-03-09T11:54:10","modified_gmt":"2022-03-09T11:54:10","slug":"sierra-de-la-ventana-tiene-oficina-de-violencias-por-razones-de-genero-es-un-vacio-que-se-viene-a-cubrir-en-terminos-de-derechos","status":"publish","type":"post","link":"https:\/\/www.noticiasradioreflejos.com.ar\/2021\/sierra-de-la-ventana-tiene-oficina-de-violencias-por-razones-de-genero-es-un-vacio-que-se-viene-a-cubrir-en-terminos-de-derechos\/","title":{"rendered":"Oficina de Violencias por Razones de G\u00e9nero en Sierra de la Ventana: \u00abEs un vac\u00edo que se viene a cubrir en t\u00e9rminos de derechos\u00bb"},"content":{"rendered":"<p>El d\u00eda de ayer, 8 de marzo, siendo el D\u00eda Internacional de la Mujer Trabajadora, se inaugur\u00f3 la sede de Sierra de la Ventana de la Oficina de Violencias por Razones de G\u00e9nero de la municipalidad de Tornquist, perteneciente a la Subsecretar\u00eda de Juventudes, Pol\u00edticas de G\u00e9nero y Diversidades. Nuestro medio cubri\u00f3 el acontecimiento con las autoridades presentes y el corte de cinta.<!--more--><\/p>\n<p><strong>Daniela Aguilar<\/strong>, Subsecretaria de Juventudes, G\u00e9nero y Diversidades del municipio, informa que la oficina estar\u00e1 funcionando de 14 a 18hs de Lunes a Viernes, y que el espacio f\u00edsico donde el equipo estar\u00e1 empleando sus tareas ser\u00e1 en la actual oficina de Desarrollo de Sierra de la Ventana. Daniela aclara que el acompa\u00f1amiento de las personas en situaci\u00f3n de violencia de g\u00e9nero lo realiza el equipo de g\u00e9nero a trav\u00e9s de la atenci\u00f3n de las v\u00edctimas en la oficina o a trav\u00e9s del tel\u00e9fono de guardia (2915719315), mientras que las situaciones de urgencia ser\u00edan atendidas por la polic\u00eda local.<\/p>\n<p>&nbsp;<\/p>\n<p><img loading=\"lazy\" decoding=\"async\" class=\"aligncenter size-full wp-image-69079\" src=\"http:\/\/www.noticiasradioreflejos.com.ar\/2021\/wp-content\/uploads\/2022\/03\/Of-de-genero-Sierra-3.jpeg\" alt=\"\" width=\"1600\" height=\"1200\" \/><\/p>\n<p>&nbsp;<\/p>\n<p>Tambi\u00e9n estuvimos con <strong>Silvia Zabala<\/strong>. \u00abMe pone muy contenta como Directora de nuestra regi\u00f3n del Ministerio, porque, como dice Daniela, esto es parte de pol\u00edticas p\u00fablicas de nuestro Ministerio\u00bb. Tambi\u00e9n explic\u00f3 que el \u00abComunidades sin Violencias\u00bb es un programa del Ministerio de las Mujeres, Pol\u00edticas de G\u00e9nero y Diversidad Sexual de la Provincia de Buenos Aires que permite crear las oficinas de Violencias por Razones de G\u00e9nero, solventando los sueldos de las profesionales a cargo de los equipos interdisciplinarios y brindando un Fondo de Emergencia para personas en situaci\u00f3n de violencia.<\/p>\n<p>Daniela present\u00f3 a las mujeres a cargo de la oficina inaugurada el d\u00eda de hoy, siendo estas <strong>Azul Fern\u00e1ndez Roma<\/strong> (Trabajadora Social) y <strong>Luciana Mainero<\/strong> (Administrativa). Coment\u00f3 que los abordajes de las situaciones se realizan en equipo en conjunto con la sede de Tornquist. \u00abEsta oficina comenz\u00f3 a funcionar en diciembre pero nos parec\u00eda correcto inaugurarla hoy, que es el D\u00eda Internacional de la Mujer\u00bb mencion\u00f3 Daniela.<\/p>\n<p><strong>Gonzalo Iparraguirre<\/strong>, Secretario de Desarrollo del municipio de Tornquist, tambi\u00e9n dijo unas palabras. \u00abEs un vac\u00edo que se viene a cubrir en t\u00e9rminos de derechos. En esta misma oficina, trabajamos con todas las \u00e1reas de Desarrollo Social y ahora con G\u00e9nero, que complementa en todos los rangos a este tema. As\u00ed que, de nuevo, felicitar a Daniela y a todo el equipo\u00bb.<\/p>\n<p>Luego de las palabras de las autoridades, se realiza el corte de cinta, dando la inauguraci\u00f3n de la Oficina de Violencias por Razones de G\u00e9nero, sede Sierra de la Ventana.<\/p>\n<p>Silvia Zabala aprovech\u00f3 para transmitir el siguiente mensaje. \u00abFeliz d\u00eda a todas las mujeres trabajadoras, y gracias a todas aquellas que hoy est\u00e1n trabajando para que este 8 de marzo podamos salir a las calles y seguir reclamando la igualdad para todas las mujeres y tambi\u00e9n para la diversidad\u00bb.<\/p>\n<p>\u00abM\u00e1s all\u00e1 de que uno no quisiera militar este tipo de oficinas, la problem\u00e1tica existe y hay que abordarla. Son decisiones pol\u00edticas que se han tomado y felices de que pueda acercarse a localidades como Tornquist y Sierra, y ojal\u00e1 podamos llevarla a Saldungaray. Feliz de que se haya podido lograr\u00bb expres\u00f3 el Intendente, Sergio Bordoni. \u00abHay que seguir trabajando\u00bb agreg\u00f3.<\/p>\n<p>Tambi\u00e9n estuvimos hablando con <strong>Azul Fernandez<\/strong>, Trabajadora Social de la oficina. \u00abSoy TS desde el a\u00f1o pasado que me recib\u00ed y como primera experiencia me llamaron para trabajar en la oficina. Muy orgullosa de formar parte de este equipo. Si bien no esta bueno que siga habiendo tanta violencia, es muy importante visibilizarla y trabajar para alg\u00fan d\u00eda llegar a eliminarla. Tambi\u00e9n muy contenta de trabajar en conjunto con vecinas, con organizaciones del pueblo\u00bb.<\/p>\n<p>Nota completa a continuaci\u00f3n:<br \/>\n<iframe loading=\"lazy\" src=\"https:\/\/w.soundcloud.com\/player\/?url=https%3A\/\/api.soundcloud.com\/tracks\/1228594624&amp;color=%23ff5500&amp;auto_play=false&amp;hide_related=false&amp;show_comments=true&amp;show_user=true&amp;show_reposts=false&amp;show_teaser=true\" width=\"100%\" height=\"166\" frameborder=\"no\" scrolling=\"no\"><\/iframe><\/p>\n<div style=\"font-size: 10px; color: #cccccc; line-break: anywhere; word-break: normal; overflow: hidden; white-space: nowrap; text-overflow: ellipsis; font-family: Interstate,Lucida Grande,Lucida Sans Unicode,Lucida Sans,Garuda,Verdana,Tahoma,sans-serif; font-weight: 100;\"><a style=\"color: #cccccc; text-decoration: none;\" title=\"fmreflejos 103.7\" href=\"https:\/\/soundcloud.com\/fmreflejos-103-7\" target=\"_blank\" rel=\"noopener\">fmreflejos 103.7<\/a> \u00b7 <a style=\"color: #cccccc; text-decoration: none;\" title=\"Aper Oficina De Genero\" href=\"https:\/\/soundcloud.com\/fmreflejos-103-7\/aper-oficina-de-genero\" target=\"_blank\" rel=\"noopener\">Aper Oficina De Genero<\/a><\/div>\n","protected":false},"excerpt":{"rendered":"<p>El d\u00eda de ayer, 8 de marzo, siendo el D\u00eda Internacional de la Mujer Trabajadora, se inaugur\u00f3 la sede de Sierra de la Ventana de la Oficina de Violencias por Razones de G\u00e9nero de la municipalidad de Tornquist, perteneciente a la Subsecretar\u00eda de Juventudes, Pol\u00edticas de G\u00e9nero y Diversidades. Nuestro medio cubri\u00f3 el acontecimiento con [&hellip;]<\/p>\n","protected":false},"author":3,"featured_media":0,"comment_status":"closed","ping_status":"closed","sticky":false,"template":"","format":"standard","meta":{"footnotes":""},"categories":[28,24,26],"tags":[48],"class_list":["post-69087","post","type-post","status-publish","format-standard","hentry","category-municipales","category-politica","category-sociedad","tag-destacada"],"yoast_head":"<!-- This site is optimized with the Yoast SEO plugin v25.9 - https:\/\/yoast.com\/wordpress\/plugins\/seo\/ -->\n<title>Oficina de Violencias por Razones de G\u00e9nero en Sierra de la Ventana: &quot;Es un vac\u00edo que se viene a cubrir en t\u00e9rminos de derechos&quot; - Noticias Radio Reflejos<\/title>\n<meta name=\"robots\" content=\"index, follow, max-snippet:-1, max-image-preview:large, max-video-preview:-1\" \/>\n<link rel=\"canonical\" href=\"https:\/\/www.noticiasradioreflejos.com.ar\/2021\/sierra-de-la-ventana-tiene-oficina-de-violencias-por-razones-de-genero-es-un-vacio-que-se-viene-a-cubrir-en-terminos-de-derechos\/\" \/>\n<meta property=\"og:locale\" content=\"es_ES\" \/>\n<meta property=\"og:type\" content=\"article\" \/>\n<meta property=\"og:title\" content=\"Oficina de Violencias por Razones de G\u00e9nero en Sierra de la Ventana: &quot;Es un vac\u00edo que se viene a cubrir en t\u00e9rminos de derechos&quot; - Noticias Radio Reflejos\" \/>\n<meta property=\"og:description\" content=\"El d\u00eda de ayer, 8 de marzo, siendo el D\u00eda Internacional de la Mujer Trabajadora, se inaugur\u00f3 la sede de Sierra de la Ventana de la Oficina de Violencias por Razones de G\u00e9nero de la municipalidad de Tornquist, perteneciente a la Subsecretar\u00eda de Juventudes, Pol\u00edticas de G\u00e9nero y Diversidades. Nuestro medio cubri\u00f3 el acontecimiento con [&hellip;]\" \/>\n<meta property=\"og:url\" content=\"https:\/\/www.noticiasradioreflejos.com.ar\/2021\/sierra-de-la-ventana-tiene-oficina-de-violencias-por-razones-de-genero-es-un-vacio-que-se-viene-a-cubrir-en-terminos-de-derechos\/\" \/>\n<meta property=\"og:site_name\" content=\"Noticias Radio Reflejos\" \/>\n<meta property=\"article:published_time\" content=\"2022-03-09T11:52:21+00:00\" \/>\n<meta property=\"article:modified_time\" content=\"2022-03-09T11:54:10+00:00\" \/>\n<meta property=\"og:image\" content=\"http:\/\/www.noticiasradioreflejos.com.ar\/2021\/wp-content\/uploads\/2022\/03\/Of-de-genero-Sierra-3.jpeg\" \/>\n<meta name=\"author\" content=\"Arnaldo Botto\" \/>\n<meta name=\"twitter:card\" content=\"summary_large_image\" \/>\n<script type=\"application\/ld+json\" class=\"yoast-schema-graph\">{\"@context\":\"https:\/\/schema.org\",\"@graph\":[{\"@type\":\"WebPage\",\"@id\":\"https:\/\/www.noticiasradioreflejos.com.ar\/2021\/sierra-de-la-ventana-tiene-oficina-de-violencias-por-razones-de-genero-es-un-vacio-que-se-viene-a-cubrir-en-terminos-de-derechos\/\",\"url\":\"https:\/\/www.noticiasradioreflejos.com.ar\/2021\/sierra-de-la-ventana-tiene-oficina-de-violencias-por-razones-de-genero-es-un-vacio-que-se-viene-a-cubrir-en-terminos-de-derechos\/\",\"name\":\"Oficina de Violencias por Razones de G\u00e9nero en Sierra de la Ventana: \\\"Es un vac\u00edo que se viene a cubrir en t\u00e9rminos de derechos\\\" - Noticias Radio Reflejos\",\"isPartOf\":{\"@id\":\"https:\/\/www.noticiasradioreflejos.com.ar\/2021\/#website\"},\"primaryImageOfPage\":{\"@id\":\"https:\/\/www.noticiasradioreflejos.com.ar\/2021\/sierra-de-la-ventana-tiene-oficina-de-violencias-por-razones-de-genero-es-un-vacio-que-se-viene-a-cubrir-en-terminos-de-derechos\/#primaryimage\"},\"image\":{\"@id\":\"https:\/\/www.noticiasradioreflejos.com.ar\/2021\/sierra-de-la-ventana-tiene-oficina-de-violencias-por-razones-de-genero-es-un-vacio-que-se-viene-a-cubrir-en-terminos-de-derechos\/#primaryimage\"},\"thumbnailUrl\":\"http:\/\/www.noticiasradioreflejos.com.ar\/2021\/wp-content\/uploads\/2022\/03\/Of-de-genero-Sierra-3.jpeg\",\"datePublished\":\"2022-03-09T11:52:21+00:00\",\"dateModified\":\"2022-03-09T11:54:10+00:00\",\"author\":{\"@id\":\"https:\/\/www.noticiasradioreflejos.com.ar\/2021\/#\/schema\/person\/ad82545263dcc5ec0996818884fd5fb1\"},\"breadcrumb\":{\"@id\":\"https:\/\/www.noticiasradioreflejos.com.ar\/2021\/sierra-de-la-ventana-tiene-oficina-de-violencias-por-razones-de-genero-es-un-vacio-que-se-viene-a-cubrir-en-terminos-de-derechos\/#breadcrumb\"},\"inLanguage\":\"es\",\"potentialAction\":[{\"@type\":\"ReadAction\",\"target\":[\"https:\/\/www.noticiasradioreflejos.com.ar\/2021\/sierra-de-la-ventana-tiene-oficina-de-violencias-por-razones-de-genero-es-un-vacio-que-se-viene-a-cubrir-en-terminos-de-derechos\/\"]}]},{\"@type\":\"ImageObject\",\"inLanguage\":\"es\",\"@id\":\"https:\/\/www.noticiasradioreflejos.com.ar\/2021\/sierra-de-la-ventana-tiene-oficina-de-violencias-por-razones-de-genero-es-un-vacio-que-se-viene-a-cubrir-en-terminos-de-derechos\/#primaryimage\",\"url\":\"\",\"contentUrl\":\"\"},{\"@type\":\"BreadcrumbList\",\"@id\":\"https:\/\/www.noticiasradioreflejos.com.ar\/2021\/sierra-de-la-ventana-tiene-oficina-de-violencias-por-razones-de-genero-es-un-vacio-que-se-viene-a-cubrir-en-terminos-de-derechos\/#breadcrumb\",\"itemListElement\":[{\"@type\":\"ListItem\",\"position\":1,\"name\":\"Portada\",\"item\":\"https:\/\/www.noticiasradioreflejos.com.ar\/2021\/\"},{\"@type\":\"ListItem\",\"position\":2,\"name\":\"Oficina de Violencias por Razones de G\u00e9nero en Sierra de la Ventana: \u00abEs un vac\u00edo que se viene a cubrir en t\u00e9rminos de derechos\u00bb\"}]},{\"@type\":\"WebSite\",\"@id\":\"https:\/\/www.noticiasradioreflejos.com.ar\/2021\/#website\",\"url\":\"https:\/\/www.noticiasradioreflejos.com.ar\/2021\/\",\"name\":\"Noticias Radio Reflejos\",\"description\":\"Las noticias de mi comarca\",\"potentialAction\":[{\"@type\":\"SearchAction\",\"target\":{\"@type\":\"EntryPoint\",\"urlTemplate\":\"https:\/\/www.noticiasradioreflejos.com.ar\/2021\/?s={search_term_string}\"},\"query-input\":{\"@type\":\"PropertyValueSpecification\",\"valueRequired\":true,\"valueName\":\"search_term_string\"}}],\"inLanguage\":\"es\"},{\"@type\":\"Person\",\"@id\":\"https:\/\/www.noticiasradioreflejos.com.ar\/2021\/#\/schema\/person\/ad82545263dcc5ec0996818884fd5fb1\",\"name\":\"Arnaldo Botto\",\"image\":{\"@type\":\"ImageObject\",\"inLanguage\":\"es\",\"@id\":\"https:\/\/www.noticiasradioreflejos.com.ar\/2021\/#\/schema\/person\/image\/\",\"url\":\"https:\/\/secure.gravatar.com\/avatar\/55cb5e37c1efa326397366e6974cb338056df65cb50e7d64d1cf314e87504837?s=96&d=mm&r=g\",\"contentUrl\":\"https:\/\/secure.gravatar.com\/avatar\/55cb5e37c1efa326397366e6974cb338056df65cb50e7d64d1cf314e87504837?s=96&d=mm&r=g\",\"caption\":\"Arnaldo Botto\"},\"url\":\"https:\/\/www.noticiasradioreflejos.com.ar\/2021\/author\/arnaldo\/\"}]}<\/script>\n<!-- \/ Yoast SEO plugin. -->","yoast_head_json":{"title":"Oficina de Violencias por Razones de G\u00e9nero en Sierra de la Ventana: \"Es un vac\u00edo que se viene a cubrir en t\u00e9rminos de derechos\" - Noticias Radio Reflejos","robots":{"index":"index","follow":"follow","max-snippet":"max-snippet:-1","max-image-preview":"max-image-preview:large","max-video-preview":"max-video-preview:-1"},"canonical":"https:\/\/www.noticiasradioreflejos.com.ar\/2021\/sierra-de-la-ventana-tiene-oficina-de-violencias-por-razones-de-genero-es-un-vacio-que-se-viene-a-cubrir-en-terminos-de-derechos\/","og_locale":"es_ES","og_type":"article","og_title":"Oficina de Violencias por Razones de G\u00e9nero en Sierra de la Ventana: \"Es un vac\u00edo que se viene a cubrir en t\u00e9rminos de derechos\" - Noticias Radio Reflejos","og_description":"El d\u00eda de ayer, 8 de marzo, siendo el D\u00eda Internacional de la Mujer Trabajadora, se inaugur\u00f3 la sede de Sierra de la Ventana de la Oficina de Violencias por Razones de G\u00e9nero de la municipalidad de Tornquist, perteneciente a la Subsecretar\u00eda de Juventudes, Pol\u00edticas de G\u00e9nero y Diversidades. Nuestro medio cubri\u00f3 el acontecimiento con [&hellip;]","og_url":"https:\/\/www.noticiasradioreflejos.com.ar\/2021\/sierra-de-la-ventana-tiene-oficina-de-violencias-por-razones-de-genero-es-un-vacio-que-se-viene-a-cubrir-en-terminos-de-derechos\/","og_site_name":"Noticias Radio Reflejos","article_published_time":"2022-03-09T11:52:21+00:00","article_modified_time":"2022-03-09T11:54:10+00:00","og_image":[{"url":"http:\/\/www.noticiasradioreflejos.com.ar\/2021\/wp-content\/uploads\/2022\/03\/Of-de-genero-Sierra-3.jpeg","type":"","width":"","height":""}],"author":"Arnaldo Botto","twitter_card":"summary_large_image","schema":{"@context":"https:\/\/schema.org","@graph":[{"@type":"WebPage","@id":"https:\/\/www.noticiasradioreflejos.com.ar\/2021\/sierra-de-la-ventana-tiene-oficina-de-violencias-por-razones-de-genero-es-un-vacio-que-se-viene-a-cubrir-en-terminos-de-derechos\/","url":"https:\/\/www.noticiasradioreflejos.com.ar\/2021\/sierra-de-la-ventana-tiene-oficina-de-violencias-por-razones-de-genero-es-un-vacio-que-se-viene-a-cubrir-en-terminos-de-derechos\/","name":"Oficina de Violencias por Razones de G\u00e9nero en Sierra de la Ventana: \"Es un vac\u00edo que se viene a cubrir en t\u00e9rminos de derechos\" - Noticias Radio Reflejos","isPartOf":{"@id":"https:\/\/www.noticiasradioreflejos.com.ar\/2021\/#website"},"primaryImageOfPage":{"@id":"https:\/\/www.noticiasradioreflejos.com.ar\/2021\/sierra-de-la-ventana-tiene-oficina-de-violencias-por-razones-de-genero-es-un-vacio-que-se-viene-a-cubrir-en-terminos-de-derechos\/#primaryimage"},"image":{"@id":"https:\/\/www.noticiasradioreflejos.com.ar\/2021\/sierra-de-la-ventana-tiene-oficina-de-violencias-por-razones-de-genero-es-un-vacio-que-se-viene-a-cubrir-en-terminos-de-derechos\/#primaryimage"},"thumbnailUrl":"http:\/\/www.noticiasradioreflejos.com.ar\/2021\/wp-content\/uploads\/2022\/03\/Of-de-genero-Sierra-3.jpeg","datePublished":"2022-03-09T11:52:21+00:00","dateModified":"2022-03-09T11:54:10+00:00","author":{"@id":"https:\/\/www.noticiasradioreflejos.com.ar\/2021\/#\/schema\/person\/ad82545263dcc5ec0996818884fd5fb1"},"breadcrumb":{"@id":"https:\/\/www.noticiasradioreflejos.com.ar\/2021\/sierra-de-la-ventana-tiene-oficina-de-violencias-por-razones-de-genero-es-un-vacio-que-se-viene-a-cubrir-en-terminos-de-derechos\/#breadcrumb"},"inLanguage":"es","potentialAction":[{"@type":"ReadAction","target":["https:\/\/www.noticiasradioreflejos.com.ar\/2021\/sierra-de-la-ventana-tiene-oficina-de-violencias-por-razones-de-genero-es-un-vacio-que-se-viene-a-cubrir-en-terminos-de-derechos\/"]}]},{"@type":"ImageObject","inLanguage":"es","@id":"https:\/\/www.noticiasradioreflejos.com.ar\/2021\/sierra-de-la-ventana-tiene-oficina-de-violencias-por-razones-de-genero-es-un-vacio-que-se-viene-a-cubrir-en-terminos-de-derechos\/#primaryimage","url":"","contentUrl":""},{"@type":"BreadcrumbList","@id":"https:\/\/www.noticiasradioreflejos.com.ar\/2021\/sierra-de-la-ventana-tiene-oficina-de-violencias-por-razones-de-genero-es-un-vacio-que-se-viene-a-cubrir-en-terminos-de-derechos\/#breadcrumb","itemListElement":[{"@type":"ListItem","position":1,"name":"Portada","item":"https:\/\/www.noticiasradioreflejos.com.ar\/2021\/"},{"@type":"ListItem","position":2,"name":"Oficina de Violencias por Razones de G\u00e9nero en Sierra de la Ventana: \u00abEs un vac\u00edo que se viene a cubrir en t\u00e9rminos de derechos\u00bb"}]},{"@type":"WebSite","@id":"https:\/\/www.noticiasradioreflejos.com.ar\/2021\/#website","url":"https:\/\/www.noticiasradioreflejos.com.ar\/2021\/","name":"Noticias Radio Reflejos","description":"Las noticias de mi comarca","potentialAction":[{"@type":"SearchAction","target":{"@type":"EntryPoint","urlTemplate":"https:\/\/www.noticiasradioreflejos.com.ar\/2021\/?s={search_term_string}"},"query-input":{"@type":"PropertyValueSpecification","valueRequired":true,"valueName":"search_term_string"}}],"inLanguage":"es"},{"@type":"Person","@id":"https:\/\/www.noticiasradioreflejos.com.ar\/2021\/#\/schema\/person\/ad82545263dcc5ec0996818884fd5fb1","name":"Arnaldo Botto","image":{"@type":"ImageObject","inLanguage":"es","@id":"https:\/\/www.noticiasradioreflejos.com.ar\/2021\/#\/schema\/person\/image\/","url":"https:\/\/secure.gravatar.com\/avatar\/55cb5e37c1efa326397366e6974cb338056df65cb50e7d64d1cf314e87504837?s=96&d=mm&r=g","contentUrl":"https:\/\/secure.gravatar.com\/avatar\/55cb5e37c1efa326397366e6974cb338056df65cb50e7d64d1cf314e87504837?s=96&d=mm&r=g","caption":"Arnaldo Botto"},"url":"https:\/\/www.noticiasradioreflejos.com.ar\/2021\/author\/arnaldo\/"}]}},"_links":{"self":[{"href":"https:\/\/www.noticiasradioreflejos.com.ar\/2021\/wp-json\/wp\/v2\/posts\/69087","targetHints":{"allow":["GET"]}}],"collection":[{"href":"https:\/\/www.noticiasradioreflejos.com.ar\/2021\/wp-json\/wp\/v2\/posts"}],"about":[{"href":"https:\/\/www.noticiasradioreflejos.com.ar\/2021\/wp-json\/wp\/v2\/types\/post"}],"author":[{"embeddable":true,"href":"https:\/\/www.noticiasradioreflejos.com.ar\/2021\/wp-json\/wp\/v2\/users\/3"}],"replies":[{"embeddable":true,"href":"https:\/\/www.noticiasradioreflejos.com.ar\/2021\/wp-json\/wp\/v2\/comments?post=69087"}],"version-history":[{"count":6,"href":"https:\/\/www.noticiasradioreflejos.com.ar\/2021\/wp-json\/wp\/v2\/posts\/69087\/revisions"}],"predecessor-version":[{"id":69109,"href":"https:\/\/www.noticiasradioreflejos.com.ar\/2021\/wp-json\/wp\/v2\/posts\/69087\/revisions\/69109"}],"wp:attachment":[{"href":"https:\/\/www.noticiasradioreflejos.com.ar\/2021\/wp-json\/wp\/v2\/media?parent=69087"}],"wp:term":[{"taxonomy":"category","embeddable":true,"href":"https:\/\/www.noticiasradioreflejos.com.ar\/2021\/wp-json\/wp\/v2\/categories?post=69087"},{"taxonomy":"post_tag","embeddable":true,"href":"https:\/\/www.noticiasradioreflejos.com.ar\/2021\/wp-json\/wp\/v2\/tags?post=69087"}],"curies":[{"name":"wp","href":"https:\/\/api.w.org\/{rel}","templated":true}]}}