{"id":69052,"date":"2022-03-08T11:03:33","date_gmt":"2022-03-08T11:03:33","guid":{"rendered":"http:\/\/www.noticiasradioreflejos.com.ar\/2021\/?p=69052"},"modified":"2022-03-08T19:25:54","modified_gmt":"2022-03-08T19:25:54","slug":"descarrilo-un-tren-de-pasajeros-hay-heridos","status":"publish","type":"post","link":"https:\/\/www.noticiasradioreflejos.com.ar\/2021\/descarrilo-un-tren-de-pasajeros-hay-heridos\/","title":{"rendered":"Descarril\u00f3 un tren de pasajeros, hay heridos."},"content":{"rendered":"<p>Este martes, alrededor de las 6 de la ma\u00f1ana, descarril\u00f3 un tren de pasajeros que viajaba desde Buenos Aires a Bah\u00eda Blanca. El siniestro se produjo en la Media Estaci\u00f3n Pourtal\u00e9 a unos 13 kil\u00f3metros despu\u00e9s de que el tren par\u00f3 en Olavarr\u00eda para continuar su recorrido.<!--more--><\/p>\n<div class=\"entry-content clearfix single-post-content\">\n<div class=\"wp-block-image\">\n<figure class=\"aligncenter size-large\"><img loading=\"lazy\" decoding=\"async\" class=\"wp-image-344793 jetpack-lazy-image jetpack-lazy-image--handled\" src=\"https:\/\/i0.wp.com\/enlineanoticias.com.ar\/wp-content\/uploads\/2022\/03\/WhatsApp-Image-2022-03-08-at-7.13.09-AM.jpeg?resize=1024%2C683&amp;ssl=1\" sizes=\"auto, (max-width: 1024px) 100vw, 1024px\" srcset=\"https:\/\/i0.wp.com\/enlineanoticias.com.ar\/wp-content\/uploads\/2022\/03\/WhatsApp-Image-2022-03-08-at-7.13.09-AM.jpeg?resize=1024%2C683&amp;ssl=1 1024w, https:\/\/i0.wp.com\/enlineanoticias.com.ar\/wp-content\/uploads\/2022\/03\/WhatsApp-Image-2022-03-08-at-7.13.09-AM.jpeg?resize=300%2C200&amp;ssl=1 300w, https:\/\/i0.wp.com\/enlineanoticias.com.ar\/wp-content\/uploads\/2022\/03\/WhatsApp-Image-2022-03-08-at-7.13.09-AM.jpeg?resize=768%2C512&amp;ssl=1 768w, https:\/\/i0.wp.com\/enlineanoticias.com.ar\/wp-content\/uploads\/2022\/03\/WhatsApp-Image-2022-03-08-at-7.13.09-AM.jpeg?resize=1536%2C1024&amp;ssl=1 1536w, https:\/\/i0.wp.com\/enlineanoticias.com.ar\/wp-content\/uploads\/2022\/03\/WhatsApp-Image-2022-03-08-at-7.13.09-AM.jpeg?w=1599&amp;ssl=1 1599w\" alt=\"\" width=\"1024\" height=\"683\" data-recalc-dims=\"1\" data-lazy-loaded=\"1\" \/><\/figure>\n<\/div>\n<p>En la formaci\u00f3n ferroviaria viajaban\u00a0 470 personas.<\/p>\n<p><iframe loading=\"lazy\" title=\"YouTube video player\" src=\"https:\/\/www.youtube.com\/embed\/N8jZzyX2yfs\" width=\"525\" height=\"295\" frameborder=\"0\" allowfullscreen=\"allowfullscreen\"><\/iframe><\/p>\n<p>&nbsp;<\/p>\n<div class=\"ncmldfvrw ncmldfvrw-post-inline ncmldfvrw-float-center ncmldfvrw-align-center ncmldfvrw-column-1 ncmldfvrw-clearfix no-bg-box-model\">\n<div id=\"banner-largo\" class=\"ncmldfvrw-container ncmldfvrw-type-image \" data-adid=\"101\" data-type=\"image\"><\/div>\n<\/div>\n<div class=\"wp-block-image\">\n<figure class=\"aligncenter size-large\"><img loading=\"lazy\" decoding=\"async\" class=\"wp-image-344794 b-loaded\" src=\"https:\/\/enlineanoticias.com.ar\/wp-content\/uploads\/2022\/03\/Trendescarrilo-1-1024x683.jpeg\" sizes=\"auto, (max-width: 1024px) 100vw, 1024px\" srcset=\"https:\/\/i0.wp.com\/enlineanoticias.com.ar\/wp-content\/uploads\/2022\/03\/Trendescarrilo-1.jpeg?resize=1024%2C683&amp;ssl=1 1024w, https:\/\/i0.wp.com\/enlineanoticias.com.ar\/wp-content\/uploads\/2022\/03\/Trendescarrilo-1.jpeg?resize=300%2C200&amp;ssl=1 300w, https:\/\/i0.wp.com\/enlineanoticias.com.ar\/wp-content\/uploads\/2022\/03\/Trendescarrilo-1.jpeg?resize=768%2C512&amp;ssl=1 768w, https:\/\/i0.wp.com\/enlineanoticias.com.ar\/wp-content\/uploads\/2022\/03\/Trendescarrilo-1.jpeg?resize=1536%2C1024&amp;ssl=1 1536w, https:\/\/i0.wp.com\/enlineanoticias.com.ar\/wp-content\/uploads\/2022\/03\/Trendescarrilo-1.jpeg?w=1599&amp;ssl=1 1599w\" alt=\"\" width=\"1024\" height=\"683\" \/><\/figure>\n<\/div>\n<p>Algunos testimonios indican que la formaci\u00f3n ferroviaria lleg\u00f3 a nuestra ciudad con una importante demora.<\/p>\n<p>En el lugar se encuentran trabajando Bomberos del Cuartel Central de Olavarr\u00eda, ambulancias del SAME y personal policial.<\/p>\n<div class=\"section-2-col article-header\">\n<div class=\"col 2-col\">\n<p>El descarrilamiento de la formaci\u00f3n de Trenes Argentinos se produjo a 10 kil\u00f3metros de la ciudad bonaerense. Bomberos que asistieron a quienes iban a bordo dijeron que unas 20 personas tuvieron heridas leves.<\/p>\n<div class=\"author\">\n<div class=\"author-inner\"><\/div>\n<\/div>\n<\/div>\n<\/div>\n<div class=\"section-2-col article-main-image\">\n<div class=\"col 2-col\">\n<div class=\"article-main-media-image__container\">\n<div class=\"image-wrapper\">\n<figure>\n<figure class=\"object-fit-block--contain intrinsic-container intrinsic-container-3x2\"><img decoding=\"async\" class=\" \" src=\"https:\/\/images.pagina12.com.ar\/styles\/focal_3_2_960x640\/public\/2022-03\/390386-whatsapp-20image-202022-03-08-20at-209-39-24-20am.jpeg?itok=N4ljTG5n\" alt=\"Un tren que iba de Buenos Aires a Bah\u00eda Blanca descarril\u00f3 a 10 kil\u00f3metros de Olavarr\u00eda.\" \/><\/figure><figcaption>Un tren que iba de Buenos Aires a Bah\u00eda Blanca descarril\u00f3 a 10 kil\u00f3metros de Olavarr\u00eda.<\/figcaption><\/figure>\n<\/div>\n<\/div>\n<\/div>\n<\/div>\n<div class=\"section-2-col article-main-content\">\n<div class=\"col 1-col\"><\/div>\n<div class=\"col 2-col\">\n<div class=\"article-main-content article-text \">\n<p>La empresa estatal\u00a0<b>Trenes Argentinos<\/b>\u00a0<b>inform\u00f3 que el tren 333<\/b>, que une la estaci\u00f3n de Plaza Constituci\u00f3n con la ciudad de Bah\u00eda Blanca,\u00a0<b>descarril\u00f3 10 kil\u00f3metros al sur de la localidad bonaerense de Olavarr\u00eda<\/b>.<\/p>\n<p>En un primer momento, un comunicado oficial report\u00f3 que s\u00f3lo una persona hab\u00eda resultado herida\u00a0<b>una contusi\u00f3n por un golpe en la cabeza<\/b>. M\u00e1s tarde se precis\u00f3 que el hecho dej\u00f3 al menos veinte heridos, ninguno de gravedad.<\/p>\n<div id=\"talkFireEvent\"><\/div>\n<p>El secretario de Salud de Olavarr\u00eda, Germ\u00e1n Caputo, indic\u00f3 que en el hospital de esa ciudad fueron atendidas 21 personas, de la cuales cinco eran menores de edad.<\/p>\n<p>\u00abUn total de 21 pacientes fueron atendidos, cinco pedi\u00e1tricos y queda unos solo internado. Pero todos est\u00e1n fuera de peligro y nadie tuvo que ser trasladado a otro hospital\u00bb, coment\u00f3 Caputo en di\u00e1logo con TN. .<\/p>\n<p>&nbsp;<\/p>\n<p>Adem\u00e1s, el secretario de Salud detall\u00f3 que tres personas resultaron fracturadas y uno solo qued\u00f3 internado con traumatismo enc\u00e9falo craneal.<\/p>\n<h2>C\u00f3mo fue el descarrilamiento<\/h2>\n<p>El hecho se produjo\u00a0<b>a las 5.20 por causas que a\u00fan se desconocen<\/b>\u00a0en el tendido de v\u00edas que opera la empresa de cargas FerroExpreso Pampeano.<\/p>\n<p>La formaci\u00f3n era de doce vagones. Seg\u00fan se inform\u00f3, el accidente se produjo tras desprenderse cinco de ellos y la locomotora.<\/p>\n<div align=\"center\">\n<article class=\"embedded-entity\">\n<article class=\"media media--type-image media--view-mode-single-media-image-460\">\n<div class=\"field field--name-field-media-image field--type-image field--label-hidden field__item\"><img loading=\"lazy\" decoding=\"async\" class=\"image-style-width960\" src=\"https:\/\/images.pagina12.com.ar\/styles\/width960\/public\/2022-03\/390386-whatsapp-20image-202022-03-08-20at-209-40-58-20am.jpeg?itok=SV6jHk0p\" width=\"879\" height=\"586\" \/><\/div>\n<\/article>\n<\/article>\n<\/div>\n<p>En la formaci\u00f3n\u00a0<b>viajaban 479 personas<\/b>. Tras el descarrilamiento fueron asistidas por personal de Trenes Argentinos en conjunto con la polic\u00eda y los bomberos.<\/p>\n<p>El intendente de Olavarr\u00eda, Ezequiel Galli, precis\u00f3 que los pasajeros que no resultaron heridos fueron \u00abtrasladados al Centro de Exposiciones Municipal de Olavarr\u00eda (CEMO) donde recibir\u00e1n la atenci\u00f3n correspondiente hasta poder reiniciar su viaje\u00bb.<\/p>\n<p>El proceso de encarrilamiento y restituci\u00f3n de las condiciones normales de las v\u00edas podr\u00eda demorar algunas horas, por lo que es probable que algunos servicios que circulan por ese corredor se cancelen.<\/p>\n<\/div>\n<h2>El relato de los pasajeros del tren<\/h2>\n<p><b>\u00a0\u201cNo hay heridos de gravedad, estamos esperando abajo para que nos lleven a Olavarr\u00eda que es el lugar m\u00e1s cercano\u201d<\/b>, relat\u00f3 pasajero que iba en el tren relat\u00f3 tras el hecho a la radio La Br\u00fajula 24.<\/p>\n<div align=\"center\">\n<article class=\"embedded-entity\">\n<article class=\"media media--type-image media--view-mode-single-media-image-460\">\n<div class=\"field field--name-field-media-image field--type-image field--label-hidden field__item\"><img loading=\"lazy\" decoding=\"async\" class=\"image-style-width960\" src=\"https:\/\/images.pagina12.com.ar\/styles\/width960\/public\/2022-03\/390386-whatsapp-20image-202022-03-08-20at-209-37-39-20am.jpeg?itok=eXiH-AX2\" width=\"887\" height=\"666\" \/><\/div>\n<\/article>\n<\/article>\n<\/div>\n<p>Adem\u00e1s de destacar el trabajo de los bomberos, al que calific\u00f3 como \u201cimplecable\u201d, el pasajero cont\u00f3 que se comentaba que\u00a0<b>\u201cse habr\u00eda roto la v\u00eda y por eso descarril\u00f3 el tren\u201d<\/b><\/p>\n<p>&nbsp;<\/p>\n<\/div>\n<p>Otra pasajera cont\u00f3 en Twitter que \u00abdesde el vamos, ya el tren desde Buenos Aires hab\u00eda salido retrasado por un corte. Yo lo esperaba en Olavarr\u00eda y sali\u00f3 2 horas despu\u00e9s\u00bb. La mujer agreg\u00f3 que \u00ab<b>a los 30 minutos de salir de repente sentimos una frenada y un fuerte movimiento, y de repente frena<\/b>. En medio de la desesperaci\u00f3n de no saber que pas\u00f3 empezaron a venir pasajeros de los vagones m\u00e1s afectados.\u00a0<b>El vag\u00f3n qued\u00f3 inclinado, se rompieron los vidrios<\/b>\u201d.<\/p>\n<p>El descarrilamiento\u00a0<b>\u201cfue en una zona descampada\u201d<\/b>, precis\u00f3 el comandante de bombero Julio Colman. Para la asistencia de los pasajeros\u00a0<b>se trasladaron 25 hombres bomberos, m\u00e1s las ambulancias y polic\u00edas<\/b>.<\/p>\n<div align=\"center\">\n<article class=\"embedded-entity\">\n<article class=\"media media--type-image media--view-mode-single-media-image-460\">\n<div class=\"field field--name-field-media-image field--type-image field--label-hidden field__item\"><img loading=\"lazy\" decoding=\"async\" class=\"image-style-width960\" src=\"https:\/\/images.pagina12.com.ar\/styles\/width960\/public\/2022-03\/390386-tren_0.jpg?itok=dg8OcsaB\" width=\"510\" height=\"340\" \/><\/div>\n<\/article>\n<\/article>\n<\/div>\n<\/div>\n<\/div>\n<div><\/div>\n<div><\/div>\n<div><span style=\"color: #ff0000;\"><strong>Fuente: En linea y P\u00e1gina 12<\/strong><\/span><\/div>\n","protected":false},"excerpt":{"rendered":"<p>Este martes, alrededor de las 6 de la ma\u00f1ana, descarril\u00f3 un tren de pasajeros que viajaba desde Buenos Aires a Bah\u00eda Blanca. El siniestro se produjo en la Media Estaci\u00f3n Pourtal\u00e9 a unos 13 kil\u00f3metros despu\u00e9s de que el tren par\u00f3 en Olavarr\u00eda para continuar su recorrido.<\/p>\n","protected":false},"author":3,"featured_media":0,"comment_status":"closed","ping_status":"closed","sticky":false,"template":"","format":"standard","meta":{"footnotes":""},"categories":[29,30],"tags":[48],"class_list":["post-69052","post","type-post","status-publish","format-standard","hentry","category-policiales","category-salud","tag-destacada"],"yoast_head":"<!-- This site is optimized with the Yoast SEO plugin v25.9 - https:\/\/yoast.com\/wordpress\/plugins\/seo\/ -->\n<title>Descarril\u00f3 un tren de pasajeros, hay heridos. - Noticias Radio Reflejos<\/title>\n<meta name=\"robots\" content=\"index, follow, max-snippet:-1, max-image-preview:large, max-video-preview:-1\" \/>\n<link rel=\"canonical\" href=\"https:\/\/www.noticiasradioreflejos.com.ar\/2021\/descarrilo-un-tren-de-pasajeros-hay-heridos\/\" \/>\n<meta property=\"og:locale\" content=\"es_ES\" \/>\n<meta property=\"og:type\" content=\"article\" \/>\n<meta property=\"og:title\" content=\"Descarril\u00f3 un tren de pasajeros, hay heridos. - Noticias Radio Reflejos\" \/>\n<meta property=\"og:description\" content=\"Este martes, alrededor de las 6 de la ma\u00f1ana, descarril\u00f3 un tren de pasajeros que viajaba desde Buenos Aires a Bah\u00eda Blanca. El siniestro se produjo en la Media Estaci\u00f3n Pourtal\u00e9 a unos 13 kil\u00f3metros despu\u00e9s de que el tren par\u00f3 en Olavarr\u00eda para continuar su recorrido.\" \/>\n<meta property=\"og:url\" content=\"https:\/\/www.noticiasradioreflejos.com.ar\/2021\/descarrilo-un-tren-de-pasajeros-hay-heridos\/\" \/>\n<meta property=\"og:site_name\" content=\"Noticias Radio Reflejos\" \/>\n<meta property=\"article:published_time\" content=\"2022-03-08T11:03:33+00:00\" \/>\n<meta property=\"article:modified_time\" content=\"2022-03-08T19:25:54+00:00\" \/>\n<meta property=\"og:image\" content=\"https:\/\/i0.wp.com\/enlineanoticias.com.ar\/wp-content\/uploads\/2022\/03\/WhatsApp-Image-2022-03-08-at-7.13.09-AM.jpeg?resize=1024%2C683&amp;ssl=1\" \/>\n<meta name=\"author\" content=\"Arnaldo Botto\" \/>\n<meta name=\"twitter:card\" content=\"summary_large_image\" \/>\n<script type=\"application\/ld+json\" class=\"yoast-schema-graph\">{\"@context\":\"https:\/\/schema.org\",\"@graph\":[{\"@type\":\"WebPage\",\"@id\":\"https:\/\/www.noticiasradioreflejos.com.ar\/2021\/descarrilo-un-tren-de-pasajeros-hay-heridos\/\",\"url\":\"https:\/\/www.noticiasradioreflejos.com.ar\/2021\/descarrilo-un-tren-de-pasajeros-hay-heridos\/\",\"name\":\"Descarril\u00f3 un tren de pasajeros, hay heridos. - Noticias Radio Reflejos\",\"isPartOf\":{\"@id\":\"https:\/\/www.noticiasradioreflejos.com.ar\/2021\/#website\"},\"primaryImageOfPage\":{\"@id\":\"https:\/\/www.noticiasradioreflejos.com.ar\/2021\/descarrilo-un-tren-de-pasajeros-hay-heridos\/#primaryimage\"},\"image\":{\"@id\":\"https:\/\/www.noticiasradioreflejos.com.ar\/2021\/descarrilo-un-tren-de-pasajeros-hay-heridos\/#primaryimage\"},\"thumbnailUrl\":\"https:\/\/i0.wp.com\/enlineanoticias.com.ar\/wp-content\/uploads\/2022\/03\/WhatsApp-Image-2022-03-08-at-7.13.09-AM.jpeg?resize=1024%2C683&amp;ssl=1\",\"datePublished\":\"2022-03-08T11:03:33+00:00\",\"dateModified\":\"2022-03-08T19:25:54+00:00\",\"author\":{\"@id\":\"https:\/\/www.noticiasradioreflejos.com.ar\/2021\/#\/schema\/person\/ad82545263dcc5ec0996818884fd5fb1\"},\"breadcrumb\":{\"@id\":\"https:\/\/www.noticiasradioreflejos.com.ar\/2021\/descarrilo-un-tren-de-pasajeros-hay-heridos\/#breadcrumb\"},\"inLanguage\":\"es\",\"potentialAction\":[{\"@type\":\"ReadAction\",\"target\":[\"https:\/\/www.noticiasradioreflejos.com.ar\/2021\/descarrilo-un-tren-de-pasajeros-hay-heridos\/\"]}]},{\"@type\":\"ImageObject\",\"inLanguage\":\"es\",\"@id\":\"https:\/\/www.noticiasradioreflejos.com.ar\/2021\/descarrilo-un-tren-de-pasajeros-hay-heridos\/#primaryimage\",\"url\":\"https:\/\/i0.wp.com\/enlineanoticias.com.ar\/wp-content\/uploads\/2022\/03\/WhatsApp-Image-2022-03-08-at-7.13.09-AM.jpeg?resize=1024%2C683&amp;ssl=1\",\"contentUrl\":\"https:\/\/i0.wp.com\/enlineanoticias.com.ar\/wp-content\/uploads\/2022\/03\/WhatsApp-Image-2022-03-08-at-7.13.09-AM.jpeg?resize=1024%2C683&amp;ssl=1\"},{\"@type\":\"BreadcrumbList\",\"@id\":\"https:\/\/www.noticiasradioreflejos.com.ar\/2021\/descarrilo-un-tren-de-pasajeros-hay-heridos\/#breadcrumb\",\"itemListElement\":[{\"@type\":\"ListItem\",\"position\":1,\"name\":\"Portada\",\"item\":\"https:\/\/www.noticiasradioreflejos.com.ar\/2021\/\"},{\"@type\":\"ListItem\",\"position\":2,\"name\":\"Descarril\u00f3 un tren de pasajeros, hay heridos.\"}]},{\"@type\":\"WebSite\",\"@id\":\"https:\/\/www.noticiasradioreflejos.com.ar\/2021\/#website\",\"url\":\"https:\/\/www.noticiasradioreflejos.com.ar\/2021\/\",\"name\":\"Noticias Radio Reflejos\",\"description\":\"Las noticias de mi comarca\",\"potentialAction\":[{\"@type\":\"SearchAction\",\"target\":{\"@type\":\"EntryPoint\",\"urlTemplate\":\"https:\/\/www.noticiasradioreflejos.com.ar\/2021\/?s={search_term_string}\"},\"query-input\":{\"@type\":\"PropertyValueSpecification\",\"valueRequired\":true,\"valueName\":\"search_term_string\"}}],\"inLanguage\":\"es\"},{\"@type\":\"Person\",\"@id\":\"https:\/\/www.noticiasradioreflejos.com.ar\/2021\/#\/schema\/person\/ad82545263dcc5ec0996818884fd5fb1\",\"name\":\"Arnaldo Botto\",\"image\":{\"@type\":\"ImageObject\",\"inLanguage\":\"es\",\"@id\":\"https:\/\/www.noticiasradioreflejos.com.ar\/2021\/#\/schema\/person\/image\/\",\"url\":\"https:\/\/secure.gravatar.com\/avatar\/55cb5e37c1efa326397366e6974cb338056df65cb50e7d64d1cf314e87504837?s=96&d=mm&r=g\",\"contentUrl\":\"https:\/\/secure.gravatar.com\/avatar\/55cb5e37c1efa326397366e6974cb338056df65cb50e7d64d1cf314e87504837?s=96&d=mm&r=g\",\"caption\":\"Arnaldo Botto\"},\"url\":\"https:\/\/www.noticiasradioreflejos.com.ar\/2021\/author\/arnaldo\/\"}]}<\/script>\n<!-- \/ Yoast SEO plugin. -->","yoast_head_json":{"title":"Descarril\u00f3 un tren de pasajeros, hay heridos. - Noticias Radio Reflejos","robots":{"index":"index","follow":"follow","max-snippet":"max-snippet:-1","max-image-preview":"max-image-preview:large","max-video-preview":"max-video-preview:-1"},"canonical":"https:\/\/www.noticiasradioreflejos.com.ar\/2021\/descarrilo-un-tren-de-pasajeros-hay-heridos\/","og_locale":"es_ES","og_type":"article","og_title":"Descarril\u00f3 un tren de pasajeros, hay heridos. - Noticias Radio Reflejos","og_description":"Este martes, alrededor de las 6 de la ma\u00f1ana, descarril\u00f3 un tren de pasajeros que viajaba desde Buenos Aires a Bah\u00eda Blanca. El siniestro se produjo en la Media Estaci\u00f3n Pourtal\u00e9 a unos 13 kil\u00f3metros despu\u00e9s de que el tren par\u00f3 en Olavarr\u00eda para continuar su recorrido.","og_url":"https:\/\/www.noticiasradioreflejos.com.ar\/2021\/descarrilo-un-tren-de-pasajeros-hay-heridos\/","og_site_name":"Noticias Radio Reflejos","article_published_time":"2022-03-08T11:03:33+00:00","article_modified_time":"2022-03-08T19:25:54+00:00","og_image":[{"url":"https:\/\/i0.wp.com\/enlineanoticias.com.ar\/wp-content\/uploads\/2022\/03\/WhatsApp-Image-2022-03-08-at-7.13.09-AM.jpeg?resize=1024%2C683&amp;ssl=1","type":"","width":"","height":""}],"author":"Arnaldo Botto","twitter_card":"summary_large_image","schema":{"@context":"https:\/\/schema.org","@graph":[{"@type":"WebPage","@id":"https:\/\/www.noticiasradioreflejos.com.ar\/2021\/descarrilo-un-tren-de-pasajeros-hay-heridos\/","url":"https:\/\/www.noticiasradioreflejos.com.ar\/2021\/descarrilo-un-tren-de-pasajeros-hay-heridos\/","name":"Descarril\u00f3 un tren de pasajeros, hay heridos. - Noticias Radio Reflejos","isPartOf":{"@id":"https:\/\/www.noticiasradioreflejos.com.ar\/2021\/#website"},"primaryImageOfPage":{"@id":"https:\/\/www.noticiasradioreflejos.com.ar\/2021\/descarrilo-un-tren-de-pasajeros-hay-heridos\/#primaryimage"},"image":{"@id":"https:\/\/www.noticiasradioreflejos.com.ar\/2021\/descarrilo-un-tren-de-pasajeros-hay-heridos\/#primaryimage"},"thumbnailUrl":"https:\/\/i0.wp.com\/enlineanoticias.com.ar\/wp-content\/uploads\/2022\/03\/WhatsApp-Image-2022-03-08-at-7.13.09-AM.jpeg?resize=1024%2C683&amp;ssl=1","datePublished":"2022-03-08T11:03:33+00:00","dateModified":"2022-03-08T19:25:54+00:00","author":{"@id":"https:\/\/www.noticiasradioreflejos.com.ar\/2021\/#\/schema\/person\/ad82545263dcc5ec0996818884fd5fb1"},"breadcrumb":{"@id":"https:\/\/www.noticiasradioreflejos.com.ar\/2021\/descarrilo-un-tren-de-pasajeros-hay-heridos\/#breadcrumb"},"inLanguage":"es","potentialAction":[{"@type":"ReadAction","target":["https:\/\/www.noticiasradioreflejos.com.ar\/2021\/descarrilo-un-tren-de-pasajeros-hay-heridos\/"]}]},{"@type":"ImageObject","inLanguage":"es","@id":"https:\/\/www.noticiasradioreflejos.com.ar\/2021\/descarrilo-un-tren-de-pasajeros-hay-heridos\/#primaryimage","url":"https:\/\/i0.wp.com\/enlineanoticias.com.ar\/wp-content\/uploads\/2022\/03\/WhatsApp-Image-2022-03-08-at-7.13.09-AM.jpeg?resize=1024%2C683&amp;ssl=1","contentUrl":"https:\/\/i0.wp.com\/enlineanoticias.com.ar\/wp-content\/uploads\/2022\/03\/WhatsApp-Image-2022-03-08-at-7.13.09-AM.jpeg?resize=1024%2C683&amp;ssl=1"},{"@type":"BreadcrumbList","@id":"https:\/\/www.noticiasradioreflejos.com.ar\/2021\/descarrilo-un-tren-de-pasajeros-hay-heridos\/#breadcrumb","itemListElement":[{"@type":"ListItem","position":1,"name":"Portada","item":"https:\/\/www.noticiasradioreflejos.com.ar\/2021\/"},{"@type":"ListItem","position":2,"name":"Descarril\u00f3 un tren de pasajeros, hay heridos."}]},{"@type":"WebSite","@id":"https:\/\/www.noticiasradioreflejos.com.ar\/2021\/#website","url":"https:\/\/www.noticiasradioreflejos.com.ar\/2021\/","name":"Noticias Radio Reflejos","description":"Las noticias de mi comarca","potentialAction":[{"@type":"SearchAction","target":{"@type":"EntryPoint","urlTemplate":"https:\/\/www.noticiasradioreflejos.com.ar\/2021\/?s={search_term_string}"},"query-input":{"@type":"PropertyValueSpecification","valueRequired":true,"valueName":"search_term_string"}}],"inLanguage":"es"},{"@type":"Person","@id":"https:\/\/www.noticiasradioreflejos.com.ar\/2021\/#\/schema\/person\/ad82545263dcc5ec0996818884fd5fb1","name":"Arnaldo Botto","image":{"@type":"ImageObject","inLanguage":"es","@id":"https:\/\/www.noticiasradioreflejos.com.ar\/2021\/#\/schema\/person\/image\/","url":"https:\/\/secure.gravatar.com\/avatar\/55cb5e37c1efa326397366e6974cb338056df65cb50e7d64d1cf314e87504837?s=96&d=mm&r=g","contentUrl":"https:\/\/secure.gravatar.com\/avatar\/55cb5e37c1efa326397366e6974cb338056df65cb50e7d64d1cf314e87504837?s=96&d=mm&r=g","caption":"Arnaldo Botto"},"url":"https:\/\/www.noticiasradioreflejos.com.ar\/2021\/author\/arnaldo\/"}]}},"_links":{"self":[{"href":"https:\/\/www.noticiasradioreflejos.com.ar\/2021\/wp-json\/wp\/v2\/posts\/69052","targetHints":{"allow":["GET"]}}],"collection":[{"href":"https:\/\/www.noticiasradioreflejos.com.ar\/2021\/wp-json\/wp\/v2\/posts"}],"about":[{"href":"https:\/\/www.noticiasradioreflejos.com.ar\/2021\/wp-json\/wp\/v2\/types\/post"}],"author":[{"embeddable":true,"href":"https:\/\/www.noticiasradioreflejos.com.ar\/2021\/wp-json\/wp\/v2\/users\/3"}],"replies":[{"embeddable":true,"href":"https:\/\/www.noticiasradioreflejos.com.ar\/2021\/wp-json\/wp\/v2\/comments?post=69052"}],"version-history":[{"count":5,"href":"https:\/\/www.noticiasradioreflejos.com.ar\/2021\/wp-json\/wp\/v2\/posts\/69052\/revisions"}],"predecessor-version":[{"id":69085,"href":"https:\/\/www.noticiasradioreflejos.com.ar\/2021\/wp-json\/wp\/v2\/posts\/69052\/revisions\/69085"}],"wp:attachment":[{"href":"https:\/\/www.noticiasradioreflejos.com.ar\/2021\/wp-json\/wp\/v2\/media?parent=69052"}],"wp:term":[{"taxonomy":"category","embeddable":true,"href":"https:\/\/www.noticiasradioreflejos.com.ar\/2021\/wp-json\/wp\/v2\/categories?post=69052"},{"taxonomy":"post_tag","embeddable":true,"href":"https:\/\/www.noticiasradioreflejos.com.ar\/2021\/wp-json\/wp\/v2\/tags?post=69052"}],"curies":[{"name":"wp","href":"https:\/\/api.w.org\/{rel}","templated":true}]}}