{"id":69047,"date":"2022-03-08T10:45:32","date_gmt":"2022-03-08T10:45:32","guid":{"rendered":"http:\/\/www.noticiasradioreflejos.com.ar\/2021\/?p=69047"},"modified":"2022-03-08T10:45:32","modified_gmt":"2022-03-08T10:45:32","slug":"mensaje-por-el-dia-internacional-de-la-mujer-trabajadora","status":"publish","type":"post","link":"https:\/\/www.noticiasradioreflejos.com.ar\/2021\/mensaje-por-el-dia-internacional-de-la-mujer-trabajadora\/","title":{"rendered":"Mensaje por el d\u00eda internacional de la mujer trabajadora."},"content":{"rendered":"<p><em>Haciendo un poco de historia&#8230;<\/em><\/p>\n<p>Cada 8 de marzo se celebra el \u201c<u>D\u00eda Internacional de la Mujer Trabajadora\u201d <\/u>\u00a0para <strong><em>enarbolar la lucha por la igualdad, el reconocimiento y ejercicio efectivo de nuestros derechos.<\/em><\/strong><!--more--><\/p>\n<p>Desde hace unos a\u00f1os y cada vez con m\u00e1s convicci\u00f3n y participaci\u00f3n, en esta fecha, en gran parte del mundo las mujeres salimos a las calles a manifestarnos.<\/p>\n<p>En 1977, la Asamblea General de la Organizaci\u00f3n de las Naciones Unidas (ONU) design\u00f3 oficialmente el 8 de marzo como el <strong><em>D\u00eda Internacional de la Mujer<\/em><\/strong>,\u00a0 en homenaje a aquellas129 mujeres trabajadoras que aquel 8 de marzo de 1908 murieron en un incendio en la f\u00e1brica Cotton, en Nueva York, Estados Unidos, tras declarar una huelga con permanencia en su lugar de trabajo. Luego, en 2011, se celebr\u00f3 el centenario de la celebraci\u00f3n, con la premisa de <strong><em>Igualdad de G\u00e9nero y el Empoderamiento de la Mujer<\/em><\/strong> (ONU mujeres).<\/p>\n<p><em>Para seguir aprendiendo\u2026<\/em><\/p>\n<p>La palabra <strong><em>SORORIDAD <\/em><\/strong>deriva de la hermandad entre mujeres, al percibirse como iguales que pueden aliarse, compartir y, sobre todo, cambiar su realidad\u2026uni\u00e9ndose para su empoderamiento debido a que todas, de diversas maneras, hemos experimentado la opresi\u00f3n.<\/p>\n<p><em>Para reflexionar\u2026<\/em><\/p>\n<p>El feminismo cada d\u00eda nos va aportando situaciones nuevas, de debate, de replanteos y cambios de paradigmas establecidos, de repensar, de aprender a ver que hay varios \u00e1ngulos para observar el contexto y emitir opini\u00f3n.<\/p>\n<p>El feminismo nos hace part\u00edcipes necesarias de estos cambios y afortunadamente nos hace comprender que no estamos solas, que somos muchas las mujeres, cada d\u00eda m\u00e1s, las que corremos por otras mujeres que atraviesan situaciones de vulnerabilidad.<\/p>\n<p>Cada mujer a su ritmo, con sus posibilidades, superando miedos, inform\u00e1ndonos, aprendiendo, aceptando y afortunadamente <strong>JUNTAS,<\/strong>\u00a0 con sentido de pertenencia, conciencia de g\u00e9nero, sinti\u00e9ndonos pares, en plena y constante evoluci\u00f3n.<\/p>\n<p>Feliz d\u00eda compa\u00f1eras!!<\/p>\n<p>Adriana Ferrari. <em>Comisi\u00f3n de MPGDS -Agrupaci\u00f3n Ventania PJ-<\/em><\/p>\n<p>&nbsp;<\/p>\n","protected":false},"excerpt":{"rendered":"<p>Haciendo un poco de historia&#8230; Cada 8 de marzo se celebra el \u201cD\u00eda Internacional de la Mujer Trabajadora\u201d \u00a0para enarbolar la lucha por la igualdad, el reconocimiento y ejercicio efectivo de nuestros derechos.<\/p>\n","protected":false},"author":3,"featured_media":0,"comment_status":"closed","ping_status":"closed","sticky":false,"template":"","format":"standard","meta":{"footnotes":""},"categories":[24],"tags":[],"class_list":["post-69047","post","type-post","status-publish","format-standard","hentry","category-politica"],"yoast_head":"<!-- This site is optimized with the Yoast SEO plugin v25.9 - https:\/\/yoast.com\/wordpress\/plugins\/seo\/ -->\n<title>Mensaje por el d\u00eda internacional de la mujer trabajadora. - Noticias Radio Reflejos<\/title>\n<meta name=\"robots\" content=\"index, follow, max-snippet:-1, max-image-preview:large, max-video-preview:-1\" \/>\n<link rel=\"canonical\" href=\"https:\/\/www.noticiasradioreflejos.com.ar\/2021\/mensaje-por-el-dia-internacional-de-la-mujer-trabajadora\/\" \/>\n<meta property=\"og:locale\" content=\"es_ES\" \/>\n<meta property=\"og:type\" content=\"article\" \/>\n<meta property=\"og:title\" content=\"Mensaje por el d\u00eda internacional de la mujer trabajadora. - Noticias Radio Reflejos\" \/>\n<meta property=\"og:description\" content=\"Haciendo un poco de historia&#8230; Cada 8 de marzo se celebra el \u201cD\u00eda Internacional de la Mujer Trabajadora\u201d \u00a0para enarbolar la lucha por la igualdad, el reconocimiento y ejercicio efectivo de nuestros derechos.\" \/>\n<meta property=\"og:url\" content=\"https:\/\/www.noticiasradioreflejos.com.ar\/2021\/mensaje-por-el-dia-internacional-de-la-mujer-trabajadora\/\" \/>\n<meta property=\"og:site_name\" content=\"Noticias Radio Reflejos\" \/>\n<meta property=\"article:published_time\" content=\"2022-03-08T10:45:32+00:00\" \/>\n<meta property=\"og:image\" content=\"https:\/\/www.noticiasradioreflejos.com.ar\/2021\/wp-content\/uploads\/2021\/07\/logosol300x200.png\" \/>\n\t<meta property=\"og:image:width\" content=\"300\" \/>\n\t<meta property=\"og:image:height\" content=\"200\" \/>\n\t<meta property=\"og:image:type\" content=\"image\/png\" \/>\n<meta name=\"author\" content=\"Arnaldo Botto\" \/>\n<meta name=\"twitter:card\" content=\"summary_large_image\" \/>\n<script type=\"application\/ld+json\" class=\"yoast-schema-graph\">{\"@context\":\"https:\/\/schema.org\",\"@graph\":[{\"@type\":\"WebPage\",\"@id\":\"https:\/\/www.noticiasradioreflejos.com.ar\/2021\/mensaje-por-el-dia-internacional-de-la-mujer-trabajadora\/\",\"url\":\"https:\/\/www.noticiasradioreflejos.com.ar\/2021\/mensaje-por-el-dia-internacional-de-la-mujer-trabajadora\/\",\"name\":\"Mensaje por el d\u00eda internacional de la mujer trabajadora. - Noticias Radio Reflejos\",\"isPartOf\":{\"@id\":\"https:\/\/www.noticiasradioreflejos.com.ar\/2021\/#website\"},\"datePublished\":\"2022-03-08T10:45:32+00:00\",\"author\":{\"@id\":\"https:\/\/www.noticiasradioreflejos.com.ar\/2021\/#\/schema\/person\/ad82545263dcc5ec0996818884fd5fb1\"},\"breadcrumb\":{\"@id\":\"https:\/\/www.noticiasradioreflejos.com.ar\/2021\/mensaje-por-el-dia-internacional-de-la-mujer-trabajadora\/#breadcrumb\"},\"inLanguage\":\"es\",\"potentialAction\":[{\"@type\":\"ReadAction\",\"target\":[\"https:\/\/www.noticiasradioreflejos.com.ar\/2021\/mensaje-por-el-dia-internacional-de-la-mujer-trabajadora\/\"]}]},{\"@type\":\"BreadcrumbList\",\"@id\":\"https:\/\/www.noticiasradioreflejos.com.ar\/2021\/mensaje-por-el-dia-internacional-de-la-mujer-trabajadora\/#breadcrumb\",\"itemListElement\":[{\"@type\":\"ListItem\",\"position\":1,\"name\":\"Portada\",\"item\":\"https:\/\/www.noticiasradioreflejos.com.ar\/2021\/\"},{\"@type\":\"ListItem\",\"position\":2,\"name\":\"Mensaje por el d\u00eda internacional de la mujer trabajadora.\"}]},{\"@type\":\"WebSite\",\"@id\":\"https:\/\/www.noticiasradioreflejos.com.ar\/2021\/#website\",\"url\":\"https:\/\/www.noticiasradioreflejos.com.ar\/2021\/\",\"name\":\"Noticias Radio Reflejos\",\"description\":\"Las noticias de mi comarca\",\"potentialAction\":[{\"@type\":\"SearchAction\",\"target\":{\"@type\":\"EntryPoint\",\"urlTemplate\":\"https:\/\/www.noticiasradioreflejos.com.ar\/2021\/?s={search_term_string}\"},\"query-input\":{\"@type\":\"PropertyValueSpecification\",\"valueRequired\":true,\"valueName\":\"search_term_string\"}}],\"inLanguage\":\"es\"},{\"@type\":\"Person\",\"@id\":\"https:\/\/www.noticiasradioreflejos.com.ar\/2021\/#\/schema\/person\/ad82545263dcc5ec0996818884fd5fb1\",\"name\":\"Arnaldo Botto\",\"image\":{\"@type\":\"ImageObject\",\"inLanguage\":\"es\",\"@id\":\"https:\/\/www.noticiasradioreflejos.com.ar\/2021\/#\/schema\/person\/image\/\",\"url\":\"https:\/\/secure.gravatar.com\/avatar\/55cb5e37c1efa326397366e6974cb338056df65cb50e7d64d1cf314e87504837?s=96&d=mm&r=g\",\"contentUrl\":\"https:\/\/secure.gravatar.com\/avatar\/55cb5e37c1efa326397366e6974cb338056df65cb50e7d64d1cf314e87504837?s=96&d=mm&r=g\",\"caption\":\"Arnaldo Botto\"},\"url\":\"https:\/\/www.noticiasradioreflejos.com.ar\/2021\/author\/arnaldo\/\"}]}<\/script>\n<!-- \/ Yoast SEO plugin. -->","yoast_head_json":{"title":"Mensaje por el d\u00eda internacional de la mujer trabajadora. - Noticias Radio Reflejos","robots":{"index":"index","follow":"follow","max-snippet":"max-snippet:-1","max-image-preview":"max-image-preview:large","max-video-preview":"max-video-preview:-1"},"canonical":"https:\/\/www.noticiasradioreflejos.com.ar\/2021\/mensaje-por-el-dia-internacional-de-la-mujer-trabajadora\/","og_locale":"es_ES","og_type":"article","og_title":"Mensaje por el d\u00eda internacional de la mujer trabajadora. - Noticias Radio Reflejos","og_description":"Haciendo un poco de historia&#8230; Cada 8 de marzo se celebra el \u201cD\u00eda Internacional de la Mujer Trabajadora\u201d \u00a0para enarbolar la lucha por la igualdad, el reconocimiento y ejercicio efectivo de nuestros derechos.","og_url":"https:\/\/www.noticiasradioreflejos.com.ar\/2021\/mensaje-por-el-dia-internacional-de-la-mujer-trabajadora\/","og_site_name":"Noticias Radio Reflejos","article_published_time":"2022-03-08T10:45:32+00:00","og_image":[{"width":300,"height":200,"url":"https:\/\/www.noticiasradioreflejos.com.ar\/2021\/wp-content\/uploads\/2021\/07\/logosol300x200.png","type":"image\/png"}],"author":"Arnaldo Botto","twitter_card":"summary_large_image","schema":{"@context":"https:\/\/schema.org","@graph":[{"@type":"WebPage","@id":"https:\/\/www.noticiasradioreflejos.com.ar\/2021\/mensaje-por-el-dia-internacional-de-la-mujer-trabajadora\/","url":"https:\/\/www.noticiasradioreflejos.com.ar\/2021\/mensaje-por-el-dia-internacional-de-la-mujer-trabajadora\/","name":"Mensaje por el d\u00eda internacional de la mujer trabajadora. - Noticias Radio Reflejos","isPartOf":{"@id":"https:\/\/www.noticiasradioreflejos.com.ar\/2021\/#website"},"datePublished":"2022-03-08T10:45:32+00:00","author":{"@id":"https:\/\/www.noticiasradioreflejos.com.ar\/2021\/#\/schema\/person\/ad82545263dcc5ec0996818884fd5fb1"},"breadcrumb":{"@id":"https:\/\/www.noticiasradioreflejos.com.ar\/2021\/mensaje-por-el-dia-internacional-de-la-mujer-trabajadora\/#breadcrumb"},"inLanguage":"es","potentialAction":[{"@type":"ReadAction","target":["https:\/\/www.noticiasradioreflejos.com.ar\/2021\/mensaje-por-el-dia-internacional-de-la-mujer-trabajadora\/"]}]},{"@type":"BreadcrumbList","@id":"https:\/\/www.noticiasradioreflejos.com.ar\/2021\/mensaje-por-el-dia-internacional-de-la-mujer-trabajadora\/#breadcrumb","itemListElement":[{"@type":"ListItem","position":1,"name":"Portada","item":"https:\/\/www.noticiasradioreflejos.com.ar\/2021\/"},{"@type":"ListItem","position":2,"name":"Mensaje por el d\u00eda internacional de la mujer trabajadora."}]},{"@type":"WebSite","@id":"https:\/\/www.noticiasradioreflejos.com.ar\/2021\/#website","url":"https:\/\/www.noticiasradioreflejos.com.ar\/2021\/","name":"Noticias Radio Reflejos","description":"Las noticias de mi comarca","potentialAction":[{"@type":"SearchAction","target":{"@type":"EntryPoint","urlTemplate":"https:\/\/www.noticiasradioreflejos.com.ar\/2021\/?s={search_term_string}"},"query-input":{"@type":"PropertyValueSpecification","valueRequired":true,"valueName":"search_term_string"}}],"inLanguage":"es"},{"@type":"Person","@id":"https:\/\/www.noticiasradioreflejos.com.ar\/2021\/#\/schema\/person\/ad82545263dcc5ec0996818884fd5fb1","name":"Arnaldo Botto","image":{"@type":"ImageObject","inLanguage":"es","@id":"https:\/\/www.noticiasradioreflejos.com.ar\/2021\/#\/schema\/person\/image\/","url":"https:\/\/secure.gravatar.com\/avatar\/55cb5e37c1efa326397366e6974cb338056df65cb50e7d64d1cf314e87504837?s=96&d=mm&r=g","contentUrl":"https:\/\/secure.gravatar.com\/avatar\/55cb5e37c1efa326397366e6974cb338056df65cb50e7d64d1cf314e87504837?s=96&d=mm&r=g","caption":"Arnaldo Botto"},"url":"https:\/\/www.noticiasradioreflejos.com.ar\/2021\/author\/arnaldo\/"}]}},"_links":{"self":[{"href":"https:\/\/www.noticiasradioreflejos.com.ar\/2021\/wp-json\/wp\/v2\/posts\/69047","targetHints":{"allow":["GET"]}}],"collection":[{"href":"https:\/\/www.noticiasradioreflejos.com.ar\/2021\/wp-json\/wp\/v2\/posts"}],"about":[{"href":"https:\/\/www.noticiasradioreflejos.com.ar\/2021\/wp-json\/wp\/v2\/types\/post"}],"author":[{"embeddable":true,"href":"https:\/\/www.noticiasradioreflejos.com.ar\/2021\/wp-json\/wp\/v2\/users\/3"}],"replies":[{"embeddable":true,"href":"https:\/\/www.noticiasradioreflejos.com.ar\/2021\/wp-json\/wp\/v2\/comments?post=69047"}],"version-history":[{"count":1,"href":"https:\/\/www.noticiasradioreflejos.com.ar\/2021\/wp-json\/wp\/v2\/posts\/69047\/revisions"}],"predecessor-version":[{"id":69048,"href":"https:\/\/www.noticiasradioreflejos.com.ar\/2021\/wp-json\/wp\/v2\/posts\/69047\/revisions\/69048"}],"wp:attachment":[{"href":"https:\/\/www.noticiasradioreflejos.com.ar\/2021\/wp-json\/wp\/v2\/media?parent=69047"}],"wp:term":[{"taxonomy":"category","embeddable":true,"href":"https:\/\/www.noticiasradioreflejos.com.ar\/2021\/wp-json\/wp\/v2\/categories?post=69047"},{"taxonomy":"post_tag","embeddable":true,"href":"https:\/\/www.noticiasradioreflejos.com.ar\/2021\/wp-json\/wp\/v2\/tags?post=69047"}],"curies":[{"name":"wp","href":"https:\/\/api.w.org\/{rel}","templated":true}]}}