{"id":69027,"date":"2022-03-07T17:13:08","date_gmt":"2022-03-07T17:13:08","guid":{"rendered":"http:\/\/www.noticiasradioreflejos.com.ar\/2021\/?p=69027"},"modified":"2022-03-07T17:13:08","modified_gmt":"2022-03-07T17:13:08","slug":"agroecologia-cannabis-y-bienestar-se-acerca-el-1-campamento-flipex","status":"publish","type":"post","link":"https:\/\/www.noticiasradioreflejos.com.ar\/2021\/agroecologia-cannabis-y-bienestar-se-acerca-el-1-campamento-flipex\/","title":{"rendered":"Agroecolog\u00eda, cannabis y bienestar: Se acerca el 1\u00b0 Campamento Flipex"},"content":{"rendered":"<p>Avanza la organizaci\u00f3n del 1\u00b0 Campamento Flipex, que se desarrollar\u00e1 los d\u00edas 18, 19 y 20 de marzo en Tornquist con la organizaci\u00f3n de la firma local Baraca Regional, en el Club Papelero y el Parque Lineal.<!--more--><\/p>\n<p>El evento, que tiene por tem\u00e1ticas cannabis, agroecolog\u00eda y bienestar, fue declarado de Inter\u00e9s Municipal por el Honorable Concejo Deliberante y cuenta con el auspicio de Tornquist Municipio, INTA y REPROCAN.<\/p>\n<p>El campamento, tiene como objetivo la difusi\u00f3n y concientizaci\u00f3n de los fines y utilidades medicinales y productivas del cannabis; y dar continuidad al proceso de intercambio de conocimientos entre los habitantes de Tornquist y el resto de los actores cann\u00e1bicos del pa\u00eds. Tambi\u00e9n, busca fomentar el turismo y dar a conocer todo el potencial que tiene el distrito para desarrollar emprendimientos relacionados con el rubro.<\/p>\n<p>En cuanto a las actividades programadas, durante la ma\u00f1ana y las primeras horas de la tarde de cada jornada, estar\u00e1n distribuidas en distintos espacios, charlas, talleres y simposios relacionados con la tem\u00e1tica del evento.<\/p>\n<p>En tanto, sobre el atardecer, el centro de atenci\u00f3n estar\u00e1 puesto en el escenario principal, donde habr\u00e1 una amplia oferta cultural. En ese sentido, el viernes se presentar\u00e1 Big Mamma; el s\u00e1bado \u2018Soy Rada and The Colibriquis\u2019, la banda del reconocido Agust\u00edn Aristar\u00e1n \u2018Radagast\u2019; y el domingo la popular banda Kapanga. Tambi\u00e9n, habr\u00e1 DJs en vivo y bandas locales.<\/p>\n<p>Adem\u00e1s, durante el evento habr\u00e1 stands de venta minorista y mayorista de productos, insumos y servicios cann\u00e1bicos, como as\u00ed tambi\u00e9n sitos de arte, terapias hol\u00edsticas y diferentes propuestas gastron\u00f3micas.<\/p>\n<p>Las entradas ya se encuentran a la venta y se pueden adquirir a trav\u00e9s de Ticketek en el siguiente link: <a href=\"https:\/\/www.ticketek.com.ar\/festival-flipex\/parque-lineal\">https:\/\/www.ticketek.com.ar\/festival-flipex\/parque-lineal<\/a>.<\/p>\n<p><a data-flickr-embed=\"true\" href=\"https:\/\/www.flickr.com\/photos\/182279889@N02\/51924183311\/in\/dateposted-public\/\" title=\"Campamento Flipex\"><img loading=\"lazy\" decoding=\"async\" src=\"https:\/\/live.staticflickr.com\/65535\/51924183311_7b199c1a7a_c.jpg\" width=\"800\" height=\"800\" alt=\"Campamento Flipex\"><\/a><script async src=\"\/\/embedr.flickr.com\/assets\/client-code.js\" charset=\"utf-8\"><\/script><\/p>\n","protected":false},"excerpt":{"rendered":"<p>Avanza la organizaci\u00f3n del 1\u00b0 Campamento Flipex, que se desarrollar\u00e1 los d\u00edas 18, 19 y 20 de marzo en Tornquist con la organizaci\u00f3n de la firma local Baraca Regional, en el Club Papelero y el Parque Lineal.<\/p>\n","protected":false},"author":3,"featured_media":0,"comment_status":"closed","ping_status":"closed","sticky":false,"template":"","format":"standard","meta":{"footnotes":""},"categories":[35,28,30],"tags":[],"class_list":["post-69027","post","type-post","status-publish","format-standard","hentry","category-cultura","category-municipales","category-salud"],"yoast_head":"<!-- This site is optimized with the Yoast SEO plugin v25.9 - https:\/\/yoast.com\/wordpress\/plugins\/seo\/ -->\n<title>Agroecolog\u00eda, cannabis y bienestar: Se acerca el 1\u00b0 Campamento Flipex - Noticias Radio Reflejos<\/title>\n<meta name=\"robots\" content=\"index, follow, max-snippet:-1, max-image-preview:large, max-video-preview:-1\" \/>\n<link rel=\"canonical\" href=\"https:\/\/www.noticiasradioreflejos.com.ar\/2021\/agroecologia-cannabis-y-bienestar-se-acerca-el-1-campamento-flipex\/\" \/>\n<meta property=\"og:locale\" content=\"es_ES\" \/>\n<meta property=\"og:type\" content=\"article\" \/>\n<meta property=\"og:title\" content=\"Agroecolog\u00eda, cannabis y bienestar: Se acerca el 1\u00b0 Campamento Flipex - Noticias Radio Reflejos\" \/>\n<meta property=\"og:description\" content=\"Avanza la organizaci\u00f3n del 1\u00b0 Campamento Flipex, que se desarrollar\u00e1 los d\u00edas 18, 19 y 20 de marzo en Tornquist con la organizaci\u00f3n de la firma local Baraca Regional, en el Club Papelero y el Parque Lineal.\" \/>\n<meta property=\"og:url\" content=\"https:\/\/www.noticiasradioreflejos.com.ar\/2021\/agroecologia-cannabis-y-bienestar-se-acerca-el-1-campamento-flipex\/\" \/>\n<meta property=\"og:site_name\" content=\"Noticias Radio Reflejos\" \/>\n<meta property=\"article:published_time\" content=\"2022-03-07T17:13:08+00:00\" \/>\n<meta property=\"og:image\" content=\"https:\/\/live.staticflickr.com\/65535\/51924183311_7b199c1a7a_c.jpg\" \/>\n<meta name=\"author\" content=\"Arnaldo Botto\" \/>\n<meta name=\"twitter:card\" content=\"summary_large_image\" \/>\n<script type=\"application\/ld+json\" class=\"yoast-schema-graph\">{\"@context\":\"https:\/\/schema.org\",\"@graph\":[{\"@type\":\"WebPage\",\"@id\":\"https:\/\/www.noticiasradioreflejos.com.ar\/2021\/agroecologia-cannabis-y-bienestar-se-acerca-el-1-campamento-flipex\/\",\"url\":\"https:\/\/www.noticiasradioreflejos.com.ar\/2021\/agroecologia-cannabis-y-bienestar-se-acerca-el-1-campamento-flipex\/\",\"name\":\"Agroecolog\u00eda, cannabis y bienestar: Se acerca el 1\u00b0 Campamento Flipex - Noticias Radio Reflejos\",\"isPartOf\":{\"@id\":\"https:\/\/www.noticiasradioreflejos.com.ar\/2021\/#website\"},\"primaryImageOfPage\":{\"@id\":\"https:\/\/www.noticiasradioreflejos.com.ar\/2021\/agroecologia-cannabis-y-bienestar-se-acerca-el-1-campamento-flipex\/#primaryimage\"},\"image\":{\"@id\":\"https:\/\/www.noticiasradioreflejos.com.ar\/2021\/agroecologia-cannabis-y-bienestar-se-acerca-el-1-campamento-flipex\/#primaryimage\"},\"thumbnailUrl\":\"https:\/\/live.staticflickr.com\/65535\/51924183311_7b199c1a7a_c.jpg\",\"datePublished\":\"2022-03-07T17:13:08+00:00\",\"author\":{\"@id\":\"https:\/\/www.noticiasradioreflejos.com.ar\/2021\/#\/schema\/person\/ad82545263dcc5ec0996818884fd5fb1\"},\"breadcrumb\":{\"@id\":\"https:\/\/www.noticiasradioreflejos.com.ar\/2021\/agroecologia-cannabis-y-bienestar-se-acerca-el-1-campamento-flipex\/#breadcrumb\"},\"inLanguage\":\"es\",\"potentialAction\":[{\"@type\":\"ReadAction\",\"target\":[\"https:\/\/www.noticiasradioreflejos.com.ar\/2021\/agroecologia-cannabis-y-bienestar-se-acerca-el-1-campamento-flipex\/\"]}]},{\"@type\":\"ImageObject\",\"inLanguage\":\"es\",\"@id\":\"https:\/\/www.noticiasradioreflejos.com.ar\/2021\/agroecologia-cannabis-y-bienestar-se-acerca-el-1-campamento-flipex\/#primaryimage\",\"url\":\"https:\/\/live.staticflickr.com\/65535\/51924183311_7b199c1a7a_c.jpg\",\"contentUrl\":\"https:\/\/live.staticflickr.com\/65535\/51924183311_7b199c1a7a_c.jpg\"},{\"@type\":\"BreadcrumbList\",\"@id\":\"https:\/\/www.noticiasradioreflejos.com.ar\/2021\/agroecologia-cannabis-y-bienestar-se-acerca-el-1-campamento-flipex\/#breadcrumb\",\"itemListElement\":[{\"@type\":\"ListItem\",\"position\":1,\"name\":\"Portada\",\"item\":\"https:\/\/www.noticiasradioreflejos.com.ar\/2021\/\"},{\"@type\":\"ListItem\",\"position\":2,\"name\":\"Agroecolog\u00eda, cannabis y bienestar: Se acerca el 1\u00b0 Campamento Flipex\"}]},{\"@type\":\"WebSite\",\"@id\":\"https:\/\/www.noticiasradioreflejos.com.ar\/2021\/#website\",\"url\":\"https:\/\/www.noticiasradioreflejos.com.ar\/2021\/\",\"name\":\"Noticias Radio Reflejos\",\"description\":\"Las noticias de mi comarca\",\"potentialAction\":[{\"@type\":\"SearchAction\",\"target\":{\"@type\":\"EntryPoint\",\"urlTemplate\":\"https:\/\/www.noticiasradioreflejos.com.ar\/2021\/?s={search_term_string}\"},\"query-input\":{\"@type\":\"PropertyValueSpecification\",\"valueRequired\":true,\"valueName\":\"search_term_string\"}}],\"inLanguage\":\"es\"},{\"@type\":\"Person\",\"@id\":\"https:\/\/www.noticiasradioreflejos.com.ar\/2021\/#\/schema\/person\/ad82545263dcc5ec0996818884fd5fb1\",\"name\":\"Arnaldo Botto\",\"image\":{\"@type\":\"ImageObject\",\"inLanguage\":\"es\",\"@id\":\"https:\/\/www.noticiasradioreflejos.com.ar\/2021\/#\/schema\/person\/image\/\",\"url\":\"https:\/\/secure.gravatar.com\/avatar\/55cb5e37c1efa326397366e6974cb338056df65cb50e7d64d1cf314e87504837?s=96&d=mm&r=g\",\"contentUrl\":\"https:\/\/secure.gravatar.com\/avatar\/55cb5e37c1efa326397366e6974cb338056df65cb50e7d64d1cf314e87504837?s=96&d=mm&r=g\",\"caption\":\"Arnaldo Botto\"},\"url\":\"https:\/\/www.noticiasradioreflejos.com.ar\/2021\/author\/arnaldo\/\"}]}<\/script>\n<!-- \/ Yoast SEO plugin. -->","yoast_head_json":{"title":"Agroecolog\u00eda, cannabis y bienestar: Se acerca el 1\u00b0 Campamento Flipex - Noticias Radio Reflejos","robots":{"index":"index","follow":"follow","max-snippet":"max-snippet:-1","max-image-preview":"max-image-preview:large","max-video-preview":"max-video-preview:-1"},"canonical":"https:\/\/www.noticiasradioreflejos.com.ar\/2021\/agroecologia-cannabis-y-bienestar-se-acerca-el-1-campamento-flipex\/","og_locale":"es_ES","og_type":"article","og_title":"Agroecolog\u00eda, cannabis y bienestar: Se acerca el 1\u00b0 Campamento Flipex - Noticias Radio Reflejos","og_description":"Avanza la organizaci\u00f3n del 1\u00b0 Campamento Flipex, que se desarrollar\u00e1 los d\u00edas 18, 19 y 20 de marzo en Tornquist con la organizaci\u00f3n de la firma local Baraca Regional, en el Club Papelero y el Parque Lineal.","og_url":"https:\/\/www.noticiasradioreflejos.com.ar\/2021\/agroecologia-cannabis-y-bienestar-se-acerca-el-1-campamento-flipex\/","og_site_name":"Noticias Radio Reflejos","article_published_time":"2022-03-07T17:13:08+00:00","og_image":[{"url":"https:\/\/live.staticflickr.com\/65535\/51924183311_7b199c1a7a_c.jpg","type":"","width":"","height":""}],"author":"Arnaldo Botto","twitter_card":"summary_large_image","schema":{"@context":"https:\/\/schema.org","@graph":[{"@type":"WebPage","@id":"https:\/\/www.noticiasradioreflejos.com.ar\/2021\/agroecologia-cannabis-y-bienestar-se-acerca-el-1-campamento-flipex\/","url":"https:\/\/www.noticiasradioreflejos.com.ar\/2021\/agroecologia-cannabis-y-bienestar-se-acerca-el-1-campamento-flipex\/","name":"Agroecolog\u00eda, cannabis y bienestar: Se acerca el 1\u00b0 Campamento Flipex - Noticias Radio Reflejos","isPartOf":{"@id":"https:\/\/www.noticiasradioreflejos.com.ar\/2021\/#website"},"primaryImageOfPage":{"@id":"https:\/\/www.noticiasradioreflejos.com.ar\/2021\/agroecologia-cannabis-y-bienestar-se-acerca-el-1-campamento-flipex\/#primaryimage"},"image":{"@id":"https:\/\/www.noticiasradioreflejos.com.ar\/2021\/agroecologia-cannabis-y-bienestar-se-acerca-el-1-campamento-flipex\/#primaryimage"},"thumbnailUrl":"https:\/\/live.staticflickr.com\/65535\/51924183311_7b199c1a7a_c.jpg","datePublished":"2022-03-07T17:13:08+00:00","author":{"@id":"https:\/\/www.noticiasradioreflejos.com.ar\/2021\/#\/schema\/person\/ad82545263dcc5ec0996818884fd5fb1"},"breadcrumb":{"@id":"https:\/\/www.noticiasradioreflejos.com.ar\/2021\/agroecologia-cannabis-y-bienestar-se-acerca-el-1-campamento-flipex\/#breadcrumb"},"inLanguage":"es","potentialAction":[{"@type":"ReadAction","target":["https:\/\/www.noticiasradioreflejos.com.ar\/2021\/agroecologia-cannabis-y-bienestar-se-acerca-el-1-campamento-flipex\/"]}]},{"@type":"ImageObject","inLanguage":"es","@id":"https:\/\/www.noticiasradioreflejos.com.ar\/2021\/agroecologia-cannabis-y-bienestar-se-acerca-el-1-campamento-flipex\/#primaryimage","url":"https:\/\/live.staticflickr.com\/65535\/51924183311_7b199c1a7a_c.jpg","contentUrl":"https:\/\/live.staticflickr.com\/65535\/51924183311_7b199c1a7a_c.jpg"},{"@type":"BreadcrumbList","@id":"https:\/\/www.noticiasradioreflejos.com.ar\/2021\/agroecologia-cannabis-y-bienestar-se-acerca-el-1-campamento-flipex\/#breadcrumb","itemListElement":[{"@type":"ListItem","position":1,"name":"Portada","item":"https:\/\/www.noticiasradioreflejos.com.ar\/2021\/"},{"@type":"ListItem","position":2,"name":"Agroecolog\u00eda, cannabis y bienestar: Se acerca el 1\u00b0 Campamento Flipex"}]},{"@type":"WebSite","@id":"https:\/\/www.noticiasradioreflejos.com.ar\/2021\/#website","url":"https:\/\/www.noticiasradioreflejos.com.ar\/2021\/","name":"Noticias Radio Reflejos","description":"Las noticias de mi comarca","potentialAction":[{"@type":"SearchAction","target":{"@type":"EntryPoint","urlTemplate":"https:\/\/www.noticiasradioreflejos.com.ar\/2021\/?s={search_term_string}"},"query-input":{"@type":"PropertyValueSpecification","valueRequired":true,"valueName":"search_term_string"}}],"inLanguage":"es"},{"@type":"Person","@id":"https:\/\/www.noticiasradioreflejos.com.ar\/2021\/#\/schema\/person\/ad82545263dcc5ec0996818884fd5fb1","name":"Arnaldo Botto","image":{"@type":"ImageObject","inLanguage":"es","@id":"https:\/\/www.noticiasradioreflejos.com.ar\/2021\/#\/schema\/person\/image\/","url":"https:\/\/secure.gravatar.com\/avatar\/55cb5e37c1efa326397366e6974cb338056df65cb50e7d64d1cf314e87504837?s=96&d=mm&r=g","contentUrl":"https:\/\/secure.gravatar.com\/avatar\/55cb5e37c1efa326397366e6974cb338056df65cb50e7d64d1cf314e87504837?s=96&d=mm&r=g","caption":"Arnaldo Botto"},"url":"https:\/\/www.noticiasradioreflejos.com.ar\/2021\/author\/arnaldo\/"}]}},"_links":{"self":[{"href":"https:\/\/www.noticiasradioreflejos.com.ar\/2021\/wp-json\/wp\/v2\/posts\/69027","targetHints":{"allow":["GET"]}}],"collection":[{"href":"https:\/\/www.noticiasradioreflejos.com.ar\/2021\/wp-json\/wp\/v2\/posts"}],"about":[{"href":"https:\/\/www.noticiasradioreflejos.com.ar\/2021\/wp-json\/wp\/v2\/types\/post"}],"author":[{"embeddable":true,"href":"https:\/\/www.noticiasradioreflejos.com.ar\/2021\/wp-json\/wp\/v2\/users\/3"}],"replies":[{"embeddable":true,"href":"https:\/\/www.noticiasradioreflejos.com.ar\/2021\/wp-json\/wp\/v2\/comments?post=69027"}],"version-history":[{"count":1,"href":"https:\/\/www.noticiasradioreflejos.com.ar\/2021\/wp-json\/wp\/v2\/posts\/69027\/revisions"}],"predecessor-version":[{"id":69029,"href":"https:\/\/www.noticiasradioreflejos.com.ar\/2021\/wp-json\/wp\/v2\/posts\/69027\/revisions\/69029"}],"wp:attachment":[{"href":"https:\/\/www.noticiasradioreflejos.com.ar\/2021\/wp-json\/wp\/v2\/media?parent=69027"}],"wp:term":[{"taxonomy":"category","embeddable":true,"href":"https:\/\/www.noticiasradioreflejos.com.ar\/2021\/wp-json\/wp\/v2\/categories?post=69027"},{"taxonomy":"post_tag","embeddable":true,"href":"https:\/\/www.noticiasradioreflejos.com.ar\/2021\/wp-json\/wp\/v2\/tags?post=69027"}],"curies":[{"name":"wp","href":"https:\/\/api.w.org\/{rel}","templated":true}]}}