{"id":69020,"date":"2022-03-07T14:36:03","date_gmt":"2022-03-07T14:36:03","guid":{"rendered":"http:\/\/www.noticiasradioreflejos.com.ar\/2021\/?p=69020"},"modified":"2022-03-07T14:36:03","modified_gmt":"2022-03-07T14:36:03","slug":"se-vivio-a-pleno-el-cicloturismo-del-dia-de-la-mujer","status":"publish","type":"post","link":"https:\/\/www.noticiasradioreflejos.com.ar\/2021\/se-vivio-a-pleno-el-cicloturismo-del-dia-de-la-mujer\/","title":{"rendered":"Se vivi\u00f3 a pleno el Cicloturismo del D\u00eda de la Mujer"},"content":{"rendered":"<p>Tal como estaba previsto, este fin de semana se desarroll\u00f3 en Tornquist el Cicloturismo del D\u00eda de la Mujer, organizado por la Direcci\u00f3n de Deportes municipal en conjunto con el Automoto Club Deportivo.<!--more--><\/p>\n<p>La actividad consisti\u00f3 en dos recorridos, uno realizado el s\u00e1bado y otro el domingo:<\/p>\n<p>El primero, const\u00f3 de 30 kil\u00f3metros desde el predio del ACD hasta el \u2018El Balc\u00f3n del Arroyo\u2019, ubicado pasando el balneario municipal. All\u00ed, los ciclistas fueron recibidos con una picada y luego recorrieron el tambo e instalaciones del campo.<\/p>\n<p>El circuito de la segunda jornada, en tanto, inici\u00f3 por la ma\u00f1ana temprano nuevamente en el club organizador y finaliz\u00f3 en el Monte Perch, en Estancia Funke (45 K).<\/p>\n<p>Participaron por d\u00eda alrededor de 60 ciclistas (que accedieron a diferentes sorteos) de Tornquist y localidades de la regi\u00f3n, en una iniciativa que combin\u00f3 aventura, deporte y buenos momentos.<\/p>\n<p>Desde la Direcci\u00f3n de Deportes, agradecen a los dos establecimientos rurales por el recibimiento y permitir cumplir la actividad all\u00ed, como as\u00ed tambi\u00e9n a Automoto por el servicio brindado y a todos los participantes.<\/p>\n<p><a title=\"Cicloturismo 5-3 (1)\" href=\"https:\/\/www.flickr.com\/photos\/182279889@N02\/51923883776\/in\/dateposted-public\/\" data-flickr-embed=\"true\"><img loading=\"lazy\" decoding=\"async\" src=\"https:\/\/live.staticflickr.com\/65535\/51923883776_54b408b753_c.jpg\" alt=\"Cicloturismo 5-3 (1)\" width=\"800\" height=\"800\" \/><\/a><script async src=\"\/\/embedr.flickr.com\/assets\/client-code.js\" charset=\"utf-8\"><\/script><\/p>\n","protected":false},"excerpt":{"rendered":"<p>Tal como estaba previsto, este fin de semana se desarroll\u00f3 en Tornquist el Cicloturismo del D\u00eda de la Mujer, organizado por la Direcci\u00f3n de Deportes municipal en conjunto con el Automoto Club Deportivo.<\/p>\n","protected":false},"author":3,"featured_media":0,"comment_status":"closed","ping_status":"closed","sticky":false,"template":"","format":"standard","meta":{"footnotes":""},"categories":[27,28],"tags":[],"class_list":["post-69020","post","type-post","status-publish","format-standard","hentry","category-deportes","category-municipales"],"yoast_head":"<!-- This site is optimized with the Yoast SEO plugin v25.9 - https:\/\/yoast.com\/wordpress\/plugins\/seo\/ -->\n<title>Se vivi\u00f3 a pleno el Cicloturismo del D\u00eda de la Mujer - Noticias Radio Reflejos<\/title>\n<meta name=\"robots\" content=\"index, follow, max-snippet:-1, max-image-preview:large, max-video-preview:-1\" \/>\n<link rel=\"canonical\" href=\"https:\/\/www.noticiasradioreflejos.com.ar\/2021\/se-vivio-a-pleno-el-cicloturismo-del-dia-de-la-mujer\/\" \/>\n<meta property=\"og:locale\" content=\"es_ES\" \/>\n<meta property=\"og:type\" content=\"article\" \/>\n<meta property=\"og:title\" content=\"Se vivi\u00f3 a pleno el Cicloturismo del D\u00eda de la Mujer - Noticias Radio Reflejos\" \/>\n<meta property=\"og:description\" content=\"Tal como estaba previsto, este fin de semana se desarroll\u00f3 en Tornquist el Cicloturismo del D\u00eda de la Mujer, organizado por la Direcci\u00f3n de Deportes municipal en conjunto con el Automoto Club Deportivo.\" \/>\n<meta property=\"og:url\" content=\"https:\/\/www.noticiasradioreflejos.com.ar\/2021\/se-vivio-a-pleno-el-cicloturismo-del-dia-de-la-mujer\/\" \/>\n<meta property=\"og:site_name\" content=\"Noticias Radio Reflejos\" \/>\n<meta property=\"article:published_time\" content=\"2022-03-07T14:36:03+00:00\" \/>\n<meta property=\"og:image\" content=\"https:\/\/live.staticflickr.com\/65535\/51923883776_54b408b753_c.jpg\" \/>\n<meta name=\"author\" content=\"Arnaldo Botto\" \/>\n<meta name=\"twitter:card\" content=\"summary_large_image\" \/>\n<script type=\"application\/ld+json\" class=\"yoast-schema-graph\">{\"@context\":\"https:\/\/schema.org\",\"@graph\":[{\"@type\":\"WebPage\",\"@id\":\"https:\/\/www.noticiasradioreflejos.com.ar\/2021\/se-vivio-a-pleno-el-cicloturismo-del-dia-de-la-mujer\/\",\"url\":\"https:\/\/www.noticiasradioreflejos.com.ar\/2021\/se-vivio-a-pleno-el-cicloturismo-del-dia-de-la-mujer\/\",\"name\":\"Se vivi\u00f3 a pleno el Cicloturismo del D\u00eda de la Mujer - Noticias Radio Reflejos\",\"isPartOf\":{\"@id\":\"https:\/\/www.noticiasradioreflejos.com.ar\/2021\/#website\"},\"primaryImageOfPage\":{\"@id\":\"https:\/\/www.noticiasradioreflejos.com.ar\/2021\/se-vivio-a-pleno-el-cicloturismo-del-dia-de-la-mujer\/#primaryimage\"},\"image\":{\"@id\":\"https:\/\/www.noticiasradioreflejos.com.ar\/2021\/se-vivio-a-pleno-el-cicloturismo-del-dia-de-la-mujer\/#primaryimage\"},\"thumbnailUrl\":\"https:\/\/live.staticflickr.com\/65535\/51923883776_54b408b753_c.jpg\",\"datePublished\":\"2022-03-07T14:36:03+00:00\",\"author\":{\"@id\":\"https:\/\/www.noticiasradioreflejos.com.ar\/2021\/#\/schema\/person\/ad82545263dcc5ec0996818884fd5fb1\"},\"breadcrumb\":{\"@id\":\"https:\/\/www.noticiasradioreflejos.com.ar\/2021\/se-vivio-a-pleno-el-cicloturismo-del-dia-de-la-mujer\/#breadcrumb\"},\"inLanguage\":\"es\",\"potentialAction\":[{\"@type\":\"ReadAction\",\"target\":[\"https:\/\/www.noticiasradioreflejos.com.ar\/2021\/se-vivio-a-pleno-el-cicloturismo-del-dia-de-la-mujer\/\"]}]},{\"@type\":\"ImageObject\",\"inLanguage\":\"es\",\"@id\":\"https:\/\/www.noticiasradioreflejos.com.ar\/2021\/se-vivio-a-pleno-el-cicloturismo-del-dia-de-la-mujer\/#primaryimage\",\"url\":\"https:\/\/live.staticflickr.com\/65535\/51923883776_54b408b753_c.jpg\",\"contentUrl\":\"https:\/\/live.staticflickr.com\/65535\/51923883776_54b408b753_c.jpg\"},{\"@type\":\"BreadcrumbList\",\"@id\":\"https:\/\/www.noticiasradioreflejos.com.ar\/2021\/se-vivio-a-pleno-el-cicloturismo-del-dia-de-la-mujer\/#breadcrumb\",\"itemListElement\":[{\"@type\":\"ListItem\",\"position\":1,\"name\":\"Portada\",\"item\":\"https:\/\/www.noticiasradioreflejos.com.ar\/2021\/\"},{\"@type\":\"ListItem\",\"position\":2,\"name\":\"Se vivi\u00f3 a pleno el Cicloturismo del D\u00eda de la Mujer\"}]},{\"@type\":\"WebSite\",\"@id\":\"https:\/\/www.noticiasradioreflejos.com.ar\/2021\/#website\",\"url\":\"https:\/\/www.noticiasradioreflejos.com.ar\/2021\/\",\"name\":\"Noticias Radio Reflejos\",\"description\":\"Las noticias de mi comarca\",\"potentialAction\":[{\"@type\":\"SearchAction\",\"target\":{\"@type\":\"EntryPoint\",\"urlTemplate\":\"https:\/\/www.noticiasradioreflejos.com.ar\/2021\/?s={search_term_string}\"},\"query-input\":{\"@type\":\"PropertyValueSpecification\",\"valueRequired\":true,\"valueName\":\"search_term_string\"}}],\"inLanguage\":\"es\"},{\"@type\":\"Person\",\"@id\":\"https:\/\/www.noticiasradioreflejos.com.ar\/2021\/#\/schema\/person\/ad82545263dcc5ec0996818884fd5fb1\",\"name\":\"Arnaldo Botto\",\"image\":{\"@type\":\"ImageObject\",\"inLanguage\":\"es\",\"@id\":\"https:\/\/www.noticiasradioreflejos.com.ar\/2021\/#\/schema\/person\/image\/\",\"url\":\"https:\/\/secure.gravatar.com\/avatar\/55cb5e37c1efa326397366e6974cb338056df65cb50e7d64d1cf314e87504837?s=96&d=mm&r=g\",\"contentUrl\":\"https:\/\/secure.gravatar.com\/avatar\/55cb5e37c1efa326397366e6974cb338056df65cb50e7d64d1cf314e87504837?s=96&d=mm&r=g\",\"caption\":\"Arnaldo Botto\"},\"url\":\"https:\/\/www.noticiasradioreflejos.com.ar\/2021\/author\/arnaldo\/\"}]}<\/script>\n<!-- \/ Yoast SEO plugin. -->","yoast_head_json":{"title":"Se vivi\u00f3 a pleno el Cicloturismo del D\u00eda de la Mujer - Noticias Radio Reflejos","robots":{"index":"index","follow":"follow","max-snippet":"max-snippet:-1","max-image-preview":"max-image-preview:large","max-video-preview":"max-video-preview:-1"},"canonical":"https:\/\/www.noticiasradioreflejos.com.ar\/2021\/se-vivio-a-pleno-el-cicloturismo-del-dia-de-la-mujer\/","og_locale":"es_ES","og_type":"article","og_title":"Se vivi\u00f3 a pleno el Cicloturismo del D\u00eda de la Mujer - Noticias Radio Reflejos","og_description":"Tal como estaba previsto, este fin de semana se desarroll\u00f3 en Tornquist el Cicloturismo del D\u00eda de la Mujer, organizado por la Direcci\u00f3n de Deportes municipal en conjunto con el Automoto Club Deportivo.","og_url":"https:\/\/www.noticiasradioreflejos.com.ar\/2021\/se-vivio-a-pleno-el-cicloturismo-del-dia-de-la-mujer\/","og_site_name":"Noticias Radio Reflejos","article_published_time":"2022-03-07T14:36:03+00:00","og_image":[{"url":"https:\/\/live.staticflickr.com\/65535\/51923883776_54b408b753_c.jpg","type":"","width":"","height":""}],"author":"Arnaldo Botto","twitter_card":"summary_large_image","schema":{"@context":"https:\/\/schema.org","@graph":[{"@type":"WebPage","@id":"https:\/\/www.noticiasradioreflejos.com.ar\/2021\/se-vivio-a-pleno-el-cicloturismo-del-dia-de-la-mujer\/","url":"https:\/\/www.noticiasradioreflejos.com.ar\/2021\/se-vivio-a-pleno-el-cicloturismo-del-dia-de-la-mujer\/","name":"Se vivi\u00f3 a pleno el Cicloturismo del D\u00eda de la Mujer - Noticias Radio Reflejos","isPartOf":{"@id":"https:\/\/www.noticiasradioreflejos.com.ar\/2021\/#website"},"primaryImageOfPage":{"@id":"https:\/\/www.noticiasradioreflejos.com.ar\/2021\/se-vivio-a-pleno-el-cicloturismo-del-dia-de-la-mujer\/#primaryimage"},"image":{"@id":"https:\/\/www.noticiasradioreflejos.com.ar\/2021\/se-vivio-a-pleno-el-cicloturismo-del-dia-de-la-mujer\/#primaryimage"},"thumbnailUrl":"https:\/\/live.staticflickr.com\/65535\/51923883776_54b408b753_c.jpg","datePublished":"2022-03-07T14:36:03+00:00","author":{"@id":"https:\/\/www.noticiasradioreflejos.com.ar\/2021\/#\/schema\/person\/ad82545263dcc5ec0996818884fd5fb1"},"breadcrumb":{"@id":"https:\/\/www.noticiasradioreflejos.com.ar\/2021\/se-vivio-a-pleno-el-cicloturismo-del-dia-de-la-mujer\/#breadcrumb"},"inLanguage":"es","potentialAction":[{"@type":"ReadAction","target":["https:\/\/www.noticiasradioreflejos.com.ar\/2021\/se-vivio-a-pleno-el-cicloturismo-del-dia-de-la-mujer\/"]}]},{"@type":"ImageObject","inLanguage":"es","@id":"https:\/\/www.noticiasradioreflejos.com.ar\/2021\/se-vivio-a-pleno-el-cicloturismo-del-dia-de-la-mujer\/#primaryimage","url":"https:\/\/live.staticflickr.com\/65535\/51923883776_54b408b753_c.jpg","contentUrl":"https:\/\/live.staticflickr.com\/65535\/51923883776_54b408b753_c.jpg"},{"@type":"BreadcrumbList","@id":"https:\/\/www.noticiasradioreflejos.com.ar\/2021\/se-vivio-a-pleno-el-cicloturismo-del-dia-de-la-mujer\/#breadcrumb","itemListElement":[{"@type":"ListItem","position":1,"name":"Portada","item":"https:\/\/www.noticiasradioreflejos.com.ar\/2021\/"},{"@type":"ListItem","position":2,"name":"Se vivi\u00f3 a pleno el Cicloturismo del D\u00eda de la Mujer"}]},{"@type":"WebSite","@id":"https:\/\/www.noticiasradioreflejos.com.ar\/2021\/#website","url":"https:\/\/www.noticiasradioreflejos.com.ar\/2021\/","name":"Noticias Radio Reflejos","description":"Las noticias de mi comarca","potentialAction":[{"@type":"SearchAction","target":{"@type":"EntryPoint","urlTemplate":"https:\/\/www.noticiasradioreflejos.com.ar\/2021\/?s={search_term_string}"},"query-input":{"@type":"PropertyValueSpecification","valueRequired":true,"valueName":"search_term_string"}}],"inLanguage":"es"},{"@type":"Person","@id":"https:\/\/www.noticiasradioreflejos.com.ar\/2021\/#\/schema\/person\/ad82545263dcc5ec0996818884fd5fb1","name":"Arnaldo Botto","image":{"@type":"ImageObject","inLanguage":"es","@id":"https:\/\/www.noticiasradioreflejos.com.ar\/2021\/#\/schema\/person\/image\/","url":"https:\/\/secure.gravatar.com\/avatar\/55cb5e37c1efa326397366e6974cb338056df65cb50e7d64d1cf314e87504837?s=96&d=mm&r=g","contentUrl":"https:\/\/secure.gravatar.com\/avatar\/55cb5e37c1efa326397366e6974cb338056df65cb50e7d64d1cf314e87504837?s=96&d=mm&r=g","caption":"Arnaldo Botto"},"url":"https:\/\/www.noticiasradioreflejos.com.ar\/2021\/author\/arnaldo\/"}]}},"_links":{"self":[{"href":"https:\/\/www.noticiasradioreflejos.com.ar\/2021\/wp-json\/wp\/v2\/posts\/69020","targetHints":{"allow":["GET"]}}],"collection":[{"href":"https:\/\/www.noticiasradioreflejos.com.ar\/2021\/wp-json\/wp\/v2\/posts"}],"about":[{"href":"https:\/\/www.noticiasradioreflejos.com.ar\/2021\/wp-json\/wp\/v2\/types\/post"}],"author":[{"embeddable":true,"href":"https:\/\/www.noticiasradioreflejos.com.ar\/2021\/wp-json\/wp\/v2\/users\/3"}],"replies":[{"embeddable":true,"href":"https:\/\/www.noticiasradioreflejos.com.ar\/2021\/wp-json\/wp\/v2\/comments?post=69020"}],"version-history":[{"count":1,"href":"https:\/\/www.noticiasradioreflejos.com.ar\/2021\/wp-json\/wp\/v2\/posts\/69020\/revisions"}],"predecessor-version":[{"id":69022,"href":"https:\/\/www.noticiasradioreflejos.com.ar\/2021\/wp-json\/wp\/v2\/posts\/69020\/revisions\/69022"}],"wp:attachment":[{"href":"https:\/\/www.noticiasradioreflejos.com.ar\/2021\/wp-json\/wp\/v2\/media?parent=69020"}],"wp:term":[{"taxonomy":"category","embeddable":true,"href":"https:\/\/www.noticiasradioreflejos.com.ar\/2021\/wp-json\/wp\/v2\/categories?post=69020"},{"taxonomy":"post_tag","embeddable":true,"href":"https:\/\/www.noticiasradioreflejos.com.ar\/2021\/wp-json\/wp\/v2\/tags?post=69020"}],"curies":[{"name":"wp","href":"https:\/\/api.w.org\/{rel}","templated":true}]}}