{"id":69017,"date":"2022-03-07T14:16:01","date_gmt":"2022-03-07T14:16:01","guid":{"rendered":"http:\/\/www.noticiasradioreflejos.com.ar\/2021\/?p=69017"},"modified":"2022-03-07T14:16:01","modified_gmt":"2022-03-07T14:16:01","slug":"saldungaray-abierta-la-inscripcion-para-cubrir-vacantes-en-el-curso-de-instalador-de-sistemas-electricos-de-energias-renovables","status":"publish","type":"post","link":"https:\/\/www.noticiasradioreflejos.com.ar\/2021\/saldungaray-abierta-la-inscripcion-para-cubrir-vacantes-en-el-curso-de-instalador-de-sistemas-electricos-de-energias-renovables\/","title":{"rendered":"Saldungaray: Abierta la inscripci\u00f3n para cubrir vacantes en el curso de instalador de sistemas el\u00e9ctricos de energ\u00edas renovables"},"content":{"rendered":"<p><u>EL Centro de Formaci\u00f3n N\u00b0402 de Tornquist\u00a0 informa:<\/u><!--more--><\/p>\n<p>Que se encuentra abierta la inscripci\u00f3n para cubrir vacantes originadas en el curso de <u>INSTALADOR DE SISTEMAS ELECTRICOS DE ENERG\u00cdAS RENOVABLES<\/u><\/p>\n<p>dictado en Saldungaray los d\u00edas &#8211;<u>Martes y Jueves de 17 a 20:30 Hs<\/u>&#8211; En la subsede de La plata y Victoria (Ex casa Mar\u00eda Auxiliadora).<\/p>\n<p>Para mayor informaci\u00f3n comunicarse al Cel 291-5770794 (Dante Peralta) o concurrir a la subsede en el horario y d\u00edas antes mencionados.<\/p>\n<p><u>Para la inscripci\u00f3n<\/u>: (Ser mayor de 16 a\u00f1os o pr\u00f3ximo a cumplir).<\/p>\n<p>Llevar fotocopias: 2 del DNI y 1 de certificado de estudios secundarios. <u>El curso es gratuito y las vacantes son limitadas.<\/u><\/p>\n","protected":false},"excerpt":{"rendered":"<p>EL Centro de Formaci\u00f3n N\u00b0402 de Tornquist\u00a0 informa:<\/p>\n","protected":false},"author":3,"featured_media":69018,"comment_status":"closed","ping_status":"closed","sticky":false,"template":"","format":"standard","meta":{"footnotes":""},"categories":[34],"tags":[],"class_list":["post-69017","post","type-post","status-publish","format-standard","has-post-thumbnail","hentry","category-educacion"],"yoast_head":"<!-- This site is optimized with the Yoast SEO plugin v25.9 - https:\/\/yoast.com\/wordpress\/plugins\/seo\/ -->\n<title>Saldungaray: Abierta la inscripci\u00f3n para cubrir vacantes en el curso de instalador de sistemas el\u00e9ctricos de energ\u00edas renovables - Noticias Radio Reflejos<\/title>\n<meta name=\"robots\" content=\"index, follow, max-snippet:-1, max-image-preview:large, max-video-preview:-1\" \/>\n<link rel=\"canonical\" href=\"https:\/\/www.noticiasradioreflejos.com.ar\/2021\/saldungaray-abierta-la-inscripcion-para-cubrir-vacantes-en-el-curso-de-instalador-de-sistemas-electricos-de-energias-renovables\/\" \/>\n<meta property=\"og:locale\" content=\"es_ES\" \/>\n<meta property=\"og:type\" content=\"article\" \/>\n<meta property=\"og:title\" content=\"Saldungaray: Abierta la inscripci\u00f3n para cubrir vacantes en el curso de instalador de sistemas el\u00e9ctricos de energ\u00edas renovables - Noticias Radio Reflejos\" \/>\n<meta property=\"og:description\" content=\"EL Centro de Formaci\u00f3n N\u00b0402 de Tornquist\u00a0 informa:\" \/>\n<meta property=\"og:url\" content=\"https:\/\/www.noticiasradioreflejos.com.ar\/2021\/saldungaray-abierta-la-inscripcion-para-cubrir-vacantes-en-el-curso-de-instalador-de-sistemas-electricos-de-energias-renovables\/\" \/>\n<meta property=\"og:site_name\" content=\"Noticias Radio Reflejos\" \/>\n<meta property=\"article:published_time\" content=\"2022-03-07T14:16:01+00:00\" \/>\n<meta property=\"og:image\" content=\"https:\/\/www.noticiasradioreflejos.com.ar\/2021\/wp-content\/uploads\/2022\/03\/MARIA-aUX-SALDUNGARAY.jpg\" \/>\n\t<meta property=\"og:image:width\" content=\"400\" \/>\n\t<meta property=\"og:image:height\" content=\"225\" \/>\n\t<meta property=\"og:image:type\" content=\"image\/jpeg\" \/>\n<meta name=\"author\" content=\"Arnaldo Botto\" \/>\n<meta name=\"twitter:card\" content=\"summary_large_image\" \/>\n<script type=\"application\/ld+json\" class=\"yoast-schema-graph\">{\"@context\":\"https:\/\/schema.org\",\"@graph\":[{\"@type\":\"WebPage\",\"@id\":\"https:\/\/www.noticiasradioreflejos.com.ar\/2021\/saldungaray-abierta-la-inscripcion-para-cubrir-vacantes-en-el-curso-de-instalador-de-sistemas-electricos-de-energias-renovables\/\",\"url\":\"https:\/\/www.noticiasradioreflejos.com.ar\/2021\/saldungaray-abierta-la-inscripcion-para-cubrir-vacantes-en-el-curso-de-instalador-de-sistemas-electricos-de-energias-renovables\/\",\"name\":\"Saldungaray: Abierta la inscripci\u00f3n para cubrir vacantes en el curso de instalador de sistemas el\u00e9ctricos de energ\u00edas renovables - Noticias Radio Reflejos\",\"isPartOf\":{\"@id\":\"https:\/\/www.noticiasradioreflejos.com.ar\/2021\/#website\"},\"primaryImageOfPage\":{\"@id\":\"https:\/\/www.noticiasradioreflejos.com.ar\/2021\/saldungaray-abierta-la-inscripcion-para-cubrir-vacantes-en-el-curso-de-instalador-de-sistemas-electricos-de-energias-renovables\/#primaryimage\"},\"image\":{\"@id\":\"https:\/\/www.noticiasradioreflejos.com.ar\/2021\/saldungaray-abierta-la-inscripcion-para-cubrir-vacantes-en-el-curso-de-instalador-de-sistemas-electricos-de-energias-renovables\/#primaryimage\"},\"thumbnailUrl\":\"https:\/\/www.noticiasradioreflejos.com.ar\/2021\/wp-content\/uploads\/2022\/03\/MARIA-aUX-SALDUNGARAY.jpg\",\"datePublished\":\"2022-03-07T14:16:01+00:00\",\"author\":{\"@id\":\"https:\/\/www.noticiasradioreflejos.com.ar\/2021\/#\/schema\/person\/ad82545263dcc5ec0996818884fd5fb1\"},\"breadcrumb\":{\"@id\":\"https:\/\/www.noticiasradioreflejos.com.ar\/2021\/saldungaray-abierta-la-inscripcion-para-cubrir-vacantes-en-el-curso-de-instalador-de-sistemas-electricos-de-energias-renovables\/#breadcrumb\"},\"inLanguage\":\"es\",\"potentialAction\":[{\"@type\":\"ReadAction\",\"target\":[\"https:\/\/www.noticiasradioreflejos.com.ar\/2021\/saldungaray-abierta-la-inscripcion-para-cubrir-vacantes-en-el-curso-de-instalador-de-sistemas-electricos-de-energias-renovables\/\"]}]},{\"@type\":\"ImageObject\",\"inLanguage\":\"es\",\"@id\":\"https:\/\/www.noticiasradioreflejos.com.ar\/2021\/saldungaray-abierta-la-inscripcion-para-cubrir-vacantes-en-el-curso-de-instalador-de-sistemas-electricos-de-energias-renovables\/#primaryimage\",\"url\":\"https:\/\/www.noticiasradioreflejos.com.ar\/2021\/wp-content\/uploads\/2022\/03\/MARIA-aUX-SALDUNGARAY.jpg\",\"contentUrl\":\"https:\/\/www.noticiasradioreflejos.com.ar\/2021\/wp-content\/uploads\/2022\/03\/MARIA-aUX-SALDUNGARAY.jpg\",\"width\":400,\"height\":225},{\"@type\":\"BreadcrumbList\",\"@id\":\"https:\/\/www.noticiasradioreflejos.com.ar\/2021\/saldungaray-abierta-la-inscripcion-para-cubrir-vacantes-en-el-curso-de-instalador-de-sistemas-electricos-de-energias-renovables\/#breadcrumb\",\"itemListElement\":[{\"@type\":\"ListItem\",\"position\":1,\"name\":\"Portada\",\"item\":\"https:\/\/www.noticiasradioreflejos.com.ar\/2021\/\"},{\"@type\":\"ListItem\",\"position\":2,\"name\":\"Saldungaray: Abierta la inscripci\u00f3n para cubrir vacantes en el curso de instalador de sistemas el\u00e9ctricos de energ\u00edas renovables\"}]},{\"@type\":\"WebSite\",\"@id\":\"https:\/\/www.noticiasradioreflejos.com.ar\/2021\/#website\",\"url\":\"https:\/\/www.noticiasradioreflejos.com.ar\/2021\/\",\"name\":\"Noticias Radio Reflejos\",\"description\":\"Las noticias de mi comarca\",\"potentialAction\":[{\"@type\":\"SearchAction\",\"target\":{\"@type\":\"EntryPoint\",\"urlTemplate\":\"https:\/\/www.noticiasradioreflejos.com.ar\/2021\/?s={search_term_string}\"},\"query-input\":{\"@type\":\"PropertyValueSpecification\",\"valueRequired\":true,\"valueName\":\"search_term_string\"}}],\"inLanguage\":\"es\"},{\"@type\":\"Person\",\"@id\":\"https:\/\/www.noticiasradioreflejos.com.ar\/2021\/#\/schema\/person\/ad82545263dcc5ec0996818884fd5fb1\",\"name\":\"Arnaldo Botto\",\"image\":{\"@type\":\"ImageObject\",\"inLanguage\":\"es\",\"@id\":\"https:\/\/www.noticiasradioreflejos.com.ar\/2021\/#\/schema\/person\/image\/\",\"url\":\"https:\/\/secure.gravatar.com\/avatar\/55cb5e37c1efa326397366e6974cb338056df65cb50e7d64d1cf314e87504837?s=96&d=mm&r=g\",\"contentUrl\":\"https:\/\/secure.gravatar.com\/avatar\/55cb5e37c1efa326397366e6974cb338056df65cb50e7d64d1cf314e87504837?s=96&d=mm&r=g\",\"caption\":\"Arnaldo Botto\"},\"url\":\"https:\/\/www.noticiasradioreflejos.com.ar\/2021\/author\/arnaldo\/\"}]}<\/script>\n<!-- \/ Yoast SEO plugin. -->","yoast_head_json":{"title":"Saldungaray: Abierta la inscripci\u00f3n para cubrir vacantes en el curso de instalador de sistemas el\u00e9ctricos de energ\u00edas renovables - Noticias Radio Reflejos","robots":{"index":"index","follow":"follow","max-snippet":"max-snippet:-1","max-image-preview":"max-image-preview:large","max-video-preview":"max-video-preview:-1"},"canonical":"https:\/\/www.noticiasradioreflejos.com.ar\/2021\/saldungaray-abierta-la-inscripcion-para-cubrir-vacantes-en-el-curso-de-instalador-de-sistemas-electricos-de-energias-renovables\/","og_locale":"es_ES","og_type":"article","og_title":"Saldungaray: Abierta la inscripci\u00f3n para cubrir vacantes en el curso de instalador de sistemas el\u00e9ctricos de energ\u00edas renovables - Noticias Radio Reflejos","og_description":"EL Centro de Formaci\u00f3n N\u00b0402 de Tornquist\u00a0 informa:","og_url":"https:\/\/www.noticiasradioreflejos.com.ar\/2021\/saldungaray-abierta-la-inscripcion-para-cubrir-vacantes-en-el-curso-de-instalador-de-sistemas-electricos-de-energias-renovables\/","og_site_name":"Noticias Radio Reflejos","article_published_time":"2022-03-07T14:16:01+00:00","og_image":[{"width":400,"height":225,"url":"https:\/\/www.noticiasradioreflejos.com.ar\/2021\/wp-content\/uploads\/2022\/03\/MARIA-aUX-SALDUNGARAY.jpg","type":"image\/jpeg"}],"author":"Arnaldo Botto","twitter_card":"summary_large_image","schema":{"@context":"https:\/\/schema.org","@graph":[{"@type":"WebPage","@id":"https:\/\/www.noticiasradioreflejos.com.ar\/2021\/saldungaray-abierta-la-inscripcion-para-cubrir-vacantes-en-el-curso-de-instalador-de-sistemas-electricos-de-energias-renovables\/","url":"https:\/\/www.noticiasradioreflejos.com.ar\/2021\/saldungaray-abierta-la-inscripcion-para-cubrir-vacantes-en-el-curso-de-instalador-de-sistemas-electricos-de-energias-renovables\/","name":"Saldungaray: Abierta la inscripci\u00f3n para cubrir vacantes en el curso de instalador de sistemas el\u00e9ctricos de energ\u00edas renovables - Noticias Radio Reflejos","isPartOf":{"@id":"https:\/\/www.noticiasradioreflejos.com.ar\/2021\/#website"},"primaryImageOfPage":{"@id":"https:\/\/www.noticiasradioreflejos.com.ar\/2021\/saldungaray-abierta-la-inscripcion-para-cubrir-vacantes-en-el-curso-de-instalador-de-sistemas-electricos-de-energias-renovables\/#primaryimage"},"image":{"@id":"https:\/\/www.noticiasradioreflejos.com.ar\/2021\/saldungaray-abierta-la-inscripcion-para-cubrir-vacantes-en-el-curso-de-instalador-de-sistemas-electricos-de-energias-renovables\/#primaryimage"},"thumbnailUrl":"https:\/\/www.noticiasradioreflejos.com.ar\/2021\/wp-content\/uploads\/2022\/03\/MARIA-aUX-SALDUNGARAY.jpg","datePublished":"2022-03-07T14:16:01+00:00","author":{"@id":"https:\/\/www.noticiasradioreflejos.com.ar\/2021\/#\/schema\/person\/ad82545263dcc5ec0996818884fd5fb1"},"breadcrumb":{"@id":"https:\/\/www.noticiasradioreflejos.com.ar\/2021\/saldungaray-abierta-la-inscripcion-para-cubrir-vacantes-en-el-curso-de-instalador-de-sistemas-electricos-de-energias-renovables\/#breadcrumb"},"inLanguage":"es","potentialAction":[{"@type":"ReadAction","target":["https:\/\/www.noticiasradioreflejos.com.ar\/2021\/saldungaray-abierta-la-inscripcion-para-cubrir-vacantes-en-el-curso-de-instalador-de-sistemas-electricos-de-energias-renovables\/"]}]},{"@type":"ImageObject","inLanguage":"es","@id":"https:\/\/www.noticiasradioreflejos.com.ar\/2021\/saldungaray-abierta-la-inscripcion-para-cubrir-vacantes-en-el-curso-de-instalador-de-sistemas-electricos-de-energias-renovables\/#primaryimage","url":"https:\/\/www.noticiasradioreflejos.com.ar\/2021\/wp-content\/uploads\/2022\/03\/MARIA-aUX-SALDUNGARAY.jpg","contentUrl":"https:\/\/www.noticiasradioreflejos.com.ar\/2021\/wp-content\/uploads\/2022\/03\/MARIA-aUX-SALDUNGARAY.jpg","width":400,"height":225},{"@type":"BreadcrumbList","@id":"https:\/\/www.noticiasradioreflejos.com.ar\/2021\/saldungaray-abierta-la-inscripcion-para-cubrir-vacantes-en-el-curso-de-instalador-de-sistemas-electricos-de-energias-renovables\/#breadcrumb","itemListElement":[{"@type":"ListItem","position":1,"name":"Portada","item":"https:\/\/www.noticiasradioreflejos.com.ar\/2021\/"},{"@type":"ListItem","position":2,"name":"Saldungaray: Abierta la inscripci\u00f3n para cubrir vacantes en el curso de instalador de sistemas el\u00e9ctricos de energ\u00edas renovables"}]},{"@type":"WebSite","@id":"https:\/\/www.noticiasradioreflejos.com.ar\/2021\/#website","url":"https:\/\/www.noticiasradioreflejos.com.ar\/2021\/","name":"Noticias Radio Reflejos","description":"Las noticias de mi comarca","potentialAction":[{"@type":"SearchAction","target":{"@type":"EntryPoint","urlTemplate":"https:\/\/www.noticiasradioreflejos.com.ar\/2021\/?s={search_term_string}"},"query-input":{"@type":"PropertyValueSpecification","valueRequired":true,"valueName":"search_term_string"}}],"inLanguage":"es"},{"@type":"Person","@id":"https:\/\/www.noticiasradioreflejos.com.ar\/2021\/#\/schema\/person\/ad82545263dcc5ec0996818884fd5fb1","name":"Arnaldo Botto","image":{"@type":"ImageObject","inLanguage":"es","@id":"https:\/\/www.noticiasradioreflejos.com.ar\/2021\/#\/schema\/person\/image\/","url":"https:\/\/secure.gravatar.com\/avatar\/55cb5e37c1efa326397366e6974cb338056df65cb50e7d64d1cf314e87504837?s=96&d=mm&r=g","contentUrl":"https:\/\/secure.gravatar.com\/avatar\/55cb5e37c1efa326397366e6974cb338056df65cb50e7d64d1cf314e87504837?s=96&d=mm&r=g","caption":"Arnaldo Botto"},"url":"https:\/\/www.noticiasradioreflejos.com.ar\/2021\/author\/arnaldo\/"}]}},"_links":{"self":[{"href":"https:\/\/www.noticiasradioreflejos.com.ar\/2021\/wp-json\/wp\/v2\/posts\/69017","targetHints":{"allow":["GET"]}}],"collection":[{"href":"https:\/\/www.noticiasradioreflejos.com.ar\/2021\/wp-json\/wp\/v2\/posts"}],"about":[{"href":"https:\/\/www.noticiasradioreflejos.com.ar\/2021\/wp-json\/wp\/v2\/types\/post"}],"author":[{"embeddable":true,"href":"https:\/\/www.noticiasradioreflejos.com.ar\/2021\/wp-json\/wp\/v2\/users\/3"}],"replies":[{"embeddable":true,"href":"https:\/\/www.noticiasradioreflejos.com.ar\/2021\/wp-json\/wp\/v2\/comments?post=69017"}],"version-history":[{"count":1,"href":"https:\/\/www.noticiasradioreflejos.com.ar\/2021\/wp-json\/wp\/v2\/posts\/69017\/revisions"}],"predecessor-version":[{"id":69019,"href":"https:\/\/www.noticiasradioreflejos.com.ar\/2021\/wp-json\/wp\/v2\/posts\/69017\/revisions\/69019"}],"wp:featuredmedia":[{"embeddable":true,"href":"https:\/\/www.noticiasradioreflejos.com.ar\/2021\/wp-json\/wp\/v2\/media\/69018"}],"wp:attachment":[{"href":"https:\/\/www.noticiasradioreflejos.com.ar\/2021\/wp-json\/wp\/v2\/media?parent=69017"}],"wp:term":[{"taxonomy":"category","embeddable":true,"href":"https:\/\/www.noticiasradioreflejos.com.ar\/2021\/wp-json\/wp\/v2\/categories?post=69017"},{"taxonomy":"post_tag","embeddable":true,"href":"https:\/\/www.noticiasradioreflejos.com.ar\/2021\/wp-json\/wp\/v2\/tags?post=69017"}],"curies":[{"name":"wp","href":"https:\/\/api.w.org\/{rel}","templated":true}]}}