{"id":68784,"date":"2022-02-28T15:12:13","date_gmt":"2022-02-28T15:12:13","guid":{"rendered":"http:\/\/www.noticiasradioreflejos.com.ar\/2021\/?p=68784"},"modified":"2022-02-28T15:12:13","modified_gmt":"2022-02-28T15:12:13","slug":"hockey-la-campeona-del-mundo-y-medallista-olimpica-soledad-garcia-dejo-su-huella-en-el-club-union","status":"publish","type":"post","link":"https:\/\/www.noticiasradioreflejos.com.ar\/2021\/hockey-la-campeona-del-mundo-y-medallista-olimpica-soledad-garcia-dejo-su-huella-en-el-club-union\/","title":{"rendered":"Hockey: La campeona del mundo y medallista ol\u00edmpica Soledad Garc\u00eda, dej\u00f3 su huella en el Club Uni\u00f3n"},"content":{"rendered":"<p>Un fin de semana hist\u00f3rico se vivi\u00f3 en el Club Uni\u00f3n de Tornquist, con la visita de la exLeona Soledad Garc\u00eda, dos veces campeona mundial y triple medallista ol\u00edmpica, entre otros logros, con la Selecci\u00f3n Argentina, la que integr\u00f3 entre 1998 y 2011.<!--more--><\/p>\n<p><a title=\"WhatsApp Image 2022-02-28 at 12.01.42 PM (3)\" href=\"https:\/\/www.flickr.com\/photos\/182279889@N02\/51909647028\/in\/dateposted-public\/\" data-flickr-embed=\"true\"><img loading=\"lazy\" decoding=\"async\" src=\"https:\/\/live.staticflickr.com\/65535\/51909647028_6f85f8b4c2_c.jpg\" alt=\"WhatsApp Image 2022-02-28 at 12.01.42 PM (3)\" width=\"800\" height=\"533\" \/><\/a><script async src=\"\/\/embedr.flickr.com\/assets\/client-code.js\" charset=\"utf-8\"><\/script><\/p>\n<p>Durante el s\u00e1bado y el domingo, la cordobesa brind\u00f3 una cl\u00ednica de hockey de la que participaron, en diferentes grupos, cerca de 150 jugadoras y jugadores desde 12 a\u00f1os hasta adultos, tanto de Tornquist como de Bah\u00eda Blanca, Punta Alta, Sierra de la Ventana, Pig\u00fc\u00e9, Coronel Su\u00e1rez, Macach\u00edn, Alpachiri y Santa Rosa (La Pampa).<\/p>\n<p>La actividad se bas\u00f3 en el trabajo de aspectos t\u00e9cnicos y t\u00e1cticos, con la impronta, consejos y ense\u00f1anzas de una figura tal como es Sole, con su humildad y humanidad por sobre todas la cosas.<\/p>\n<p><a title=\"WhatsApp Image 2022-02-28 at 12.01.44 PM (1)\" href=\"https:\/\/www.flickr.com\/photos\/182279889@N02\/51910177025\/in\/dateposted-public\/\" data-flickr-embed=\"true\"><img loading=\"lazy\" decoding=\"async\" src=\"https:\/\/live.staticflickr.com\/65535\/51910177025_39cc6f2cb2_c.jpg\" alt=\"WhatsApp Image 2022-02-28 at 12.01.44 PM (1)\" width=\"800\" height=\"533\" \/><\/a><script async src=\"\/\/embedr.flickr.com\/assets\/client-code.js\" charset=\"utf-8\"><\/script><\/p>\n<p>La exitosa hockista, que se desempe\u00f1\u00f3 en clubes de Argentina, Holanda y Alemania, fue recibida por el s\u00e1bado por la ma\u00f1ana por el presidente de Uni\u00f3n, German Pettiarni, el intendente Sergio Bordoni, el Presidente de la Cooperativa El\u00e9ctrica (CELT), Alberto Rubio, y autoridades del Concejo Deliberante.<\/p>\n<p>La cl\u00ednica cont\u00f3 con el apoyo del municipio de Tornquist, la CELT y una importante cantidad de comercios; y Soledad fue declarada por el HCD como Hu\u00e9sped de Honor, en un merecido reconocimiento.<\/p>\n<p>Sin dudas, fue un fin de semana que quedar\u00e1 grabado en la retina de todos los que tuvieron la oportunidad de vivir un momento al lado de una deportista de tal magnitud, destacada internacionalmente y que se hizo un lugar en su agenda para llegar a un club a\u00fan lleno de ilusiones y sue\u00f1os. \u00a1Gracias eternas, Sole!<\/p>\n<p><a data-flickr-embed=\"true\" href=\"https:\/\/www.flickr.com\/photos\/182279889@N02\/51908583732\/in\/dateposted-public\/\" title=\"WhatsApp Image 2022-02-28 at 12.01.44 PM\"><img loading=\"lazy\" decoding=\"async\" src=\"https:\/\/live.staticflickr.com\/65535\/51908583732_9f7f215638_c.jpg\" width=\"800\" height=\"533\" alt=\"WhatsApp Image 2022-02-28 at 12.01.44 PM\"><\/a><script async src=\"\/\/embedr.flickr.com\/assets\/client-code.js\" charset=\"utf-8\"><\/script><\/p>\n<p><a data-flickr-embed=\"true\" href=\"https:\/\/www.flickr.com\/photos\/182279889@N02\/51908582832\/in\/dateposted-public\/\" title=\"WhatsApp Image 2022-02-28 at 12.01.42 PM (2)\"><img loading=\"lazy\" decoding=\"async\" src=\"https:\/\/live.staticflickr.com\/65535\/51908582832_2c34d9b5b2_c.jpg\" width=\"800\" height=\"533\" alt=\"WhatsApp Image 2022-02-28 at 12.01.42 PM (2)\"><\/a><script async src=\"\/\/embedr.flickr.com\/assets\/client-code.js\" charset=\"utf-8\"><\/script><\/p>\n","protected":false},"excerpt":{"rendered":"<p>Un fin de semana hist\u00f3rico se vivi\u00f3 en el Club Uni\u00f3n de Tornquist, con la visita de la exLeona Soledad Garc\u00eda, dos veces campeona mundial y triple medallista ol\u00edmpica, entre otros logros, con la Selecci\u00f3n Argentina, la que integr\u00f3 entre 1998 y 2011.<\/p>\n","protected":false},"author":3,"featured_media":0,"comment_status":"closed","ping_status":"closed","sticky":false,"template":"","format":"standard","meta":{"footnotes":""},"categories":[27],"tags":[],"class_list":["post-68784","post","type-post","status-publish","format-standard","hentry","category-deportes"],"yoast_head":"<!-- This site is optimized with the Yoast SEO plugin v25.9 - https:\/\/yoast.com\/wordpress\/plugins\/seo\/ -->\n<title>Hockey: La campeona del mundo y medallista ol\u00edmpica Soledad Garc\u00eda, dej\u00f3 su huella en el Club Uni\u00f3n - Noticias Radio Reflejos<\/title>\n<meta name=\"robots\" content=\"index, follow, max-snippet:-1, max-image-preview:large, max-video-preview:-1\" \/>\n<link rel=\"canonical\" href=\"https:\/\/www.noticiasradioreflejos.com.ar\/2021\/hockey-la-campeona-del-mundo-y-medallista-olimpica-soledad-garcia-dejo-su-huella-en-el-club-union\/\" \/>\n<meta property=\"og:locale\" content=\"es_ES\" \/>\n<meta property=\"og:type\" content=\"article\" \/>\n<meta property=\"og:title\" content=\"Hockey: La campeona del mundo y medallista ol\u00edmpica Soledad Garc\u00eda, dej\u00f3 su huella en el Club Uni\u00f3n - Noticias Radio Reflejos\" \/>\n<meta property=\"og:description\" content=\"Un fin de semana hist\u00f3rico se vivi\u00f3 en el Club Uni\u00f3n de Tornquist, con la visita de la exLeona Soledad Garc\u00eda, dos veces campeona mundial y triple medallista ol\u00edmpica, entre otros logros, con la Selecci\u00f3n Argentina, la que integr\u00f3 entre 1998 y 2011.\" \/>\n<meta property=\"og:url\" content=\"https:\/\/www.noticiasradioreflejos.com.ar\/2021\/hockey-la-campeona-del-mundo-y-medallista-olimpica-soledad-garcia-dejo-su-huella-en-el-club-union\/\" \/>\n<meta property=\"og:site_name\" content=\"Noticias Radio Reflejos\" \/>\n<meta property=\"article:published_time\" content=\"2022-02-28T15:12:13+00:00\" \/>\n<meta property=\"og:image\" content=\"https:\/\/live.staticflickr.com\/65535\/51909647028_6f85f8b4c2_c.jpg\" \/>\n<meta name=\"author\" content=\"Arnaldo Botto\" \/>\n<meta name=\"twitter:card\" content=\"summary_large_image\" \/>\n<script type=\"application\/ld+json\" class=\"yoast-schema-graph\">{\"@context\":\"https:\/\/schema.org\",\"@graph\":[{\"@type\":\"WebPage\",\"@id\":\"https:\/\/www.noticiasradioreflejos.com.ar\/2021\/hockey-la-campeona-del-mundo-y-medallista-olimpica-soledad-garcia-dejo-su-huella-en-el-club-union\/\",\"url\":\"https:\/\/www.noticiasradioreflejos.com.ar\/2021\/hockey-la-campeona-del-mundo-y-medallista-olimpica-soledad-garcia-dejo-su-huella-en-el-club-union\/\",\"name\":\"Hockey: La campeona del mundo y medallista ol\u00edmpica Soledad Garc\u00eda, dej\u00f3 su huella en el Club Uni\u00f3n - Noticias Radio Reflejos\",\"isPartOf\":{\"@id\":\"https:\/\/www.noticiasradioreflejos.com.ar\/2021\/#website\"},\"primaryImageOfPage\":{\"@id\":\"https:\/\/www.noticiasradioreflejos.com.ar\/2021\/hockey-la-campeona-del-mundo-y-medallista-olimpica-soledad-garcia-dejo-su-huella-en-el-club-union\/#primaryimage\"},\"image\":{\"@id\":\"https:\/\/www.noticiasradioreflejos.com.ar\/2021\/hockey-la-campeona-del-mundo-y-medallista-olimpica-soledad-garcia-dejo-su-huella-en-el-club-union\/#primaryimage\"},\"thumbnailUrl\":\"https:\/\/live.staticflickr.com\/65535\/51909647028_6f85f8b4c2_c.jpg\",\"datePublished\":\"2022-02-28T15:12:13+00:00\",\"author\":{\"@id\":\"https:\/\/www.noticiasradioreflejos.com.ar\/2021\/#\/schema\/person\/ad82545263dcc5ec0996818884fd5fb1\"},\"breadcrumb\":{\"@id\":\"https:\/\/www.noticiasradioreflejos.com.ar\/2021\/hockey-la-campeona-del-mundo-y-medallista-olimpica-soledad-garcia-dejo-su-huella-en-el-club-union\/#breadcrumb\"},\"inLanguage\":\"es\",\"potentialAction\":[{\"@type\":\"ReadAction\",\"target\":[\"https:\/\/www.noticiasradioreflejos.com.ar\/2021\/hockey-la-campeona-del-mundo-y-medallista-olimpica-soledad-garcia-dejo-su-huella-en-el-club-union\/\"]}]},{\"@type\":\"ImageObject\",\"inLanguage\":\"es\",\"@id\":\"https:\/\/www.noticiasradioreflejos.com.ar\/2021\/hockey-la-campeona-del-mundo-y-medallista-olimpica-soledad-garcia-dejo-su-huella-en-el-club-union\/#primaryimage\",\"url\":\"https:\/\/live.staticflickr.com\/65535\/51909647028_6f85f8b4c2_c.jpg\",\"contentUrl\":\"https:\/\/live.staticflickr.com\/65535\/51909647028_6f85f8b4c2_c.jpg\"},{\"@type\":\"BreadcrumbList\",\"@id\":\"https:\/\/www.noticiasradioreflejos.com.ar\/2021\/hockey-la-campeona-del-mundo-y-medallista-olimpica-soledad-garcia-dejo-su-huella-en-el-club-union\/#breadcrumb\",\"itemListElement\":[{\"@type\":\"ListItem\",\"position\":1,\"name\":\"Portada\",\"item\":\"https:\/\/www.noticiasradioreflejos.com.ar\/2021\/\"},{\"@type\":\"ListItem\",\"position\":2,\"name\":\"Hockey: La campeona del mundo y medallista ol\u00edmpica Soledad Garc\u00eda, dej\u00f3 su huella en el Club Uni\u00f3n\"}]},{\"@type\":\"WebSite\",\"@id\":\"https:\/\/www.noticiasradioreflejos.com.ar\/2021\/#website\",\"url\":\"https:\/\/www.noticiasradioreflejos.com.ar\/2021\/\",\"name\":\"Noticias Radio Reflejos\",\"description\":\"Las noticias de mi comarca\",\"potentialAction\":[{\"@type\":\"SearchAction\",\"target\":{\"@type\":\"EntryPoint\",\"urlTemplate\":\"https:\/\/www.noticiasradioreflejos.com.ar\/2021\/?s={search_term_string}\"},\"query-input\":{\"@type\":\"PropertyValueSpecification\",\"valueRequired\":true,\"valueName\":\"search_term_string\"}}],\"inLanguage\":\"es\"},{\"@type\":\"Person\",\"@id\":\"https:\/\/www.noticiasradioreflejos.com.ar\/2021\/#\/schema\/person\/ad82545263dcc5ec0996818884fd5fb1\",\"name\":\"Arnaldo Botto\",\"image\":{\"@type\":\"ImageObject\",\"inLanguage\":\"es\",\"@id\":\"https:\/\/www.noticiasradioreflejos.com.ar\/2021\/#\/schema\/person\/image\/\",\"url\":\"https:\/\/secure.gravatar.com\/avatar\/55cb5e37c1efa326397366e6974cb338056df65cb50e7d64d1cf314e87504837?s=96&d=mm&r=g\",\"contentUrl\":\"https:\/\/secure.gravatar.com\/avatar\/55cb5e37c1efa326397366e6974cb338056df65cb50e7d64d1cf314e87504837?s=96&d=mm&r=g\",\"caption\":\"Arnaldo Botto\"},\"url\":\"https:\/\/www.noticiasradioreflejos.com.ar\/2021\/author\/arnaldo\/\"}]}<\/script>\n<!-- \/ Yoast SEO plugin. -->","yoast_head_json":{"title":"Hockey: La campeona del mundo y medallista ol\u00edmpica Soledad Garc\u00eda, dej\u00f3 su huella en el Club Uni\u00f3n - Noticias Radio Reflejos","robots":{"index":"index","follow":"follow","max-snippet":"max-snippet:-1","max-image-preview":"max-image-preview:large","max-video-preview":"max-video-preview:-1"},"canonical":"https:\/\/www.noticiasradioreflejos.com.ar\/2021\/hockey-la-campeona-del-mundo-y-medallista-olimpica-soledad-garcia-dejo-su-huella-en-el-club-union\/","og_locale":"es_ES","og_type":"article","og_title":"Hockey: La campeona del mundo y medallista ol\u00edmpica Soledad Garc\u00eda, dej\u00f3 su huella en el Club Uni\u00f3n - Noticias Radio Reflejos","og_description":"Un fin de semana hist\u00f3rico se vivi\u00f3 en el Club Uni\u00f3n de Tornquist, con la visita de la exLeona Soledad Garc\u00eda, dos veces campeona mundial y triple medallista ol\u00edmpica, entre otros logros, con la Selecci\u00f3n Argentina, la que integr\u00f3 entre 1998 y 2011.","og_url":"https:\/\/www.noticiasradioreflejos.com.ar\/2021\/hockey-la-campeona-del-mundo-y-medallista-olimpica-soledad-garcia-dejo-su-huella-en-el-club-union\/","og_site_name":"Noticias Radio Reflejos","article_published_time":"2022-02-28T15:12:13+00:00","og_image":[{"url":"https:\/\/live.staticflickr.com\/65535\/51909647028_6f85f8b4c2_c.jpg","type":"","width":"","height":""}],"author":"Arnaldo Botto","twitter_card":"summary_large_image","schema":{"@context":"https:\/\/schema.org","@graph":[{"@type":"WebPage","@id":"https:\/\/www.noticiasradioreflejos.com.ar\/2021\/hockey-la-campeona-del-mundo-y-medallista-olimpica-soledad-garcia-dejo-su-huella-en-el-club-union\/","url":"https:\/\/www.noticiasradioreflejos.com.ar\/2021\/hockey-la-campeona-del-mundo-y-medallista-olimpica-soledad-garcia-dejo-su-huella-en-el-club-union\/","name":"Hockey: La campeona del mundo y medallista ol\u00edmpica Soledad Garc\u00eda, dej\u00f3 su huella en el Club Uni\u00f3n - Noticias Radio Reflejos","isPartOf":{"@id":"https:\/\/www.noticiasradioreflejos.com.ar\/2021\/#website"},"primaryImageOfPage":{"@id":"https:\/\/www.noticiasradioreflejos.com.ar\/2021\/hockey-la-campeona-del-mundo-y-medallista-olimpica-soledad-garcia-dejo-su-huella-en-el-club-union\/#primaryimage"},"image":{"@id":"https:\/\/www.noticiasradioreflejos.com.ar\/2021\/hockey-la-campeona-del-mundo-y-medallista-olimpica-soledad-garcia-dejo-su-huella-en-el-club-union\/#primaryimage"},"thumbnailUrl":"https:\/\/live.staticflickr.com\/65535\/51909647028_6f85f8b4c2_c.jpg","datePublished":"2022-02-28T15:12:13+00:00","author":{"@id":"https:\/\/www.noticiasradioreflejos.com.ar\/2021\/#\/schema\/person\/ad82545263dcc5ec0996818884fd5fb1"},"breadcrumb":{"@id":"https:\/\/www.noticiasradioreflejos.com.ar\/2021\/hockey-la-campeona-del-mundo-y-medallista-olimpica-soledad-garcia-dejo-su-huella-en-el-club-union\/#breadcrumb"},"inLanguage":"es","potentialAction":[{"@type":"ReadAction","target":["https:\/\/www.noticiasradioreflejos.com.ar\/2021\/hockey-la-campeona-del-mundo-y-medallista-olimpica-soledad-garcia-dejo-su-huella-en-el-club-union\/"]}]},{"@type":"ImageObject","inLanguage":"es","@id":"https:\/\/www.noticiasradioreflejos.com.ar\/2021\/hockey-la-campeona-del-mundo-y-medallista-olimpica-soledad-garcia-dejo-su-huella-en-el-club-union\/#primaryimage","url":"https:\/\/live.staticflickr.com\/65535\/51909647028_6f85f8b4c2_c.jpg","contentUrl":"https:\/\/live.staticflickr.com\/65535\/51909647028_6f85f8b4c2_c.jpg"},{"@type":"BreadcrumbList","@id":"https:\/\/www.noticiasradioreflejos.com.ar\/2021\/hockey-la-campeona-del-mundo-y-medallista-olimpica-soledad-garcia-dejo-su-huella-en-el-club-union\/#breadcrumb","itemListElement":[{"@type":"ListItem","position":1,"name":"Portada","item":"https:\/\/www.noticiasradioreflejos.com.ar\/2021\/"},{"@type":"ListItem","position":2,"name":"Hockey: La campeona del mundo y medallista ol\u00edmpica Soledad Garc\u00eda, dej\u00f3 su huella en el Club Uni\u00f3n"}]},{"@type":"WebSite","@id":"https:\/\/www.noticiasradioreflejos.com.ar\/2021\/#website","url":"https:\/\/www.noticiasradioreflejos.com.ar\/2021\/","name":"Noticias Radio Reflejos","description":"Las noticias de mi comarca","potentialAction":[{"@type":"SearchAction","target":{"@type":"EntryPoint","urlTemplate":"https:\/\/www.noticiasradioreflejos.com.ar\/2021\/?s={search_term_string}"},"query-input":{"@type":"PropertyValueSpecification","valueRequired":true,"valueName":"search_term_string"}}],"inLanguage":"es"},{"@type":"Person","@id":"https:\/\/www.noticiasradioreflejos.com.ar\/2021\/#\/schema\/person\/ad82545263dcc5ec0996818884fd5fb1","name":"Arnaldo Botto","image":{"@type":"ImageObject","inLanguage":"es","@id":"https:\/\/www.noticiasradioreflejos.com.ar\/2021\/#\/schema\/person\/image\/","url":"https:\/\/secure.gravatar.com\/avatar\/55cb5e37c1efa326397366e6974cb338056df65cb50e7d64d1cf314e87504837?s=96&d=mm&r=g","contentUrl":"https:\/\/secure.gravatar.com\/avatar\/55cb5e37c1efa326397366e6974cb338056df65cb50e7d64d1cf314e87504837?s=96&d=mm&r=g","caption":"Arnaldo Botto"},"url":"https:\/\/www.noticiasradioreflejos.com.ar\/2021\/author\/arnaldo\/"}]}},"_links":{"self":[{"href":"https:\/\/www.noticiasradioreflejos.com.ar\/2021\/wp-json\/wp\/v2\/posts\/68784","targetHints":{"allow":["GET"]}}],"collection":[{"href":"https:\/\/www.noticiasradioreflejos.com.ar\/2021\/wp-json\/wp\/v2\/posts"}],"about":[{"href":"https:\/\/www.noticiasradioreflejos.com.ar\/2021\/wp-json\/wp\/v2\/types\/post"}],"author":[{"embeddable":true,"href":"https:\/\/www.noticiasradioreflejos.com.ar\/2021\/wp-json\/wp\/v2\/users\/3"}],"replies":[{"embeddable":true,"href":"https:\/\/www.noticiasradioreflejos.com.ar\/2021\/wp-json\/wp\/v2\/comments?post=68784"}],"version-history":[{"count":1,"href":"https:\/\/www.noticiasradioreflejos.com.ar\/2021\/wp-json\/wp\/v2\/posts\/68784\/revisions"}],"predecessor-version":[{"id":68786,"href":"https:\/\/www.noticiasradioreflejos.com.ar\/2021\/wp-json\/wp\/v2\/posts\/68784\/revisions\/68786"}],"wp:attachment":[{"href":"https:\/\/www.noticiasradioreflejos.com.ar\/2021\/wp-json\/wp\/v2\/media?parent=68784"}],"wp:term":[{"taxonomy":"category","embeddable":true,"href":"https:\/\/www.noticiasradioreflejos.com.ar\/2021\/wp-json\/wp\/v2\/categories?post=68784"},{"taxonomy":"post_tag","embeddable":true,"href":"https:\/\/www.noticiasradioreflejos.com.ar\/2021\/wp-json\/wp\/v2\/tags?post=68784"}],"curies":[{"name":"wp","href":"https:\/\/api.w.org\/{rel}","templated":true}]}}