{"id":68780,"date":"2022-02-28T15:30:11","date_gmt":"2022-02-28T15:30:11","guid":{"rendered":"http:\/\/www.noticiasradioreflejos.com.ar\/2021\/?p=68780"},"modified":"2022-02-28T20:14:14","modified_gmt":"2022-02-28T20:14:14","slug":"sierra-de-la-ventana-una-multitud-vibro-al-ritmo-del-carnaval-del-club-ventana","status":"publish","type":"post","link":"https:\/\/www.noticiasradioreflejos.com.ar\/2021\/sierra-de-la-ventana-una-multitud-vibro-al-ritmo-del-carnaval-del-club-ventana\/","title":{"rendered":"Sierra de la Ventana: Una multitud vibr\u00f3 al ritmo del carnaval del Club Ventana"},"content":{"rendered":"<p>La alegr\u00eda del Carnaval 2022 organizado por le <strong>Club A. Ventana<\/strong> con disfraces, carrozas, la <strong>Murga Cusifai<\/strong> de Saldungaray y la <strong>Comparsa Daii Yar\u00e1<\/strong> de Olavarria, bandas en vivo y baile fueron acompa\u00f1ados por una multitud que se congreg\u00f3 frente a las instalaciones de la instituci\u00f3n serrana.<!--more--><\/p>\n<p><img loading=\"lazy\" decoding=\"async\" class=\"aligncenter size-full wp-image-68776\" src=\"http:\/\/www.noticiasradioreflejos.com.ar\/2021\/wp-content\/uploads\/2022\/02\/Carnavla-22-Sierra-43-1.jpg\" alt=\"\" width=\"1640\" height=\"738\" \/><\/p>\n<p>&nbsp;<\/p>\n<p>Con un fin de semana largo, plazas totalmente ocupadas por turistas de todo el pa\u00eds, la fecha de este carnaval 2022 volvi\u00f3 a marcar un r\u00e9cord que se repica en toda la Argentino. Sierra de la Ventana pone en esta fecha un evento que a\u00f1o tras a\u00f1o convoca mayor cantidad de p\u00fablico, y los organizadores conociendo esto, redoblan esfuerzos para convertir al Carnaval en punto convocante en la agenda tur\u00edstica nacional.<\/p>\n<p>&nbsp;<\/p>\n<p><a title=\"Carnaval 22 Sierra (68)\" href=\"https:\/\/www.flickr.com\/photos\/182279889@N02\/51909516096\/in\/dateposted-public\/\" data-flickr-embed=\"true\"><img loading=\"lazy\" decoding=\"async\" src=\"https:\/\/live.staticflickr.com\/65535\/51909516096_b1126247c2_c.jpg\" alt=\"Carnaval 22 Sierra (68)\" width=\"800\" height=\"360\" \/><\/a><script async src=\"\/\/embedr.flickr.com\/assets\/client-code.js\" charset=\"utf-8\"><\/script><\/p>\n<p>Qued\u00f3 demostrado durante la noche de este domingo 27 de febrero una vez m\u00e1s;\u00a0 desde que el gobierno nacional reinstal\u00f3 los carnavales en el calendario como d\u00edas festivos, no ha dejado de convertirse en el fin de semana XL con mayor concurrencia de visitantes, sumado a los turistas con segundas residencias que llenan sus casa con familias e invitados, la comarca desborda de gente que disfruta en su estad\u00eda de todos los atractivos con que cuenta el distrito; laguna, r\u00edos, arroyos, cerros, cabalgatas, trekking y m\u00faltiples actividades se suman al descanso y tranquilidad que eligen quienes nos visitan.<\/p>\n<p>&nbsp;<\/p>\n<p><a title=\"Carnaval 22 Sierra (71)\" href=\"https:\/\/www.flickr.com\/photos\/182279889@N02\/51909440836\/in\/dateposted-public\/\" data-flickr-embed=\"true\"><img loading=\"lazy\" decoding=\"async\" src=\"https:\/\/live.staticflickr.com\/65535\/51909440836_f3a3801a24_c.jpg\" alt=\"Carnaval 22 Sierra (71)\" width=\"800\" height=\"360\" \/><\/a><script async src=\"\/\/embedr.flickr.com\/assets\/client-code.js\" charset=\"utf-8\"><\/script><\/p>\n<p>Con estas cartas sobre la mesa, el Club Ventana inici\u00f3 hace\u00a0 10 a\u00f1os una venturosa y arriesgada apuesta que result\u00f3 beneficiosa para la instituci\u00f3n y toda la comunidad. Una noche de alegr\u00eda, de color y ritmo que en la d\u00e9cada del 60 fue \u00edcono de la regi\u00f3n, los Carnavales en Sierra de la Ventana.<\/p>\n<p>&nbsp;<\/p>\n<p><a title=\"Carnaval 22 Sierra (47)\" href=\"https:\/\/www.flickr.com\/photos\/182279889@N02\/51909772319\/in\/dateposted-public\/\" data-flickr-embed=\"true\"><img loading=\"lazy\" decoding=\"async\" src=\"https:\/\/live.staticflickr.com\/65535\/51909772319_d2141d40e8_c.jpg\" alt=\"Carnaval 22 Sierra (47)\" width=\"800\" height=\"360\" \/><\/a><script async src=\"\/\/embedr.flickr.com\/assets\/client-code.js\" charset=\"utf-8\"><\/script><\/p>\n<p>En su 8va edici\u00f3n, tras pandemia y encierros, este domingo el punto convocante para miles de personas estuvo fijado en el Barrio de Valle Hermoso, donde el Club tiene su sede social e instalaciones.<\/p>\n<p>A la hora 21,01, la voz de los locutores de turno dieron inicio al evento que desde el comienzo arranc\u00f3 aplausos de los presentes. Cientos de personas con reposeras tras un vallado bien organizado, esperaban ya desde temprano el desfile, que empez\u00f3 con carrozas y disfraces ante la atenta mirada de jurado dispuesto a evaluar a los participantes para posteriormente premiarlos.<\/p>\n<p>&nbsp;<\/p>\n<p><a title=\"Carnaval 22 Sierra (56)\" href=\"https:\/\/www.flickr.com\/photos\/182279889@N02\/51910077170\/in\/dateposted-public\/\" data-flickr-embed=\"true\"><img loading=\"lazy\" decoding=\"async\" src=\"https:\/\/live.staticflickr.com\/65535\/51910077170_f45babb6b2_c.jpg\" alt=\"Carnaval 22 Sierra (56)\" width=\"800\" height=\"360\" \/><\/a><script async src=\"\/\/embedr.flickr.com\/assets\/client-code.js\" charset=\"utf-8\"><\/script><\/p>\n<p>Sigui\u00f3 la<strong> Murga Cusifai de Saldungaray<\/strong>, con sus compases, danzas y la tradicional \u00abmatanza de murgueros\u00bb. Finalmente el broche de oro lo puso la <strong>Comparsa Daii Yar\u00e1<\/strong> de Olavarria, casi medio centenar de integrantes entre bailarines, m\u00fasicos y cantantes que fueron contratados con un gran esfuerzo econ\u00f3mico de particulares y municipio. Todo transcurr\u00eda con fren\u00e9tico juego de espuma que\u00a0 ten\u00eda como protagonistas a los mas chicos y muchos grandes tambi\u00e9n.<\/p>\n<p>Lleg\u00f3 la nominaci\u00f3n del jurado para los ganadores de los premios que inclu\u00eda dinero en efectivo para los mayores, y bicicletas y otros premiso para los participantes menores.<\/p>\n<p>&nbsp;<\/p>\n<p><a title=\"Carnaval 22 Sierra (52)\" href=\"https:\/\/www.flickr.com\/photos\/182279889@N02\/51908478222\/in\/dateposted-public\/\" data-flickr-embed=\"true\"><img loading=\"lazy\" decoding=\"async\" src=\"https:\/\/live.staticflickr.com\/65535\/51908478222_541056c3db_c.jpg\" alt=\"Carnaval 22 Sierra (52)\" width=\"800\" height=\"360\" \/><\/a><script async src=\"\/\/embedr.flickr.com\/assets\/client-code.js\" charset=\"utf-8\"><\/script><\/p>\n<p>Los ganadores fueron:<\/p>\n<h4>\u00a0Categor\u00eda Carrozas<\/h4>\n<p>Ganador La Despedida de Bah\u00eda Blanca<\/p>\n<p><strong>Disfraz individual mayor:<\/strong><br \/>\n1ro Maripos\u00f3n<br \/>\n2do Coco<\/p>\n<p><strong>Disfraz individual menor<\/strong><\/p>\n<p>1) Spiderman Loco (Benja)<br \/>\n2) Naruto (Nino)<br \/>\n3) Frida (Maria Paz)<br \/>\n4) Mario Bross (Joaqu\u00edn)<br \/>\n5 \u00c1ngel (Morena)<br \/>\n6 Hadita (Abril)<br \/>\n7 La casa de papel (Jazm\u00edn)<\/p>\n<p><strong>\u00a0Disfraz grupal Ni\u00f1os:<\/strong><br \/>\n1) Los Diablos del Minecraft.<br \/>\n2) La Banda de la Scaloneta<br \/>\n3) Las Superpoderosas Empoderadas<\/p>\n<p>La jornada se coron\u00f3 con m\u00fasica en vivo y baile hasta la madrugada. El evento es el punto de recaudaci\u00f3n mayor que tiene la instituci\u00f3n social y deportiva serrana, que puso venta de espuma, cantina y barra de tragos para que los presentes pudieran disfrutar de la propuesta en forma integral y de paso, con el gran esfuerzo de muchos integrantes de la comisi\u00f3n, padres y jugadores del club, las arcas estuviesen llenas para afrontar el a\u00f1o deportivo que se avecina.<\/p>\n<h4><a href=\"https:\/\/www.facebook.com\/NoticiasRadioReflejos\/posts\/1579052452462657\">Mas Fotos <strong>AQUI<\/strong><\/a><\/h4>\n<p>&nbsp;<\/p>\n<p><iframe loading=\"lazy\" title=\"YouTube video player\" src=\"https:\/\/www.youtube.com\/embed\/KFd2-pmHVGE\" width=\"853\" height=\"480\" frameborder=\"0\" allowfullscreen=\"allowfullscreen\"><\/iframe><\/p>\n","protected":false},"excerpt":{"rendered":"<p>La alegr\u00eda del Carnaval 2022 organizado por le Club A. Ventana con disfraces, carrozas, la Murga Cusifai de Saldungaray y la Comparsa Daii Yar\u00e1 de Olavarria, bandas en vivo y baile fueron acompa\u00f1ados por una multitud que se congreg\u00f3 frente a las instalaciones de la instituci\u00f3n serrana.<\/p>\n","protected":false},"author":3,"featured_media":68781,"comment_status":"closed","ping_status":"closed","sticky":false,"template":"","format":"standard","meta":{"footnotes":""},"categories":[26,33],"tags":[48],"class_list":["post-68780","post","type-post","status-publish","format-standard","has-post-thumbnail","hentry","category-sociedad","category-turismo","tag-destacada"],"yoast_head":"<!-- This site is optimized with the Yoast SEO plugin v25.9 - https:\/\/yoast.com\/wordpress\/plugins\/seo\/ -->\n<title>Sierra de la Ventana: Una multitud vibr\u00f3 al ritmo del carnaval del Club Ventana - Noticias Radio Reflejos<\/title>\n<meta name=\"robots\" content=\"index, follow, max-snippet:-1, max-image-preview:large, max-video-preview:-1\" \/>\n<link rel=\"canonical\" href=\"https:\/\/www.noticiasradioreflejos.com.ar\/2021\/sierra-de-la-ventana-una-multitud-vibro-al-ritmo-del-carnaval-del-club-ventana\/\" \/>\n<meta property=\"og:locale\" content=\"es_ES\" \/>\n<meta property=\"og:type\" content=\"article\" \/>\n<meta property=\"og:title\" content=\"Sierra de la Ventana: Una multitud vibr\u00f3 al ritmo del carnaval del Club Ventana - Noticias Radio Reflejos\" \/>\n<meta property=\"og:description\" content=\"La alegr\u00eda del Carnaval 2022 organizado por le Club A. Ventana con disfraces, carrozas, la Murga Cusifai de Saldungaray y la Comparsa Daii Yar\u00e1 de Olavarria, bandas en vivo y baile fueron acompa\u00f1ados por una multitud que se congreg\u00f3 frente a las instalaciones de la instituci\u00f3n serrana.\" \/>\n<meta property=\"og:url\" content=\"https:\/\/www.noticiasradioreflejos.com.ar\/2021\/sierra-de-la-ventana-una-multitud-vibro-al-ritmo-del-carnaval-del-club-ventana\/\" \/>\n<meta property=\"og:site_name\" content=\"Noticias Radio Reflejos\" \/>\n<meta property=\"article:published_time\" content=\"2022-02-28T15:30:11+00:00\" \/>\n<meta property=\"article:modified_time\" content=\"2022-02-28T20:14:14+00:00\" \/>\n<meta property=\"og:image\" content=\"https:\/\/www.noticiasradioreflejos.com.ar\/2021\/wp-content\/uploads\/2022\/02\/Carnaval-22-Sierra-79.jpg\" \/>\n\t<meta property=\"og:image:width\" content=\"1640\" \/>\n\t<meta property=\"og:image:height\" content=\"738\" \/>\n\t<meta property=\"og:image:type\" content=\"image\/jpeg\" \/>\n<meta name=\"author\" content=\"Arnaldo Botto\" \/>\n<meta name=\"twitter:card\" content=\"summary_large_image\" \/>\n<script type=\"application\/ld+json\" class=\"yoast-schema-graph\">{\"@context\":\"https:\/\/schema.org\",\"@graph\":[{\"@type\":\"WebPage\",\"@id\":\"https:\/\/www.noticiasradioreflejos.com.ar\/2021\/sierra-de-la-ventana-una-multitud-vibro-al-ritmo-del-carnaval-del-club-ventana\/\",\"url\":\"https:\/\/www.noticiasradioreflejos.com.ar\/2021\/sierra-de-la-ventana-una-multitud-vibro-al-ritmo-del-carnaval-del-club-ventana\/\",\"name\":\"Sierra de la Ventana: Una multitud vibr\u00f3 al ritmo del carnaval del Club Ventana - Noticias Radio Reflejos\",\"isPartOf\":{\"@id\":\"https:\/\/www.noticiasradioreflejos.com.ar\/2021\/#website\"},\"primaryImageOfPage\":{\"@id\":\"https:\/\/www.noticiasradioreflejos.com.ar\/2021\/sierra-de-la-ventana-una-multitud-vibro-al-ritmo-del-carnaval-del-club-ventana\/#primaryimage\"},\"image\":{\"@id\":\"https:\/\/www.noticiasradioreflejos.com.ar\/2021\/sierra-de-la-ventana-una-multitud-vibro-al-ritmo-del-carnaval-del-club-ventana\/#primaryimage\"},\"thumbnailUrl\":\"https:\/\/www.noticiasradioreflejos.com.ar\/2021\/wp-content\/uploads\/2022\/02\/Carnaval-22-Sierra-79.jpg\",\"datePublished\":\"2022-02-28T15:30:11+00:00\",\"dateModified\":\"2022-02-28T20:14:14+00:00\",\"author\":{\"@id\":\"https:\/\/www.noticiasradioreflejos.com.ar\/2021\/#\/schema\/person\/ad82545263dcc5ec0996818884fd5fb1\"},\"breadcrumb\":{\"@id\":\"https:\/\/www.noticiasradioreflejos.com.ar\/2021\/sierra-de-la-ventana-una-multitud-vibro-al-ritmo-del-carnaval-del-club-ventana\/#breadcrumb\"},\"inLanguage\":\"es\",\"potentialAction\":[{\"@type\":\"ReadAction\",\"target\":[\"https:\/\/www.noticiasradioreflejos.com.ar\/2021\/sierra-de-la-ventana-una-multitud-vibro-al-ritmo-del-carnaval-del-club-ventana\/\"]}]},{\"@type\":\"ImageObject\",\"inLanguage\":\"es\",\"@id\":\"https:\/\/www.noticiasradioreflejos.com.ar\/2021\/sierra-de-la-ventana-una-multitud-vibro-al-ritmo-del-carnaval-del-club-ventana\/#primaryimage\",\"url\":\"https:\/\/www.noticiasradioreflejos.com.ar\/2021\/wp-content\/uploads\/2022\/02\/Carnaval-22-Sierra-79.jpg\",\"contentUrl\":\"https:\/\/www.noticiasradioreflejos.com.ar\/2021\/wp-content\/uploads\/2022\/02\/Carnaval-22-Sierra-79.jpg\",\"width\":1640,\"height\":738},{\"@type\":\"BreadcrumbList\",\"@id\":\"https:\/\/www.noticiasradioreflejos.com.ar\/2021\/sierra-de-la-ventana-una-multitud-vibro-al-ritmo-del-carnaval-del-club-ventana\/#breadcrumb\",\"itemListElement\":[{\"@type\":\"ListItem\",\"position\":1,\"name\":\"Portada\",\"item\":\"https:\/\/www.noticiasradioreflejos.com.ar\/2021\/\"},{\"@type\":\"ListItem\",\"position\":2,\"name\":\"Sierra de la Ventana: Una multitud vibr\u00f3 al ritmo del carnaval del Club Ventana\"}]},{\"@type\":\"WebSite\",\"@id\":\"https:\/\/www.noticiasradioreflejos.com.ar\/2021\/#website\",\"url\":\"https:\/\/www.noticiasradioreflejos.com.ar\/2021\/\",\"name\":\"Noticias Radio Reflejos\",\"description\":\"Las noticias de mi comarca\",\"potentialAction\":[{\"@type\":\"SearchAction\",\"target\":{\"@type\":\"EntryPoint\",\"urlTemplate\":\"https:\/\/www.noticiasradioreflejos.com.ar\/2021\/?s={search_term_string}\"},\"query-input\":{\"@type\":\"PropertyValueSpecification\",\"valueRequired\":true,\"valueName\":\"search_term_string\"}}],\"inLanguage\":\"es\"},{\"@type\":\"Person\",\"@id\":\"https:\/\/www.noticiasradioreflejos.com.ar\/2021\/#\/schema\/person\/ad82545263dcc5ec0996818884fd5fb1\",\"name\":\"Arnaldo Botto\",\"image\":{\"@type\":\"ImageObject\",\"inLanguage\":\"es\",\"@id\":\"https:\/\/www.noticiasradioreflejos.com.ar\/2021\/#\/schema\/person\/image\/\",\"url\":\"https:\/\/secure.gravatar.com\/avatar\/55cb5e37c1efa326397366e6974cb338056df65cb50e7d64d1cf314e87504837?s=96&d=mm&r=g\",\"contentUrl\":\"https:\/\/secure.gravatar.com\/avatar\/55cb5e37c1efa326397366e6974cb338056df65cb50e7d64d1cf314e87504837?s=96&d=mm&r=g\",\"caption\":\"Arnaldo Botto\"},\"url\":\"https:\/\/www.noticiasradioreflejos.com.ar\/2021\/author\/arnaldo\/\"}]}<\/script>\n<!-- \/ Yoast SEO plugin. -->","yoast_head_json":{"title":"Sierra de la Ventana: Una multitud vibr\u00f3 al ritmo del carnaval del Club Ventana - Noticias Radio Reflejos","robots":{"index":"index","follow":"follow","max-snippet":"max-snippet:-1","max-image-preview":"max-image-preview:large","max-video-preview":"max-video-preview:-1"},"canonical":"https:\/\/www.noticiasradioreflejos.com.ar\/2021\/sierra-de-la-ventana-una-multitud-vibro-al-ritmo-del-carnaval-del-club-ventana\/","og_locale":"es_ES","og_type":"article","og_title":"Sierra de la Ventana: Una multitud vibr\u00f3 al ritmo del carnaval del Club Ventana - Noticias Radio Reflejos","og_description":"La alegr\u00eda del Carnaval 2022 organizado por le Club A. Ventana con disfraces, carrozas, la Murga Cusifai de Saldungaray y la Comparsa Daii Yar\u00e1 de Olavarria, bandas en vivo y baile fueron acompa\u00f1ados por una multitud que se congreg\u00f3 frente a las instalaciones de la instituci\u00f3n serrana.","og_url":"https:\/\/www.noticiasradioreflejos.com.ar\/2021\/sierra-de-la-ventana-una-multitud-vibro-al-ritmo-del-carnaval-del-club-ventana\/","og_site_name":"Noticias Radio Reflejos","article_published_time":"2022-02-28T15:30:11+00:00","article_modified_time":"2022-02-28T20:14:14+00:00","og_image":[{"width":1640,"height":738,"url":"https:\/\/www.noticiasradioreflejos.com.ar\/2021\/wp-content\/uploads\/2022\/02\/Carnaval-22-Sierra-79.jpg","type":"image\/jpeg"}],"author":"Arnaldo Botto","twitter_card":"summary_large_image","schema":{"@context":"https:\/\/schema.org","@graph":[{"@type":"WebPage","@id":"https:\/\/www.noticiasradioreflejos.com.ar\/2021\/sierra-de-la-ventana-una-multitud-vibro-al-ritmo-del-carnaval-del-club-ventana\/","url":"https:\/\/www.noticiasradioreflejos.com.ar\/2021\/sierra-de-la-ventana-una-multitud-vibro-al-ritmo-del-carnaval-del-club-ventana\/","name":"Sierra de la Ventana: Una multitud vibr\u00f3 al ritmo del carnaval del Club Ventana - Noticias Radio Reflejos","isPartOf":{"@id":"https:\/\/www.noticiasradioreflejos.com.ar\/2021\/#website"},"primaryImageOfPage":{"@id":"https:\/\/www.noticiasradioreflejos.com.ar\/2021\/sierra-de-la-ventana-una-multitud-vibro-al-ritmo-del-carnaval-del-club-ventana\/#primaryimage"},"image":{"@id":"https:\/\/www.noticiasradioreflejos.com.ar\/2021\/sierra-de-la-ventana-una-multitud-vibro-al-ritmo-del-carnaval-del-club-ventana\/#primaryimage"},"thumbnailUrl":"https:\/\/www.noticiasradioreflejos.com.ar\/2021\/wp-content\/uploads\/2022\/02\/Carnaval-22-Sierra-79.jpg","datePublished":"2022-02-28T15:30:11+00:00","dateModified":"2022-02-28T20:14:14+00:00","author":{"@id":"https:\/\/www.noticiasradioreflejos.com.ar\/2021\/#\/schema\/person\/ad82545263dcc5ec0996818884fd5fb1"},"breadcrumb":{"@id":"https:\/\/www.noticiasradioreflejos.com.ar\/2021\/sierra-de-la-ventana-una-multitud-vibro-al-ritmo-del-carnaval-del-club-ventana\/#breadcrumb"},"inLanguage":"es","potentialAction":[{"@type":"ReadAction","target":["https:\/\/www.noticiasradioreflejos.com.ar\/2021\/sierra-de-la-ventana-una-multitud-vibro-al-ritmo-del-carnaval-del-club-ventana\/"]}]},{"@type":"ImageObject","inLanguage":"es","@id":"https:\/\/www.noticiasradioreflejos.com.ar\/2021\/sierra-de-la-ventana-una-multitud-vibro-al-ritmo-del-carnaval-del-club-ventana\/#primaryimage","url":"https:\/\/www.noticiasradioreflejos.com.ar\/2021\/wp-content\/uploads\/2022\/02\/Carnaval-22-Sierra-79.jpg","contentUrl":"https:\/\/www.noticiasradioreflejos.com.ar\/2021\/wp-content\/uploads\/2022\/02\/Carnaval-22-Sierra-79.jpg","width":1640,"height":738},{"@type":"BreadcrumbList","@id":"https:\/\/www.noticiasradioreflejos.com.ar\/2021\/sierra-de-la-ventana-una-multitud-vibro-al-ritmo-del-carnaval-del-club-ventana\/#breadcrumb","itemListElement":[{"@type":"ListItem","position":1,"name":"Portada","item":"https:\/\/www.noticiasradioreflejos.com.ar\/2021\/"},{"@type":"ListItem","position":2,"name":"Sierra de la Ventana: Una multitud vibr\u00f3 al ritmo del carnaval del Club Ventana"}]},{"@type":"WebSite","@id":"https:\/\/www.noticiasradioreflejos.com.ar\/2021\/#website","url":"https:\/\/www.noticiasradioreflejos.com.ar\/2021\/","name":"Noticias Radio Reflejos","description":"Las noticias de mi comarca","potentialAction":[{"@type":"SearchAction","target":{"@type":"EntryPoint","urlTemplate":"https:\/\/www.noticiasradioreflejos.com.ar\/2021\/?s={search_term_string}"},"query-input":{"@type":"PropertyValueSpecification","valueRequired":true,"valueName":"search_term_string"}}],"inLanguage":"es"},{"@type":"Person","@id":"https:\/\/www.noticiasradioreflejos.com.ar\/2021\/#\/schema\/person\/ad82545263dcc5ec0996818884fd5fb1","name":"Arnaldo Botto","image":{"@type":"ImageObject","inLanguage":"es","@id":"https:\/\/www.noticiasradioreflejos.com.ar\/2021\/#\/schema\/person\/image\/","url":"https:\/\/secure.gravatar.com\/avatar\/55cb5e37c1efa326397366e6974cb338056df65cb50e7d64d1cf314e87504837?s=96&d=mm&r=g","contentUrl":"https:\/\/secure.gravatar.com\/avatar\/55cb5e37c1efa326397366e6974cb338056df65cb50e7d64d1cf314e87504837?s=96&d=mm&r=g","caption":"Arnaldo Botto"},"url":"https:\/\/www.noticiasradioreflejos.com.ar\/2021\/author\/arnaldo\/"}]}},"_links":{"self":[{"href":"https:\/\/www.noticiasradioreflejos.com.ar\/2021\/wp-json\/wp\/v2\/posts\/68780","targetHints":{"allow":["GET"]}}],"collection":[{"href":"https:\/\/www.noticiasradioreflejos.com.ar\/2021\/wp-json\/wp\/v2\/posts"}],"about":[{"href":"https:\/\/www.noticiasradioreflejos.com.ar\/2021\/wp-json\/wp\/v2\/types\/post"}],"author":[{"embeddable":true,"href":"https:\/\/www.noticiasradioreflejos.com.ar\/2021\/wp-json\/wp\/v2\/users\/3"}],"replies":[{"embeddable":true,"href":"https:\/\/www.noticiasradioreflejos.com.ar\/2021\/wp-json\/wp\/v2\/comments?post=68780"}],"version-history":[{"count":5,"href":"https:\/\/www.noticiasradioreflejos.com.ar\/2021\/wp-json\/wp\/v2\/posts\/68780\/revisions"}],"predecessor-version":[{"id":68789,"href":"https:\/\/www.noticiasradioreflejos.com.ar\/2021\/wp-json\/wp\/v2\/posts\/68780\/revisions\/68789"}],"wp:featuredmedia":[{"embeddable":true,"href":"https:\/\/www.noticiasradioreflejos.com.ar\/2021\/wp-json\/wp\/v2\/media\/68781"}],"wp:attachment":[{"href":"https:\/\/www.noticiasradioreflejos.com.ar\/2021\/wp-json\/wp\/v2\/media?parent=68780"}],"wp:term":[{"taxonomy":"category","embeddable":true,"href":"https:\/\/www.noticiasradioreflejos.com.ar\/2021\/wp-json\/wp\/v2\/categories?post=68780"},{"taxonomy":"post_tag","embeddable":true,"href":"https:\/\/www.noticiasradioreflejos.com.ar\/2021\/wp-json\/wp\/v2\/tags?post=68780"}],"curies":[{"name":"wp","href":"https:\/\/api.w.org\/{rel}","templated":true}]}}