{"id":68773,"date":"2022-02-28T13:14:37","date_gmt":"2022-02-28T13:14:37","guid":{"rendered":"http:\/\/www.noticiasradioreflejos.com.ar\/2021\/?p=68773"},"modified":"2022-02-28T13:14:37","modified_gmt":"2022-02-28T13:14:37","slug":"el-carnaval-movilizo-unos-3-millones-de-turistas-en-el-cierre-de-una-temporada-historica","status":"publish","type":"post","link":"https:\/\/www.noticiasradioreflejos.com.ar\/2021\/el-carnaval-movilizo-unos-3-millones-de-turistas-en-el-cierre-de-una-temporada-historica\/","title":{"rendered":"El carnaval moviliz\u00f3 unos 3 millones de turistas en el cierre de una temporada hist\u00f3rica"},"content":{"rendered":"<p>&gt;La cifra se desprende de un informe difundido por el Ministerio de Turismo y Deportes, donde se remarc\u00f3 un importante flujo de turistas hacia la costa atl\u00e1ntica, pero tambi\u00e9n se destacaron destinos del litoral fluvial y del Noroeste Argentino por su amplia oferta de festejos carnavaleros que combinaron diversi\u00f3n y cultura.src=\u00bbhttps:\/\/www.telam.com.ar\/thumbs\/bluesteel\/advf\/imagenes\/2022\/02\/620d7a9206027_900.jpg\u00bb alt=\u00bbMar del Plata fue uno de los destinos ms elegidos Foto Alejandro Moritz\u00bb width=\u00bb100%\u00bb height=\u00bb100%\u00bb \/&gt;<\/p>\n<div class=\"media-icons\"><img decoding=\"async\" src=\"https:\/\/www.telam.com.ar\/thumbs\/bluesteel\/advf\/imagenes\/2022\/02\/620d7a9206027_900.jpg\" alt=\"Mar del Plata fue uno de los destinos ms elegidos Foto Alejandro Moritz\" \/><\/div>\n<p>Mar del Plata fue uno de los destinos m\u00e1s elegidos. (Foto: Alejandro Moritz)<\/p>\n<p>Unos\u00a0<strong>tres millones de turistas se movilizaron durante este fin de semana<\/strong>\u00a0largo de carnaval, en que los destinos m\u00e1s grandes est\u00e1n ocupados en un 90% y muchos otros llegan al 100%, seg\u00fan datos aportados este domingo por las provincias al Ministerio de Turismo y Deportes (Minturdep), que indic\u00f3 que as\u00ed<a href=\"https:\/\/www.telam.com.ar\/notas\/202202\/584476-carnaval-verano-historico-turismo-lammens.html\" target=\"_blank\" rel=\"noopener\">\u00a0cierra una temporada de verano hist\u00f3rica.<\/a><\/p>\n<p>Entre los grandes destinos tur\u00edsticos que menciona el informe figuran\u00a0<strong>Mar del Plata<\/strong>, con sus 36.000 plazas hoteleras (m\u00e1s 350.000 informales); Ushuaia, 6.000; Rosario, 15.000;\u00a0<strong>El Calafate<\/strong>, 5.300, y San Carlos de\u00a0<strong>Bariloche<\/strong>, con 38.000 camas tur\u00edsticas.<\/p>\n<p>Adem\u00e1s de los destinos balnearios, en particular de la costa bonaerense, con alta ocupaci\u00f3n por ser a\u00fan temporada estival, se destacaban para estas festividades destinos del litoral fluvial y del Noroeste Argentino (NOA) por su amplia oferta de festejos carnavaleros que combinan diversi\u00f3n y cultura, en el marco de sus atractivos tradicionales.<\/p>\n<figure class=\"mb-3\"><img decoding=\"async\" src=\"https:\/\/www.telam.com.ar\/thumbs\/bluesteel\/advf\/imagenes\/2022\/02\/621a8cdd85d07_900.jpg\" alt=\"Carnaval de Jujuy Foto Edgardo Valera\" width=\"100%\" height=\"100%\" \/><\/p>\n<div class=\"media-icons\"><\/div><figcaption>Carnaval de Jujuy (Foto: Edgardo Valera)<\/figcaption><\/figure>\n<p>El ministro de Turismo y Deportes,\u00a0<a href=\"https:\/\/www.telam.com.ar\/notas\/202202\/584565-lammens-temporada-turismo-movimiento-economico.html\" target=\"_blank\" rel=\"noopener\">Mat\u00edas Lammens, quien afirm\u00f3 que esta es la mejor temporada de los \u00faltimos 20 a\u00f1os<\/a>, sostuvo en el documento que \u00abel turismo est\u00e1 en marcha y es uno de los sectores protagonistas en la recuperaci\u00f3n econ\u00f3mica que est\u00e1 viviendo nuestro pa\u00eds, con la generaci\u00f3n de miles de puestos de trabajo en todas las regiones\u201d.<\/p>\n<p>Otros destinos de la costa bonaerense que menciona el informe son Villa Gesell, con el 95% de ocupaci\u00f3n de sus 7.200 plazas; Pinamar, que tiene 25.000 camas hoteleras y 275.000 informales, estaba en un 95%; Partido de La Costa, 92% sobre m\u00e1s de 25.000; Mar Chiquita 95%, de 2.800; Miramar, el 100% de 3.000, Monte Hermoso, 80% de 3.500, y Necochea 90% en relaci\u00f3n a 14.000 plazas de todo tipo de hospedaje.<\/p>\n<p>Fuera de la costa, pero en la\u00a0<strong>provincia de Buenos Aires<\/strong>, Tandil ten\u00eda ocupado el 91% de sus 8.000 plazas, y Sierra de la Ventana la totalidad de sus 7.500 camas tur\u00edsticas.<\/p>\n<blockquote class=\"twitter-tweet\" data-width=\"500\" data-dnt=\"true\">\n<p lang=\"es\" dir=\"ltr\">M\u00e1s de tres millones de turistas est\u00e1n disfrutando el finde extralargo de <a href=\"https:\/\/twitter.com\/hashtag\/Carnaval2022?src=hash&amp;ref_src=twsrc%5Etfw\">#Carnaval2022<\/a>, que consolida la temporada de <a href=\"https:\/\/twitter.com\/hashtag\/Verano2022?src=hash&amp;ref_src=twsrc%5Etfw\">#Verano2022<\/a> r\u00e9cord. \ud83e\udd73<\/p>\n<p>\ud83d\udc49 <a href=\"https:\/\/t.co\/z1ijU7URh7\">https:\/\/t.co\/z1ijU7URh7<\/a><a href=\"https:\/\/twitter.com\/hashtag\/SentirArgentina?src=hash&amp;ref_src=twsrc%5Etfw\">#SentirArgentina<\/a> \ud83c\udde6\ud83c\uddf7 <a href=\"https:\/\/t.co\/Ivvrmu5TzH\">pic.twitter.com\/Ivvrmu5TzH<\/a><\/p>\n<p>&mdash; Ministerio de Turismo y Deportes (@TurDepAR) <a href=\"https:\/\/twitter.com\/TurDepAR\/status\/1498026497885585410?ref_src=twsrc%5Etfw\">February 27, 2022<\/a><\/p><\/blockquote>\n<p><script async src=\"https:\/\/platform.twitter.com\/widgets.js\" charset=\"utf-8\"><\/script><\/p>\n<p>En\u00a0<strong>C\u00f3rdoba<\/strong>, se destacaban Villa Carlos Paz, el principal destino provincial, que estaba al 95% de las 70.000 plazas disponibles; Villa General Belgrano, en el 97% de 5.000, y Mina Clavero, 95% de 13.000.<\/p>\n<p>En el NOA, Jujuy inform\u00f3 de una ocupaci\u00f3n del 100% en Humahuaca, que concentra unas 7.000 plazas hoteleras de las 12.500 con que cuenta la provincia, y concurrencia similar en Purmamarca, Tilcara, y San Salvador.<\/p>\n<p>En la misma regi\u00f3n, tambi\u00e9n registraban alta ocupaci\u00f3n hotelera numerosos destinos de Salta, Tucum\u00e1n y La Rioja.<\/p>\n<p>En la zona Litoral, adem\u00e1s del mencionado lleno total de Rosario -principal destino de Santa Fe-, Misiones inform\u00f3 de un 90% de ocupaci\u00f3n en las 15.000 plazas de Puerto Iguaz\u00fa; 93% en las 750 de San Ignacio, y 94% en El Soberbio, que dispone de 500 camas para el turismo.<\/p>\n<figure class=\"mb-3\"><img decoding=\"async\" src=\"https:\/\/www.telam.com.ar\/thumbs\/bluesteel\/advf\/imagenes\/2022\/02\/62192dc546c8e_900.jpg\" alt=\"Foto Ponce Alfredo\" width=\"100%\" height=\"100%\" \/><\/p>\n<div class=\"media-icons\"><\/div><figcaption>(Foto: Ponce Alfredo)<\/figcaption><\/figure>\n<p>Entre R\u00edos, una de las provincias con m\u00e1s festejos de carnaval, ten\u00eda ocupaci\u00f3n plena en Gualeguaych\u00fa, su mayor destino para estas celebraciones, y tambi\u00e9n era alta en Concepci\u00f3n del Uruguay, Gualeguay, Col\u00f3n, San Jos\u00e9 y Victoria.<\/p>\n<p>La Patagonia manten\u00eda la tendencia de la temporada de verano r\u00e9cord, con los mencionados porcentajes en destinos emblema como Bariloche, Ushuaia y El Calafate, y alto nivel en otros, tanto de la zona andina como de la atl\u00e1ntica.<\/p>\n<p>R\u00edo Negro inform\u00f3 de una ocupaci\u00f3n del 95% en Las Grutas, que dispone de 44.000 plazas hoteleras, mientras en Chubut estaba ocupado el 90% de la capacidad de Puerto Madryn, que cuenta con 7.000 de las 15.000 camas tur\u00edsticas de la provincia.<\/p>\n<p>Neuqu\u00e9n dio cuenta de un 95% de ocupaci\u00f3n en San Mart\u00edn de los Andes, sobre m\u00e1s de 6.600 plazas, y 85% en Villa La Angostura, con casi 4.400 camas en hoteles y 8.000 extrahoteleras.<\/p>\n<figure class=\"mb-3\"><img decoding=\"async\" src=\"https:\/\/www.telam.com.ar\/thumbs\/bluesteel\/advf\/imagenes\/2022\/01\/61e0a0cac70e5_900.jpg\" alt=\"Foto Alejandra Bartoliche\" width=\"100%\" height=\"100%\" \/><\/p>\n<div class=\"media-icons\"><\/div><figcaption>(Foto: Alejandra Bartoliche)<\/figcaption><\/figure>\n<p>Respecto de la regi\u00f3n de Cuyo, el Minturdep inform\u00f3 de ocupaciones promedio -seg\u00fan reportes de las provincias- de 90% en\u00a0<strong>Mendoza<\/strong>, que dispone de 40.000 plazas; 95% en\u00a0<strong>San Luis<\/strong>, con 23.000en hoteles m\u00e1s unas 35.000 informales, y 93% en\u00a0<strong>San Juan<\/strong>, con una capacidad de 8.000 camas hoteleras.<\/p>\n<p>El Ministerio destac\u00f3 que m\u00e1s del 10% de los turistas que viajaron durante este fin de semana (unos 350.000) lo hicieron mediante el programa Previaje, de esa cartera, y que ello signific\u00f3 un movimiento econ\u00f3mica de 14.000 millones de pesos.<\/p>\n<p>Tambi\u00e9n Lammens se refiri\u00f3 a la importancia de ese programa, que a lo largo de la temporada fue utilizado por 4,5 millones de turistas y moviliz\u00f3 15.000 millones de pesos.<\/p>\n<p>El ministro dijo que \u00abeste fin de semana de Carnaval est\u00e1 coronando una temporada, que ya podemos afirmar, fue absolutamente hist\u00f3rica; por la cantidad de personas movilizadas, por el nivel de gasto, por la extensi\u00f3n de las estad\u00edas, por el alt\u00edsimo nivel de ocupaci\u00f3n en todos los destinos del pa\u00eds\u00bb.<\/p>\n<p>\u00abSin dudas -sigui\u00f3-, el Plan Previaje tuvo un rol fundamental para alcanzar estos n\u00fameros que nos ponen muy felices y que han ubicado a la industria tur\u00edstica, en los \u00faltimos meses, como uno de los principales sectores en la recuperaci\u00f3n del empleo y de la actividad econ\u00f3mica\u00bb.<\/p>\n<p>Desde el sector privado, el presidente de la C\u00e1mara Argentina de Turismo, Gustavo Hani, se expres\u00f3 en t\u00e9rminos similares en el mismo comunicado, al afirmar que \u00abcon el fin de semana largo de Carnaval se corona una temporada de verano r\u00e9cord, que era muy necesaria para recomponer parte del da\u00f1o econ\u00f3mico generado por el Covid\u00bb.<\/p>\n<p>\u00abAdem\u00e1s -agreg\u00f3 el empresario- quiero destacar el particular impacto que genera en econom\u00edas como la de Corrientes, que en medio de su crisis, decidi\u00f3 mantener los festejos y la actividad tur\u00edstica como un importante movilizador de la econom\u00eda\u00bb.<\/p>\n","protected":false},"excerpt":{"rendered":"<p>&gt;La cifra se desprende de un informe difundido por el Ministerio de Turismo y Deportes, donde se remarc\u00f3 un importante flujo de turistas hacia la costa atl\u00e1ntica, pero tambi\u00e9n se destacaron destinos del litoral fluvial y del Noroeste Argentino por su amplia oferta de festejos carnavaleros que combinaron diversi\u00f3n y cultura.src=\u00bbhttps:\/\/www.telam.com.ar\/thumbs\/bluesteel\/advf\/imagenes\/2022\/02\/620d7a9206027_900.jpg\u00bb alt=\u00bbMar del Plata fue [&hellip;]<\/p>\n","protected":false},"author":3,"featured_media":68777,"comment_status":"closed","ping_status":"closed","sticky":false,"template":"","format":"standard","meta":{"footnotes":""},"categories":[33],"tags":[48],"class_list":["post-68773","post","type-post","status-publish","format-standard","has-post-thumbnail","hentry","category-turismo","tag-destacada"],"yoast_head":"<!-- This site is optimized with the Yoast SEO plugin v25.9 - https:\/\/yoast.com\/wordpress\/plugins\/seo\/ -->\n<title>El carnaval moviliz\u00f3 unos 3 millones de turistas en el cierre de una temporada hist\u00f3rica - Noticias Radio Reflejos<\/title>\n<meta name=\"robots\" content=\"index, follow, max-snippet:-1, max-image-preview:large, max-video-preview:-1\" \/>\n<link rel=\"canonical\" href=\"https:\/\/www.noticiasradioreflejos.com.ar\/2021\/el-carnaval-movilizo-unos-3-millones-de-turistas-en-el-cierre-de-una-temporada-historica\/\" \/>\n<meta property=\"og:locale\" content=\"es_ES\" \/>\n<meta property=\"og:type\" content=\"article\" \/>\n<meta property=\"og:title\" content=\"El carnaval moviliz\u00f3 unos 3 millones de turistas en el cierre de una temporada hist\u00f3rica - Noticias Radio Reflejos\" \/>\n<meta property=\"og:description\" content=\"&gt;La cifra se desprende de un informe difundido por el Ministerio de Turismo y Deportes, donde se remarc\u00f3 un importante flujo de turistas hacia la costa atl\u00e1ntica, pero tambi\u00e9n se destacaron destinos del litoral fluvial y del Noroeste Argentino por su amplia oferta de festejos carnavaleros que combinaron diversi\u00f3n y cultura.src=\u00bbhttps:\/\/www.telam.com.ar\/thumbs\/bluesteel\/advf\/imagenes\/2022\/02\/620d7a9206027_900.jpg\u00bb alt=\u00bbMar del Plata fue [&hellip;]\" \/>\n<meta property=\"og:url\" content=\"https:\/\/www.noticiasradioreflejos.com.ar\/2021\/el-carnaval-movilizo-unos-3-millones-de-turistas-en-el-cierre-de-una-temporada-historica\/\" \/>\n<meta property=\"og:site_name\" content=\"Noticias Radio Reflejos\" \/>\n<meta property=\"article:published_time\" content=\"2022-02-28T13:14:37+00:00\" \/>\n<meta property=\"og:image\" content=\"https:\/\/www.noticiasradioreflejos.com.ar\/2021\/wp-content\/uploads\/2022\/02\/Los-Angelitos.jpg\" \/>\n\t<meta property=\"og:image:width\" content=\"399\" \/>\n\t<meta property=\"og:image:height\" content=\"400\" \/>\n\t<meta property=\"og:image:type\" content=\"image\/jpeg\" \/>\n<meta name=\"author\" content=\"Arnaldo Botto\" \/>\n<meta name=\"twitter:card\" content=\"summary_large_image\" \/>\n<script type=\"application\/ld+json\" class=\"yoast-schema-graph\">{\"@context\":\"https:\/\/schema.org\",\"@graph\":[{\"@type\":\"WebPage\",\"@id\":\"https:\/\/www.noticiasradioreflejos.com.ar\/2021\/el-carnaval-movilizo-unos-3-millones-de-turistas-en-el-cierre-de-una-temporada-historica\/\",\"url\":\"https:\/\/www.noticiasradioreflejos.com.ar\/2021\/el-carnaval-movilizo-unos-3-millones-de-turistas-en-el-cierre-de-una-temporada-historica\/\",\"name\":\"El carnaval moviliz\u00f3 unos 3 millones de turistas en el cierre de una temporada hist\u00f3rica - Noticias Radio Reflejos\",\"isPartOf\":{\"@id\":\"https:\/\/www.noticiasradioreflejos.com.ar\/2021\/#website\"},\"primaryImageOfPage\":{\"@id\":\"https:\/\/www.noticiasradioreflejos.com.ar\/2021\/el-carnaval-movilizo-unos-3-millones-de-turistas-en-el-cierre-de-una-temporada-historica\/#primaryimage\"},\"image\":{\"@id\":\"https:\/\/www.noticiasradioreflejos.com.ar\/2021\/el-carnaval-movilizo-unos-3-millones-de-turistas-en-el-cierre-de-una-temporada-historica\/#primaryimage\"},\"thumbnailUrl\":\"https:\/\/www.noticiasradioreflejos.com.ar\/2021\/wp-content\/uploads\/2022\/02\/Los-Angelitos.jpg\",\"datePublished\":\"2022-02-28T13:14:37+00:00\",\"author\":{\"@id\":\"https:\/\/www.noticiasradioreflejos.com.ar\/2021\/#\/schema\/person\/ad82545263dcc5ec0996818884fd5fb1\"},\"breadcrumb\":{\"@id\":\"https:\/\/www.noticiasradioreflejos.com.ar\/2021\/el-carnaval-movilizo-unos-3-millones-de-turistas-en-el-cierre-de-una-temporada-historica\/#breadcrumb\"},\"inLanguage\":\"es\",\"potentialAction\":[{\"@type\":\"ReadAction\",\"target\":[\"https:\/\/www.noticiasradioreflejos.com.ar\/2021\/el-carnaval-movilizo-unos-3-millones-de-turistas-en-el-cierre-de-una-temporada-historica\/\"]}]},{\"@type\":\"ImageObject\",\"inLanguage\":\"es\",\"@id\":\"https:\/\/www.noticiasradioreflejos.com.ar\/2021\/el-carnaval-movilizo-unos-3-millones-de-turistas-en-el-cierre-de-una-temporada-historica\/#primaryimage\",\"url\":\"https:\/\/www.noticiasradioreflejos.com.ar\/2021\/wp-content\/uploads\/2022\/02\/Los-Angelitos.jpg\",\"contentUrl\":\"https:\/\/www.noticiasradioreflejos.com.ar\/2021\/wp-content\/uploads\/2022\/02\/Los-Angelitos.jpg\",\"width\":399,\"height\":400},{\"@type\":\"BreadcrumbList\",\"@id\":\"https:\/\/www.noticiasradioreflejos.com.ar\/2021\/el-carnaval-movilizo-unos-3-millones-de-turistas-en-el-cierre-de-una-temporada-historica\/#breadcrumb\",\"itemListElement\":[{\"@type\":\"ListItem\",\"position\":1,\"name\":\"Portada\",\"item\":\"https:\/\/www.noticiasradioreflejos.com.ar\/2021\/\"},{\"@type\":\"ListItem\",\"position\":2,\"name\":\"El carnaval moviliz\u00f3 unos 3 millones de turistas en el cierre de una temporada hist\u00f3rica\"}]},{\"@type\":\"WebSite\",\"@id\":\"https:\/\/www.noticiasradioreflejos.com.ar\/2021\/#website\",\"url\":\"https:\/\/www.noticiasradioreflejos.com.ar\/2021\/\",\"name\":\"Noticias Radio Reflejos\",\"description\":\"Las noticias de mi comarca\",\"potentialAction\":[{\"@type\":\"SearchAction\",\"target\":{\"@type\":\"EntryPoint\",\"urlTemplate\":\"https:\/\/www.noticiasradioreflejos.com.ar\/2021\/?s={search_term_string}\"},\"query-input\":{\"@type\":\"PropertyValueSpecification\",\"valueRequired\":true,\"valueName\":\"search_term_string\"}}],\"inLanguage\":\"es\"},{\"@type\":\"Person\",\"@id\":\"https:\/\/www.noticiasradioreflejos.com.ar\/2021\/#\/schema\/person\/ad82545263dcc5ec0996818884fd5fb1\",\"name\":\"Arnaldo Botto\",\"image\":{\"@type\":\"ImageObject\",\"inLanguage\":\"es\",\"@id\":\"https:\/\/www.noticiasradioreflejos.com.ar\/2021\/#\/schema\/person\/image\/\",\"url\":\"https:\/\/secure.gravatar.com\/avatar\/55cb5e37c1efa326397366e6974cb338056df65cb50e7d64d1cf314e87504837?s=96&d=mm&r=g\",\"contentUrl\":\"https:\/\/secure.gravatar.com\/avatar\/55cb5e37c1efa326397366e6974cb338056df65cb50e7d64d1cf314e87504837?s=96&d=mm&r=g\",\"caption\":\"Arnaldo Botto\"},\"url\":\"https:\/\/www.noticiasradioreflejos.com.ar\/2021\/author\/arnaldo\/\"}]}<\/script>\n<!-- \/ Yoast SEO plugin. -->","yoast_head_json":{"title":"El carnaval moviliz\u00f3 unos 3 millones de turistas en el cierre de una temporada hist\u00f3rica - Noticias Radio Reflejos","robots":{"index":"index","follow":"follow","max-snippet":"max-snippet:-1","max-image-preview":"max-image-preview:large","max-video-preview":"max-video-preview:-1"},"canonical":"https:\/\/www.noticiasradioreflejos.com.ar\/2021\/el-carnaval-movilizo-unos-3-millones-de-turistas-en-el-cierre-de-una-temporada-historica\/","og_locale":"es_ES","og_type":"article","og_title":"El carnaval moviliz\u00f3 unos 3 millones de turistas en el cierre de una temporada hist\u00f3rica - Noticias Radio Reflejos","og_description":"&gt;La cifra se desprende de un informe difundido por el Ministerio de Turismo y Deportes, donde se remarc\u00f3 un importante flujo de turistas hacia la costa atl\u00e1ntica, pero tambi\u00e9n se destacaron destinos del litoral fluvial y del Noroeste Argentino por su amplia oferta de festejos carnavaleros que combinaron diversi\u00f3n y cultura.src=\u00bbhttps:\/\/www.telam.com.ar\/thumbs\/bluesteel\/advf\/imagenes\/2022\/02\/620d7a9206027_900.jpg\u00bb alt=\u00bbMar del Plata fue [&hellip;]","og_url":"https:\/\/www.noticiasradioreflejos.com.ar\/2021\/el-carnaval-movilizo-unos-3-millones-de-turistas-en-el-cierre-de-una-temporada-historica\/","og_site_name":"Noticias Radio Reflejos","article_published_time":"2022-02-28T13:14:37+00:00","og_image":[{"width":399,"height":400,"url":"https:\/\/www.noticiasradioreflejos.com.ar\/2021\/wp-content\/uploads\/2022\/02\/Los-Angelitos.jpg","type":"image\/jpeg"}],"author":"Arnaldo Botto","twitter_card":"summary_large_image","schema":{"@context":"https:\/\/schema.org","@graph":[{"@type":"WebPage","@id":"https:\/\/www.noticiasradioreflejos.com.ar\/2021\/el-carnaval-movilizo-unos-3-millones-de-turistas-en-el-cierre-de-una-temporada-historica\/","url":"https:\/\/www.noticiasradioreflejos.com.ar\/2021\/el-carnaval-movilizo-unos-3-millones-de-turistas-en-el-cierre-de-una-temporada-historica\/","name":"El carnaval moviliz\u00f3 unos 3 millones de turistas en el cierre de una temporada hist\u00f3rica - Noticias Radio Reflejos","isPartOf":{"@id":"https:\/\/www.noticiasradioreflejos.com.ar\/2021\/#website"},"primaryImageOfPage":{"@id":"https:\/\/www.noticiasradioreflejos.com.ar\/2021\/el-carnaval-movilizo-unos-3-millones-de-turistas-en-el-cierre-de-una-temporada-historica\/#primaryimage"},"image":{"@id":"https:\/\/www.noticiasradioreflejos.com.ar\/2021\/el-carnaval-movilizo-unos-3-millones-de-turistas-en-el-cierre-de-una-temporada-historica\/#primaryimage"},"thumbnailUrl":"https:\/\/www.noticiasradioreflejos.com.ar\/2021\/wp-content\/uploads\/2022\/02\/Los-Angelitos.jpg","datePublished":"2022-02-28T13:14:37+00:00","author":{"@id":"https:\/\/www.noticiasradioreflejos.com.ar\/2021\/#\/schema\/person\/ad82545263dcc5ec0996818884fd5fb1"},"breadcrumb":{"@id":"https:\/\/www.noticiasradioreflejos.com.ar\/2021\/el-carnaval-movilizo-unos-3-millones-de-turistas-en-el-cierre-de-una-temporada-historica\/#breadcrumb"},"inLanguage":"es","potentialAction":[{"@type":"ReadAction","target":["https:\/\/www.noticiasradioreflejos.com.ar\/2021\/el-carnaval-movilizo-unos-3-millones-de-turistas-en-el-cierre-de-una-temporada-historica\/"]}]},{"@type":"ImageObject","inLanguage":"es","@id":"https:\/\/www.noticiasradioreflejos.com.ar\/2021\/el-carnaval-movilizo-unos-3-millones-de-turistas-en-el-cierre-de-una-temporada-historica\/#primaryimage","url":"https:\/\/www.noticiasradioreflejos.com.ar\/2021\/wp-content\/uploads\/2022\/02\/Los-Angelitos.jpg","contentUrl":"https:\/\/www.noticiasradioreflejos.com.ar\/2021\/wp-content\/uploads\/2022\/02\/Los-Angelitos.jpg","width":399,"height":400},{"@type":"BreadcrumbList","@id":"https:\/\/www.noticiasradioreflejos.com.ar\/2021\/el-carnaval-movilizo-unos-3-millones-de-turistas-en-el-cierre-de-una-temporada-historica\/#breadcrumb","itemListElement":[{"@type":"ListItem","position":1,"name":"Portada","item":"https:\/\/www.noticiasradioreflejos.com.ar\/2021\/"},{"@type":"ListItem","position":2,"name":"El carnaval moviliz\u00f3 unos 3 millones de turistas en el cierre de una temporada hist\u00f3rica"}]},{"@type":"WebSite","@id":"https:\/\/www.noticiasradioreflejos.com.ar\/2021\/#website","url":"https:\/\/www.noticiasradioreflejos.com.ar\/2021\/","name":"Noticias Radio Reflejos","description":"Las noticias de mi comarca","potentialAction":[{"@type":"SearchAction","target":{"@type":"EntryPoint","urlTemplate":"https:\/\/www.noticiasradioreflejos.com.ar\/2021\/?s={search_term_string}"},"query-input":{"@type":"PropertyValueSpecification","valueRequired":true,"valueName":"search_term_string"}}],"inLanguage":"es"},{"@type":"Person","@id":"https:\/\/www.noticiasradioreflejos.com.ar\/2021\/#\/schema\/person\/ad82545263dcc5ec0996818884fd5fb1","name":"Arnaldo Botto","image":{"@type":"ImageObject","inLanguage":"es","@id":"https:\/\/www.noticiasradioreflejos.com.ar\/2021\/#\/schema\/person\/image\/","url":"https:\/\/secure.gravatar.com\/avatar\/55cb5e37c1efa326397366e6974cb338056df65cb50e7d64d1cf314e87504837?s=96&d=mm&r=g","contentUrl":"https:\/\/secure.gravatar.com\/avatar\/55cb5e37c1efa326397366e6974cb338056df65cb50e7d64d1cf314e87504837?s=96&d=mm&r=g","caption":"Arnaldo Botto"},"url":"https:\/\/www.noticiasradioreflejos.com.ar\/2021\/author\/arnaldo\/"}]}},"_links":{"self":[{"href":"https:\/\/www.noticiasradioreflejos.com.ar\/2021\/wp-json\/wp\/v2\/posts\/68773","targetHints":{"allow":["GET"]}}],"collection":[{"href":"https:\/\/www.noticiasradioreflejos.com.ar\/2021\/wp-json\/wp\/v2\/posts"}],"about":[{"href":"https:\/\/www.noticiasradioreflejos.com.ar\/2021\/wp-json\/wp\/v2\/types\/post"}],"author":[{"embeddable":true,"href":"https:\/\/www.noticiasradioreflejos.com.ar\/2021\/wp-json\/wp\/v2\/users\/3"}],"replies":[{"embeddable":true,"href":"https:\/\/www.noticiasradioreflejos.com.ar\/2021\/wp-json\/wp\/v2\/comments?post=68773"}],"version-history":[{"count":1,"href":"https:\/\/www.noticiasradioreflejos.com.ar\/2021\/wp-json\/wp\/v2\/posts\/68773\/revisions"}],"predecessor-version":[{"id":68779,"href":"https:\/\/www.noticiasradioreflejos.com.ar\/2021\/wp-json\/wp\/v2\/posts\/68773\/revisions\/68779"}],"wp:featuredmedia":[{"embeddable":true,"href":"https:\/\/www.noticiasradioreflejos.com.ar\/2021\/wp-json\/wp\/v2\/media\/68777"}],"wp:attachment":[{"href":"https:\/\/www.noticiasradioreflejos.com.ar\/2021\/wp-json\/wp\/v2\/media?parent=68773"}],"wp:term":[{"taxonomy":"category","embeddable":true,"href":"https:\/\/www.noticiasradioreflejos.com.ar\/2021\/wp-json\/wp\/v2\/categories?post=68773"},{"taxonomy":"post_tag","embeddable":true,"href":"https:\/\/www.noticiasradioreflejos.com.ar\/2021\/wp-json\/wp\/v2\/tags?post=68773"}],"curies":[{"name":"wp","href":"https:\/\/api.w.org\/{rel}","templated":true}]}}