{"id":68770,"date":"2022-02-27T23:30:57","date_gmt":"2022-02-27T23:30:57","guid":{"rendered":"http:\/\/www.noticiasradioreflejos.com.ar\/2021\/?p=68770"},"modified":"2022-02-27T23:30:57","modified_gmt":"2022-02-27T23:30:57","slug":"argentina-monitorea-el-desarrollo-de-las-plantas-nativas-de-la-antartida","status":"publish","type":"post","link":"https:\/\/www.noticiasradioreflejos.com.ar\/2021\/argentina-monitorea-el-desarrollo-de-las-plantas-nativas-de-la-antartida\/","title":{"rendered":"Argentina monitorea el desarrollo de las plantas nativas de la Ant\u00e1rtida"},"content":{"rendered":"<div class=\"wrapper-header\">\n<div class=\"container-xl\">\n<div class=\"row\">\n<div class=\"col-12\">\n<div class=\"head-content mb-4\">\n<div class=\"my-3\">\n<div class=\"social mt-3\">Se trata de un estudio que comenz\u00f3 en 2015 y es impulsado por departamento de Ecofisiolog\u00eda y Ecotoxicolog\u00eda de la coordinaci\u00f3n cient\u00edfica Ciencias de la Vida del Instituto Ant\u00e1rtico Argentino (IAA).<\/div>\n<\/div>\n<\/div>\n<\/div>\n<\/div>\n<\/div>\n<\/div>\n<p><!--more--><\/p>\n<div class=\"wrapper-editable-content\">\n<div>\n<div class=\"wrapper-editable-content\">\n<div>\n<div class=\"container-md\">\n<div class=\"row\">\n<div class=\"col-md-12 speak\">\n<div class=\"paragraph\">\n<figure class=\"mb-3\"><img decoding=\"async\" src=\"https:\/\/www.telam.com.ar\/thumbs\/bluesteel\/advf\/imagenes\/2022\/02\/621bc80389e07_900.jpg\" alt=\"Las plantas vasculares ms comunes son el pasto antrtico y el clavelito antrtico Foto Instituto Antrtico Argentino\" width=\"100%\" height=\"100%\" \/><\/p>\n<div class=\"media-icons\"><\/div><figcaption>Las plantas vasculares m\u00e1s comunes son el \u00abpasto ant\u00e1rtico\u00bb y el \u00abclavelito ant\u00e1rtico\u00bb (Foto: Instituto Ant\u00e1rtico Argentino)<\/figcaption><\/figure>\n<p>Los cambios en la presencia de plantas vasculares en cercan\u00edas de las bases de Argentina en la Ant\u00e1rtida es uno de los objetivos de monitoreo de flora ant\u00e1rtica que el pa\u00eds comenz\u00f3 en 2015 y que busca profundizar el conocimiento sobre los vegetales que viven en ese continente.<\/p>\n<p>En un continente cubierto en su gran mayor\u00eda por hielo y nieve, en el que los ciclos de d\u00eda y noche limitan la luz solar necesaria para la fotos\u00edntesis,\u00a0<strong>la flora se compone en gran parte de musgos y l\u00edquenes, mientras que las plantas vasculares m\u00e1s comunes son el \u00abpasto ant\u00e1rtico\u00bb (Deschampsia ant\u00e1rctica) y el \u00abclavelito ant\u00e1rtico\u00bb (Colobanthus quitensis)<\/strong>.<\/p>\n<p>Los estudios est\u00e1n a cargo del\u00a0<strong>proyecto de bot\u00e1nica ant\u00e1rtica que impulsa el departamento de Ecofisiolog\u00eda y Ecotoxicolog\u00eda de la coordinaci\u00f3n cient\u00edfica Ciencias de la Vida del Instituto Ant\u00e1rtico Argentino<\/strong>\u00a0(IAA) en\u00a0<strong>la isla 25 de Mayo en la que se encuentra emplazada la base Carlini<\/strong>.<\/p>\n<figure class=\"mb-3\"><img decoding=\"async\" src=\"https:\/\/www.telam.com.ar\/thumbs\/bluesteel\/advf\/imagenes\/2022\/02\/621bc802e0d48_900.jpg\" alt=\"El proyecto de botnica antrtica se desarrolla de 2015 peo con problema desde los protocolos sanitarios Foto Instituto Antrtico Argentino\" width=\"100%\" height=\"100%\" \/><\/p>\n<div class=\"media-icons\"><\/div><figcaption>El proyecto de bot\u00e1nica ant\u00e1rtica se desarrolla de 2015 peo con problema desde los protocolos sanitarios (Foto: Instituto Ant\u00e1rtico Argentino)<\/figcaption><\/figure>\n<p>Este verano la doctorada en Ciencias Ambientales de la Universidad Nacional de San Mart\u00edn (Unsam) e investigadora del IAA,\u00a0<strong>Laura Patricia Dopchiz<\/strong>, viaj\u00f3 a la base Marambio donde realiz\u00f3 el segundo monitoreo bot\u00e1nico de la zona despu\u00e9s del de 2018 y complet\u00f3 el relevamiento de flora de gran parte de la isla Marambio.<\/p>\n<p>Dopchiz afirm\u00f3 en di\u00e1logo con T\u00e9lam que\u00a0<strong>\u00abel proyecto de bot\u00e1nica ant\u00e1rtica comenz\u00f3 con un monitoreo en 2015 y se sostuvo todos los veranos con algunas dificultades en las \u00faltimas dos campa\u00f1as; debido a los protocolos sanitarios que impuso la pandemia\u00bb<\/strong>.<\/p>\n<blockquote class=\"\"><p>\u00abPara tener certezas sobre la evoluci\u00f3n de la flora ant\u00e1rtica vamos a necesitar algunos a\u00f1os m\u00e1s de monitoreo que nos permitan construir una serie de datos s\u00f3lida\u00bb<cite class=\"author\">Laura Patricia Dopchiz<\/cite><\/p><\/blockquote>\n<p>Explic\u00f3 que\u00a0<strong>\u00abel objetivo es un relevamiento de la flora en cercan\u00edas de las bases argentinas y determinar lugares en los que crezcan plantas como la Deschampsia para evaluar qu\u00e9 cambios sufren en el tiempo y cu\u00e1les podr\u00edan tener que ver con el impacto antr\u00f3pico o con otras causas\u00bb<\/strong>.<\/p>\n<figure class=\"mb-3\"><img decoding=\"async\" src=\"https:\/\/www.telam.com.ar\/thumbs\/bluesteel\/advf\/imagenes\/2022\/02\/621bc803140c4_900.jpg\" alt=\"El objetivo es un relevamiento de la flora en cercanas de las bases argentinas y determinar lugares en los que crezcan plantas Foto Instituto Antrtico Argentino\" width=\"100%\" height=\"100%\" \/><\/p>\n<div class=\"media-icons\"><\/div><figcaption>El objetivo es un relevamiento de la flora en cercan\u00edas de las bases argentinas y determinar lugares en los que crezcan plantas (Foto: Instituto Ant\u00e1rtico Argentino)<\/figcaption><\/figure>\n<p>\u00abEs muy prematuro todav\u00eda asegurar que hay cambios significativos en la flora ant\u00e1rtica, los estudios son muy recientes y es probable que no es que antes no hubiese presencia de algunas plantas en algunos lugares, sino que ya estaban ah\u00ed pero no era a\u00fan un objeto de estudio; para tener certezas sobre la evoluci\u00f3n de la flora ant\u00e1rtica vamos a necesitar algunos a\u00f1os m\u00e1s de monitoreo que nos permitan construir una serie de datos s\u00f3lida\u00bb, aclar\u00f3.<\/p>\n<p>La investigadora sostuvo que \u00abhay hechos que podr\u00edan ser significativos pero que requieren de m\u00e1s estudio, por ejemplo encontramos un ejemplar de Deschampsia en la base San Mart\u00edn que es una de las que tenemos m\u00e1s al sur, pero no sabemos si eso es nuevo porque nunca antes nos hab\u00edamos puesto a buscar Deschampsia ah\u00ed y porque no est\u00e1 claro c\u00f3mo es que lleg\u00f3 hasta all\u00e1, quiz\u00e1 su semilla viaj\u00ed en las plumas de alg\u00fan ave; tambi\u00e9n en base San Mart\u00edn estamos estudiando la presencia de &#8216;clavelito ant\u00e1rtico&#8217; que es algo que nos llam\u00f3 mucho la atenci\u00f3n\u00bb.<\/p>\n<figure class=\"mb-3\">\n<div class=\"media-icons\"><\/div><figcaption>Dopchiz: \u00abEn 2018 en Marambio registramos un parche de musgos de unos 50 m2 que cuando fuimos este a\u00f1o ya no estaba\u00bb (Foto: Instituto Ant\u00e1rtico Argentino)<\/figcaption><\/figure>\n<p>\u00abAc\u00e1 en la Ant\u00e1rtida los vegetales terrestres son de crecimiento muy muy lento porque por un lado est\u00e1 el tema del fr\u00edo, est\u00e1 el ciclo de luz y oscuridad que ralentiza el crecimiento y la radicaci\u00f3n solar muy alta que genera un ciclo distinto de fotos\u00edntesis, para sacar conclusiones con seriedad y rigurosidad cient\u00edfica necesitamos al menos dos o tres a\u00f1os m\u00e1s de monitoreo que nos den una serie de datos m\u00e1s o menos importantes\u00bb, resalt\u00f3.<\/p>\n<p>Dopchiz ejemplifica que\u00a0<strong>\u00aben el monitoreo de 2018 ac\u00e1 en la isla Marambio registramos un parche de musgos de unos 50 metros cuadrados que cuando fuimos este a\u00f1o;<\/strong>\u00a0a verlo ya no estaba; es probable que la geograf\u00eda, la nieve, el viento y el barro generado con el deshielo del verano haya causado que el viento lo lave\u00bb.<\/p>\n<figure class=\"mb-3\"><img decoding=\"async\" src=\"https:\/\/www.telam.com.ar\/thumbs\/bluesteel\/advf\/imagenes\/2022\/02\/621bc80350e8b_900.jpg\" alt=\"En el verano antrtico es comn ver afloramientos de algas cuando la nieve se derrite Foto Instituto Antrtico Argentino\" width=\"100%\" height=\"100%\" \/><\/p>\n<div class=\"media-icons\"><\/div><figcaption>\u00abEn el verano ant\u00e1rtico es com\u00fan ver afloramientos de algas cuando la nieve se derrite\u00bb (Foto: Instituto Ant\u00e1rtico Argentino)<\/figcaption><\/figure>\n<p><strong>\u00ab<\/strong>La Deschampsia es un buen biomonitor de contaminaci\u00f3n, en cuanto estas plantas detectan alguna anormalidad en el ambiente lo reflejan a trav\u00e9s de bioindicadores y eso permite tomar medidas de mitigaci\u00f3n\u00bb, dijo y destac\u00ed que \u00abpor ejemplo, encontramos que ante la presencia de un contaminante cambia la cantidad de estomas en sus hojas, algo que se puede determinar de manera sencilla y que podr\u00eda aplicarse como una especie de alerta ambiental en los lugares en los que esta especie est\u00e1 presente\u00bb.<\/p>\n<p>La cient\u00edfica cont\u00f3 que\u00a0<strong>\u00aben el verano ant\u00e1rtico tambi\u00e9n es com\u00fan ver afloramientos de algas cuando la nieve se derrite, suele ser llamativo y muchos medios replican las im\u00e1genes cuando se trata de algas rojas porque parece sangre, pero es algo habitual en un continente en el que todav\u00eda hay mucho territorio sin explorar desde el punto de vista biol\u00edgico\u00bb<\/strong>.<\/p>\n<figure class=\"mb-3\"><img decoding=\"async\" src=\"https:\/\/www.telam.com.ar\/thumbs\/bluesteel\/advf\/imagenes\/2022\/02\/621bc8036d30e_900.jpg\" alt=\"Es muy valioso que Argentina haya sido el primer pas en dedicar un instituto a la ciencia antrtica asegura Dopchiz Foto Instituto Antrtico Argentino\" width=\"100%\" height=\"100%\" \/><\/p>\n<div class=\"media-icons\"><\/div><figcaption>\u00abEs muy valioso que Argentina haya sido el primer pa\u00eds en dedicar un instituto a la ciencia ant\u00e1rtica\u00bb, asegura Dopchiz (Foto: Instituto Ant\u00e1rtico Argentino)<\/figcaption><\/figure>\n<p><strong>\u00abComo pa\u00eds tenemos la necesidad de conocer todo nuestro territorio. Si bien hab\u00eda estudios dispersos en musgos y l\u00edquenes no hab\u00faa un proyecto de estudio de la flora ant\u00e1rtica en la escala de este\u00bb<\/strong>, dijo.<\/p>\n<p>La investigadora se\u00f1al\u00f3 que \u00abeso probablemente tenga que ver con la evoluci\u00f3n de la ciencia ant\u00e1rtica argentina; hay cosas que van surgiendo y tambi\u00e9n se van buscando nuevas orientaciones en base a las necesidades que se presentan\u00bb.<\/p>\n<p><strong>\u00abPor eso es muy valioso que Argentina haya sido el primer pa\u00eds en dedicar un instituto a la ciencia ant\u00e1rtica\u00bb<\/strong>, ponder\u00f3.<\/p>\n<p>Afirm\u00f3 que\u00a0<strong>\u00abpara venir ac\u00e1, a un clima hostil y que por la log\u00edstica no sab\u00e9s nunca cu\u00e1ndo es el repliegue\u00bb<\/strong>.<\/p>\n<p><strong>\u00abYo no podr\u00eda hacer esto sin el absoluto apoyo de mi marido y mis hijos, no es algo menor para los que trabajamos en la Ant\u00e1rtida\u00bb<\/strong>, complet\u00f3 Dopchiz.<\/p>\n<figure class=\"mb-3\"><img decoding=\"async\" src=\"https:\/\/www.telam.com.ar\/thumbs\/bluesteel\/advf\/imagenes\/2022\/02\/621bc803a3b54_900.jpg\" alt=\"No podra hacer esto sin el absoluto apoyo de mi marido y mis hijos asegura Dopchiz Foto Instituto Antrtico Argentino\" width=\"100%\" height=\"100%\" \/><\/p>\n<div class=\"media-icons\"><\/div><figcaption>\u00abNo podr\u00eda hacer esto sin el absoluto apoyo de mi marido y mis hijos\u00bb asegura Dopchiz (Foto: Instituto Ant\u00e1rtico Argentino)<\/figcaption><\/figure>\n<p>Junto a Dopchiz forman parte de este proyecto\u00a0<strong>Mart\u00edn Andaldo<\/strong>, que adem\u00e1s es Jefe de la Coordinaci\u00f3n de Ciencias de la Vida del IAA,\u00a0<strong>Carla Di Fonzo, Bruno Fusaro<\/strong>\u00a0y\u00a0<strong>Rom\u00e1n Serrago<\/strong>\u00a0de la facultad de Agronom\u00eda de la UBA que colabora con el grupo de forma externa.<\/p>\n<p>La base Marambio se encuentra ubicada en la isla del mismo nombre sobre el mar de Weddell al noreste de la pen\u00ednsula ant\u00e1rtica y a 3.304 kil\u00f3metros de Buenos Aires. Las temperaturas en el lugar\u00a0<strong>llegan a los treinta grados bajo cero y los vientos a 120 km\/h<\/strong>, estos fuertes vientos, a su vez, son los que evitan una gran acumulaci\u00f3n de nieve en la zona de su meseta.<\/div>\n<\/div>\n<\/div>\n<\/div>\n<\/div>\n<\/div>\n<\/div>\n<\/div>\n<div><\/div>\n<div><strong>POR JULIO MOSLE para TELAM<\/strong><\/div>\n<div><\/div>\n","protected":false},"excerpt":{"rendered":"<p>Se trata de un estudio que comenz\u00f3 en 2015 y es impulsado por departamento de Ecofisiolog\u00eda y Ecotoxicolog\u00eda de la coordinaci\u00f3n cient\u00edfica Ciencias de la Vida del Instituto Ant\u00e1rtico Argentino (IAA).<\/p>\n","protected":false},"author":3,"featured_media":0,"comment_status":"closed","ping_status":"closed","sticky":false,"template":"","format":"standard","meta":{"footnotes":""},"categories":[46],"tags":[],"class_list":["post-68770","post","type-post","status-publish","format-standard","hentry","category-ciencia-y-tecnologia"],"yoast_head":"<!-- This site is optimized with the Yoast SEO plugin v25.9 - https:\/\/yoast.com\/wordpress\/plugins\/seo\/ -->\n<title>Argentina monitorea el desarrollo de las plantas nativas de la Ant\u00e1rtida - Noticias Radio Reflejos<\/title>\n<meta name=\"robots\" content=\"index, follow, max-snippet:-1, max-image-preview:large, max-video-preview:-1\" \/>\n<link rel=\"canonical\" href=\"https:\/\/www.noticiasradioreflejos.com.ar\/2021\/argentina-monitorea-el-desarrollo-de-las-plantas-nativas-de-la-antartida\/\" \/>\n<meta property=\"og:locale\" content=\"es_ES\" \/>\n<meta property=\"og:type\" content=\"article\" \/>\n<meta property=\"og:title\" content=\"Argentina monitorea el desarrollo de las plantas nativas de la Ant\u00e1rtida - Noticias Radio Reflejos\" \/>\n<meta property=\"og:description\" content=\"Se trata de un estudio que comenz\u00f3 en 2015 y es impulsado por departamento de Ecofisiolog\u00eda y Ecotoxicolog\u00eda de la coordinaci\u00f3n cient\u00edfica Ciencias de la Vida del Instituto Ant\u00e1rtico Argentino (IAA).\" \/>\n<meta property=\"og:url\" content=\"https:\/\/www.noticiasradioreflejos.com.ar\/2021\/argentina-monitorea-el-desarrollo-de-las-plantas-nativas-de-la-antartida\/\" \/>\n<meta property=\"og:site_name\" content=\"Noticias Radio Reflejos\" \/>\n<meta property=\"article:published_time\" content=\"2022-02-27T23:30:57+00:00\" \/>\n<meta property=\"og:image\" content=\"https:\/\/www.telam.com.ar\/thumbs\/bluesteel\/advf\/imagenes\/2022\/02\/621bc80389e07_900.jpg\" \/>\n<meta name=\"author\" content=\"Arnaldo Botto\" \/>\n<meta name=\"twitter:card\" content=\"summary_large_image\" \/>\n<script type=\"application\/ld+json\" class=\"yoast-schema-graph\">{\"@context\":\"https:\/\/schema.org\",\"@graph\":[{\"@type\":\"WebPage\",\"@id\":\"https:\/\/www.noticiasradioreflejos.com.ar\/2021\/argentina-monitorea-el-desarrollo-de-las-plantas-nativas-de-la-antartida\/\",\"url\":\"https:\/\/www.noticiasradioreflejos.com.ar\/2021\/argentina-monitorea-el-desarrollo-de-las-plantas-nativas-de-la-antartida\/\",\"name\":\"Argentina monitorea el desarrollo de las plantas nativas de la Ant\u00e1rtida - Noticias Radio Reflejos\",\"isPartOf\":{\"@id\":\"https:\/\/www.noticiasradioreflejos.com.ar\/2021\/#website\"},\"primaryImageOfPage\":{\"@id\":\"https:\/\/www.noticiasradioreflejos.com.ar\/2021\/argentina-monitorea-el-desarrollo-de-las-plantas-nativas-de-la-antartida\/#primaryimage\"},\"image\":{\"@id\":\"https:\/\/www.noticiasradioreflejos.com.ar\/2021\/argentina-monitorea-el-desarrollo-de-las-plantas-nativas-de-la-antartida\/#primaryimage\"},\"thumbnailUrl\":\"https:\/\/www.telam.com.ar\/thumbs\/bluesteel\/advf\/imagenes\/2022\/02\/621bc80389e07_900.jpg\",\"datePublished\":\"2022-02-27T23:30:57+00:00\",\"author\":{\"@id\":\"https:\/\/www.noticiasradioreflejos.com.ar\/2021\/#\/schema\/person\/ad82545263dcc5ec0996818884fd5fb1\"},\"breadcrumb\":{\"@id\":\"https:\/\/www.noticiasradioreflejos.com.ar\/2021\/argentina-monitorea-el-desarrollo-de-las-plantas-nativas-de-la-antartida\/#breadcrumb\"},\"inLanguage\":\"es\",\"potentialAction\":[{\"@type\":\"ReadAction\",\"target\":[\"https:\/\/www.noticiasradioreflejos.com.ar\/2021\/argentina-monitorea-el-desarrollo-de-las-plantas-nativas-de-la-antartida\/\"]}]},{\"@type\":\"ImageObject\",\"inLanguage\":\"es\",\"@id\":\"https:\/\/www.noticiasradioreflejos.com.ar\/2021\/argentina-monitorea-el-desarrollo-de-las-plantas-nativas-de-la-antartida\/#primaryimage\",\"url\":\"https:\/\/www.telam.com.ar\/thumbs\/bluesteel\/advf\/imagenes\/2022\/02\/621bc80389e07_900.jpg\",\"contentUrl\":\"https:\/\/www.telam.com.ar\/thumbs\/bluesteel\/advf\/imagenes\/2022\/02\/621bc80389e07_900.jpg\"},{\"@type\":\"BreadcrumbList\",\"@id\":\"https:\/\/www.noticiasradioreflejos.com.ar\/2021\/argentina-monitorea-el-desarrollo-de-las-plantas-nativas-de-la-antartida\/#breadcrumb\",\"itemListElement\":[{\"@type\":\"ListItem\",\"position\":1,\"name\":\"Portada\",\"item\":\"https:\/\/www.noticiasradioreflejos.com.ar\/2021\/\"},{\"@type\":\"ListItem\",\"position\":2,\"name\":\"Argentina monitorea el desarrollo de las plantas nativas de la Ant\u00e1rtida\"}]},{\"@type\":\"WebSite\",\"@id\":\"https:\/\/www.noticiasradioreflejos.com.ar\/2021\/#website\",\"url\":\"https:\/\/www.noticiasradioreflejos.com.ar\/2021\/\",\"name\":\"Noticias Radio Reflejos\",\"description\":\"Las noticias de mi comarca\",\"potentialAction\":[{\"@type\":\"SearchAction\",\"target\":{\"@type\":\"EntryPoint\",\"urlTemplate\":\"https:\/\/www.noticiasradioreflejos.com.ar\/2021\/?s={search_term_string}\"},\"query-input\":{\"@type\":\"PropertyValueSpecification\",\"valueRequired\":true,\"valueName\":\"search_term_string\"}}],\"inLanguage\":\"es\"},{\"@type\":\"Person\",\"@id\":\"https:\/\/www.noticiasradioreflejos.com.ar\/2021\/#\/schema\/person\/ad82545263dcc5ec0996818884fd5fb1\",\"name\":\"Arnaldo Botto\",\"image\":{\"@type\":\"ImageObject\",\"inLanguage\":\"es\",\"@id\":\"https:\/\/www.noticiasradioreflejos.com.ar\/2021\/#\/schema\/person\/image\/\",\"url\":\"https:\/\/secure.gravatar.com\/avatar\/55cb5e37c1efa326397366e6974cb338056df65cb50e7d64d1cf314e87504837?s=96&d=mm&r=g\",\"contentUrl\":\"https:\/\/secure.gravatar.com\/avatar\/55cb5e37c1efa326397366e6974cb338056df65cb50e7d64d1cf314e87504837?s=96&d=mm&r=g\",\"caption\":\"Arnaldo Botto\"},\"url\":\"https:\/\/www.noticiasradioreflejos.com.ar\/2021\/author\/arnaldo\/\"}]}<\/script>\n<!-- \/ Yoast SEO plugin. -->","yoast_head_json":{"title":"Argentina monitorea el desarrollo de las plantas nativas de la Ant\u00e1rtida - Noticias Radio Reflejos","robots":{"index":"index","follow":"follow","max-snippet":"max-snippet:-1","max-image-preview":"max-image-preview:large","max-video-preview":"max-video-preview:-1"},"canonical":"https:\/\/www.noticiasradioreflejos.com.ar\/2021\/argentina-monitorea-el-desarrollo-de-las-plantas-nativas-de-la-antartida\/","og_locale":"es_ES","og_type":"article","og_title":"Argentina monitorea el desarrollo de las plantas nativas de la Ant\u00e1rtida - Noticias Radio Reflejos","og_description":"Se trata de un estudio que comenz\u00f3 en 2015 y es impulsado por departamento de Ecofisiolog\u00eda y Ecotoxicolog\u00eda de la coordinaci\u00f3n cient\u00edfica Ciencias de la Vida del Instituto Ant\u00e1rtico Argentino (IAA).","og_url":"https:\/\/www.noticiasradioreflejos.com.ar\/2021\/argentina-monitorea-el-desarrollo-de-las-plantas-nativas-de-la-antartida\/","og_site_name":"Noticias Radio Reflejos","article_published_time":"2022-02-27T23:30:57+00:00","og_image":[{"url":"https:\/\/www.telam.com.ar\/thumbs\/bluesteel\/advf\/imagenes\/2022\/02\/621bc80389e07_900.jpg","type":"","width":"","height":""}],"author":"Arnaldo Botto","twitter_card":"summary_large_image","schema":{"@context":"https:\/\/schema.org","@graph":[{"@type":"WebPage","@id":"https:\/\/www.noticiasradioreflejos.com.ar\/2021\/argentina-monitorea-el-desarrollo-de-las-plantas-nativas-de-la-antartida\/","url":"https:\/\/www.noticiasradioreflejos.com.ar\/2021\/argentina-monitorea-el-desarrollo-de-las-plantas-nativas-de-la-antartida\/","name":"Argentina monitorea el desarrollo de las plantas nativas de la Ant\u00e1rtida - Noticias Radio Reflejos","isPartOf":{"@id":"https:\/\/www.noticiasradioreflejos.com.ar\/2021\/#website"},"primaryImageOfPage":{"@id":"https:\/\/www.noticiasradioreflejos.com.ar\/2021\/argentina-monitorea-el-desarrollo-de-las-plantas-nativas-de-la-antartida\/#primaryimage"},"image":{"@id":"https:\/\/www.noticiasradioreflejos.com.ar\/2021\/argentina-monitorea-el-desarrollo-de-las-plantas-nativas-de-la-antartida\/#primaryimage"},"thumbnailUrl":"https:\/\/www.telam.com.ar\/thumbs\/bluesteel\/advf\/imagenes\/2022\/02\/621bc80389e07_900.jpg","datePublished":"2022-02-27T23:30:57+00:00","author":{"@id":"https:\/\/www.noticiasradioreflejos.com.ar\/2021\/#\/schema\/person\/ad82545263dcc5ec0996818884fd5fb1"},"breadcrumb":{"@id":"https:\/\/www.noticiasradioreflejos.com.ar\/2021\/argentina-monitorea-el-desarrollo-de-las-plantas-nativas-de-la-antartida\/#breadcrumb"},"inLanguage":"es","potentialAction":[{"@type":"ReadAction","target":["https:\/\/www.noticiasradioreflejos.com.ar\/2021\/argentina-monitorea-el-desarrollo-de-las-plantas-nativas-de-la-antartida\/"]}]},{"@type":"ImageObject","inLanguage":"es","@id":"https:\/\/www.noticiasradioreflejos.com.ar\/2021\/argentina-monitorea-el-desarrollo-de-las-plantas-nativas-de-la-antartida\/#primaryimage","url":"https:\/\/www.telam.com.ar\/thumbs\/bluesteel\/advf\/imagenes\/2022\/02\/621bc80389e07_900.jpg","contentUrl":"https:\/\/www.telam.com.ar\/thumbs\/bluesteel\/advf\/imagenes\/2022\/02\/621bc80389e07_900.jpg"},{"@type":"BreadcrumbList","@id":"https:\/\/www.noticiasradioreflejos.com.ar\/2021\/argentina-monitorea-el-desarrollo-de-las-plantas-nativas-de-la-antartida\/#breadcrumb","itemListElement":[{"@type":"ListItem","position":1,"name":"Portada","item":"https:\/\/www.noticiasradioreflejos.com.ar\/2021\/"},{"@type":"ListItem","position":2,"name":"Argentina monitorea el desarrollo de las plantas nativas de la Ant\u00e1rtida"}]},{"@type":"WebSite","@id":"https:\/\/www.noticiasradioreflejos.com.ar\/2021\/#website","url":"https:\/\/www.noticiasradioreflejos.com.ar\/2021\/","name":"Noticias Radio Reflejos","description":"Las noticias de mi comarca","potentialAction":[{"@type":"SearchAction","target":{"@type":"EntryPoint","urlTemplate":"https:\/\/www.noticiasradioreflejos.com.ar\/2021\/?s={search_term_string}"},"query-input":{"@type":"PropertyValueSpecification","valueRequired":true,"valueName":"search_term_string"}}],"inLanguage":"es"},{"@type":"Person","@id":"https:\/\/www.noticiasradioreflejos.com.ar\/2021\/#\/schema\/person\/ad82545263dcc5ec0996818884fd5fb1","name":"Arnaldo Botto","image":{"@type":"ImageObject","inLanguage":"es","@id":"https:\/\/www.noticiasradioreflejos.com.ar\/2021\/#\/schema\/person\/image\/","url":"https:\/\/secure.gravatar.com\/avatar\/55cb5e37c1efa326397366e6974cb338056df65cb50e7d64d1cf314e87504837?s=96&d=mm&r=g","contentUrl":"https:\/\/secure.gravatar.com\/avatar\/55cb5e37c1efa326397366e6974cb338056df65cb50e7d64d1cf314e87504837?s=96&d=mm&r=g","caption":"Arnaldo Botto"},"url":"https:\/\/www.noticiasradioreflejos.com.ar\/2021\/author\/arnaldo\/"}]}},"_links":{"self":[{"href":"https:\/\/www.noticiasradioreflejos.com.ar\/2021\/wp-json\/wp\/v2\/posts\/68770","targetHints":{"allow":["GET"]}}],"collection":[{"href":"https:\/\/www.noticiasradioreflejos.com.ar\/2021\/wp-json\/wp\/v2\/posts"}],"about":[{"href":"https:\/\/www.noticiasradioreflejos.com.ar\/2021\/wp-json\/wp\/v2\/types\/post"}],"author":[{"embeddable":true,"href":"https:\/\/www.noticiasradioreflejos.com.ar\/2021\/wp-json\/wp\/v2\/users\/3"}],"replies":[{"embeddable":true,"href":"https:\/\/www.noticiasradioreflejos.com.ar\/2021\/wp-json\/wp\/v2\/comments?post=68770"}],"version-history":[{"count":1,"href":"https:\/\/www.noticiasradioreflejos.com.ar\/2021\/wp-json\/wp\/v2\/posts\/68770\/revisions"}],"predecessor-version":[{"id":68772,"href":"https:\/\/www.noticiasradioreflejos.com.ar\/2021\/wp-json\/wp\/v2\/posts\/68770\/revisions\/68772"}],"wp:attachment":[{"href":"https:\/\/www.noticiasradioreflejos.com.ar\/2021\/wp-json\/wp\/v2\/media?parent=68770"}],"wp:term":[{"taxonomy":"category","embeddable":true,"href":"https:\/\/www.noticiasradioreflejos.com.ar\/2021\/wp-json\/wp\/v2\/categories?post=68770"},{"taxonomy":"post_tag","embeddable":true,"href":"https:\/\/www.noticiasradioreflejos.com.ar\/2021\/wp-json\/wp\/v2\/tags?post=68770"}],"curies":[{"name":"wp","href":"https:\/\/api.w.org\/{rel}","templated":true}]}}