{"id":68763,"date":"2022-02-27T23:14:45","date_gmt":"2022-02-27T23:14:45","guid":{"rendered":"http:\/\/www.noticiasradioreflejos.com.ar\/2021\/?p=68763"},"modified":"2022-02-27T23:14:45","modified_gmt":"2022-02-27T23:14:45","slug":"crecieron-el-consumo-las-exportaciones-y-el-turismo-vitivinicola","status":"publish","type":"post","link":"https:\/\/www.noticiasradioreflejos.com.ar\/2021\/crecieron-el-consumo-las-exportaciones-y-el-turismo-vitivinicola\/","title":{"rendered":"Crecieron el consumo, las exportaciones y el turismo vitivin\u00edcola"},"content":{"rendered":"<p>Jos\u00e9 Alberto Zuccardi, presidente de la Corporaci\u00f3n Vitivin\u00edcola Argentina, se\u00f1al\u00f3 en di\u00e1logo con T\u00e9lam que el sector fue uno de los rubros productivos menos afectados por la pandemia y que en la actualidad se encuentra en una \u00absituaci\u00f3n de equilibrio de mercado\u00bb<!--more--><\/p>\n<figure class=\"mb-3\"><img decoding=\"async\" src=\"https:\/\/www.telam.com.ar\/thumbs\/bluesteel\/advf\/imagenes\/2020\/08\/5f429ea4c6165_900.jpg\" alt=\"El sector vitivincola fue uno de los rubros productivos menos afectados por la pandemia\" width=\"100%\" height=\"100%\" \/><\/p>\n<div class=\"media-icons\"><\/div><figcaption>El sector vitivin\u00edcola fue uno de los rubros productivos menos afectados por la pandemia.<\/figcaption><\/figure>\n<p>El sector vitivin\u00edcola fue uno de los rubros productivos menos afectados por la pandemia de coronavirus, sostenido por una mejora en el consumo interno y un crecimiento de las exportaciones, a lo que se sum\u00f3 un nuevo impulso al enoturismo, asegur\u00f3 el presidente de la Corporaci\u00f3n Vitivin\u00edcola Argentina (Coviar),\u00a0<strong>Jos\u00e9 Alberto Zuccardi<\/strong>.<\/p>\n<p>En una entrevista con T\u00e9lam, el titular de la Coviar, un organismo p\u00fablico-privado que gestiona y articula las acciones necesarias para cumplir con los\u00a0<strong>objetivos del Plan Estrat\u00e9gico Argentina Vitivin\u00edcola<\/strong>\u00a0(PEVI), se\u00f1al\u00f3 que\u00a0<strong>el sector se encuentra en la actualidad en una \u00absituaci\u00f3n de equilibrio de mercado<\/strong>\u00ab.<\/p>\n<p>A continuaci\u00f3n los principales tramos del reportaje:<\/p>\n<p><strong>-\u00bfC\u00f3mo est\u00e1 hoy el sector vitivin\u00edcola, tras la pandemia?<\/strong><br \/>\n-La evoluci\u00f3n de la vitivinicultura ha sido buena en los \u00faltimos dos a\u00f1os; tuvimos un 2020 muy bueno de ventas en el mercado interno y en 2021 un r\u00e9cord de exportaciones, superando al anterior de 2015; otro factor alentador de la vitivinicultura argentina es el crecimiento del turismo vitivin\u00edcola, uno de los ejes del Plan Estrat\u00e9gico 2030; adem\u00e1s de la actual recuperaci\u00f3n del turismo internacional por la restauraci\u00f3n de la conectividad, los argentinos descubrieron el turismo vitivin\u00edcola.<\/p>\n<p><strong>-\u00bfCompens\u00f3 la ausencia del turismo extranjero?<\/strong><br \/>\n-En gran parte, e inclusive ha sido una sorpresa para la misma gente, que encontr\u00f3 una oferta de alta calidad dentro del pa\u00eds; eso ha sido un proceso muy virtuoso, que no tiene un techo y se ha ido desarrollando; hoy hay 16 provincias que producen vino y tienen alg\u00fan proyecto de turismo vitivin\u00edcola.<\/p>\n<p><strong>-\u00bfEn qu\u00e9 situaci\u00f3n est\u00e1 hoy el mercado?<\/strong><br \/>\n-Hoy estamos en una situaci\u00f3n de equilibrio de mercado; tenemos stocks equilibrados, algo muy importante porque en los \u00faltimos diez a\u00f1os pasamos desde tener excedentes y baja de precios hasta la importaci\u00f3n; eso permiti\u00f3 que el a\u00f1o pasado empezara un proceso de recomposici\u00f3n de precios al productor que mejor\u00f3 el ingreso y este a\u00f1o tenemos una cosecha que el INV estima 13% menor que tambi\u00e9n significar\u00e1 una recomposici\u00f3n, se acortan los plazos de compra de uva y se mejoran los precios.<\/p>\n<figure class=\"mb-3\"><img decoding=\"async\" src=\"https:\/\/www.telam.com.ar\/thumbs\/bluesteel\/advf\/imagenes\/2022\/02\/621b85b7044a8_900.jpg\" alt=\"El sector se encuentra en la actualidad en una situacin de equilibrio de mercado\" width=\"100%\" height=\"100%\" \/><\/p>\n<div class=\"media-icons\"><\/div><figcaption>El sector se encuentra en la actualidad en una \u00absituaci\u00f3n de equilibrio de mercado\u00bb.<\/figcaption><\/figure>\n<p><strong>-\u00bfCu\u00e1les ser\u00edan los temas a resolver m\u00e1s urgentes?<\/strong><br \/>\n-El m\u00e1s importante es el del tipo de cambio, el a\u00f1o pasado arrancamos con un muy buen tipo de cambio pero despu\u00e9s el d\u00f3lar no acompa\u00f1\u00f3 la inflaci\u00f3n; si esto no se revierte es muy complicado para la vitivinicultura, como cualquier otra actividad exportadora.<\/p>\n<p><strong>-\u00bfEl mercado interno no compensa?<\/strong><br \/>\n-En 2020 crecimos mucho porque por la pandemia creci\u00f3 el consumo de vino y se reafirm\u00f3 su rol en la mesa familiar; en 2021 los consumos se retrotrajeron un poco por la recomposici\u00f3n de los precios, que ven\u00edan muy retrasados; el vino est\u00e1 fuerte en el mercado interno, pero dependemos mucho de la situaci\u00f3n del poder adquisitivo y el tipo de cambio, que definen los mercados interno y externo.<\/p>\n<p><strong>-\u00bfQu\u00e9 otros tema preocupan al sector?<\/strong><br \/>\n-Estamos trabajando ahora con un cr\u00e9dito que va a tomar el pa\u00eds con el BID, por US$ 40 millones, para cuestiones de sostenibilidad del sector, el Proviar II, donde la prioridad est\u00e1 en resolver aspectos de la crisis h\u00eddrica, enfocado en los peque\u00f1os productores; el objetivo es siempre la integraci\u00f3n de los productores m\u00e1s chicos a la cadena.<\/p>\n<p><strong>-\u00bfC\u00f3mo es el v\u00ednculo con el sector p\u00fablico?<\/strong><br \/>\n-Es positivo, tenemos buena relaci\u00f3n con el Ministerio de Agricultura, el ministro (Juli\u00e1n) Dom\u00ednguez fue el autor de la ley del Vino Argentino Bebida Nacional; con el Ministerio de Producci\u00f3n planteamos el \u00abPlan 1000\u00bb, de alcanzar los US$ 1.000 millones de exportaci\u00f3n de vino embotellado, que para alcanzarlo necesitamos s\u00f3lo un mejor tipo de cambio.<\/p>\n<p><strong>-\u00bfCu\u00e1l fue el impacto de la reducci\u00f3n de los derechos a las exportaciones de las econom\u00edas regionales para el sector?<\/strong><br \/>\n-Impacta en las empresas muy chicas del sector, las que exportan menos de US$ 500 mil, que num\u00e9ricamente son muchas pero representan s\u00f3lo 4% de las exportaciones; nuestra bandera es eliminar los derechos a la exportaci\u00f3n, no desde una posici\u00f3n contraria a los derechos a la exportaci\u00f3n sino porque creemos que el vino no deber\u00eda pagarlos por su valor agregado; tendr\u00eda que haber un tratamiento diferencial con respecto a las materias primas b\u00e1sicas, que s\u00ed tienen que contribuir.<\/p>\n<p><strong>-\u00bfQu\u00e9 opina de la denuncia por parte de las bodegas del sur del pa\u00eds sobre un intento de apropiaci\u00f3n de la marca Patagonia?<\/strong><br \/>\n-Apoyamos totalmente el reclamo, el derecho a la defensa de las indicaciones geogr\u00e1ficas en el mundo del vino se respeta y deber respetarse; que alguien quiera apropiarse del nombre Patagonia es absurdo; no compartimos que una bodega extranjera se apropie de la marca y pretenda adue\u00f1arse de la misma a trav\u00e9s de una maniobra de registraci\u00f3n; vamos a trabajar para evitar que eso ocurra.<\/p>\n<p><strong>-\u00bfSe solucion\u00f3 el problema de la escasez de botellas que afect\u00f3 al sector?<\/strong><br \/>\n-Estamos mejor que a finales de a\u00f1o, que no hab\u00eda botellas; la industria del vidrio est\u00e1 resolviendo el problema; algunas empresas duplicaron la producci\u00f3n y est\u00e1n terminando de reparar los da\u00f1os que provocaron la escasez; si bien es un capitulo no superado todav\u00eda, tiene un horizonte de 60 d\u00edas para resolverlo; el otro problema serio que tuvimos fue el log\u00edstico, la falta de espacio en los barcos y contenedores, y el cierre de la frontera con Chile por razones sanitarias, fue muy da\u00f1ino para las exportaciones del sector; ojal\u00e1 se resuelva para poder volver a tener los espacios y los costos anteriores.<\/p>\n<p><strong>-\u00bfCu\u00e1l es la posici\u00f3n del sector sobre el proyecto de ley de alcohol cero al volante?<\/strong><br \/>\n-Creemos que el vino es alimento y que el problema del tr\u00e1nsito no se resuelve con tolerancia cero; estamos trabajando para contribuir a la educaci\u00f3n y penalizaci\u00f3n, cuando corresponda; hay que atacar todas las otras causas de los accidentes; el vino es un alimento que contiene alcohol y no alcohol, cuando se lo saca de la mesa se abre espacio para otras bebidas muy perjudiciales para la salud; vamos a sumarnos para contribuir a la soluci\u00f3n del problema para que haya menos accidentes.<\/p>\n","protected":false},"excerpt":{"rendered":"<p>Jos\u00e9 Alberto Zuccardi, presidente de la Corporaci\u00f3n Vitivin\u00edcola Argentina, se\u00f1al\u00f3 en di\u00e1logo con T\u00e9lam que el sector fue uno de los rubros productivos menos afectados por la pandemia y que en la actualidad se encuentra en una \u00absituaci\u00f3n de equilibrio de mercado\u00bb<\/p>\n","protected":false},"author":3,"featured_media":0,"comment_status":"closed","ping_status":"closed","sticky":false,"template":"","format":"standard","meta":{"footnotes":""},"categories":[36,33],"tags":[],"class_list":["post-68763","post","type-post","status-publish","format-standard","hentry","category-economia","category-turismo"],"yoast_head":"<!-- This site is optimized with the Yoast SEO plugin v25.9 - https:\/\/yoast.com\/wordpress\/plugins\/seo\/ -->\n<title>Crecieron el consumo, las exportaciones y el turismo vitivin\u00edcola - Noticias Radio Reflejos<\/title>\n<meta name=\"robots\" content=\"index, follow, max-snippet:-1, max-image-preview:large, max-video-preview:-1\" \/>\n<link rel=\"canonical\" href=\"https:\/\/www.noticiasradioreflejos.com.ar\/2021\/crecieron-el-consumo-las-exportaciones-y-el-turismo-vitivinicola\/\" \/>\n<meta property=\"og:locale\" content=\"es_ES\" \/>\n<meta property=\"og:type\" content=\"article\" \/>\n<meta property=\"og:title\" content=\"Crecieron el consumo, las exportaciones y el turismo vitivin\u00edcola - Noticias Radio Reflejos\" \/>\n<meta property=\"og:description\" content=\"Jos\u00e9 Alberto Zuccardi, presidente de la Corporaci\u00f3n Vitivin\u00edcola Argentina, se\u00f1al\u00f3 en di\u00e1logo con T\u00e9lam que el sector fue uno de los rubros productivos menos afectados por la pandemia y que en la actualidad se encuentra en una \u00absituaci\u00f3n de equilibrio de mercado\u00bb\" \/>\n<meta property=\"og:url\" content=\"https:\/\/www.noticiasradioreflejos.com.ar\/2021\/crecieron-el-consumo-las-exportaciones-y-el-turismo-vitivinicola\/\" \/>\n<meta property=\"og:site_name\" content=\"Noticias Radio Reflejos\" \/>\n<meta property=\"article:published_time\" content=\"2022-02-27T23:14:45+00:00\" \/>\n<meta property=\"og:image\" content=\"https:\/\/www.telam.com.ar\/thumbs\/bluesteel\/advf\/imagenes\/2020\/08\/5f429ea4c6165_900.jpg\" \/>\n<meta name=\"author\" content=\"Arnaldo Botto\" \/>\n<meta name=\"twitter:card\" content=\"summary_large_image\" \/>\n<script type=\"application\/ld+json\" class=\"yoast-schema-graph\">{\"@context\":\"https:\/\/schema.org\",\"@graph\":[{\"@type\":\"WebPage\",\"@id\":\"https:\/\/www.noticiasradioreflejos.com.ar\/2021\/crecieron-el-consumo-las-exportaciones-y-el-turismo-vitivinicola\/\",\"url\":\"https:\/\/www.noticiasradioreflejos.com.ar\/2021\/crecieron-el-consumo-las-exportaciones-y-el-turismo-vitivinicola\/\",\"name\":\"Crecieron el consumo, las exportaciones y el turismo vitivin\u00edcola - Noticias Radio Reflejos\",\"isPartOf\":{\"@id\":\"https:\/\/www.noticiasradioreflejos.com.ar\/2021\/#website\"},\"primaryImageOfPage\":{\"@id\":\"https:\/\/www.noticiasradioreflejos.com.ar\/2021\/crecieron-el-consumo-las-exportaciones-y-el-turismo-vitivinicola\/#primaryimage\"},\"image\":{\"@id\":\"https:\/\/www.noticiasradioreflejos.com.ar\/2021\/crecieron-el-consumo-las-exportaciones-y-el-turismo-vitivinicola\/#primaryimage\"},\"thumbnailUrl\":\"https:\/\/www.telam.com.ar\/thumbs\/bluesteel\/advf\/imagenes\/2020\/08\/5f429ea4c6165_900.jpg\",\"datePublished\":\"2022-02-27T23:14:45+00:00\",\"author\":{\"@id\":\"https:\/\/www.noticiasradioreflejos.com.ar\/2021\/#\/schema\/person\/ad82545263dcc5ec0996818884fd5fb1\"},\"breadcrumb\":{\"@id\":\"https:\/\/www.noticiasradioreflejos.com.ar\/2021\/crecieron-el-consumo-las-exportaciones-y-el-turismo-vitivinicola\/#breadcrumb\"},\"inLanguage\":\"es\",\"potentialAction\":[{\"@type\":\"ReadAction\",\"target\":[\"https:\/\/www.noticiasradioreflejos.com.ar\/2021\/crecieron-el-consumo-las-exportaciones-y-el-turismo-vitivinicola\/\"]}]},{\"@type\":\"ImageObject\",\"inLanguage\":\"es\",\"@id\":\"https:\/\/www.noticiasradioreflejos.com.ar\/2021\/crecieron-el-consumo-las-exportaciones-y-el-turismo-vitivinicola\/#primaryimage\",\"url\":\"https:\/\/www.telam.com.ar\/thumbs\/bluesteel\/advf\/imagenes\/2020\/08\/5f429ea4c6165_900.jpg\",\"contentUrl\":\"https:\/\/www.telam.com.ar\/thumbs\/bluesteel\/advf\/imagenes\/2020\/08\/5f429ea4c6165_900.jpg\"},{\"@type\":\"BreadcrumbList\",\"@id\":\"https:\/\/www.noticiasradioreflejos.com.ar\/2021\/crecieron-el-consumo-las-exportaciones-y-el-turismo-vitivinicola\/#breadcrumb\",\"itemListElement\":[{\"@type\":\"ListItem\",\"position\":1,\"name\":\"Portada\",\"item\":\"https:\/\/www.noticiasradioreflejos.com.ar\/2021\/\"},{\"@type\":\"ListItem\",\"position\":2,\"name\":\"Crecieron el consumo, las exportaciones y el turismo vitivin\u00edcola\"}]},{\"@type\":\"WebSite\",\"@id\":\"https:\/\/www.noticiasradioreflejos.com.ar\/2021\/#website\",\"url\":\"https:\/\/www.noticiasradioreflejos.com.ar\/2021\/\",\"name\":\"Noticias Radio Reflejos\",\"description\":\"Las noticias de mi comarca\",\"potentialAction\":[{\"@type\":\"SearchAction\",\"target\":{\"@type\":\"EntryPoint\",\"urlTemplate\":\"https:\/\/www.noticiasradioreflejos.com.ar\/2021\/?s={search_term_string}\"},\"query-input\":{\"@type\":\"PropertyValueSpecification\",\"valueRequired\":true,\"valueName\":\"search_term_string\"}}],\"inLanguage\":\"es\"},{\"@type\":\"Person\",\"@id\":\"https:\/\/www.noticiasradioreflejos.com.ar\/2021\/#\/schema\/person\/ad82545263dcc5ec0996818884fd5fb1\",\"name\":\"Arnaldo Botto\",\"image\":{\"@type\":\"ImageObject\",\"inLanguage\":\"es\",\"@id\":\"https:\/\/www.noticiasradioreflejos.com.ar\/2021\/#\/schema\/person\/image\/\",\"url\":\"https:\/\/secure.gravatar.com\/avatar\/55cb5e37c1efa326397366e6974cb338056df65cb50e7d64d1cf314e87504837?s=96&d=mm&r=g\",\"contentUrl\":\"https:\/\/secure.gravatar.com\/avatar\/55cb5e37c1efa326397366e6974cb338056df65cb50e7d64d1cf314e87504837?s=96&d=mm&r=g\",\"caption\":\"Arnaldo Botto\"},\"url\":\"https:\/\/www.noticiasradioreflejos.com.ar\/2021\/author\/arnaldo\/\"}]}<\/script>\n<!-- \/ Yoast SEO plugin. -->","yoast_head_json":{"title":"Crecieron el consumo, las exportaciones y el turismo vitivin\u00edcola - Noticias Radio Reflejos","robots":{"index":"index","follow":"follow","max-snippet":"max-snippet:-1","max-image-preview":"max-image-preview:large","max-video-preview":"max-video-preview:-1"},"canonical":"https:\/\/www.noticiasradioreflejos.com.ar\/2021\/crecieron-el-consumo-las-exportaciones-y-el-turismo-vitivinicola\/","og_locale":"es_ES","og_type":"article","og_title":"Crecieron el consumo, las exportaciones y el turismo vitivin\u00edcola - Noticias Radio Reflejos","og_description":"Jos\u00e9 Alberto Zuccardi, presidente de la Corporaci\u00f3n Vitivin\u00edcola Argentina, se\u00f1al\u00f3 en di\u00e1logo con T\u00e9lam que el sector fue uno de los rubros productivos menos afectados por la pandemia y que en la actualidad se encuentra en una \u00absituaci\u00f3n de equilibrio de mercado\u00bb","og_url":"https:\/\/www.noticiasradioreflejos.com.ar\/2021\/crecieron-el-consumo-las-exportaciones-y-el-turismo-vitivinicola\/","og_site_name":"Noticias Radio Reflejos","article_published_time":"2022-02-27T23:14:45+00:00","og_image":[{"url":"https:\/\/www.telam.com.ar\/thumbs\/bluesteel\/advf\/imagenes\/2020\/08\/5f429ea4c6165_900.jpg","type":"","width":"","height":""}],"author":"Arnaldo Botto","twitter_card":"summary_large_image","schema":{"@context":"https:\/\/schema.org","@graph":[{"@type":"WebPage","@id":"https:\/\/www.noticiasradioreflejos.com.ar\/2021\/crecieron-el-consumo-las-exportaciones-y-el-turismo-vitivinicola\/","url":"https:\/\/www.noticiasradioreflejos.com.ar\/2021\/crecieron-el-consumo-las-exportaciones-y-el-turismo-vitivinicola\/","name":"Crecieron el consumo, las exportaciones y el turismo vitivin\u00edcola - Noticias Radio Reflejos","isPartOf":{"@id":"https:\/\/www.noticiasradioreflejos.com.ar\/2021\/#website"},"primaryImageOfPage":{"@id":"https:\/\/www.noticiasradioreflejos.com.ar\/2021\/crecieron-el-consumo-las-exportaciones-y-el-turismo-vitivinicola\/#primaryimage"},"image":{"@id":"https:\/\/www.noticiasradioreflejos.com.ar\/2021\/crecieron-el-consumo-las-exportaciones-y-el-turismo-vitivinicola\/#primaryimage"},"thumbnailUrl":"https:\/\/www.telam.com.ar\/thumbs\/bluesteel\/advf\/imagenes\/2020\/08\/5f429ea4c6165_900.jpg","datePublished":"2022-02-27T23:14:45+00:00","author":{"@id":"https:\/\/www.noticiasradioreflejos.com.ar\/2021\/#\/schema\/person\/ad82545263dcc5ec0996818884fd5fb1"},"breadcrumb":{"@id":"https:\/\/www.noticiasradioreflejos.com.ar\/2021\/crecieron-el-consumo-las-exportaciones-y-el-turismo-vitivinicola\/#breadcrumb"},"inLanguage":"es","potentialAction":[{"@type":"ReadAction","target":["https:\/\/www.noticiasradioreflejos.com.ar\/2021\/crecieron-el-consumo-las-exportaciones-y-el-turismo-vitivinicola\/"]}]},{"@type":"ImageObject","inLanguage":"es","@id":"https:\/\/www.noticiasradioreflejos.com.ar\/2021\/crecieron-el-consumo-las-exportaciones-y-el-turismo-vitivinicola\/#primaryimage","url":"https:\/\/www.telam.com.ar\/thumbs\/bluesteel\/advf\/imagenes\/2020\/08\/5f429ea4c6165_900.jpg","contentUrl":"https:\/\/www.telam.com.ar\/thumbs\/bluesteel\/advf\/imagenes\/2020\/08\/5f429ea4c6165_900.jpg"},{"@type":"BreadcrumbList","@id":"https:\/\/www.noticiasradioreflejos.com.ar\/2021\/crecieron-el-consumo-las-exportaciones-y-el-turismo-vitivinicola\/#breadcrumb","itemListElement":[{"@type":"ListItem","position":1,"name":"Portada","item":"https:\/\/www.noticiasradioreflejos.com.ar\/2021\/"},{"@type":"ListItem","position":2,"name":"Crecieron el consumo, las exportaciones y el turismo vitivin\u00edcola"}]},{"@type":"WebSite","@id":"https:\/\/www.noticiasradioreflejos.com.ar\/2021\/#website","url":"https:\/\/www.noticiasradioreflejos.com.ar\/2021\/","name":"Noticias Radio Reflejos","description":"Las noticias de mi comarca","potentialAction":[{"@type":"SearchAction","target":{"@type":"EntryPoint","urlTemplate":"https:\/\/www.noticiasradioreflejos.com.ar\/2021\/?s={search_term_string}"},"query-input":{"@type":"PropertyValueSpecification","valueRequired":true,"valueName":"search_term_string"}}],"inLanguage":"es"},{"@type":"Person","@id":"https:\/\/www.noticiasradioreflejos.com.ar\/2021\/#\/schema\/person\/ad82545263dcc5ec0996818884fd5fb1","name":"Arnaldo Botto","image":{"@type":"ImageObject","inLanguage":"es","@id":"https:\/\/www.noticiasradioreflejos.com.ar\/2021\/#\/schema\/person\/image\/","url":"https:\/\/secure.gravatar.com\/avatar\/55cb5e37c1efa326397366e6974cb338056df65cb50e7d64d1cf314e87504837?s=96&d=mm&r=g","contentUrl":"https:\/\/secure.gravatar.com\/avatar\/55cb5e37c1efa326397366e6974cb338056df65cb50e7d64d1cf314e87504837?s=96&d=mm&r=g","caption":"Arnaldo Botto"},"url":"https:\/\/www.noticiasradioreflejos.com.ar\/2021\/author\/arnaldo\/"}]}},"_links":{"self":[{"href":"https:\/\/www.noticiasradioreflejos.com.ar\/2021\/wp-json\/wp\/v2\/posts\/68763","targetHints":{"allow":["GET"]}}],"collection":[{"href":"https:\/\/www.noticiasradioreflejos.com.ar\/2021\/wp-json\/wp\/v2\/posts"}],"about":[{"href":"https:\/\/www.noticiasradioreflejos.com.ar\/2021\/wp-json\/wp\/v2\/types\/post"}],"author":[{"embeddable":true,"href":"https:\/\/www.noticiasradioreflejos.com.ar\/2021\/wp-json\/wp\/v2\/users\/3"}],"replies":[{"embeddable":true,"href":"https:\/\/www.noticiasradioreflejos.com.ar\/2021\/wp-json\/wp\/v2\/comments?post=68763"}],"version-history":[{"count":1,"href":"https:\/\/www.noticiasradioreflejos.com.ar\/2021\/wp-json\/wp\/v2\/posts\/68763\/revisions"}],"predecessor-version":[{"id":68765,"href":"https:\/\/www.noticiasradioreflejos.com.ar\/2021\/wp-json\/wp\/v2\/posts\/68763\/revisions\/68765"}],"wp:attachment":[{"href":"https:\/\/www.noticiasradioreflejos.com.ar\/2021\/wp-json\/wp\/v2\/media?parent=68763"}],"wp:term":[{"taxonomy":"category","embeddable":true,"href":"https:\/\/www.noticiasradioreflejos.com.ar\/2021\/wp-json\/wp\/v2\/categories?post=68763"},{"taxonomy":"post_tag","embeddable":true,"href":"https:\/\/www.noticiasradioreflejos.com.ar\/2021\/wp-json\/wp\/v2\/tags?post=68763"}],"curies":[{"name":"wp","href":"https:\/\/api.w.org\/{rel}","templated":true}]}}