{"id":68757,"date":"2022-02-27T15:22:16","date_gmt":"2022-02-27T15:22:16","guid":{"rendered":"http:\/\/www.noticiasradioreflejos.com.ar\/2021\/?p=68757"},"modified":"2022-02-27T15:22:16","modified_gmt":"2022-02-27T15:22:16","slug":"tornquist-varios-lesionados-en-un-choque-dentro-de-la-ciudad","status":"publish","type":"post","link":"https:\/\/www.noticiasradioreflejos.com.ar\/2021\/tornquist-varios-lesionados-en-un-choque-dentro-de-la-ciudad\/","title":{"rendered":"Tornquist: Varios lesionados en un choque dentro de la ciudad."},"content":{"rendered":"<p>En la intersecci\u00f3n de Belgrano e Italia, en la madrugada de este domingo, se produjo un impactante accidente protagonizado por una camioneta Ford F 100(VFA 446)y un autom\u00f3vil Chevrolet Vectra (ICD) 122.<!--more--><\/p>\n<p>El auto,\u00a0 termin\u00f3 encima del bulevar sobre Belgrano y la camioneta contra el cord\u00f3n de la intersecci\u00f3n frente al SUM del Colegio Nuestra Se\u00f1ora de Luj\u00e1n.<\/p>\n<p>Los conductores se domicilian en la ciudad y fueron derivados al hospital municipal para su atenci\u00f3n.<\/p>\n<p>La camioneta estaba al mando de\u00a0<strong>Mariano Leandro Martinez<\/strong>. El auto,\u00a0 era conducido por\u00a0<strong>Emiliano Saraiva<\/strong>, acompa\u00f1ado por\u00a0<strong>Ignacio Gast\u00f3n Gallastegui Vallese<\/strong>,\u00a0<strong>Leonel Maier<\/strong>,\u00a0<strong>Gian Dupuy<\/strong>\u00a0y una menor de 17 a\u00f1os.<\/p>\n<p>Seg\u00fan las informaciones recabadas sufrieron lesiones de distinta consideraci\u00f3n pero sin riesgo de vida. La causa es caratulada como lesiones culposas.<\/p>\n<div>\n<p><img decoding=\"async\" src=\"https:\/\/www.noticiastornquist.com.ar\/imagen.php?imagen=2022-02\/426ed383dfad4e11aa8a54d350e2091a.jpg\" \/><\/p>\n<div><\/div>\n<hr \/>\n<p><img decoding=\"async\" src=\"https:\/\/www.noticiastornquist.com.ar\/imagen.php?imagen=2022-02\/43ee1173cee842a7b0e3ea9cf60138f0.jpg\" \/><\/p>\n<div><\/div>\n<hr \/>\n<p><img decoding=\"async\" src=\"https:\/\/www.noticiastornquist.com.ar\/imagen.php?imagen=2022-02\/54f3416d506b445bb589994937200d84.jpg\" \/><\/p>\n<div><\/div>\n<hr \/>\n<p>&nbsp;<\/p>\n<div><\/div>\n<hr \/>\n<p><img decoding=\"async\" src=\"https:\/\/www.noticiastornquist.com.ar\/imagen.php?imagen=2022-02\/59339b1c652347879299a60daba44c60.jpg\" \/><\/p>\n<div><\/div>\n<hr \/>\n<p><img decoding=\"async\" src=\"https:\/\/www.noticiastornquist.com.ar\/imagen.php?imagen=2022-02\/b17ed95628f640ec9e027c2c8706ba8c.jpg\" \/><\/p>\n<div><\/div>\n<hr \/>\n<p><img decoding=\"async\" src=\"https:\/\/www.noticiastornquist.com.ar\/imagen.php?imagen=2022-02\/d6734c7aed9248b589b2b63a7357d721.jpg\" \/><\/p>\n<div><\/div>\n<hr \/>\n<p><img decoding=\"async\" src=\"https:\/\/www.noticiastornquist.com.ar\/imagen.php?imagen=2022-02\/otra.jpg\" \/><\/p>\n<div><\/div>\n<hr \/>\n<\/div>\n<p>&nbsp;<\/p>\n<p><strong>Fuente Noticias Tornquist<\/strong><\/p>\n<p>&nbsp;<\/p>\n","protected":false},"excerpt":{"rendered":"<p>En la intersecci\u00f3n de Belgrano e Italia, en la madrugada de este domingo, se produjo un impactante accidente protagonizado por una camioneta Ford F 100(VFA 446)y un autom\u00f3vil Chevrolet Vectra (ICD) 122.<\/p>\n","protected":false},"author":3,"featured_media":0,"comment_status":"closed","ping_status":"closed","sticky":false,"template":"","format":"standard","meta":{"footnotes":""},"categories":[29],"tags":[48],"class_list":["post-68757","post","type-post","status-publish","format-standard","hentry","category-policiales","tag-destacada"],"yoast_head":"<!-- This site is optimized with the Yoast SEO plugin v25.9 - https:\/\/yoast.com\/wordpress\/plugins\/seo\/ -->\n<title>Tornquist: Varios lesionados en un choque dentro de la ciudad. - Noticias Radio Reflejos<\/title>\n<meta name=\"robots\" content=\"index, follow, max-snippet:-1, max-image-preview:large, max-video-preview:-1\" \/>\n<link rel=\"canonical\" href=\"https:\/\/www.noticiasradioreflejos.com.ar\/2021\/tornquist-varios-lesionados-en-un-choque-dentro-de-la-ciudad\/\" \/>\n<meta property=\"og:locale\" content=\"es_ES\" \/>\n<meta property=\"og:type\" content=\"article\" \/>\n<meta property=\"og:title\" content=\"Tornquist: Varios lesionados en un choque dentro de la ciudad. - Noticias Radio Reflejos\" \/>\n<meta property=\"og:description\" content=\"En la intersecci\u00f3n de Belgrano e Italia, en la madrugada de este domingo, se produjo un impactante accidente protagonizado por una camioneta Ford F 100(VFA 446)y un autom\u00f3vil Chevrolet Vectra (ICD) 122.\" \/>\n<meta property=\"og:url\" content=\"https:\/\/www.noticiasradioreflejos.com.ar\/2021\/tornquist-varios-lesionados-en-un-choque-dentro-de-la-ciudad\/\" \/>\n<meta property=\"og:site_name\" content=\"Noticias Radio Reflejos\" \/>\n<meta property=\"article:published_time\" content=\"2022-02-27T15:22:16+00:00\" \/>\n<meta property=\"og:image\" content=\"https:\/\/www.noticiastornquist.com.ar\/imagen.php?imagen=2022-02\/426ed383dfad4e11aa8a54d350e2091a.jpg\" \/>\n<meta name=\"author\" content=\"Arnaldo Botto\" \/>\n<meta name=\"twitter:card\" content=\"summary_large_image\" \/>\n<script type=\"application\/ld+json\" class=\"yoast-schema-graph\">{\"@context\":\"https:\/\/schema.org\",\"@graph\":[{\"@type\":\"WebPage\",\"@id\":\"https:\/\/www.noticiasradioreflejos.com.ar\/2021\/tornquist-varios-lesionados-en-un-choque-dentro-de-la-ciudad\/\",\"url\":\"https:\/\/www.noticiasradioreflejos.com.ar\/2021\/tornquist-varios-lesionados-en-un-choque-dentro-de-la-ciudad\/\",\"name\":\"Tornquist: Varios lesionados en un choque dentro de la ciudad. - Noticias Radio Reflejos\",\"isPartOf\":{\"@id\":\"https:\/\/www.noticiasradioreflejos.com.ar\/2021\/#website\"},\"primaryImageOfPage\":{\"@id\":\"https:\/\/www.noticiasradioreflejos.com.ar\/2021\/tornquist-varios-lesionados-en-un-choque-dentro-de-la-ciudad\/#primaryimage\"},\"image\":{\"@id\":\"https:\/\/www.noticiasradioreflejos.com.ar\/2021\/tornquist-varios-lesionados-en-un-choque-dentro-de-la-ciudad\/#primaryimage\"},\"thumbnailUrl\":\"https:\/\/www.noticiastornquist.com.ar\/imagen.php?imagen=2022-02\/426ed383dfad4e11aa8a54d350e2091a.jpg\",\"datePublished\":\"2022-02-27T15:22:16+00:00\",\"author\":{\"@id\":\"https:\/\/www.noticiasradioreflejos.com.ar\/2021\/#\/schema\/person\/ad82545263dcc5ec0996818884fd5fb1\"},\"breadcrumb\":{\"@id\":\"https:\/\/www.noticiasradioreflejos.com.ar\/2021\/tornquist-varios-lesionados-en-un-choque-dentro-de-la-ciudad\/#breadcrumb\"},\"inLanguage\":\"es\",\"potentialAction\":[{\"@type\":\"ReadAction\",\"target\":[\"https:\/\/www.noticiasradioreflejos.com.ar\/2021\/tornquist-varios-lesionados-en-un-choque-dentro-de-la-ciudad\/\"]}]},{\"@type\":\"ImageObject\",\"inLanguage\":\"es\",\"@id\":\"https:\/\/www.noticiasradioreflejos.com.ar\/2021\/tornquist-varios-lesionados-en-un-choque-dentro-de-la-ciudad\/#primaryimage\",\"url\":\"https:\/\/www.noticiastornquist.com.ar\/imagen.php?imagen=2022-02\/426ed383dfad4e11aa8a54d350e2091a.jpg\",\"contentUrl\":\"https:\/\/www.noticiastornquist.com.ar\/imagen.php?imagen=2022-02\/426ed383dfad4e11aa8a54d350e2091a.jpg\"},{\"@type\":\"BreadcrumbList\",\"@id\":\"https:\/\/www.noticiasradioreflejos.com.ar\/2021\/tornquist-varios-lesionados-en-un-choque-dentro-de-la-ciudad\/#breadcrumb\",\"itemListElement\":[{\"@type\":\"ListItem\",\"position\":1,\"name\":\"Portada\",\"item\":\"https:\/\/www.noticiasradioreflejos.com.ar\/2021\/\"},{\"@type\":\"ListItem\",\"position\":2,\"name\":\"Tornquist: Varios lesionados en un choque dentro de la ciudad.\"}]},{\"@type\":\"WebSite\",\"@id\":\"https:\/\/www.noticiasradioreflejos.com.ar\/2021\/#website\",\"url\":\"https:\/\/www.noticiasradioreflejos.com.ar\/2021\/\",\"name\":\"Noticias Radio Reflejos\",\"description\":\"Las noticias de mi comarca\",\"potentialAction\":[{\"@type\":\"SearchAction\",\"target\":{\"@type\":\"EntryPoint\",\"urlTemplate\":\"https:\/\/www.noticiasradioreflejos.com.ar\/2021\/?s={search_term_string}\"},\"query-input\":{\"@type\":\"PropertyValueSpecification\",\"valueRequired\":true,\"valueName\":\"search_term_string\"}}],\"inLanguage\":\"es\"},{\"@type\":\"Person\",\"@id\":\"https:\/\/www.noticiasradioreflejos.com.ar\/2021\/#\/schema\/person\/ad82545263dcc5ec0996818884fd5fb1\",\"name\":\"Arnaldo Botto\",\"image\":{\"@type\":\"ImageObject\",\"inLanguage\":\"es\",\"@id\":\"https:\/\/www.noticiasradioreflejos.com.ar\/2021\/#\/schema\/person\/image\/\",\"url\":\"https:\/\/secure.gravatar.com\/avatar\/55cb5e37c1efa326397366e6974cb338056df65cb50e7d64d1cf314e87504837?s=96&d=mm&r=g\",\"contentUrl\":\"https:\/\/secure.gravatar.com\/avatar\/55cb5e37c1efa326397366e6974cb338056df65cb50e7d64d1cf314e87504837?s=96&d=mm&r=g\",\"caption\":\"Arnaldo Botto\"},\"url\":\"https:\/\/www.noticiasradioreflejos.com.ar\/2021\/author\/arnaldo\/\"}]}<\/script>\n<!-- \/ Yoast SEO plugin. -->","yoast_head_json":{"title":"Tornquist: Varios lesionados en un choque dentro de la ciudad. - Noticias Radio Reflejos","robots":{"index":"index","follow":"follow","max-snippet":"max-snippet:-1","max-image-preview":"max-image-preview:large","max-video-preview":"max-video-preview:-1"},"canonical":"https:\/\/www.noticiasradioreflejos.com.ar\/2021\/tornquist-varios-lesionados-en-un-choque-dentro-de-la-ciudad\/","og_locale":"es_ES","og_type":"article","og_title":"Tornquist: Varios lesionados en un choque dentro de la ciudad. - Noticias Radio Reflejos","og_description":"En la intersecci\u00f3n de Belgrano e Italia, en la madrugada de este domingo, se produjo un impactante accidente protagonizado por una camioneta Ford F 100(VFA 446)y un autom\u00f3vil Chevrolet Vectra (ICD) 122.","og_url":"https:\/\/www.noticiasradioreflejos.com.ar\/2021\/tornquist-varios-lesionados-en-un-choque-dentro-de-la-ciudad\/","og_site_name":"Noticias Radio Reflejos","article_published_time":"2022-02-27T15:22:16+00:00","og_image":[{"url":"https:\/\/www.noticiastornquist.com.ar\/imagen.php?imagen=2022-02\/426ed383dfad4e11aa8a54d350e2091a.jpg","type":"","width":"","height":""}],"author":"Arnaldo Botto","twitter_card":"summary_large_image","schema":{"@context":"https:\/\/schema.org","@graph":[{"@type":"WebPage","@id":"https:\/\/www.noticiasradioreflejos.com.ar\/2021\/tornquist-varios-lesionados-en-un-choque-dentro-de-la-ciudad\/","url":"https:\/\/www.noticiasradioreflejos.com.ar\/2021\/tornquist-varios-lesionados-en-un-choque-dentro-de-la-ciudad\/","name":"Tornquist: Varios lesionados en un choque dentro de la ciudad. - Noticias Radio Reflejos","isPartOf":{"@id":"https:\/\/www.noticiasradioreflejos.com.ar\/2021\/#website"},"primaryImageOfPage":{"@id":"https:\/\/www.noticiasradioreflejos.com.ar\/2021\/tornquist-varios-lesionados-en-un-choque-dentro-de-la-ciudad\/#primaryimage"},"image":{"@id":"https:\/\/www.noticiasradioreflejos.com.ar\/2021\/tornquist-varios-lesionados-en-un-choque-dentro-de-la-ciudad\/#primaryimage"},"thumbnailUrl":"https:\/\/www.noticiastornquist.com.ar\/imagen.php?imagen=2022-02\/426ed383dfad4e11aa8a54d350e2091a.jpg","datePublished":"2022-02-27T15:22:16+00:00","author":{"@id":"https:\/\/www.noticiasradioreflejos.com.ar\/2021\/#\/schema\/person\/ad82545263dcc5ec0996818884fd5fb1"},"breadcrumb":{"@id":"https:\/\/www.noticiasradioreflejos.com.ar\/2021\/tornquist-varios-lesionados-en-un-choque-dentro-de-la-ciudad\/#breadcrumb"},"inLanguage":"es","potentialAction":[{"@type":"ReadAction","target":["https:\/\/www.noticiasradioreflejos.com.ar\/2021\/tornquist-varios-lesionados-en-un-choque-dentro-de-la-ciudad\/"]}]},{"@type":"ImageObject","inLanguage":"es","@id":"https:\/\/www.noticiasradioreflejos.com.ar\/2021\/tornquist-varios-lesionados-en-un-choque-dentro-de-la-ciudad\/#primaryimage","url":"https:\/\/www.noticiastornquist.com.ar\/imagen.php?imagen=2022-02\/426ed383dfad4e11aa8a54d350e2091a.jpg","contentUrl":"https:\/\/www.noticiastornquist.com.ar\/imagen.php?imagen=2022-02\/426ed383dfad4e11aa8a54d350e2091a.jpg"},{"@type":"BreadcrumbList","@id":"https:\/\/www.noticiasradioreflejos.com.ar\/2021\/tornquist-varios-lesionados-en-un-choque-dentro-de-la-ciudad\/#breadcrumb","itemListElement":[{"@type":"ListItem","position":1,"name":"Portada","item":"https:\/\/www.noticiasradioreflejos.com.ar\/2021\/"},{"@type":"ListItem","position":2,"name":"Tornquist: Varios lesionados en un choque dentro de la ciudad."}]},{"@type":"WebSite","@id":"https:\/\/www.noticiasradioreflejos.com.ar\/2021\/#website","url":"https:\/\/www.noticiasradioreflejos.com.ar\/2021\/","name":"Noticias Radio Reflejos","description":"Las noticias de mi comarca","potentialAction":[{"@type":"SearchAction","target":{"@type":"EntryPoint","urlTemplate":"https:\/\/www.noticiasradioreflejos.com.ar\/2021\/?s={search_term_string}"},"query-input":{"@type":"PropertyValueSpecification","valueRequired":true,"valueName":"search_term_string"}}],"inLanguage":"es"},{"@type":"Person","@id":"https:\/\/www.noticiasradioreflejos.com.ar\/2021\/#\/schema\/person\/ad82545263dcc5ec0996818884fd5fb1","name":"Arnaldo Botto","image":{"@type":"ImageObject","inLanguage":"es","@id":"https:\/\/www.noticiasradioreflejos.com.ar\/2021\/#\/schema\/person\/image\/","url":"https:\/\/secure.gravatar.com\/avatar\/55cb5e37c1efa326397366e6974cb338056df65cb50e7d64d1cf314e87504837?s=96&d=mm&r=g","contentUrl":"https:\/\/secure.gravatar.com\/avatar\/55cb5e37c1efa326397366e6974cb338056df65cb50e7d64d1cf314e87504837?s=96&d=mm&r=g","caption":"Arnaldo Botto"},"url":"https:\/\/www.noticiasradioreflejos.com.ar\/2021\/author\/arnaldo\/"}]}},"_links":{"self":[{"href":"https:\/\/www.noticiasradioreflejos.com.ar\/2021\/wp-json\/wp\/v2\/posts\/68757","targetHints":{"allow":["GET"]}}],"collection":[{"href":"https:\/\/www.noticiasradioreflejos.com.ar\/2021\/wp-json\/wp\/v2\/posts"}],"about":[{"href":"https:\/\/www.noticiasradioreflejos.com.ar\/2021\/wp-json\/wp\/v2\/types\/post"}],"author":[{"embeddable":true,"href":"https:\/\/www.noticiasradioreflejos.com.ar\/2021\/wp-json\/wp\/v2\/users\/3"}],"replies":[{"embeddable":true,"href":"https:\/\/www.noticiasradioreflejos.com.ar\/2021\/wp-json\/wp\/v2\/comments?post=68757"}],"version-history":[{"count":1,"href":"https:\/\/www.noticiasradioreflejos.com.ar\/2021\/wp-json\/wp\/v2\/posts\/68757\/revisions"}],"predecessor-version":[{"id":68759,"href":"https:\/\/www.noticiasradioreflejos.com.ar\/2021\/wp-json\/wp\/v2\/posts\/68757\/revisions\/68759"}],"wp:attachment":[{"href":"https:\/\/www.noticiasradioreflejos.com.ar\/2021\/wp-json\/wp\/v2\/media?parent=68757"}],"wp:term":[{"taxonomy":"category","embeddable":true,"href":"https:\/\/www.noticiasradioreflejos.com.ar\/2021\/wp-json\/wp\/v2\/categories?post=68757"},{"taxonomy":"post_tag","embeddable":true,"href":"https:\/\/www.noticiasradioreflejos.com.ar\/2021\/wp-json\/wp\/v2\/tags?post=68757"}],"curies":[{"name":"wp","href":"https:\/\/api.w.org\/{rel}","templated":true}]}}