{"id":68749,"date":"2022-02-26T19:19:09","date_gmt":"2022-02-26T19:19:09","guid":{"rendered":"http:\/\/www.noticiasradioreflejos.com.ar\/2021\/?p=68749"},"modified":"2022-02-26T19:20:19","modified_gmt":"2022-02-26T19:20:19","slug":"el-logro-de-unir-vomuntades","status":"publish","type":"post","link":"https:\/\/www.noticiasradioreflejos.com.ar\/2021\/el-logro-de-unir-vomuntades\/","title":{"rendered":"El logro de unir voluntades."},"content":{"rendered":"<p>Con inmensa alegr\u00eda la comunidad recibi\u00f3 hoy la noticia de que se encontrar\u00eda resuelta la problem\u00e1tica del transporte escolar en nuestro distrito.<!--more--><\/p>\n<p><a href=\"https:\/\/flic.kr\/p\/2n5MgdK\"><img loading=\"lazy\" decoding=\"async\" src=\"https:\/\/live.staticflickr.com\/65535\/51906281895_47d163cf6e_z.jpg\" alt=\"FB_IMG_1645899280113\" width=\"480\" height=\"640\" \/><\/a><\/p>\n<p>Hace ya varios meses los padres de alumnos que concurren a la Escuela T\u00e9cnica de Tornquist, provenientes de Saldungaray, Sierra de la Ventana y Villa Ventana, comenzaron a movilizarse para solicitar que se contin\u00fae prestando el servicio de transporte escolar luego de que el Intendente Municipal anunciara su decisi\u00f3n de que el mismo no seguir\u00eda estando en el ciclo lectivo 2022.<\/p>\n<p>Los propios padres hicieron gestiones ante distintas autoridades tanto del Departamento Ejecutivo como Concejales y Consejeros Escolares.<\/p>\n<p>El 22 de febrero visitaron Sierra de la Ventana el Gobernador de la Provincia de Buenos Aires Axel Kicillof acompa\u00f1ado de distintas autoridades bonaerenses. Esa visita fue propicia para que desde diferentes sectores se pudiera plantear la problem\u00e1tica.<\/p>\n<p>Un grupo de padres pudieron mantener una reuni\u00f3n con la Ministra de Gobierno Mar\u00eda Cristina \u00c1lvarez Rodr\u00edguez, la cual fue gestionada por el ex intendente y actual Director de Regi\u00f3n 19 de Vialidad Nacional Lic. Gustavo Trankels y de la que tambi\u00e9n participaron Concejales del Frente de Todos.<\/p>\n<p><a href=\"https:\/\/flic.kr\/p\/2n5Jr7S\"><img loading=\"lazy\" decoding=\"async\" src=\"https:\/\/live.staticflickr.com\/65535\/51905729858_240ea86bfd_z.jpg\" alt=\"FB_IMG_1645899285686\" width=\"480\" height=\"640\" \/><\/a><\/p>\n<p>En ese encuentro tuvieron la posibilidad de conversar en un marco de absoluto respeto sobre su situaci\u00f3n y preocupaci\u00f3n para que tanto sus hijos como muchos otros j\u00f3venes del distrito puedan acceder a la educaci\u00f3n t\u00e9cnica.<\/p>\n<p>El pedido fue tomado y tenido en cuenta. A s\u00f3lo cuatro d\u00edas de ese encuentro el Gobierno Bonaerense acerca al Gobierno Municipal una propuesta para que pueda garantizarse el transporte escolar en el distrito.<\/p>\n<p>Gracias Gobernador Axel Kicillof, gracias Ministra de Gobierno Mar\u00eda Cristina \u00c1lvarez Rodr\u00edguez, gracias Ministro de Educaci\u00f3n Bonaerense Alberto Sileoni, gracias Lic. Gustavo Trankels por escuchar y dar respuesta r\u00e1pidamente a la solicitud de una comunidad.<\/p>\n<p>Gracias a los padres que se unieron y fueron perseverantes en su lucha.<\/p>\n<p>Cuando las voluntades se unen y hay un estado presente, con gobernantes abiertos al di\u00e1logo y dispuestos a trabajar para hacer mejor la vida de los ciudadanos de su territorio suceden estas cosas. La \u00fanica verdad es la realidad.<\/p>\n<p>&nbsp;<\/p>\n<p>CONCEJALES FRENTE DE TODOS TORNQUIST<\/p>\n","protected":false},"excerpt":{"rendered":"<p>Con inmensa alegr\u00eda la comunidad recibi\u00f3 hoy la noticia de que se encontrar\u00eda resuelta la problem\u00e1tica del transporte escolar en nuestro distrito.<\/p>\n","protected":false},"author":3,"featured_media":0,"comment_status":"closed","ping_status":"closed","sticky":false,"template":"","format":"standard","meta":{"footnotes":""},"categories":[1],"tags":[],"class_list":["post-68749","post","type-post","status-publish","format-standard","hentry","category-sin-categoria"],"yoast_head":"<!-- This site is optimized with the Yoast SEO plugin v25.9 - https:\/\/yoast.com\/wordpress\/plugins\/seo\/ -->\n<title>El logro de unir voluntades. - Noticias Radio Reflejos<\/title>\n<meta name=\"robots\" content=\"index, follow, max-snippet:-1, max-image-preview:large, max-video-preview:-1\" \/>\n<link rel=\"canonical\" href=\"https:\/\/www.noticiasradioreflejos.com.ar\/2021\/el-logro-de-unir-vomuntades\/\" \/>\n<meta property=\"og:locale\" content=\"es_ES\" \/>\n<meta property=\"og:type\" content=\"article\" \/>\n<meta property=\"og:title\" content=\"El logro de unir voluntades. - Noticias Radio Reflejos\" \/>\n<meta property=\"og:description\" content=\"Con inmensa alegr\u00eda la comunidad recibi\u00f3 hoy la noticia de que se encontrar\u00eda resuelta la problem\u00e1tica del transporte escolar en nuestro distrito.\" \/>\n<meta property=\"og:url\" content=\"https:\/\/www.noticiasradioreflejos.com.ar\/2021\/el-logro-de-unir-vomuntades\/\" \/>\n<meta property=\"og:site_name\" content=\"Noticias Radio Reflejos\" \/>\n<meta property=\"article:published_time\" content=\"2022-02-26T19:19:09+00:00\" \/>\n<meta property=\"article:modified_time\" content=\"2022-02-26T19:20:19+00:00\" \/>\n<meta property=\"og:image\" content=\"https:\/\/www.noticiasradioreflejos.com.ar\/2021\/wp-content\/uploads\/2021\/07\/logosol300x200.png\" \/>\n\t<meta property=\"og:image:width\" content=\"300\" \/>\n\t<meta property=\"og:image:height\" content=\"200\" \/>\n\t<meta property=\"og:image:type\" content=\"image\/png\" \/>\n<meta name=\"author\" content=\"Arnaldo Botto\" \/>\n<meta name=\"twitter:card\" content=\"summary_large_image\" \/>\n<script type=\"application\/ld+json\" class=\"yoast-schema-graph\">{\"@context\":\"https:\/\/schema.org\",\"@graph\":[{\"@type\":\"WebPage\",\"@id\":\"https:\/\/www.noticiasradioreflejos.com.ar\/2021\/el-logro-de-unir-vomuntades\/\",\"url\":\"https:\/\/www.noticiasradioreflejos.com.ar\/2021\/el-logro-de-unir-vomuntades\/\",\"name\":\"El logro de unir voluntades. - Noticias Radio Reflejos\",\"isPartOf\":{\"@id\":\"https:\/\/www.noticiasradioreflejos.com.ar\/2021\/#website\"},\"datePublished\":\"2022-02-26T19:19:09+00:00\",\"dateModified\":\"2022-02-26T19:20:19+00:00\",\"author\":{\"@id\":\"https:\/\/www.noticiasradioreflejos.com.ar\/2021\/#\/schema\/person\/ad82545263dcc5ec0996818884fd5fb1\"},\"breadcrumb\":{\"@id\":\"https:\/\/www.noticiasradioreflejos.com.ar\/2021\/el-logro-de-unir-vomuntades\/#breadcrumb\"},\"inLanguage\":\"es\",\"potentialAction\":[{\"@type\":\"ReadAction\",\"target\":[\"https:\/\/www.noticiasradioreflejos.com.ar\/2021\/el-logro-de-unir-vomuntades\/\"]}]},{\"@type\":\"BreadcrumbList\",\"@id\":\"https:\/\/www.noticiasradioreflejos.com.ar\/2021\/el-logro-de-unir-vomuntades\/#breadcrumb\",\"itemListElement\":[{\"@type\":\"ListItem\",\"position\":1,\"name\":\"Portada\",\"item\":\"https:\/\/www.noticiasradioreflejos.com.ar\/2021\/\"},{\"@type\":\"ListItem\",\"position\":2,\"name\":\"El logro de unir voluntades.\"}]},{\"@type\":\"WebSite\",\"@id\":\"https:\/\/www.noticiasradioreflejos.com.ar\/2021\/#website\",\"url\":\"https:\/\/www.noticiasradioreflejos.com.ar\/2021\/\",\"name\":\"Noticias Radio Reflejos\",\"description\":\"Las noticias de mi comarca\",\"potentialAction\":[{\"@type\":\"SearchAction\",\"target\":{\"@type\":\"EntryPoint\",\"urlTemplate\":\"https:\/\/www.noticiasradioreflejos.com.ar\/2021\/?s={search_term_string}\"},\"query-input\":{\"@type\":\"PropertyValueSpecification\",\"valueRequired\":true,\"valueName\":\"search_term_string\"}}],\"inLanguage\":\"es\"},{\"@type\":\"Person\",\"@id\":\"https:\/\/www.noticiasradioreflejos.com.ar\/2021\/#\/schema\/person\/ad82545263dcc5ec0996818884fd5fb1\",\"name\":\"Arnaldo Botto\",\"image\":{\"@type\":\"ImageObject\",\"inLanguage\":\"es\",\"@id\":\"https:\/\/www.noticiasradioreflejos.com.ar\/2021\/#\/schema\/person\/image\/\",\"url\":\"https:\/\/secure.gravatar.com\/avatar\/55cb5e37c1efa326397366e6974cb338056df65cb50e7d64d1cf314e87504837?s=96&d=mm&r=g\",\"contentUrl\":\"https:\/\/secure.gravatar.com\/avatar\/55cb5e37c1efa326397366e6974cb338056df65cb50e7d64d1cf314e87504837?s=96&d=mm&r=g\",\"caption\":\"Arnaldo Botto\"},\"url\":\"https:\/\/www.noticiasradioreflejos.com.ar\/2021\/author\/arnaldo\/\"}]}<\/script>\n<!-- \/ Yoast SEO plugin. -->","yoast_head_json":{"title":"El logro de unir voluntades. - Noticias Radio Reflejos","robots":{"index":"index","follow":"follow","max-snippet":"max-snippet:-1","max-image-preview":"max-image-preview:large","max-video-preview":"max-video-preview:-1"},"canonical":"https:\/\/www.noticiasradioreflejos.com.ar\/2021\/el-logro-de-unir-vomuntades\/","og_locale":"es_ES","og_type":"article","og_title":"El logro de unir voluntades. - Noticias Radio Reflejos","og_description":"Con inmensa alegr\u00eda la comunidad recibi\u00f3 hoy la noticia de que se encontrar\u00eda resuelta la problem\u00e1tica del transporte escolar en nuestro distrito.","og_url":"https:\/\/www.noticiasradioreflejos.com.ar\/2021\/el-logro-de-unir-vomuntades\/","og_site_name":"Noticias Radio Reflejos","article_published_time":"2022-02-26T19:19:09+00:00","article_modified_time":"2022-02-26T19:20:19+00:00","og_image":[{"width":300,"height":200,"url":"https:\/\/www.noticiasradioreflejos.com.ar\/2021\/wp-content\/uploads\/2021\/07\/logosol300x200.png","type":"image\/png"}],"author":"Arnaldo Botto","twitter_card":"summary_large_image","schema":{"@context":"https:\/\/schema.org","@graph":[{"@type":"WebPage","@id":"https:\/\/www.noticiasradioreflejos.com.ar\/2021\/el-logro-de-unir-vomuntades\/","url":"https:\/\/www.noticiasradioreflejos.com.ar\/2021\/el-logro-de-unir-vomuntades\/","name":"El logro de unir voluntades. - Noticias Radio Reflejos","isPartOf":{"@id":"https:\/\/www.noticiasradioreflejos.com.ar\/2021\/#website"},"datePublished":"2022-02-26T19:19:09+00:00","dateModified":"2022-02-26T19:20:19+00:00","author":{"@id":"https:\/\/www.noticiasradioreflejos.com.ar\/2021\/#\/schema\/person\/ad82545263dcc5ec0996818884fd5fb1"},"breadcrumb":{"@id":"https:\/\/www.noticiasradioreflejos.com.ar\/2021\/el-logro-de-unir-vomuntades\/#breadcrumb"},"inLanguage":"es","potentialAction":[{"@type":"ReadAction","target":["https:\/\/www.noticiasradioreflejos.com.ar\/2021\/el-logro-de-unir-vomuntades\/"]}]},{"@type":"BreadcrumbList","@id":"https:\/\/www.noticiasradioreflejos.com.ar\/2021\/el-logro-de-unir-vomuntades\/#breadcrumb","itemListElement":[{"@type":"ListItem","position":1,"name":"Portada","item":"https:\/\/www.noticiasradioreflejos.com.ar\/2021\/"},{"@type":"ListItem","position":2,"name":"El logro de unir voluntades."}]},{"@type":"WebSite","@id":"https:\/\/www.noticiasradioreflejos.com.ar\/2021\/#website","url":"https:\/\/www.noticiasradioreflejos.com.ar\/2021\/","name":"Noticias Radio Reflejos","description":"Las noticias de mi comarca","potentialAction":[{"@type":"SearchAction","target":{"@type":"EntryPoint","urlTemplate":"https:\/\/www.noticiasradioreflejos.com.ar\/2021\/?s={search_term_string}"},"query-input":{"@type":"PropertyValueSpecification","valueRequired":true,"valueName":"search_term_string"}}],"inLanguage":"es"},{"@type":"Person","@id":"https:\/\/www.noticiasradioreflejos.com.ar\/2021\/#\/schema\/person\/ad82545263dcc5ec0996818884fd5fb1","name":"Arnaldo Botto","image":{"@type":"ImageObject","inLanguage":"es","@id":"https:\/\/www.noticiasradioreflejos.com.ar\/2021\/#\/schema\/person\/image\/","url":"https:\/\/secure.gravatar.com\/avatar\/55cb5e37c1efa326397366e6974cb338056df65cb50e7d64d1cf314e87504837?s=96&d=mm&r=g","contentUrl":"https:\/\/secure.gravatar.com\/avatar\/55cb5e37c1efa326397366e6974cb338056df65cb50e7d64d1cf314e87504837?s=96&d=mm&r=g","caption":"Arnaldo Botto"},"url":"https:\/\/www.noticiasradioreflejos.com.ar\/2021\/author\/arnaldo\/"}]}},"_links":{"self":[{"href":"https:\/\/www.noticiasradioreflejos.com.ar\/2021\/wp-json\/wp\/v2\/posts\/68749","targetHints":{"allow":["GET"]}}],"collection":[{"href":"https:\/\/www.noticiasradioreflejos.com.ar\/2021\/wp-json\/wp\/v2\/posts"}],"about":[{"href":"https:\/\/www.noticiasradioreflejos.com.ar\/2021\/wp-json\/wp\/v2\/types\/post"}],"author":[{"embeddable":true,"href":"https:\/\/www.noticiasradioreflejos.com.ar\/2021\/wp-json\/wp\/v2\/users\/3"}],"replies":[{"embeddable":true,"href":"https:\/\/www.noticiasradioreflejos.com.ar\/2021\/wp-json\/wp\/v2\/comments?post=68749"}],"version-history":[{"count":2,"href":"https:\/\/www.noticiasradioreflejos.com.ar\/2021\/wp-json\/wp\/v2\/posts\/68749\/revisions"}],"predecessor-version":[{"id":68752,"href":"https:\/\/www.noticiasradioreflejos.com.ar\/2021\/wp-json\/wp\/v2\/posts\/68749\/revisions\/68752"}],"wp:attachment":[{"href":"https:\/\/www.noticiasradioreflejos.com.ar\/2021\/wp-json\/wp\/v2\/media?parent=68749"}],"wp:term":[{"taxonomy":"category","embeddable":true,"href":"https:\/\/www.noticiasradioreflejos.com.ar\/2021\/wp-json\/wp\/v2\/categories?post=68749"},{"taxonomy":"post_tag","embeddable":true,"href":"https:\/\/www.noticiasradioreflejos.com.ar\/2021\/wp-json\/wp\/v2\/tags?post=68749"}],"curies":[{"name":"wp","href":"https:\/\/api.w.org\/{rel}","templated":true}]}}