{"id":68736,"date":"2022-02-26T16:41:04","date_gmt":"2022-02-26T16:41:04","guid":{"rendered":"http:\/\/www.noticiasradioreflejos.com.ar\/2021\/?p=68736"},"modified":"2022-02-26T17:51:39","modified_gmt":"2022-02-26T17:51:39","slug":"la-escuela-tecnica-tendra-trasporte-escolar-es-una-decision-politica-de-la-provincia-de-buenos-aires","status":"publish","type":"post","link":"https:\/\/www.noticiasradioreflejos.com.ar\/2021\/la-escuela-tecnica-tendra-trasporte-escolar-es-una-decision-politica-de-la-provincia-de-buenos-aires\/","title":{"rendered":"La Escuela T\u00e9cnica tendr\u00e1 transporte escolar: \u00abEs una decisi\u00f3n pol\u00edtica de la Provincia de Buenos Aires\u00bb."},"content":{"rendered":"<p>La Directora de Coordinaci\u00f3n de Consejos Escolares de la Provincia de Buenos Aires <strong>Marianela P\u00e1ez<\/strong>, le comunic\u00f3 esta ma\u00f1ana al Intendente de Tornquist que abonar\u00e1n por adelantado y por trimestre el monto de todo el transporte escolar del distrito.El intendente lo comunic\u00f3 en conferencia este mediod\u00eda.<!--more--><\/p>\n<p>\u00abHab\u00eda una propuesta que hab\u00eda tirado el consejo escolar de rendir a la Direcci\u00f3n General de Escuelas, una vez que hab\u00edan viajado los chicos, y obviamente despu\u00e9s iba a venir el dinero.\u00bb inici\u00f3 explicando el jefe comunal en relaci\u00f3n al tema.<\/p>\n<p>Esa propuesta del Consejo Escolar no era viable para el intendente y de ah\u00ed, que anunciara d\u00edas atr\u00e1s,\u00a0 que \u00abno habr\u00eda transporte escolar para todos\u00bb; esta postura la tom\u00f3 Bordoni en relaci\u00f3n a una deuda que tiene la provincia en ese rubro por m\u00e1s de 4 millones de pesos desde el a\u00f1o pasado, dinero que sali\u00f3 del fondo educativo municipal y que seg\u00fan lo expresa el intendente en la conferencia \u00abMuy probablemente la semana que viene se ingrese el pago de la deuda\u00bb.<\/p>\n<p>La explicaci\u00f3n inicial de la situaci\u00f3n actual en relaci\u00f3n al transporte escolar distrital y especialmente del que se presta a los alumnos de la Escuela Media T\u00e9cnica N\u00b01, provenientes de Saldungaray, Sierra de la Ventana\u00a0 y Villa Ventana, que viajan haciendo m\u00e1s de 100 km por d\u00eda para asistir a clases, quedar\u00e1 resuelta.<\/p>\n<p>En la conferencia, Bordoni comenta que la Directora de Coordinaci\u00f3n de Consejos Escolares de la Provincia de Buenos Aires <strong>Marianela P\u00e1ez<\/strong>, le comunic\u00f3 esta ma\u00f1ana que<strong> abonar\u00e1n por adelantado y por trimestre el monto de todo el transporte escolar del Distrito<\/strong>, lo que llev\u00f3 a una aprobaci\u00f3n inmediata del m\u00e9todo por parte del intendente y que resolver\u00eda una situaci\u00f3n de reclamo de los \u00faltimos d\u00edas por parte de los padres damnificados por la falta de movilidad para sus hijos.<\/p>\n<p>\u00abEn marzo entra el primer pago, el segundo ser\u00eda en junio y el tercer pago en setiembre, de esa forma, le dije que s\u00ed y de esa forma estaba dispuesto a trabajar, si la DGE pagaba con anticipaci\u00f3n yo estaba dispuesto, si me mandaban el dinero y que no saliera del fondo educativo\u00bb, afirm\u00f3 Sergio.<\/p>\n<p>La confirmaci\u00f3n definitiva de la operatoria lleg\u00f3 minutos antes del anuncio y Bordoni reiter\u00f3: <strong>\u00abDe esa forma va a haber transporte\u00bb<\/strong> como respuesta a la funcionaria educativa, y a su vez destaca: \u00abLa Escuela T\u00e9cnica tendr\u00e1 transporte escolar: Es una decisi\u00f3n pol\u00edtica de la Provincia de Buenos Aires.<\/p>\n<p>Bordoni aclar\u00f3 que el pago del transporte a los alumnos de la T\u00e9cnica no es obligaci\u00f3n del municipio ni de la provincia, y celebra en su alocuci\u00f3n que el gobierno provincial haya aceptado y tomado esta decisi\u00f3n <b>\u00abComo yo la tom\u00e9 hace seis a\u00f1os que estuvimos haciendo el transporte gratuito\u00bb ;<\/b> inmediatamente\u00a0 apunt\u00f3 contra los derrotistas y los que siempre critican,\u00a0 \u00a0que salieron a decir que \u00aba nosotros no nos importa la educaci\u00f3n o que ten\u00edamos otras prioridades\u00bb.<\/p>\n<p><strong>\u00a0 \u00abSaben que no hay transporte y que es muy dif\u00edcil de cubrir en Tornquist el servicio\u00bb<\/strong> respondi\u00f3 el intendente a nuestra consulta y detall\u00f3 el monto anual que insume: <strong>\u00bb El a\u00f1o pasado gastamos 12 millones de pesos en un a\u00f1o calendario que no fue completo, hubi\u00e9ramos gastado 15 o 16 millones\u00bb<\/strong><\/p>\n<p>Para este a\u00f1o se estima entre 20 a 21 millones el total del gasto por transporte para todos los niveles educativos en el Distrito.<\/p>\n<p><strong>\u00abTuvo mucho que ver el gobernador, porque esta es una decisi\u00f3n pol\u00edtica, como la que durante seis a\u00f1os tom\u00e9 yo, la de hacer que el transporte se hiciera, ac\u00e1 hay trabajo, nada es casualidad\u00bb<\/strong> .<\/p>\n<p>\u00abHay una decisi\u00f3n pol\u00edtica del gobernador de acompa\u00f1ar al intendente para que el Distrito de Tornquist tenga transporte\u00bb, destac\u00f3 Bordoni durante la nota.<\/p>\n<p>&nbsp;<\/p>\n<p><strong>Conferencia de presa completa:<\/strong><\/p>\n<p><iframe loading=\"lazy\" title=\"YouTube video player\" src=\"https:\/\/www.youtube.com\/embed\/uyaMBgyye9E\" width=\"846\" height=\"415\" frameborder=\"0\" allowfullscreen=\"allowfullscreen\"><\/iframe><\/p>\n<h5>Video de Noticias Tornquist<\/h5>\n<h4><strong>Comunicado oficial<\/strong><\/h4>\n<p><strong>Bordoni gestion\u00f3 y est\u00e1 garantizado el transporte escolar en el distrito<\/strong><\/p>\n<p>El intendente Sergio Bordoni anunci\u00f3 este s\u00e1bado que, tras gestiones realizadas ante la Direcci\u00f3n de Consejos Escolares y Coordinaci\u00f3n Institucional de la Provincia de Buenos Aires, consigui\u00f3 lo fondos necesarios y est\u00e1 garantizado el transporte escolar en todo el distrito.<\/p>\n<p>Al respecto, el jefe comunal destac\u00f3 que la medida incluya el traslado de todos los estudiantes de la Escuela de Educaci\u00f3n Secundaria T\u00e9cnica N\u00b0 1 (EEST) de Tornquist, sobre lo que agradeci\u00f3 la decisi\u00f3n pol\u00edtica del Gobierno Provincial \u201cde acompa\u00f1ar a este intendente para que el distrito tenga transporte\u201d.<\/p>\n<p>Los fondos ser\u00e1n girados al municipio trimestralmente de manera anticipada, por los que se abonar\u00e1n en marzo, junio y septiembre.<\/p>\n<p>\u201cTodo el transporte escolar va a seguir estando como ven\u00eda siendo; que se incorpore a la EEST el traslado gratuito desde todo el Partido fue una decisi\u00f3n pol\u00edtica de nuestra gesti\u00f3n hace seis a\u00f1os y a la que ahora se sum\u00f3 la Provincia\u201d, subray\u00f3 Bordoni y destac\u00f3 el acompa\u00f1amiento en las gestiones de Marianela Paez, Directora de Consejos Escolares bonaerense.<\/p>\n<p>&nbsp;<\/p>\n","protected":false},"excerpt":{"rendered":"<p>La Directora de Coordinaci\u00f3n de Consejos Escolares de la Provincia de Buenos Aires Marianela P\u00e1ez, le comunic\u00f3 esta ma\u00f1ana al Intendente de Tornquist que abonar\u00e1n por adelantado y por trimestre el monto de todo el transporte escolar del distrito.El intendente lo comunic\u00f3 en conferencia este mediod\u00eda.<\/p>\n","protected":false},"author":3,"featured_media":0,"comment_status":"closed","ping_status":"closed","sticky":false,"template":"","format":"standard","meta":{"footnotes":""},"categories":[34,28],"tags":[48],"class_list":["post-68736","post","type-post","status-publish","format-standard","hentry","category-educacion","category-municipales","tag-destacada"],"yoast_head":"<!-- This site is optimized with the Yoast SEO plugin v25.9 - https:\/\/yoast.com\/wordpress\/plugins\/seo\/ -->\n<title>La Escuela T\u00e9cnica tendr\u00e1 transporte escolar: &quot;Es una decisi\u00f3n pol\u00edtica de la Provincia de Buenos Aires&quot;. - Noticias Radio Reflejos<\/title>\n<meta name=\"robots\" content=\"index, follow, max-snippet:-1, max-image-preview:large, max-video-preview:-1\" \/>\n<link rel=\"canonical\" href=\"https:\/\/www.noticiasradioreflejos.com.ar\/2021\/la-escuela-tecnica-tendra-trasporte-escolar-es-una-decision-politica-de-la-provincia-de-buenos-aires\/\" \/>\n<meta property=\"og:locale\" content=\"es_ES\" \/>\n<meta property=\"og:type\" content=\"article\" \/>\n<meta property=\"og:title\" content=\"La Escuela T\u00e9cnica tendr\u00e1 transporte escolar: &quot;Es una decisi\u00f3n pol\u00edtica de la Provincia de Buenos Aires&quot;. - Noticias Radio Reflejos\" \/>\n<meta property=\"og:description\" content=\"La Directora de Coordinaci\u00f3n de Consejos Escolares de la Provincia de Buenos Aires Marianela P\u00e1ez, le comunic\u00f3 esta ma\u00f1ana al Intendente de Tornquist que abonar\u00e1n por adelantado y por trimestre el monto de todo el transporte escolar del distrito.El intendente lo comunic\u00f3 en conferencia este mediod\u00eda.\" \/>\n<meta property=\"og:url\" content=\"https:\/\/www.noticiasradioreflejos.com.ar\/2021\/la-escuela-tecnica-tendra-trasporte-escolar-es-una-decision-politica-de-la-provincia-de-buenos-aires\/\" \/>\n<meta property=\"og:site_name\" content=\"Noticias Radio Reflejos\" \/>\n<meta property=\"article:published_time\" content=\"2022-02-26T16:41:04+00:00\" \/>\n<meta property=\"article:modified_time\" content=\"2022-02-26T17:51:39+00:00\" \/>\n<meta property=\"og:image\" content=\"https:\/\/www.noticiasradioreflejos.com.ar\/2021\/wp-content\/uploads\/2021\/07\/logosol300x200.png\" \/>\n\t<meta property=\"og:image:width\" content=\"300\" \/>\n\t<meta property=\"og:image:height\" content=\"200\" \/>\n\t<meta property=\"og:image:type\" content=\"image\/png\" \/>\n<meta name=\"author\" content=\"Arnaldo Botto\" \/>\n<meta name=\"twitter:card\" content=\"summary_large_image\" \/>\n<script type=\"application\/ld+json\" class=\"yoast-schema-graph\">{\"@context\":\"https:\/\/schema.org\",\"@graph\":[{\"@type\":\"WebPage\",\"@id\":\"https:\/\/www.noticiasradioreflejos.com.ar\/2021\/la-escuela-tecnica-tendra-trasporte-escolar-es-una-decision-politica-de-la-provincia-de-buenos-aires\/\",\"url\":\"https:\/\/www.noticiasradioreflejos.com.ar\/2021\/la-escuela-tecnica-tendra-trasporte-escolar-es-una-decision-politica-de-la-provincia-de-buenos-aires\/\",\"name\":\"La Escuela T\u00e9cnica tendr\u00e1 transporte escolar: \\\"Es una decisi\u00f3n pol\u00edtica de la Provincia de Buenos Aires\\\". - Noticias Radio Reflejos\",\"isPartOf\":{\"@id\":\"https:\/\/www.noticiasradioreflejos.com.ar\/2021\/#website\"},\"datePublished\":\"2022-02-26T16:41:04+00:00\",\"dateModified\":\"2022-02-26T17:51:39+00:00\",\"author\":{\"@id\":\"https:\/\/www.noticiasradioreflejos.com.ar\/2021\/#\/schema\/person\/ad82545263dcc5ec0996818884fd5fb1\"},\"breadcrumb\":{\"@id\":\"https:\/\/www.noticiasradioreflejos.com.ar\/2021\/la-escuela-tecnica-tendra-trasporte-escolar-es-una-decision-politica-de-la-provincia-de-buenos-aires\/#breadcrumb\"},\"inLanguage\":\"es\",\"potentialAction\":[{\"@type\":\"ReadAction\",\"target\":[\"https:\/\/www.noticiasradioreflejos.com.ar\/2021\/la-escuela-tecnica-tendra-trasporte-escolar-es-una-decision-politica-de-la-provincia-de-buenos-aires\/\"]}]},{\"@type\":\"BreadcrumbList\",\"@id\":\"https:\/\/www.noticiasradioreflejos.com.ar\/2021\/la-escuela-tecnica-tendra-trasporte-escolar-es-una-decision-politica-de-la-provincia-de-buenos-aires\/#breadcrumb\",\"itemListElement\":[{\"@type\":\"ListItem\",\"position\":1,\"name\":\"Portada\",\"item\":\"https:\/\/www.noticiasradioreflejos.com.ar\/2021\/\"},{\"@type\":\"ListItem\",\"position\":2,\"name\":\"La Escuela T\u00e9cnica tendr\u00e1 transporte escolar: \u00abEs una decisi\u00f3n pol\u00edtica de la Provincia de Buenos Aires\u00bb.\"}]},{\"@type\":\"WebSite\",\"@id\":\"https:\/\/www.noticiasradioreflejos.com.ar\/2021\/#website\",\"url\":\"https:\/\/www.noticiasradioreflejos.com.ar\/2021\/\",\"name\":\"Noticias Radio Reflejos\",\"description\":\"Las noticias de mi comarca\",\"potentialAction\":[{\"@type\":\"SearchAction\",\"target\":{\"@type\":\"EntryPoint\",\"urlTemplate\":\"https:\/\/www.noticiasradioreflejos.com.ar\/2021\/?s={search_term_string}\"},\"query-input\":{\"@type\":\"PropertyValueSpecification\",\"valueRequired\":true,\"valueName\":\"search_term_string\"}}],\"inLanguage\":\"es\"},{\"@type\":\"Person\",\"@id\":\"https:\/\/www.noticiasradioreflejos.com.ar\/2021\/#\/schema\/person\/ad82545263dcc5ec0996818884fd5fb1\",\"name\":\"Arnaldo Botto\",\"image\":{\"@type\":\"ImageObject\",\"inLanguage\":\"es\",\"@id\":\"https:\/\/www.noticiasradioreflejos.com.ar\/2021\/#\/schema\/person\/image\/\",\"url\":\"https:\/\/secure.gravatar.com\/avatar\/55cb5e37c1efa326397366e6974cb338056df65cb50e7d64d1cf314e87504837?s=96&d=mm&r=g\",\"contentUrl\":\"https:\/\/secure.gravatar.com\/avatar\/55cb5e37c1efa326397366e6974cb338056df65cb50e7d64d1cf314e87504837?s=96&d=mm&r=g\",\"caption\":\"Arnaldo Botto\"},\"url\":\"https:\/\/www.noticiasradioreflejos.com.ar\/2021\/author\/arnaldo\/\"}]}<\/script>\n<!-- \/ Yoast SEO plugin. -->","yoast_head_json":{"title":"La Escuela T\u00e9cnica tendr\u00e1 transporte escolar: \"Es una decisi\u00f3n pol\u00edtica de la Provincia de Buenos Aires\". - Noticias Radio Reflejos","robots":{"index":"index","follow":"follow","max-snippet":"max-snippet:-1","max-image-preview":"max-image-preview:large","max-video-preview":"max-video-preview:-1"},"canonical":"https:\/\/www.noticiasradioreflejos.com.ar\/2021\/la-escuela-tecnica-tendra-trasporte-escolar-es-una-decision-politica-de-la-provincia-de-buenos-aires\/","og_locale":"es_ES","og_type":"article","og_title":"La Escuela T\u00e9cnica tendr\u00e1 transporte escolar: \"Es una decisi\u00f3n pol\u00edtica de la Provincia de Buenos Aires\". - Noticias Radio Reflejos","og_description":"La Directora de Coordinaci\u00f3n de Consejos Escolares de la Provincia de Buenos Aires Marianela P\u00e1ez, le comunic\u00f3 esta ma\u00f1ana al Intendente de Tornquist que abonar\u00e1n por adelantado y por trimestre el monto de todo el transporte escolar del distrito.El intendente lo comunic\u00f3 en conferencia este mediod\u00eda.","og_url":"https:\/\/www.noticiasradioreflejos.com.ar\/2021\/la-escuela-tecnica-tendra-trasporte-escolar-es-una-decision-politica-de-la-provincia-de-buenos-aires\/","og_site_name":"Noticias Radio Reflejos","article_published_time":"2022-02-26T16:41:04+00:00","article_modified_time":"2022-02-26T17:51:39+00:00","og_image":[{"width":300,"height":200,"url":"https:\/\/www.noticiasradioreflejos.com.ar\/2021\/wp-content\/uploads\/2021\/07\/logosol300x200.png","type":"image\/png"}],"author":"Arnaldo Botto","twitter_card":"summary_large_image","schema":{"@context":"https:\/\/schema.org","@graph":[{"@type":"WebPage","@id":"https:\/\/www.noticiasradioreflejos.com.ar\/2021\/la-escuela-tecnica-tendra-trasporte-escolar-es-una-decision-politica-de-la-provincia-de-buenos-aires\/","url":"https:\/\/www.noticiasradioreflejos.com.ar\/2021\/la-escuela-tecnica-tendra-trasporte-escolar-es-una-decision-politica-de-la-provincia-de-buenos-aires\/","name":"La Escuela T\u00e9cnica tendr\u00e1 transporte escolar: \"Es una decisi\u00f3n pol\u00edtica de la Provincia de Buenos Aires\". - Noticias Radio Reflejos","isPartOf":{"@id":"https:\/\/www.noticiasradioreflejos.com.ar\/2021\/#website"},"datePublished":"2022-02-26T16:41:04+00:00","dateModified":"2022-02-26T17:51:39+00:00","author":{"@id":"https:\/\/www.noticiasradioreflejos.com.ar\/2021\/#\/schema\/person\/ad82545263dcc5ec0996818884fd5fb1"},"breadcrumb":{"@id":"https:\/\/www.noticiasradioreflejos.com.ar\/2021\/la-escuela-tecnica-tendra-trasporte-escolar-es-una-decision-politica-de-la-provincia-de-buenos-aires\/#breadcrumb"},"inLanguage":"es","potentialAction":[{"@type":"ReadAction","target":["https:\/\/www.noticiasradioreflejos.com.ar\/2021\/la-escuela-tecnica-tendra-trasporte-escolar-es-una-decision-politica-de-la-provincia-de-buenos-aires\/"]}]},{"@type":"BreadcrumbList","@id":"https:\/\/www.noticiasradioreflejos.com.ar\/2021\/la-escuela-tecnica-tendra-trasporte-escolar-es-una-decision-politica-de-la-provincia-de-buenos-aires\/#breadcrumb","itemListElement":[{"@type":"ListItem","position":1,"name":"Portada","item":"https:\/\/www.noticiasradioreflejos.com.ar\/2021\/"},{"@type":"ListItem","position":2,"name":"La Escuela T\u00e9cnica tendr\u00e1 transporte escolar: \u00abEs una decisi\u00f3n pol\u00edtica de la Provincia de Buenos Aires\u00bb."}]},{"@type":"WebSite","@id":"https:\/\/www.noticiasradioreflejos.com.ar\/2021\/#website","url":"https:\/\/www.noticiasradioreflejos.com.ar\/2021\/","name":"Noticias Radio Reflejos","description":"Las noticias de mi comarca","potentialAction":[{"@type":"SearchAction","target":{"@type":"EntryPoint","urlTemplate":"https:\/\/www.noticiasradioreflejos.com.ar\/2021\/?s={search_term_string}"},"query-input":{"@type":"PropertyValueSpecification","valueRequired":true,"valueName":"search_term_string"}}],"inLanguage":"es"},{"@type":"Person","@id":"https:\/\/www.noticiasradioreflejos.com.ar\/2021\/#\/schema\/person\/ad82545263dcc5ec0996818884fd5fb1","name":"Arnaldo Botto","image":{"@type":"ImageObject","inLanguage":"es","@id":"https:\/\/www.noticiasradioreflejos.com.ar\/2021\/#\/schema\/person\/image\/","url":"https:\/\/secure.gravatar.com\/avatar\/55cb5e37c1efa326397366e6974cb338056df65cb50e7d64d1cf314e87504837?s=96&d=mm&r=g","contentUrl":"https:\/\/secure.gravatar.com\/avatar\/55cb5e37c1efa326397366e6974cb338056df65cb50e7d64d1cf314e87504837?s=96&d=mm&r=g","caption":"Arnaldo Botto"},"url":"https:\/\/www.noticiasradioreflejos.com.ar\/2021\/author\/arnaldo\/"}]}},"_links":{"self":[{"href":"https:\/\/www.noticiasradioreflejos.com.ar\/2021\/wp-json\/wp\/v2\/posts\/68736","targetHints":{"allow":["GET"]}}],"collection":[{"href":"https:\/\/www.noticiasradioreflejos.com.ar\/2021\/wp-json\/wp\/v2\/posts"}],"about":[{"href":"https:\/\/www.noticiasradioreflejos.com.ar\/2021\/wp-json\/wp\/v2\/types\/post"}],"author":[{"embeddable":true,"href":"https:\/\/www.noticiasradioreflejos.com.ar\/2021\/wp-json\/wp\/v2\/users\/3"}],"replies":[{"embeddable":true,"href":"https:\/\/www.noticiasradioreflejos.com.ar\/2021\/wp-json\/wp\/v2\/comments?post=68736"}],"version-history":[{"count":5,"href":"https:\/\/www.noticiasradioreflejos.com.ar\/2021\/wp-json\/wp\/v2\/posts\/68736\/revisions"}],"predecessor-version":[{"id":68748,"href":"https:\/\/www.noticiasradioreflejos.com.ar\/2021\/wp-json\/wp\/v2\/posts\/68736\/revisions\/68748"}],"wp:attachment":[{"href":"https:\/\/www.noticiasradioreflejos.com.ar\/2021\/wp-json\/wp\/v2\/media?parent=68736"}],"wp:term":[{"taxonomy":"category","embeddable":true,"href":"https:\/\/www.noticiasradioreflejos.com.ar\/2021\/wp-json\/wp\/v2\/categories?post=68736"},{"taxonomy":"post_tag","embeddable":true,"href":"https:\/\/www.noticiasradioreflejos.com.ar\/2021\/wp-json\/wp\/v2\/tags?post=68736"}],"curies":[{"name":"wp","href":"https:\/\/api.w.org\/{rel}","templated":true}]}}