{"id":68721,"date":"2022-02-25T20:43:41","date_gmt":"2022-02-25T20:43:41","guid":{"rendered":"http:\/\/www.noticiasradioreflejos.com.ar\/2021\/?p=68721"},"modified":"2022-02-25T20:43:41","modified_gmt":"2022-02-25T20:43:41","slug":"fiesta-dia-de-la-mujer-la-idea-es-integrar-al-distrito-con-diferentes-actividades-y-dejar-un-poco-de-lado-lo-protocolar-y-hacerlo-un-poco-mas-social","status":"publish","type":"post","link":"https:\/\/www.noticiasradioreflejos.com.ar\/2021\/fiesta-dia-de-la-mujer-la-idea-es-integrar-al-distrito-con-diferentes-actividades-y-dejar-un-poco-de-lado-lo-protocolar-y-hacerlo-un-poco-mas-social\/","title":{"rendered":"Fiesta D\u00eda de la Mujer: .\u00bbLa idea es integrar al distrito con diferentes actividades y dejar un poco de lado lo protocolar y hacerlo un poco m\u00e1s social.\u00bb"},"content":{"rendered":"<p>Integrante de la nueva comisi\u00f3n del Sindicato de empleados municipales de Tornquist, informa sobre el traspaso del manejo del sindicato e invita a la comunidad a una <strong>fiesta por el \u00abD\u00eda de la Mujer\u00bb.<\/strong><!--more--><\/p>\n<p>Luego del cambio de comisi\u00f3n del sindicato de los empleados municipales, y despu\u00e9s de la victoria de la lista celeste y blanca, Orlando comenta c\u00f3mo se encuentra el sindicato actualmente. \u00abM\u00e1s all\u00e1 de la ida y vuelta de esa denuncia, al d\u00eda de hoy no hemos tenido ninguna clase de rechazo, lo otro estar\u00e1 en manos de la justicia\u00bb expres\u00f3 en relaci\u00f3n a las irregularidades del acto eleccionario que denunci\u00f3 la lista que anteriormente gestionaba el sindicato.<\/p>\n<p>\u00abMe sum\u00e9 a integrar este grupo de trabajo y me ofrecieron trabajar tambi\u00e9n en algunos eventos, eso ha sido nuevo, no se han realizado desde el sindicato. Es un desaf\u00edo lindo\u00bb expres\u00f3 en relaci\u00f3n al trabajo que ahora le toca realizar. Mencion\u00f3 que el pr\u00f3ximo evento que organizar\u00e1n ser\u00e1 el D\u00eda de la Mujer, conmemorado el 8 de marzo.<\/p>\n<p>\u00abMe encomendaron poder organizar el evento. La idea es integrar al distrito con diferentes actividades y dejar un poco de lado lo protocolar y hacerlo un poco m\u00e1s social. De ah\u00ed surgi\u00f3 el 8 de marzo\u00bb agreg\u00f3 que se conmemorar\u00e1 el d\u00eda viernes 11 de marzo, una noche totalmente musical, para todas las edades, en el sal\u00f3n del Colegio de Hermanas. Habr\u00e1 servicio de cantina y de barras. \u00abLa invitaci\u00f3n es abierta, solamente las afiliadas no van a pagar el ingreso\u00bb mencion\u00f3 los beneficios de las empleadas municipales.<\/p>\n<p>Nota completa a continuaci\u00f3n:<br \/>\n<iframe loading=\"lazy\" src=\"https:\/\/w.soundcloud.com\/player\/?url=https%3A\/\/api.soundcloud.com\/tracks\/1222338199&amp;color=%23ff5500&amp;auto_play=false&amp;hide_related=false&amp;show_comments=true&amp;show_user=true&amp;show_reposts=false&amp;show_teaser=true\" width=\"100%\" height=\"166\" frameborder=\"no\" scrolling=\"no\"><\/iframe><\/p>\n<div style=\"font-size: 10px; color: #cccccc; line-break: anywhere; word-break: normal; overflow: hidden; white-space: nowrap; text-overflow: ellipsis; font-family: Interstate,Lucida Grande,Lucida Sans Unicode,Lucida Sans,Garuda,Verdana,Tahoma,sans-serif; font-weight: 100;\"><a style=\"color: #cccccc; text-decoration: none;\" title=\"fmreflejos 103.7\" href=\"https:\/\/soundcloud.com\/fmreflejos-103-7\" target=\"_blank\" rel=\"noopener\">fmreflejos 103.7<\/a> \u00b7 <a style=\"color: #cccccc; text-decoration: none;\" title=\"Orlando Contreras\" href=\"https:\/\/soundcloud.com\/fmreflejos-103-7\/orlando-contreras\" target=\"_blank\" rel=\"noopener\">Orlando Contreras<\/a><\/div>\n","protected":false},"excerpt":{"rendered":"<p>Integrante de la nueva comisi\u00f3n del Sindicato de empleados municipales de Tornquist, informa sobre el traspaso del manejo del sindicato e invita a la comunidad a una fiesta por el \u00abD\u00eda de la Mujer\u00bb.<\/p>\n","protected":false},"author":3,"featured_media":0,"comment_status":"closed","ping_status":"closed","sticky":false,"template":"","format":"standard","meta":{"footnotes":""},"categories":[26],"tags":[48],"class_list":["post-68721","post","type-post","status-publish","format-standard","hentry","category-sociedad","tag-destacada"],"yoast_head":"<!-- This site is optimized with the Yoast SEO plugin v25.9 - https:\/\/yoast.com\/wordpress\/plugins\/seo\/ -->\n<title>Fiesta D\u00eda de la Mujer: .&quot;La idea es integrar al distrito con diferentes actividades y dejar un poco de lado lo protocolar y hacerlo un poco m\u00e1s social.&quot; - Noticias Radio Reflejos<\/title>\n<meta name=\"robots\" content=\"index, follow, max-snippet:-1, max-image-preview:large, max-video-preview:-1\" \/>\n<link rel=\"canonical\" href=\"https:\/\/www.noticiasradioreflejos.com.ar\/2021\/fiesta-dia-de-la-mujer-la-idea-es-integrar-al-distrito-con-diferentes-actividades-y-dejar-un-poco-de-lado-lo-protocolar-y-hacerlo-un-poco-mas-social\/\" \/>\n<meta property=\"og:locale\" content=\"es_ES\" \/>\n<meta property=\"og:type\" content=\"article\" \/>\n<meta property=\"og:title\" content=\"Fiesta D\u00eda de la Mujer: .&quot;La idea es integrar al distrito con diferentes actividades y dejar un poco de lado lo protocolar y hacerlo un poco m\u00e1s social.&quot; - Noticias Radio Reflejos\" \/>\n<meta property=\"og:description\" content=\"Integrante de la nueva comisi\u00f3n del Sindicato de empleados municipales de Tornquist, informa sobre el traspaso del manejo del sindicato e invita a la comunidad a una fiesta por el \u00abD\u00eda de la Mujer\u00bb.\" \/>\n<meta property=\"og:url\" content=\"https:\/\/www.noticiasradioreflejos.com.ar\/2021\/fiesta-dia-de-la-mujer-la-idea-es-integrar-al-distrito-con-diferentes-actividades-y-dejar-un-poco-de-lado-lo-protocolar-y-hacerlo-un-poco-mas-social\/\" \/>\n<meta property=\"og:site_name\" content=\"Noticias Radio Reflejos\" \/>\n<meta property=\"article:published_time\" content=\"2022-02-25T20:43:41+00:00\" \/>\n<meta property=\"og:image\" content=\"https:\/\/www.noticiasradioreflejos.com.ar\/2021\/wp-content\/uploads\/2021\/07\/logosol300x200.png\" \/>\n\t<meta property=\"og:image:width\" content=\"300\" \/>\n\t<meta property=\"og:image:height\" content=\"200\" \/>\n\t<meta property=\"og:image:type\" content=\"image\/png\" \/>\n<meta name=\"author\" content=\"Arnaldo Botto\" \/>\n<meta name=\"twitter:card\" content=\"summary_large_image\" \/>\n<script type=\"application\/ld+json\" class=\"yoast-schema-graph\">{\"@context\":\"https:\/\/schema.org\",\"@graph\":[{\"@type\":\"WebPage\",\"@id\":\"https:\/\/www.noticiasradioreflejos.com.ar\/2021\/fiesta-dia-de-la-mujer-la-idea-es-integrar-al-distrito-con-diferentes-actividades-y-dejar-un-poco-de-lado-lo-protocolar-y-hacerlo-un-poco-mas-social\/\",\"url\":\"https:\/\/www.noticiasradioreflejos.com.ar\/2021\/fiesta-dia-de-la-mujer-la-idea-es-integrar-al-distrito-con-diferentes-actividades-y-dejar-un-poco-de-lado-lo-protocolar-y-hacerlo-un-poco-mas-social\/\",\"name\":\"Fiesta D\u00eda de la Mujer: .\\\"La idea es integrar al distrito con diferentes actividades y dejar un poco de lado lo protocolar y hacerlo un poco m\u00e1s social.\\\" - Noticias Radio Reflejos\",\"isPartOf\":{\"@id\":\"https:\/\/www.noticiasradioreflejos.com.ar\/2021\/#website\"},\"datePublished\":\"2022-02-25T20:43:41+00:00\",\"author\":{\"@id\":\"https:\/\/www.noticiasradioreflejos.com.ar\/2021\/#\/schema\/person\/ad82545263dcc5ec0996818884fd5fb1\"},\"breadcrumb\":{\"@id\":\"https:\/\/www.noticiasradioreflejos.com.ar\/2021\/fiesta-dia-de-la-mujer-la-idea-es-integrar-al-distrito-con-diferentes-actividades-y-dejar-un-poco-de-lado-lo-protocolar-y-hacerlo-un-poco-mas-social\/#breadcrumb\"},\"inLanguage\":\"es\",\"potentialAction\":[{\"@type\":\"ReadAction\",\"target\":[\"https:\/\/www.noticiasradioreflejos.com.ar\/2021\/fiesta-dia-de-la-mujer-la-idea-es-integrar-al-distrito-con-diferentes-actividades-y-dejar-un-poco-de-lado-lo-protocolar-y-hacerlo-un-poco-mas-social\/\"]}]},{\"@type\":\"BreadcrumbList\",\"@id\":\"https:\/\/www.noticiasradioreflejos.com.ar\/2021\/fiesta-dia-de-la-mujer-la-idea-es-integrar-al-distrito-con-diferentes-actividades-y-dejar-un-poco-de-lado-lo-protocolar-y-hacerlo-un-poco-mas-social\/#breadcrumb\",\"itemListElement\":[{\"@type\":\"ListItem\",\"position\":1,\"name\":\"Portada\",\"item\":\"https:\/\/www.noticiasradioreflejos.com.ar\/2021\/\"},{\"@type\":\"ListItem\",\"position\":2,\"name\":\"Fiesta D\u00eda de la Mujer: .\u00bbLa idea es integrar al distrito con diferentes actividades y dejar un poco de lado lo protocolar y hacerlo un poco m\u00e1s social.\u00bb\"}]},{\"@type\":\"WebSite\",\"@id\":\"https:\/\/www.noticiasradioreflejos.com.ar\/2021\/#website\",\"url\":\"https:\/\/www.noticiasradioreflejos.com.ar\/2021\/\",\"name\":\"Noticias Radio Reflejos\",\"description\":\"Las noticias de mi comarca\",\"potentialAction\":[{\"@type\":\"SearchAction\",\"target\":{\"@type\":\"EntryPoint\",\"urlTemplate\":\"https:\/\/www.noticiasradioreflejos.com.ar\/2021\/?s={search_term_string}\"},\"query-input\":{\"@type\":\"PropertyValueSpecification\",\"valueRequired\":true,\"valueName\":\"search_term_string\"}}],\"inLanguage\":\"es\"},{\"@type\":\"Person\",\"@id\":\"https:\/\/www.noticiasradioreflejos.com.ar\/2021\/#\/schema\/person\/ad82545263dcc5ec0996818884fd5fb1\",\"name\":\"Arnaldo Botto\",\"image\":{\"@type\":\"ImageObject\",\"inLanguage\":\"es\",\"@id\":\"https:\/\/www.noticiasradioreflejos.com.ar\/2021\/#\/schema\/person\/image\/\",\"url\":\"https:\/\/secure.gravatar.com\/avatar\/55cb5e37c1efa326397366e6974cb338056df65cb50e7d64d1cf314e87504837?s=96&d=mm&r=g\",\"contentUrl\":\"https:\/\/secure.gravatar.com\/avatar\/55cb5e37c1efa326397366e6974cb338056df65cb50e7d64d1cf314e87504837?s=96&d=mm&r=g\",\"caption\":\"Arnaldo Botto\"},\"url\":\"https:\/\/www.noticiasradioreflejos.com.ar\/2021\/author\/arnaldo\/\"}]}<\/script>\n<!-- \/ Yoast SEO plugin. -->","yoast_head_json":{"title":"Fiesta D\u00eda de la Mujer: .\"La idea es integrar al distrito con diferentes actividades y dejar un poco de lado lo protocolar y hacerlo un poco m\u00e1s social.\" - Noticias Radio Reflejos","robots":{"index":"index","follow":"follow","max-snippet":"max-snippet:-1","max-image-preview":"max-image-preview:large","max-video-preview":"max-video-preview:-1"},"canonical":"https:\/\/www.noticiasradioreflejos.com.ar\/2021\/fiesta-dia-de-la-mujer-la-idea-es-integrar-al-distrito-con-diferentes-actividades-y-dejar-un-poco-de-lado-lo-protocolar-y-hacerlo-un-poco-mas-social\/","og_locale":"es_ES","og_type":"article","og_title":"Fiesta D\u00eda de la Mujer: .\"La idea es integrar al distrito con diferentes actividades y dejar un poco de lado lo protocolar y hacerlo un poco m\u00e1s social.\" - Noticias Radio Reflejos","og_description":"Integrante de la nueva comisi\u00f3n del Sindicato de empleados municipales de Tornquist, informa sobre el traspaso del manejo del sindicato e invita a la comunidad a una fiesta por el \u00abD\u00eda de la Mujer\u00bb.","og_url":"https:\/\/www.noticiasradioreflejos.com.ar\/2021\/fiesta-dia-de-la-mujer-la-idea-es-integrar-al-distrito-con-diferentes-actividades-y-dejar-un-poco-de-lado-lo-protocolar-y-hacerlo-un-poco-mas-social\/","og_site_name":"Noticias Radio Reflejos","article_published_time":"2022-02-25T20:43:41+00:00","og_image":[{"width":300,"height":200,"url":"https:\/\/www.noticiasradioreflejos.com.ar\/2021\/wp-content\/uploads\/2021\/07\/logosol300x200.png","type":"image\/png"}],"author":"Arnaldo Botto","twitter_card":"summary_large_image","schema":{"@context":"https:\/\/schema.org","@graph":[{"@type":"WebPage","@id":"https:\/\/www.noticiasradioreflejos.com.ar\/2021\/fiesta-dia-de-la-mujer-la-idea-es-integrar-al-distrito-con-diferentes-actividades-y-dejar-un-poco-de-lado-lo-protocolar-y-hacerlo-un-poco-mas-social\/","url":"https:\/\/www.noticiasradioreflejos.com.ar\/2021\/fiesta-dia-de-la-mujer-la-idea-es-integrar-al-distrito-con-diferentes-actividades-y-dejar-un-poco-de-lado-lo-protocolar-y-hacerlo-un-poco-mas-social\/","name":"Fiesta D\u00eda de la Mujer: .\"La idea es integrar al distrito con diferentes actividades y dejar un poco de lado lo protocolar y hacerlo un poco m\u00e1s social.\" - Noticias Radio Reflejos","isPartOf":{"@id":"https:\/\/www.noticiasradioreflejos.com.ar\/2021\/#website"},"datePublished":"2022-02-25T20:43:41+00:00","author":{"@id":"https:\/\/www.noticiasradioreflejos.com.ar\/2021\/#\/schema\/person\/ad82545263dcc5ec0996818884fd5fb1"},"breadcrumb":{"@id":"https:\/\/www.noticiasradioreflejos.com.ar\/2021\/fiesta-dia-de-la-mujer-la-idea-es-integrar-al-distrito-con-diferentes-actividades-y-dejar-un-poco-de-lado-lo-protocolar-y-hacerlo-un-poco-mas-social\/#breadcrumb"},"inLanguage":"es","potentialAction":[{"@type":"ReadAction","target":["https:\/\/www.noticiasradioreflejos.com.ar\/2021\/fiesta-dia-de-la-mujer-la-idea-es-integrar-al-distrito-con-diferentes-actividades-y-dejar-un-poco-de-lado-lo-protocolar-y-hacerlo-un-poco-mas-social\/"]}]},{"@type":"BreadcrumbList","@id":"https:\/\/www.noticiasradioreflejos.com.ar\/2021\/fiesta-dia-de-la-mujer-la-idea-es-integrar-al-distrito-con-diferentes-actividades-y-dejar-un-poco-de-lado-lo-protocolar-y-hacerlo-un-poco-mas-social\/#breadcrumb","itemListElement":[{"@type":"ListItem","position":1,"name":"Portada","item":"https:\/\/www.noticiasradioreflejos.com.ar\/2021\/"},{"@type":"ListItem","position":2,"name":"Fiesta D\u00eda de la Mujer: .\u00bbLa idea es integrar al distrito con diferentes actividades y dejar un poco de lado lo protocolar y hacerlo un poco m\u00e1s social.\u00bb"}]},{"@type":"WebSite","@id":"https:\/\/www.noticiasradioreflejos.com.ar\/2021\/#website","url":"https:\/\/www.noticiasradioreflejos.com.ar\/2021\/","name":"Noticias Radio Reflejos","description":"Las noticias de mi comarca","potentialAction":[{"@type":"SearchAction","target":{"@type":"EntryPoint","urlTemplate":"https:\/\/www.noticiasradioreflejos.com.ar\/2021\/?s={search_term_string}"},"query-input":{"@type":"PropertyValueSpecification","valueRequired":true,"valueName":"search_term_string"}}],"inLanguage":"es"},{"@type":"Person","@id":"https:\/\/www.noticiasradioreflejos.com.ar\/2021\/#\/schema\/person\/ad82545263dcc5ec0996818884fd5fb1","name":"Arnaldo Botto","image":{"@type":"ImageObject","inLanguage":"es","@id":"https:\/\/www.noticiasradioreflejos.com.ar\/2021\/#\/schema\/person\/image\/","url":"https:\/\/secure.gravatar.com\/avatar\/55cb5e37c1efa326397366e6974cb338056df65cb50e7d64d1cf314e87504837?s=96&d=mm&r=g","contentUrl":"https:\/\/secure.gravatar.com\/avatar\/55cb5e37c1efa326397366e6974cb338056df65cb50e7d64d1cf314e87504837?s=96&d=mm&r=g","caption":"Arnaldo Botto"},"url":"https:\/\/www.noticiasradioreflejos.com.ar\/2021\/author\/arnaldo\/"}]}},"_links":{"self":[{"href":"https:\/\/www.noticiasradioreflejos.com.ar\/2021\/wp-json\/wp\/v2\/posts\/68721","targetHints":{"allow":["GET"]}}],"collection":[{"href":"https:\/\/www.noticiasradioreflejos.com.ar\/2021\/wp-json\/wp\/v2\/posts"}],"about":[{"href":"https:\/\/www.noticiasradioreflejos.com.ar\/2021\/wp-json\/wp\/v2\/types\/post"}],"author":[{"embeddable":true,"href":"https:\/\/www.noticiasradioreflejos.com.ar\/2021\/wp-json\/wp\/v2\/users\/3"}],"replies":[{"embeddable":true,"href":"https:\/\/www.noticiasradioreflejos.com.ar\/2021\/wp-json\/wp\/v2\/comments?post=68721"}],"version-history":[{"count":2,"href":"https:\/\/www.noticiasradioreflejos.com.ar\/2021\/wp-json\/wp\/v2\/posts\/68721\/revisions"}],"predecessor-version":[{"id":68730,"href":"https:\/\/www.noticiasradioreflejos.com.ar\/2021\/wp-json\/wp\/v2\/posts\/68721\/revisions\/68730"}],"wp:attachment":[{"href":"https:\/\/www.noticiasradioreflejos.com.ar\/2021\/wp-json\/wp\/v2\/media?parent=68721"}],"wp:term":[{"taxonomy":"category","embeddable":true,"href":"https:\/\/www.noticiasradioreflejos.com.ar\/2021\/wp-json\/wp\/v2\/categories?post=68721"},{"taxonomy":"post_tag","embeddable":true,"href":"https:\/\/www.noticiasradioreflejos.com.ar\/2021\/wp-json\/wp\/v2\/tags?post=68721"}],"curies":[{"name":"wp","href":"https:\/\/api.w.org\/{rel}","templated":true}]}}