{"id":68719,"date":"2022-02-25T20:18:14","date_gmt":"2022-02-25T20:18:14","guid":{"rendered":"http:\/\/www.noticiasradioreflejos.com.ar\/2021\/?p=68719"},"modified":"2022-02-25T20:18:14","modified_gmt":"2022-02-25T20:18:14","slug":"mejores-condiciones-para-acceder-a-la-jubilacion-anticipada","status":"publish","type":"post","link":"https:\/\/www.noticiasradioreflejos.com.ar\/2021\/mejores-condiciones-para-acceder-a-la-jubilacion-anticipada\/","title":{"rendered":"Mejores condiciones para acceder a la jubilaci\u00f3n anticipada"},"content":{"rendered":"<p>A partir la Resoluci\u00f3n 2\/2022, publicada ayer en el Bolet\u00edn Oficial, se mejoran las posibilidades de acceder a la Jubilaci\u00f3n Anticipada ya que se empezar\u00e1n a reconocer los per\u00edodos de licencia por maternidad, el tiempo en que se haya percibido la prestaci\u00f3n por desempleo y los pagos de moratoria hasta el 30 de junio de 2021.<!--more--><\/p>\n<p>\u00abEsta ampliaci\u00f3n de la Jubilaci\u00f3n Anticipada para argentinas y argentinos que aportaron toda su vida es un paso m\u00e1s que damos para extender el acceso a la Seguridad Social. En esos momentos en los que el mercado laboral les da la espalda, desde el Estado nacional garantizamos m\u00e1s y mejores derechos, estamos presentes y los acompa\u00f1amos despu\u00e9s de toda una vida de trabajo\u00bb, expres\u00f3 la directora ejecutiva de ANSES, Fernanda Raverta.<\/p>\n<p>La Jubilaci\u00f3n Anticipada se comenz\u00f3 a implementar en el mes de octubre de 2021 y estar\u00e1 vigente por dos a\u00f1os. Hasta el momento ya hay iniciados 15 mil tr\u00e1mites de Jubilaci\u00f3n Anticipada y, en el mes de febrero, ya cobraron m\u00e1s de 8800 personas su prestaci\u00f3n.<\/p>\n<p>Es importante recordar que la Jubilaci\u00f3n Anticipada est\u00e1 destinada a mujeres entre 55 y 59 a\u00f1os y varones entre 60 y 64 que se encontraran en situaci\u00f3n de desempleo al 30 de junio de 2021 y que ya contaran con los 30 a\u00f1os de servicios con aporte. M\u00e1s de la mitad de las personas en esta situaci\u00f3n, hab\u00eda sido despedida durante el per\u00edodo 2016-2019.<\/p>\n<p>La Jubilaci\u00f3n Anticipada otorga un haber del 80 por ciento del que le corresponder\u00e1 a la persona al momento de alcanzar la edad de retiro (60 las mujeres y 65 los varones). En ese momento, la Prestaci\u00f3n Anticipada se convertir\u00e1 de manera autom\u00e1tica en una jubilaci\u00f3n al 100 por ciento. En el mes de febrero el haber promedio de las personas que ya lograron acceder a la Jubilaci\u00f3n Anticipada fue de 81.637 pesos.<\/p>\n","protected":false},"excerpt":{"rendered":"<p>A partir la Resoluci\u00f3n 2\/2022, publicada ayer en el Bolet\u00edn Oficial, se mejoran las posibilidades de acceder a la Jubilaci\u00f3n Anticipada ya que se empezar\u00e1n a reconocer los per\u00edodos de licencia por maternidad, el tiempo en que se haya percibido la prestaci\u00f3n por desempleo y los pagos de moratoria hasta el 30 de junio de [&hellip;]<\/p>\n","protected":false},"author":3,"featured_media":0,"comment_status":"closed","ping_status":"closed","sticky":false,"template":"","format":"standard","meta":{"footnotes":""},"categories":[24,26],"tags":[],"class_list":["post-68719","post","type-post","status-publish","format-standard","hentry","category-politica","category-sociedad"],"yoast_head":"<!-- This site is optimized with the Yoast SEO plugin v25.9 - https:\/\/yoast.com\/wordpress\/plugins\/seo\/ -->\n<title>Mejores condiciones para acceder a la jubilaci\u00f3n anticipada - Noticias Radio Reflejos<\/title>\n<meta name=\"robots\" content=\"index, follow, max-snippet:-1, max-image-preview:large, max-video-preview:-1\" \/>\n<link rel=\"canonical\" href=\"https:\/\/www.noticiasradioreflejos.com.ar\/2021\/mejores-condiciones-para-acceder-a-la-jubilacion-anticipada\/\" \/>\n<meta property=\"og:locale\" content=\"es_ES\" \/>\n<meta property=\"og:type\" content=\"article\" \/>\n<meta property=\"og:title\" content=\"Mejores condiciones para acceder a la jubilaci\u00f3n anticipada - Noticias Radio Reflejos\" \/>\n<meta property=\"og:description\" content=\"A partir la Resoluci\u00f3n 2\/2022, publicada ayer en el Bolet\u00edn Oficial, se mejoran las posibilidades de acceder a la Jubilaci\u00f3n Anticipada ya que se empezar\u00e1n a reconocer los per\u00edodos de licencia por maternidad, el tiempo en que se haya percibido la prestaci\u00f3n por desempleo y los pagos de moratoria hasta el 30 de junio de [&hellip;]\" \/>\n<meta property=\"og:url\" content=\"https:\/\/www.noticiasradioreflejos.com.ar\/2021\/mejores-condiciones-para-acceder-a-la-jubilacion-anticipada\/\" \/>\n<meta property=\"og:site_name\" content=\"Noticias Radio Reflejos\" \/>\n<meta property=\"article:published_time\" content=\"2022-02-25T20:18:14+00:00\" \/>\n<meta property=\"og:image\" content=\"https:\/\/www.noticiasradioreflejos.com.ar\/2021\/wp-content\/uploads\/2021\/07\/logosol300x200.png\" \/>\n\t<meta property=\"og:image:width\" content=\"300\" \/>\n\t<meta property=\"og:image:height\" content=\"200\" \/>\n\t<meta property=\"og:image:type\" content=\"image\/png\" \/>\n<meta name=\"author\" content=\"Arnaldo Botto\" \/>\n<meta name=\"twitter:card\" content=\"summary_large_image\" \/>\n<script type=\"application\/ld+json\" class=\"yoast-schema-graph\">{\"@context\":\"https:\/\/schema.org\",\"@graph\":[{\"@type\":\"WebPage\",\"@id\":\"https:\/\/www.noticiasradioreflejos.com.ar\/2021\/mejores-condiciones-para-acceder-a-la-jubilacion-anticipada\/\",\"url\":\"https:\/\/www.noticiasradioreflejos.com.ar\/2021\/mejores-condiciones-para-acceder-a-la-jubilacion-anticipada\/\",\"name\":\"Mejores condiciones para acceder a la jubilaci\u00f3n anticipada - Noticias Radio Reflejos\",\"isPartOf\":{\"@id\":\"https:\/\/www.noticiasradioreflejos.com.ar\/2021\/#website\"},\"datePublished\":\"2022-02-25T20:18:14+00:00\",\"author\":{\"@id\":\"https:\/\/www.noticiasradioreflejos.com.ar\/2021\/#\/schema\/person\/ad82545263dcc5ec0996818884fd5fb1\"},\"breadcrumb\":{\"@id\":\"https:\/\/www.noticiasradioreflejos.com.ar\/2021\/mejores-condiciones-para-acceder-a-la-jubilacion-anticipada\/#breadcrumb\"},\"inLanguage\":\"es\",\"potentialAction\":[{\"@type\":\"ReadAction\",\"target\":[\"https:\/\/www.noticiasradioreflejos.com.ar\/2021\/mejores-condiciones-para-acceder-a-la-jubilacion-anticipada\/\"]}]},{\"@type\":\"BreadcrumbList\",\"@id\":\"https:\/\/www.noticiasradioreflejos.com.ar\/2021\/mejores-condiciones-para-acceder-a-la-jubilacion-anticipada\/#breadcrumb\",\"itemListElement\":[{\"@type\":\"ListItem\",\"position\":1,\"name\":\"Portada\",\"item\":\"https:\/\/www.noticiasradioreflejos.com.ar\/2021\/\"},{\"@type\":\"ListItem\",\"position\":2,\"name\":\"Mejores condiciones para acceder a la jubilaci\u00f3n anticipada\"}]},{\"@type\":\"WebSite\",\"@id\":\"https:\/\/www.noticiasradioreflejos.com.ar\/2021\/#website\",\"url\":\"https:\/\/www.noticiasradioreflejos.com.ar\/2021\/\",\"name\":\"Noticias Radio Reflejos\",\"description\":\"Las noticias de mi comarca\",\"potentialAction\":[{\"@type\":\"SearchAction\",\"target\":{\"@type\":\"EntryPoint\",\"urlTemplate\":\"https:\/\/www.noticiasradioreflejos.com.ar\/2021\/?s={search_term_string}\"},\"query-input\":{\"@type\":\"PropertyValueSpecification\",\"valueRequired\":true,\"valueName\":\"search_term_string\"}}],\"inLanguage\":\"es\"},{\"@type\":\"Person\",\"@id\":\"https:\/\/www.noticiasradioreflejos.com.ar\/2021\/#\/schema\/person\/ad82545263dcc5ec0996818884fd5fb1\",\"name\":\"Arnaldo Botto\",\"image\":{\"@type\":\"ImageObject\",\"inLanguage\":\"es\",\"@id\":\"https:\/\/www.noticiasradioreflejos.com.ar\/2021\/#\/schema\/person\/image\/\",\"url\":\"https:\/\/secure.gravatar.com\/avatar\/55cb5e37c1efa326397366e6974cb338056df65cb50e7d64d1cf314e87504837?s=96&d=mm&r=g\",\"contentUrl\":\"https:\/\/secure.gravatar.com\/avatar\/55cb5e37c1efa326397366e6974cb338056df65cb50e7d64d1cf314e87504837?s=96&d=mm&r=g\",\"caption\":\"Arnaldo Botto\"},\"url\":\"https:\/\/www.noticiasradioreflejos.com.ar\/2021\/author\/arnaldo\/\"}]}<\/script>\n<!-- \/ Yoast SEO plugin. -->","yoast_head_json":{"title":"Mejores condiciones para acceder a la jubilaci\u00f3n anticipada - Noticias Radio Reflejos","robots":{"index":"index","follow":"follow","max-snippet":"max-snippet:-1","max-image-preview":"max-image-preview:large","max-video-preview":"max-video-preview:-1"},"canonical":"https:\/\/www.noticiasradioreflejos.com.ar\/2021\/mejores-condiciones-para-acceder-a-la-jubilacion-anticipada\/","og_locale":"es_ES","og_type":"article","og_title":"Mejores condiciones para acceder a la jubilaci\u00f3n anticipada - Noticias Radio Reflejos","og_description":"A partir la Resoluci\u00f3n 2\/2022, publicada ayer en el Bolet\u00edn Oficial, se mejoran las posibilidades de acceder a la Jubilaci\u00f3n Anticipada ya que se empezar\u00e1n a reconocer los per\u00edodos de licencia por maternidad, el tiempo en que se haya percibido la prestaci\u00f3n por desempleo y los pagos de moratoria hasta el 30 de junio de [&hellip;]","og_url":"https:\/\/www.noticiasradioreflejos.com.ar\/2021\/mejores-condiciones-para-acceder-a-la-jubilacion-anticipada\/","og_site_name":"Noticias Radio Reflejos","article_published_time":"2022-02-25T20:18:14+00:00","og_image":[{"width":300,"height":200,"url":"https:\/\/www.noticiasradioreflejos.com.ar\/2021\/wp-content\/uploads\/2021\/07\/logosol300x200.png","type":"image\/png"}],"author":"Arnaldo Botto","twitter_card":"summary_large_image","schema":{"@context":"https:\/\/schema.org","@graph":[{"@type":"WebPage","@id":"https:\/\/www.noticiasradioreflejos.com.ar\/2021\/mejores-condiciones-para-acceder-a-la-jubilacion-anticipada\/","url":"https:\/\/www.noticiasradioreflejos.com.ar\/2021\/mejores-condiciones-para-acceder-a-la-jubilacion-anticipada\/","name":"Mejores condiciones para acceder a la jubilaci\u00f3n anticipada - Noticias Radio Reflejos","isPartOf":{"@id":"https:\/\/www.noticiasradioreflejos.com.ar\/2021\/#website"},"datePublished":"2022-02-25T20:18:14+00:00","author":{"@id":"https:\/\/www.noticiasradioreflejos.com.ar\/2021\/#\/schema\/person\/ad82545263dcc5ec0996818884fd5fb1"},"breadcrumb":{"@id":"https:\/\/www.noticiasradioreflejos.com.ar\/2021\/mejores-condiciones-para-acceder-a-la-jubilacion-anticipada\/#breadcrumb"},"inLanguage":"es","potentialAction":[{"@type":"ReadAction","target":["https:\/\/www.noticiasradioreflejos.com.ar\/2021\/mejores-condiciones-para-acceder-a-la-jubilacion-anticipada\/"]}]},{"@type":"BreadcrumbList","@id":"https:\/\/www.noticiasradioreflejos.com.ar\/2021\/mejores-condiciones-para-acceder-a-la-jubilacion-anticipada\/#breadcrumb","itemListElement":[{"@type":"ListItem","position":1,"name":"Portada","item":"https:\/\/www.noticiasradioreflejos.com.ar\/2021\/"},{"@type":"ListItem","position":2,"name":"Mejores condiciones para acceder a la jubilaci\u00f3n anticipada"}]},{"@type":"WebSite","@id":"https:\/\/www.noticiasradioreflejos.com.ar\/2021\/#website","url":"https:\/\/www.noticiasradioreflejos.com.ar\/2021\/","name":"Noticias Radio Reflejos","description":"Las noticias de mi comarca","potentialAction":[{"@type":"SearchAction","target":{"@type":"EntryPoint","urlTemplate":"https:\/\/www.noticiasradioreflejos.com.ar\/2021\/?s={search_term_string}"},"query-input":{"@type":"PropertyValueSpecification","valueRequired":true,"valueName":"search_term_string"}}],"inLanguage":"es"},{"@type":"Person","@id":"https:\/\/www.noticiasradioreflejos.com.ar\/2021\/#\/schema\/person\/ad82545263dcc5ec0996818884fd5fb1","name":"Arnaldo Botto","image":{"@type":"ImageObject","inLanguage":"es","@id":"https:\/\/www.noticiasradioreflejos.com.ar\/2021\/#\/schema\/person\/image\/","url":"https:\/\/secure.gravatar.com\/avatar\/55cb5e37c1efa326397366e6974cb338056df65cb50e7d64d1cf314e87504837?s=96&d=mm&r=g","contentUrl":"https:\/\/secure.gravatar.com\/avatar\/55cb5e37c1efa326397366e6974cb338056df65cb50e7d64d1cf314e87504837?s=96&d=mm&r=g","caption":"Arnaldo Botto"},"url":"https:\/\/www.noticiasradioreflejos.com.ar\/2021\/author\/arnaldo\/"}]}},"_links":{"self":[{"href":"https:\/\/www.noticiasradioreflejos.com.ar\/2021\/wp-json\/wp\/v2\/posts\/68719","targetHints":{"allow":["GET"]}}],"collection":[{"href":"https:\/\/www.noticiasradioreflejos.com.ar\/2021\/wp-json\/wp\/v2\/posts"}],"about":[{"href":"https:\/\/www.noticiasradioreflejos.com.ar\/2021\/wp-json\/wp\/v2\/types\/post"}],"author":[{"embeddable":true,"href":"https:\/\/www.noticiasradioreflejos.com.ar\/2021\/wp-json\/wp\/v2\/users\/3"}],"replies":[{"embeddable":true,"href":"https:\/\/www.noticiasradioreflejos.com.ar\/2021\/wp-json\/wp\/v2\/comments?post=68719"}],"version-history":[{"count":1,"href":"https:\/\/www.noticiasradioreflejos.com.ar\/2021\/wp-json\/wp\/v2\/posts\/68719\/revisions"}],"predecessor-version":[{"id":68723,"href":"https:\/\/www.noticiasradioreflejos.com.ar\/2021\/wp-json\/wp\/v2\/posts\/68719\/revisions\/68723"}],"wp:attachment":[{"href":"https:\/\/www.noticiasradioreflejos.com.ar\/2021\/wp-json\/wp\/v2\/media?parent=68719"}],"wp:term":[{"taxonomy":"category","embeddable":true,"href":"https:\/\/www.noticiasradioreflejos.com.ar\/2021\/wp-json\/wp\/v2\/categories?post=68719"},{"taxonomy":"post_tag","embeddable":true,"href":"https:\/\/www.noticiasradioreflejos.com.ar\/2021\/wp-json\/wp\/v2\/tags?post=68719"}],"curies":[{"name":"wp","href":"https:\/\/api.w.org\/{rel}","templated":true}]}}