{"id":68714,"date":"2022-02-25T20:34:18","date_gmt":"2022-02-25T20:34:18","guid":{"rendered":"http:\/\/www.noticiasradioreflejos.com.ar\/2021\/?p=68714"},"modified":"2022-02-25T20:34:18","modified_gmt":"2022-02-25T20:34:18","slug":"la-ensenanza-tomara-un-enfoque-de-derechos-este-ano-tendria-un-profundo-sentido-humanista","status":"publish","type":"post","link":"https:\/\/www.noticiasradioreflejos.com.ar\/2021\/la-ensenanza-tomara-un-enfoque-de-derechos-este-ano-tendria-un-profundo-sentido-humanista\/","title":{"rendered":"\u00abLa ense\u00f1anza tomar\u00e1 un enfoque de derechos, este a\u00f1o tendr\u00eda un profundo sentido humanista.\u00bb"},"content":{"rendered":"<p>La Docente e Inspectora Jefe de la Regi\u00f3n Educativa 23 de gesti\u00f3n estatal, comparte en nuestro programa &#8216;Tiempo Educativo&#8217; cu\u00e1l es el enfoque y cu\u00e1les son los lineamientos para este 2022 en el sistema educativo.<!--more--><\/p>\n<p>\u00abYo soy maestra de coraz\u00f3n, maestra de primaria. Pero mi cargo es inspectora titular del nivel primario, acced\u00ed al cargo de inspectora jefe regional, lo que hago es supervisar el sistema educativo de 8 distritos de nuestra regi\u00f3n\u00bb se present\u00f3 Valeria al comenzar la nota.<\/p>\n<p>Valeria comparti\u00f3 su visi\u00f3n para este a\u00f1o con una nueva gesti\u00f3n: \u00abcomenzamos con el a\u00f1o muy esperanzados, la llegada de Alberto Sileoni al Ministerio de la Provincia de Buenos Aires trajo una alegr\u00eda enorme en el conjunto de la docencia. Tiene toda una trayectoria que lo respalda y con un gran compromiso. Sabemos que hay un camino concreto\u00bb.<\/p>\n<p>Tambi\u00e9n estuvo comentando los lineamientos del sistema educativo para este 2022. \u00abLa centralidad est\u00e1 puesta en la ense\u00f1anza. Hay que agradecer mucho a los alumnos, a las familias, a los trabajadores de la educaci\u00f3n, es mucho lo que hicimos. Ahora que volvemos a la presencialidad plena, vamos a estar en las escuelas recobrando cierta &#8216;normalidad&#8217;, con la centralidad en la ense\u00f1anza\u00bb.<\/p>\n<p>Adem\u00e1s, Valeria agreg\u00f3 que la ense\u00f1anza tomar\u00e1 un enfoque de derechos, donde se trabajar\u00e1 en forma conjunta con cada nivel y modalidad la ESI (Educaci\u00f3n Sexual Integral), a partir de la Ley N\u00b0 26.150. \u00abSe cre\u00f3 tambi\u00e9n una direcci\u00f3n de Ambientes y tiene que ver con todo lo que es ruralidad, escuelas de islas y contextos de encierro. Es decir, con un enfoque m\u00e1s de derechos, tiene que ver con los derechos que tenemos todas y todos en las escuelas, en plano de igualdad\u00bb expres\u00f3. Tambi\u00e9n mencion\u00f3 que el enfoque de este a\u00f1o tendr\u00eda un profundo sentido humanista.<\/p>\n<p>\u00abConsidero que se deben arbitrar los medios. La v\u00eda que corresponde, es a trav\u00e9s del Consejo Escolar. Estamos tratando de encontrarle soluci\u00f3n por diversos canales, pero m\u00e1s que nada por la v\u00eda que corresponde\u00bb respondi\u00f3 Valeria cuando le consultamos acerca de la problem\u00e1tica que atraviesan varias familias que deben enviar a sus hijos y hijas a la Escuela T\u00e9cnica N\u00b0 1 de Tornquist, donde ya el pase gratuito para su traslado ya no ser\u00e1 garantizado por el municipio.<\/p>\n<p>\u00abLa pandemia lo que hizo fue desnudar algunas de las situaciones que ya ocurr\u00edan en la escuela, pero de una manera muy cruda, como es la desigualdad\u00bb opin\u00f3 Valeria en relaci\u00f3n a las consecuencias de la pandemia y el aislamiento comunitario que atravesamos en los a\u00f1os 2020 y 2021. \u00abTenemos la grata noticia tambi\u00e9n que tendremos la primer f\u00e1brica de mobiliario escolar en la Provincia de Buenos Aires\u00bb contrarrest\u00f3 con buenas noticias, \u00abpara este a\u00f1o se prev\u00e9 que van a equipar 2000 aulas con una producci\u00f3n de 180 aulas mensuales, y la posibilidad, tambi\u00e9n, de atender las necesidades del pa\u00eds\u00bb continu\u00f3.<\/p>\n<p>Finalmente, expres\u00f3: \u00abSaludar a todas las familias, desearles a todos los alumnos y alumnas un buen inicio de clases. Es importante seguir cuid\u00e1ndonos, es importante la vacunaci\u00f3n, el barbijo y dem\u00e1s, pero en la escuela. Feliz estar\u00e9 visitando el distrito pr\u00f3ximamente\u00bb.<\/p>\n<p>Nota completa a continuaci\u00f3n:<br \/>\n<iframe loading=\"lazy\" src=\"https:\/\/w.soundcloud.com\/player\/?url=https%3A\/\/api.soundcloud.com\/tracks\/1222341109&amp;color=%23ff5500&amp;auto_play=false&amp;hide_related=false&amp;show_comments=true&amp;show_user=true&amp;show_reposts=false&amp;show_teaser=true\" width=\"100%\" height=\"166\" frameborder=\"no\" scrolling=\"no\"><\/iframe><\/p>\n<div style=\"font-size: 10px; color: #cccccc; line-break: anywhere; word-break: normal; overflow: hidden; white-space: nowrap; text-overflow: ellipsis; font-family: Interstate,Lucida Grande,Lucida Sans Unicode,Lucida Sans,Garuda,Verdana,Tahoma,sans-serif; font-weight: 100;\"><a style=\"color: #cccccc; text-decoration: none;\" title=\"fmreflejos 103.7\" href=\"https:\/\/soundcloud.com\/fmreflejos-103-7\" target=\"_blank\" rel=\"noopener\">fmreflejos 103.7<\/a> \u00b7 <a style=\"color: #cccccc; text-decoration: none;\" title=\"Nota Valeria Visotsky\" href=\"https:\/\/soundcloud.com\/fmreflejos-103-7\/nota-valeria-visotsky-1\" target=\"_blank\" rel=\"noopener\">Nota Valeria Visotsky<\/a><\/div>\n","protected":false},"excerpt":{"rendered":"<p>La Docente e Inspectora Jefe de la Regi\u00f3n Educativa 23 de gesti\u00f3n estatal, comparte en nuestro programa &#8216;Tiempo Educativo&#8217; cu\u00e1l es el enfoque y cu\u00e1les son los lineamientos para este 2022 en el sistema educativo.<\/p>\n","protected":false},"author":3,"featured_media":0,"comment_status":"closed","ping_status":"closed","sticky":false,"template":"","format":"standard","meta":{"footnotes":""},"categories":[34],"tags":[48],"class_list":["post-68714","post","type-post","status-publish","format-standard","hentry","category-educacion","tag-destacada"],"yoast_head":"<!-- This site is optimized with the Yoast SEO plugin v25.9 - https:\/\/yoast.com\/wordpress\/plugins\/seo\/ -->\n<title>&quot;La ense\u00f1anza tomar\u00e1 un enfoque de derechos, este a\u00f1o tendr\u00eda un profundo sentido humanista.&quot; - Noticias Radio Reflejos<\/title>\n<meta name=\"robots\" content=\"index, follow, max-snippet:-1, max-image-preview:large, max-video-preview:-1\" \/>\n<link rel=\"canonical\" href=\"https:\/\/www.noticiasradioreflejos.com.ar\/2021\/la-ensenanza-tomara-un-enfoque-de-derechos-este-ano-tendria-un-profundo-sentido-humanista\/\" \/>\n<meta property=\"og:locale\" content=\"es_ES\" \/>\n<meta property=\"og:type\" content=\"article\" \/>\n<meta property=\"og:title\" content=\"&quot;La ense\u00f1anza tomar\u00e1 un enfoque de derechos, este a\u00f1o tendr\u00eda un profundo sentido humanista.&quot; - Noticias Radio Reflejos\" \/>\n<meta property=\"og:description\" content=\"La Docente e Inspectora Jefe de la Regi\u00f3n Educativa 23 de gesti\u00f3n estatal, comparte en nuestro programa &#8216;Tiempo Educativo&#8217; cu\u00e1l es el enfoque y cu\u00e1les son los lineamientos para este 2022 en el sistema educativo.\" \/>\n<meta property=\"og:url\" content=\"https:\/\/www.noticiasradioreflejos.com.ar\/2021\/la-ensenanza-tomara-un-enfoque-de-derechos-este-ano-tendria-un-profundo-sentido-humanista\/\" \/>\n<meta property=\"og:site_name\" content=\"Noticias Radio Reflejos\" \/>\n<meta property=\"article:published_time\" content=\"2022-02-25T20:34:18+00:00\" \/>\n<meta property=\"og:image\" content=\"https:\/\/www.noticiasradioreflejos.com.ar\/2021\/wp-content\/uploads\/2021\/07\/logosol300x200.png\" \/>\n\t<meta property=\"og:image:width\" content=\"300\" \/>\n\t<meta property=\"og:image:height\" content=\"200\" \/>\n\t<meta property=\"og:image:type\" content=\"image\/png\" \/>\n<meta name=\"author\" content=\"Arnaldo Botto\" \/>\n<meta name=\"twitter:card\" content=\"summary_large_image\" \/>\n<script type=\"application\/ld+json\" class=\"yoast-schema-graph\">{\"@context\":\"https:\/\/schema.org\",\"@graph\":[{\"@type\":\"WebPage\",\"@id\":\"https:\/\/www.noticiasradioreflejos.com.ar\/2021\/la-ensenanza-tomara-un-enfoque-de-derechos-este-ano-tendria-un-profundo-sentido-humanista\/\",\"url\":\"https:\/\/www.noticiasradioreflejos.com.ar\/2021\/la-ensenanza-tomara-un-enfoque-de-derechos-este-ano-tendria-un-profundo-sentido-humanista\/\",\"name\":\"\\\"La ense\u00f1anza tomar\u00e1 un enfoque de derechos, este a\u00f1o tendr\u00eda un profundo sentido humanista.\\\" - Noticias Radio Reflejos\",\"isPartOf\":{\"@id\":\"https:\/\/www.noticiasradioreflejos.com.ar\/2021\/#website\"},\"datePublished\":\"2022-02-25T20:34:18+00:00\",\"author\":{\"@id\":\"https:\/\/www.noticiasradioreflejos.com.ar\/2021\/#\/schema\/person\/ad82545263dcc5ec0996818884fd5fb1\"},\"breadcrumb\":{\"@id\":\"https:\/\/www.noticiasradioreflejos.com.ar\/2021\/la-ensenanza-tomara-un-enfoque-de-derechos-este-ano-tendria-un-profundo-sentido-humanista\/#breadcrumb\"},\"inLanguage\":\"es\",\"potentialAction\":[{\"@type\":\"ReadAction\",\"target\":[\"https:\/\/www.noticiasradioreflejos.com.ar\/2021\/la-ensenanza-tomara-un-enfoque-de-derechos-este-ano-tendria-un-profundo-sentido-humanista\/\"]}]},{\"@type\":\"BreadcrumbList\",\"@id\":\"https:\/\/www.noticiasradioreflejos.com.ar\/2021\/la-ensenanza-tomara-un-enfoque-de-derechos-este-ano-tendria-un-profundo-sentido-humanista\/#breadcrumb\",\"itemListElement\":[{\"@type\":\"ListItem\",\"position\":1,\"name\":\"Portada\",\"item\":\"https:\/\/www.noticiasradioreflejos.com.ar\/2021\/\"},{\"@type\":\"ListItem\",\"position\":2,\"name\":\"\u00abLa ense\u00f1anza tomar\u00e1 un enfoque de derechos, este a\u00f1o tendr\u00eda un profundo sentido humanista.\u00bb\"}]},{\"@type\":\"WebSite\",\"@id\":\"https:\/\/www.noticiasradioreflejos.com.ar\/2021\/#website\",\"url\":\"https:\/\/www.noticiasradioreflejos.com.ar\/2021\/\",\"name\":\"Noticias Radio Reflejos\",\"description\":\"Las noticias de mi comarca\",\"potentialAction\":[{\"@type\":\"SearchAction\",\"target\":{\"@type\":\"EntryPoint\",\"urlTemplate\":\"https:\/\/www.noticiasradioreflejos.com.ar\/2021\/?s={search_term_string}\"},\"query-input\":{\"@type\":\"PropertyValueSpecification\",\"valueRequired\":true,\"valueName\":\"search_term_string\"}}],\"inLanguage\":\"es\"},{\"@type\":\"Person\",\"@id\":\"https:\/\/www.noticiasradioreflejos.com.ar\/2021\/#\/schema\/person\/ad82545263dcc5ec0996818884fd5fb1\",\"name\":\"Arnaldo Botto\",\"image\":{\"@type\":\"ImageObject\",\"inLanguage\":\"es\",\"@id\":\"https:\/\/www.noticiasradioreflejos.com.ar\/2021\/#\/schema\/person\/image\/\",\"url\":\"https:\/\/secure.gravatar.com\/avatar\/55cb5e37c1efa326397366e6974cb338056df65cb50e7d64d1cf314e87504837?s=96&d=mm&r=g\",\"contentUrl\":\"https:\/\/secure.gravatar.com\/avatar\/55cb5e37c1efa326397366e6974cb338056df65cb50e7d64d1cf314e87504837?s=96&d=mm&r=g\",\"caption\":\"Arnaldo Botto\"},\"url\":\"https:\/\/www.noticiasradioreflejos.com.ar\/2021\/author\/arnaldo\/\"}]}<\/script>\n<!-- \/ Yoast SEO plugin. -->","yoast_head_json":{"title":"\"La ense\u00f1anza tomar\u00e1 un enfoque de derechos, este a\u00f1o tendr\u00eda un profundo sentido humanista.\" - Noticias Radio Reflejos","robots":{"index":"index","follow":"follow","max-snippet":"max-snippet:-1","max-image-preview":"max-image-preview:large","max-video-preview":"max-video-preview:-1"},"canonical":"https:\/\/www.noticiasradioreflejos.com.ar\/2021\/la-ensenanza-tomara-un-enfoque-de-derechos-este-ano-tendria-un-profundo-sentido-humanista\/","og_locale":"es_ES","og_type":"article","og_title":"\"La ense\u00f1anza tomar\u00e1 un enfoque de derechos, este a\u00f1o tendr\u00eda un profundo sentido humanista.\" - Noticias Radio Reflejos","og_description":"La Docente e Inspectora Jefe de la Regi\u00f3n Educativa 23 de gesti\u00f3n estatal, comparte en nuestro programa &#8216;Tiempo Educativo&#8217; cu\u00e1l es el enfoque y cu\u00e1les son los lineamientos para este 2022 en el sistema educativo.","og_url":"https:\/\/www.noticiasradioreflejos.com.ar\/2021\/la-ensenanza-tomara-un-enfoque-de-derechos-este-ano-tendria-un-profundo-sentido-humanista\/","og_site_name":"Noticias Radio Reflejos","article_published_time":"2022-02-25T20:34:18+00:00","og_image":[{"width":300,"height":200,"url":"https:\/\/www.noticiasradioreflejos.com.ar\/2021\/wp-content\/uploads\/2021\/07\/logosol300x200.png","type":"image\/png"}],"author":"Arnaldo Botto","twitter_card":"summary_large_image","schema":{"@context":"https:\/\/schema.org","@graph":[{"@type":"WebPage","@id":"https:\/\/www.noticiasradioreflejos.com.ar\/2021\/la-ensenanza-tomara-un-enfoque-de-derechos-este-ano-tendria-un-profundo-sentido-humanista\/","url":"https:\/\/www.noticiasradioreflejos.com.ar\/2021\/la-ensenanza-tomara-un-enfoque-de-derechos-este-ano-tendria-un-profundo-sentido-humanista\/","name":"\"La ense\u00f1anza tomar\u00e1 un enfoque de derechos, este a\u00f1o tendr\u00eda un profundo sentido humanista.\" - Noticias Radio Reflejos","isPartOf":{"@id":"https:\/\/www.noticiasradioreflejos.com.ar\/2021\/#website"},"datePublished":"2022-02-25T20:34:18+00:00","author":{"@id":"https:\/\/www.noticiasradioreflejos.com.ar\/2021\/#\/schema\/person\/ad82545263dcc5ec0996818884fd5fb1"},"breadcrumb":{"@id":"https:\/\/www.noticiasradioreflejos.com.ar\/2021\/la-ensenanza-tomara-un-enfoque-de-derechos-este-ano-tendria-un-profundo-sentido-humanista\/#breadcrumb"},"inLanguage":"es","potentialAction":[{"@type":"ReadAction","target":["https:\/\/www.noticiasradioreflejos.com.ar\/2021\/la-ensenanza-tomara-un-enfoque-de-derechos-este-ano-tendria-un-profundo-sentido-humanista\/"]}]},{"@type":"BreadcrumbList","@id":"https:\/\/www.noticiasradioreflejos.com.ar\/2021\/la-ensenanza-tomara-un-enfoque-de-derechos-este-ano-tendria-un-profundo-sentido-humanista\/#breadcrumb","itemListElement":[{"@type":"ListItem","position":1,"name":"Portada","item":"https:\/\/www.noticiasradioreflejos.com.ar\/2021\/"},{"@type":"ListItem","position":2,"name":"\u00abLa ense\u00f1anza tomar\u00e1 un enfoque de derechos, este a\u00f1o tendr\u00eda un profundo sentido humanista.\u00bb"}]},{"@type":"WebSite","@id":"https:\/\/www.noticiasradioreflejos.com.ar\/2021\/#website","url":"https:\/\/www.noticiasradioreflejos.com.ar\/2021\/","name":"Noticias Radio Reflejos","description":"Las noticias de mi comarca","potentialAction":[{"@type":"SearchAction","target":{"@type":"EntryPoint","urlTemplate":"https:\/\/www.noticiasradioreflejos.com.ar\/2021\/?s={search_term_string}"},"query-input":{"@type":"PropertyValueSpecification","valueRequired":true,"valueName":"search_term_string"}}],"inLanguage":"es"},{"@type":"Person","@id":"https:\/\/www.noticiasradioreflejos.com.ar\/2021\/#\/schema\/person\/ad82545263dcc5ec0996818884fd5fb1","name":"Arnaldo Botto","image":{"@type":"ImageObject","inLanguage":"es","@id":"https:\/\/www.noticiasradioreflejos.com.ar\/2021\/#\/schema\/person\/image\/","url":"https:\/\/secure.gravatar.com\/avatar\/55cb5e37c1efa326397366e6974cb338056df65cb50e7d64d1cf314e87504837?s=96&d=mm&r=g","contentUrl":"https:\/\/secure.gravatar.com\/avatar\/55cb5e37c1efa326397366e6974cb338056df65cb50e7d64d1cf314e87504837?s=96&d=mm&r=g","caption":"Arnaldo Botto"},"url":"https:\/\/www.noticiasradioreflejos.com.ar\/2021\/author\/arnaldo\/"}]}},"_links":{"self":[{"href":"https:\/\/www.noticiasradioreflejos.com.ar\/2021\/wp-json\/wp\/v2\/posts\/68714","targetHints":{"allow":["GET"]}}],"collection":[{"href":"https:\/\/www.noticiasradioreflejos.com.ar\/2021\/wp-json\/wp\/v2\/posts"}],"about":[{"href":"https:\/\/www.noticiasradioreflejos.com.ar\/2021\/wp-json\/wp\/v2\/types\/post"}],"author":[{"embeddable":true,"href":"https:\/\/www.noticiasradioreflejos.com.ar\/2021\/wp-json\/wp\/v2\/users\/3"}],"replies":[{"embeddable":true,"href":"https:\/\/www.noticiasradioreflejos.com.ar\/2021\/wp-json\/wp\/v2\/comments?post=68714"}],"version-history":[{"count":2,"href":"https:\/\/www.noticiasradioreflejos.com.ar\/2021\/wp-json\/wp\/v2\/posts\/68714\/revisions"}],"predecessor-version":[{"id":68728,"href":"https:\/\/www.noticiasradioreflejos.com.ar\/2021\/wp-json\/wp\/v2\/posts\/68714\/revisions\/68728"}],"wp:attachment":[{"href":"https:\/\/www.noticiasradioreflejos.com.ar\/2021\/wp-json\/wp\/v2\/media?parent=68714"}],"wp:term":[{"taxonomy":"category","embeddable":true,"href":"https:\/\/www.noticiasradioreflejos.com.ar\/2021\/wp-json\/wp\/v2\/categories?post=68714"},{"taxonomy":"post_tag","embeddable":true,"href":"https:\/\/www.noticiasradioreflejos.com.ar\/2021\/wp-json\/wp\/v2\/tags?post=68714"}],"curies":[{"name":"wp","href":"https:\/\/api.w.org\/{rel}","templated":true}]}}