{"id":687,"date":"2016-09-09T12:36:30","date_gmt":"2016-09-09T12:36:30","guid":{"rendered":"http:\/\/noticiasradioreflejos.com.ar\/noticias\/?p=687"},"modified":"2016-09-09T12:36:30","modified_gmt":"2016-09-09T12:36:30","slug":"dos-iniciativas-en-beneficio-del-los-pueblos-del-oeste-del-distrito","status":"publish","type":"post","link":"https:\/\/www.noticiasradioreflejos.com.ar\/2021\/dos-iniciativas-en-beneficio-del-los-pueblos-del-oeste-del-distrito\/","title":{"rendered":"Dos iniciativas en Beneficio del los pueblos del Oeste del Distrito"},"content":{"rendered":"<p>El Bloque de Concejales del FPV present\u00f3 dos Proyectos de Resoluci\u00f3n que tienen que ver con necesidades de los pueblos del Oeste del Distrito.<br \/>\nEn Primer lugar se trabaj\u00f3 en base a las inquietudes planteadas por Instituciones y vecinos respecto de la inclusi\u00f3n de los cuarteles II, IV y V en la regi\u00f3n patag\u00f3nica, a trav\u00e9s de la Ley 12322 que le otorgar\u00eda importantes beneficios impositivos. Lamentablemente el proyecto no pudo ser tratado sobre tablas por decisi\u00f3n del oficialismo pero se espera que luego del trabajo en comisi\u00f3n avance.<br \/>\nPor otra parte y haci\u00e9ndonos eco de los reclamos que los vecinos plantearon en la reuni\u00f3n mantenida el d\u00eda 31 de agosto en Chasic\u00f3, se solicit\u00f3 al Intendente que con los fondos asignados a Tornquist para seguridad por parte de la provincia, que son aproximadamente 11 millones de pesos, se adquiera un m\u00f3vil 4 X 4, se compren los insumos necesarios (combustible, neum\u00e1ticos, etc) y se realicen las gestiones para la incorporaci\u00f3n de personal policial, con el fin de reforzar la seguridad y prevenir los delitos en el oeste del distrito.<!--more--><br \/>\nTornquist, 5 de septiembre de 2016.-<br \/>\nVISTO<br \/>\nLa media sanci\u00f3n lograda en la Honorable C\u00e1mara de Diputados de la Provincia de Buenos Aires para el Proyecto de Ley, presentado por la Diputada Provincial Mar\u00eda Marta Corrado, planteando una nueva Ley modificando la Zona Patag\u00f3nica Bonaerense (Ley 12322), en el que incorpora a sus beneficios al Partido de Villarino.Y,<br \/>\nCONSIDERANDO:<br \/>\nQue la regi\u00f3n sufre reiterados problemas debido a sus caracter\u00edsticas ambientales de zona semi\u00e1rida, atravesando adem\u00e1s, extensos per\u00edodos de sequ\u00edas.<br \/>\nQue las caracter\u00edsticas regionales constituyen una condici\u00f3n productiva diferencial al resto de la provincia de Buenos Aires.<br \/>\nQue el reconocimiento de esta diferencia nunca ha podido ser compensado desde las pol\u00edticas p\u00fablicas provinciales, y que en esta direcci\u00f3n se aprob\u00f3 la ley del Sudoeste Bonaerense.<br \/>\nQue hay valiosos antecedentes legislativos para ampliar los beneficios y la regi\u00f3n Patag\u00f3nica e incorporar al partido de Villarino y los cuarteles V, VI, VII, VIII, IX, X, y XI, y III, IV y V de los partidos de Puan y Tornquist respectivamente, a la regi\u00f3n patag\u00f3nica.<br \/>\nQue estas propuestas completar\u00edan la sanci\u00f3n de las leyes 12322 y 12323 que definen por primera vez beneficios impositivos provinciales, creando una regi\u00f3n diferenciada del resto del territorio bonaerense, en atenci\u00f3n a sus particularidades clim\u00e1ticas, sociales y productivas.<br \/>\nQue estos antecedentes fueron importantes para incorporar al Partido de Patagones a la regi\u00f3n Patag\u00f3nica, mediante la reforma del Art\u00edculo 1 de la ley 23.272, sumando en consecuencia los consiguientes beneficios nacionales. (Ley 25.955 )<br \/>\nQue la ley 13647, Ley Desarrollo del Sudoeste Bonaerense, establece:<br \/>\n\u201cARTICULO 2.- El Plan creado por la presente Ley tendr\u00e1 por objeto el desarrollo integral de su \u00e1rea de ejecuci\u00f3n, entendi\u00e9ndose por tal a la Regi\u00f3n conformada por los Partidos de Adolfo Alsina, Saavedra, Pu\u00e1n, Tornquist, Coronel Rosales, Coronel Dorrego, Bah\u00eda Blanca, Villarino, Patagones, las Circunscripciones II, III, X, V, VI de Guamin\u00ed, las Circunscripciones XI, V, XV, VI, XIII, VII, VIII, XIV, XII, de Coronel Su\u00e1rez, y las Circunscripciones X, XI, XII, VIII, IX, VII, IV, V, de Coronel Pringles, seg\u00fan los l\u00edmites prescriptos en el Anexo I de la presente<br \/>\nnorma. Incl\u00fayase en las disposiciones del presente art\u00edculo al \u00e1rea bajo jurisdicci\u00f3n de la Corporaci\u00f3n de Fomento del Valle del R\u00edo Colorado.<br \/>\nART\u00cdCULO 3\u00ba. Diferenciase a la regi\u00f3n definida en el art\u00edculo anterior, a los fines del dise\u00f1o de las pol\u00edticas p\u00fablicas, de los restantes partidos que integran la provincia de Buenos Aires, atento sus caracter\u00edsticas edafoclim\u00e1ticas y productivas. A tales efectos, considerase a dicha regi\u00f3n como de naturaleza Subh\u00fameda seca, Semi\u00e1rida y \u00c1rida. La Autoridad de Aplicaci\u00f3n podr\u00e1 establecer, por v\u00eda reglamentaria, la sub regionalizaci\u00f3n de la regi\u00f3n y la aplicaci\u00f3n de pol\u00edticas espec\u00edficas para cada sub regi\u00f3n.\u201d<br \/>\nQue la ley 12323 del a\u00f1o 2009, crea la Zona Austral Desfavorable, y establece beneficios promocionales para las actividades productivas del sector agropecuario, el comercio y la industria, en el \u00e1rea de secano del partido de Villarino y cuarteles del distrito de Puan y Tornquist. Otorgando la exenci\u00f3n del cincuenta por ciento (50 %) del pago de los impuestos inmobiliario urbano y rural, ingresos brutos y sellos, y autoriza al poder ejecutivo a otorgar subsidios<br \/>\nQue la Ley 14709\/15, ampl\u00eda los beneficios a todo el territorio del Municipio de Tornquist, seg\u00fan Art\u00edculo 1\u00b0. Sustit\u00fayase el Art\u00edculo 1\u00b0 de la Ley \u2116 12.323 y sus modificatorias, por el siguiente: \u201cArt\u00edculo 1: Cr\u00e9ase la Zona Austral Desfavorable de la Provincia de Buenos Aires, la que estar\u00e1 conformada por:<br \/>\nZona A. Los Cuarteles ubicados en los partidos de Pu\u00e1n y Tornquist no comprendidos en la Zona B.<br \/>\nZona B. El partido de Villarino, los Cuarteles V, VI, VII, VIII, IX,, X, XI del partido de Pu\u00e1n, los Cuarteles VIII, IX, X y XI del partido de Saavedra y los Cuarteles III, IV y V del partido de Tornquist.\u201d<br \/>\nPOR ELLO:<br \/>\nEL BLOQUE FRENTE PARA LA VICTORIA<br \/>\nEn uso de sus facultades, proponen e siguiente:<br \/>\nPROYECTO DE RESOLUCI\u00d3N<br \/>\nARTICULO 1\u00b0: Solicitar a la Honorable C\u00e1mara de Senadores de la Provincia de Buenos Aires se incorpore al nuevo Proyecto de Ley de la Zona Patag\u00f3nica Bonaerense, a los Partidos de Patagones, Villarino, y los cuarteles V, VI, VII, VIII, IX, X, y XI, y III, IV y V de los Partidos de Puan y Tornquist respectivamente, por poseer caracter\u00edsticas edafoclim\u00e1ticas y productivas de an\u00e1logas.<br \/>\nARTICULO 2\u00b0: Env\u00edese copia de la presente al Intendente del Partido de Tornquist, a los Presidentes de ambas C\u00e1maras de la Legislatura Provincial, a los Presidentes de las Comisiones de Presupuesto y Asuntos Agrarios de ambas C\u00e1maras de Legisladores, a los Intendentes y HCD de Puan, Patagones, y Villarino, a los Legisladores Provinciales y Nacionales de la Sexta Secci\u00f3n Electoral y a la Cooperativa El\u00e9ctrica de Chasic\u00f3.<br \/>\nARTICULO 3\u00b0: De forma.<br \/>\nTornquist, 5 de septiembre de 2016.-<br \/>\nVISTO:<br \/>\nLa problem\u00e1tica existente en la Seguridad Rural del Distrito de Tornquist, los conocidos y reiterados casos de abigeato. Y,<br \/>\nCONSIDERANDO:<br \/>\nQue fue una de las tem\u00e1ticas salientes de la reuni\u00f3n mantenida con los vecinos del oeste del distrito en la localidad de Chasic\u00f3, el \u00faltimo mi\u00e9rcoles 31 de agosto.<br \/>\nQue debemos otorgarles a nuestros efectivos policiales las herramientas necesarias para realizar la tarea de control del delito.<br \/>\nQue al Municipio de Tornquist se le han asignado 11 millones de pesos, provenientes del endeudamiento provincial para ser invertidos en seguridad.<br \/>\nQue los fondos recibidos para seguridad deben ser ejecutados y rendidos ante la autoridad competente dentro del ejercicio 2016.<br \/>\nQue no tenemos conocimiento del destino que el DE. ha decidido dar a los recursos extraordinarios recibidos.<br \/>\nPOR ELLO:<br \/>\nEL BLOQUE FRENTE PARA LA VICTORIA,<br \/>\nEn uso de las facultades, propone el siguiente:<br \/>\nPROYECTO DE RESOLUCI\u00d3N<br \/>\nArt\u00edculo 1\u00ba: Solicitase al Sr. Intendente Municipal, tome como prioridad la adquisici\u00f3n de un veh\u00edculo tipo 4&#215;4, destinado a reforzar la flota de la Polic\u00eda Comunal del destacamento de la localidad de Chasic\u00f3.<br \/>\nArt\u00edculo 2\u00ba: Asignase personal e insumos a la Patrulla Rural para reforzar la prevenci\u00f3n de delitos en la zona rural del Oeste del Distrito de Tornquist (Chasic\u00f3, Pelicur\u00e1, Nueva Roma, Berraondo y Paraje Las Quintas).<br \/>\nArt\u00edculo 3\u00ba: Env\u00edese copia a Asociaci\u00f3n Rural de Tornquist y Sociedad de Fomento Chasic\u00f3.<br \/>\nArt\u00edculo 4\u00ba: De forma.<\/p>\n","protected":false},"excerpt":{"rendered":"<p>El Bloque de Concejales del FPV present\u00f3 dos Proyectos de Resoluci\u00f3n que tienen que ver con necesidades de los pueblos del Oeste del Distrito. En Primer lugar se trabaj\u00f3 en base a las inquietudes planteadas por Instituciones y vecinos respecto de la inclusi\u00f3n de los cuarteles II, IV y V en la regi\u00f3n patag\u00f3nica, a [&hellip;]<\/p>\n","protected":false},"author":3,"featured_media":0,"comment_status":"closed","ping_status":"open","sticky":false,"template":"","format":"standard","meta":{"footnotes":""},"categories":[24],"tags":[],"class_list":["post-687","post","type-post","status-publish","format-standard","hentry","category-politica"],"yoast_head":"<!-- This site is optimized with the Yoast SEO plugin v25.9 - https:\/\/yoast.com\/wordpress\/plugins\/seo\/ -->\n<title>Dos iniciativas en Beneficio del los pueblos del Oeste del Distrito - Noticias Radio Reflejos<\/title>\n<meta name=\"robots\" content=\"index, follow, max-snippet:-1, max-image-preview:large, max-video-preview:-1\" \/>\n<link rel=\"canonical\" href=\"https:\/\/www.noticiasradioreflejos.com.ar\/2021\/dos-iniciativas-en-beneficio-del-los-pueblos-del-oeste-del-distrito\/\" \/>\n<meta property=\"og:locale\" content=\"es_ES\" \/>\n<meta property=\"og:type\" content=\"article\" \/>\n<meta property=\"og:title\" content=\"Dos iniciativas en Beneficio del los pueblos del Oeste del Distrito - Noticias Radio Reflejos\" \/>\n<meta property=\"og:description\" content=\"El Bloque de Concejales del FPV present\u00f3 dos Proyectos de Resoluci\u00f3n que tienen que ver con necesidades de los pueblos del Oeste del Distrito. En Primer lugar se trabaj\u00f3 en base a las inquietudes planteadas por Instituciones y vecinos respecto de la inclusi\u00f3n de los cuarteles II, IV y V en la regi\u00f3n patag\u00f3nica, a [&hellip;]\" \/>\n<meta property=\"og:url\" content=\"https:\/\/www.noticiasradioreflejos.com.ar\/2021\/dos-iniciativas-en-beneficio-del-los-pueblos-del-oeste-del-distrito\/\" \/>\n<meta property=\"og:site_name\" content=\"Noticias Radio Reflejos\" \/>\n<meta property=\"article:published_time\" content=\"2016-09-09T12:36:30+00:00\" \/>\n<meta property=\"og:image\" content=\"https:\/\/www.noticiasradioreflejos.com.ar\/2021\/wp-content\/uploads\/2021\/07\/logosol300x200.png\" \/>\n\t<meta property=\"og:image:width\" content=\"300\" \/>\n\t<meta property=\"og:image:height\" content=\"200\" \/>\n\t<meta property=\"og:image:type\" content=\"image\/png\" \/>\n<meta name=\"author\" content=\"Arnaldo Botto\" \/>\n<meta name=\"twitter:card\" content=\"summary_large_image\" \/>\n<script type=\"application\/ld+json\" class=\"yoast-schema-graph\">{\"@context\":\"https:\/\/schema.org\",\"@graph\":[{\"@type\":\"WebPage\",\"@id\":\"https:\/\/www.noticiasradioreflejos.com.ar\/2021\/dos-iniciativas-en-beneficio-del-los-pueblos-del-oeste-del-distrito\/\",\"url\":\"https:\/\/www.noticiasradioreflejos.com.ar\/2021\/dos-iniciativas-en-beneficio-del-los-pueblos-del-oeste-del-distrito\/\",\"name\":\"Dos iniciativas en Beneficio del los pueblos del Oeste del Distrito - Noticias Radio Reflejos\",\"isPartOf\":{\"@id\":\"https:\/\/www.noticiasradioreflejos.com.ar\/2021\/#website\"},\"datePublished\":\"2016-09-09T12:36:30+00:00\",\"author\":{\"@id\":\"https:\/\/www.noticiasradioreflejos.com.ar\/2021\/#\/schema\/person\/ad82545263dcc5ec0996818884fd5fb1\"},\"breadcrumb\":{\"@id\":\"https:\/\/www.noticiasradioreflejos.com.ar\/2021\/dos-iniciativas-en-beneficio-del-los-pueblos-del-oeste-del-distrito\/#breadcrumb\"},\"inLanguage\":\"es\",\"potentialAction\":[{\"@type\":\"ReadAction\",\"target\":[\"https:\/\/www.noticiasradioreflejos.com.ar\/2021\/dos-iniciativas-en-beneficio-del-los-pueblos-del-oeste-del-distrito\/\"]}]},{\"@type\":\"BreadcrumbList\",\"@id\":\"https:\/\/www.noticiasradioreflejos.com.ar\/2021\/dos-iniciativas-en-beneficio-del-los-pueblos-del-oeste-del-distrito\/#breadcrumb\",\"itemListElement\":[{\"@type\":\"ListItem\",\"position\":1,\"name\":\"Portada\",\"item\":\"https:\/\/www.noticiasradioreflejos.com.ar\/2021\/\"},{\"@type\":\"ListItem\",\"position\":2,\"name\":\"Dos iniciativas en Beneficio del los pueblos del Oeste del Distrito\"}]},{\"@type\":\"WebSite\",\"@id\":\"https:\/\/www.noticiasradioreflejos.com.ar\/2021\/#website\",\"url\":\"https:\/\/www.noticiasradioreflejos.com.ar\/2021\/\",\"name\":\"Noticias Radio Reflejos\",\"description\":\"Las noticias de mi comarca\",\"potentialAction\":[{\"@type\":\"SearchAction\",\"target\":{\"@type\":\"EntryPoint\",\"urlTemplate\":\"https:\/\/www.noticiasradioreflejos.com.ar\/2021\/?s={search_term_string}\"},\"query-input\":{\"@type\":\"PropertyValueSpecification\",\"valueRequired\":true,\"valueName\":\"search_term_string\"}}],\"inLanguage\":\"es\"},{\"@type\":\"Person\",\"@id\":\"https:\/\/www.noticiasradioreflejos.com.ar\/2021\/#\/schema\/person\/ad82545263dcc5ec0996818884fd5fb1\",\"name\":\"Arnaldo Botto\",\"image\":{\"@type\":\"ImageObject\",\"inLanguage\":\"es\",\"@id\":\"https:\/\/www.noticiasradioreflejos.com.ar\/2021\/#\/schema\/person\/image\/\",\"url\":\"https:\/\/secure.gravatar.com\/avatar\/55cb5e37c1efa326397366e6974cb338056df65cb50e7d64d1cf314e87504837?s=96&d=mm&r=g\",\"contentUrl\":\"https:\/\/secure.gravatar.com\/avatar\/55cb5e37c1efa326397366e6974cb338056df65cb50e7d64d1cf314e87504837?s=96&d=mm&r=g\",\"caption\":\"Arnaldo Botto\"},\"url\":\"https:\/\/www.noticiasradioreflejos.com.ar\/2021\/author\/arnaldo\/\"}]}<\/script>\n<!-- \/ Yoast SEO plugin. -->","yoast_head_json":{"title":"Dos iniciativas en Beneficio del los pueblos del Oeste del Distrito - Noticias Radio Reflejos","robots":{"index":"index","follow":"follow","max-snippet":"max-snippet:-1","max-image-preview":"max-image-preview:large","max-video-preview":"max-video-preview:-1"},"canonical":"https:\/\/www.noticiasradioreflejos.com.ar\/2021\/dos-iniciativas-en-beneficio-del-los-pueblos-del-oeste-del-distrito\/","og_locale":"es_ES","og_type":"article","og_title":"Dos iniciativas en Beneficio del los pueblos del Oeste del Distrito - Noticias Radio Reflejos","og_description":"El Bloque de Concejales del FPV present\u00f3 dos Proyectos de Resoluci\u00f3n que tienen que ver con necesidades de los pueblos del Oeste del Distrito. En Primer lugar se trabaj\u00f3 en base a las inquietudes planteadas por Instituciones y vecinos respecto de la inclusi\u00f3n de los cuarteles II, IV y V en la regi\u00f3n patag\u00f3nica, a [&hellip;]","og_url":"https:\/\/www.noticiasradioreflejos.com.ar\/2021\/dos-iniciativas-en-beneficio-del-los-pueblos-del-oeste-del-distrito\/","og_site_name":"Noticias Radio Reflejos","article_published_time":"2016-09-09T12:36:30+00:00","og_image":[{"width":300,"height":200,"url":"https:\/\/www.noticiasradioreflejos.com.ar\/2021\/wp-content\/uploads\/2021\/07\/logosol300x200.png","type":"image\/png"}],"author":"Arnaldo Botto","twitter_card":"summary_large_image","schema":{"@context":"https:\/\/schema.org","@graph":[{"@type":"WebPage","@id":"https:\/\/www.noticiasradioreflejos.com.ar\/2021\/dos-iniciativas-en-beneficio-del-los-pueblos-del-oeste-del-distrito\/","url":"https:\/\/www.noticiasradioreflejos.com.ar\/2021\/dos-iniciativas-en-beneficio-del-los-pueblos-del-oeste-del-distrito\/","name":"Dos iniciativas en Beneficio del los pueblos del Oeste del Distrito - Noticias Radio Reflejos","isPartOf":{"@id":"https:\/\/www.noticiasradioreflejos.com.ar\/2021\/#website"},"datePublished":"2016-09-09T12:36:30+00:00","author":{"@id":"https:\/\/www.noticiasradioreflejos.com.ar\/2021\/#\/schema\/person\/ad82545263dcc5ec0996818884fd5fb1"},"breadcrumb":{"@id":"https:\/\/www.noticiasradioreflejos.com.ar\/2021\/dos-iniciativas-en-beneficio-del-los-pueblos-del-oeste-del-distrito\/#breadcrumb"},"inLanguage":"es","potentialAction":[{"@type":"ReadAction","target":["https:\/\/www.noticiasradioreflejos.com.ar\/2021\/dos-iniciativas-en-beneficio-del-los-pueblos-del-oeste-del-distrito\/"]}]},{"@type":"BreadcrumbList","@id":"https:\/\/www.noticiasradioreflejos.com.ar\/2021\/dos-iniciativas-en-beneficio-del-los-pueblos-del-oeste-del-distrito\/#breadcrumb","itemListElement":[{"@type":"ListItem","position":1,"name":"Portada","item":"https:\/\/www.noticiasradioreflejos.com.ar\/2021\/"},{"@type":"ListItem","position":2,"name":"Dos iniciativas en Beneficio del los pueblos del Oeste del Distrito"}]},{"@type":"WebSite","@id":"https:\/\/www.noticiasradioreflejos.com.ar\/2021\/#website","url":"https:\/\/www.noticiasradioreflejos.com.ar\/2021\/","name":"Noticias Radio Reflejos","description":"Las noticias de mi comarca","potentialAction":[{"@type":"SearchAction","target":{"@type":"EntryPoint","urlTemplate":"https:\/\/www.noticiasradioreflejos.com.ar\/2021\/?s={search_term_string}"},"query-input":{"@type":"PropertyValueSpecification","valueRequired":true,"valueName":"search_term_string"}}],"inLanguage":"es"},{"@type":"Person","@id":"https:\/\/www.noticiasradioreflejos.com.ar\/2021\/#\/schema\/person\/ad82545263dcc5ec0996818884fd5fb1","name":"Arnaldo Botto","image":{"@type":"ImageObject","inLanguage":"es","@id":"https:\/\/www.noticiasradioreflejos.com.ar\/2021\/#\/schema\/person\/image\/","url":"https:\/\/secure.gravatar.com\/avatar\/55cb5e37c1efa326397366e6974cb338056df65cb50e7d64d1cf314e87504837?s=96&d=mm&r=g","contentUrl":"https:\/\/secure.gravatar.com\/avatar\/55cb5e37c1efa326397366e6974cb338056df65cb50e7d64d1cf314e87504837?s=96&d=mm&r=g","caption":"Arnaldo Botto"},"url":"https:\/\/www.noticiasradioreflejos.com.ar\/2021\/author\/arnaldo\/"}]}},"_links":{"self":[{"href":"https:\/\/www.noticiasradioreflejos.com.ar\/2021\/wp-json\/wp\/v2\/posts\/687","targetHints":{"allow":["GET"]}}],"collection":[{"href":"https:\/\/www.noticiasradioreflejos.com.ar\/2021\/wp-json\/wp\/v2\/posts"}],"about":[{"href":"https:\/\/www.noticiasradioreflejos.com.ar\/2021\/wp-json\/wp\/v2\/types\/post"}],"author":[{"embeddable":true,"href":"https:\/\/www.noticiasradioreflejos.com.ar\/2021\/wp-json\/wp\/v2\/users\/3"}],"replies":[{"embeddable":true,"href":"https:\/\/www.noticiasradioreflejos.com.ar\/2021\/wp-json\/wp\/v2\/comments?post=687"}],"version-history":[{"count":0,"href":"https:\/\/www.noticiasradioreflejos.com.ar\/2021\/wp-json\/wp\/v2\/posts\/687\/revisions"}],"wp:attachment":[{"href":"https:\/\/www.noticiasradioreflejos.com.ar\/2021\/wp-json\/wp\/v2\/media?parent=687"}],"wp:term":[{"taxonomy":"category","embeddable":true,"href":"https:\/\/www.noticiasradioreflejos.com.ar\/2021\/wp-json\/wp\/v2\/categories?post=687"},{"taxonomy":"post_tag","embeddable":true,"href":"https:\/\/www.noticiasradioreflejos.com.ar\/2021\/wp-json\/wp\/v2\/tags?post=687"}],"curies":[{"name":"wp","href":"https:\/\/api.w.org\/{rel}","templated":true}]}}