{"id":68646,"date":"2022-02-24T14:25:00","date_gmt":"2022-02-24T14:25:00","guid":{"rendered":"http:\/\/www.noticiasradioreflejos.com.ar\/2021\/?p=68646"},"modified":"2022-02-24T14:25:00","modified_gmt":"2022-02-24T14:25:00","slug":"el-ano-2021-marcado-por-la-violencia-machista-24-femicidios-por-mes-segun-el-observatorio-de-femicidios-de-la-defensoria-del-pueblo-de-la-nacion","status":"publish","type":"post","link":"https:\/\/www.noticiasradioreflejos.com.ar\/2021\/el-ano-2021-marcado-por-la-violencia-machista-24-femicidios-por-mes-segun-el-observatorio-de-femicidios-de-la-defensoria-del-pueblo-de-la-nacion\/","title":{"rendered":"El a\u00f1o 2021 marcado por la violencia machista: 24 femicidios por mes, seg\u00fan el Observatorio de Femicidios de la Defensor\u00eda del Pueblo de la Naci\u00f3n"},"content":{"rendered":"<p>El registro llevado a cabo desde el 1 de enero hasta el 31 de diciembre de 2021 arroj\u00f3 el alarmante promedio de 1 femicidio cada 30 horas: 289 femicidios en total, cifra que\u00a0 incluye\u00a0<b>241 femicidios directos<\/b>,\u00a0<b>24 vinculados<\/b>\u00a0(16 ni\u00f1os\/hombres, 7 ni\u00f1as\/mujeres y una persona trans),\u00a0<b>9 personas Trans<\/b>\u00a0y\u00a0<b>15 suicidios feminicidas<\/b>.<u><\/u><u><\/u><\/p>\n<p><!--more--><\/p>\n<p class=\"m_-2594551273719727993gmail-normal\"><span lang=\"ES\">El Observatorio de Femicidios de la Defensor\u00eda del Pueblo de la Naci\u00f3n fue el primer registro de femicidios de Argentina en incluir y desarrollar el concepto de\u00a0<i>suicidios feminicidas<\/i>\u00a0e insiste en visibilizarlos. Se producen cuando las mujeres se quitan la vida como consecuencia de los abusos sistem\u00e1ticos y la violencia de g\u00e9nero que vivieron. La cantidad de suicidios feminicidas se ha incrementado desde que se comenz\u00f3 con su registro, en 2019 y 2020 se detectaron 5 casos de suicidio feminicida cada a\u00f1o, mientras que en 2021, los 15 suicidios feminicidas ya mencionados.<\/span><u><\/u><u><\/u><\/p>\n<p class=\"m_-2594551273719727993gmail-normal\"><span lang=\"ES\">Desde el primer informe publicado en 2017 hasta el actual de 2021, Argentina acumula un total de 1358 Femicidios, Femicidios Vinculados de mujeres y ni\u00f1as, Suicidios Feminicidas y Transfemicidios; y 79 Femicidios Vinculados de varones adultos y ni\u00f1os. A su vez, 881 hijas e hijos menores se quedaron sin madre.<\/span><u><\/u><u><\/u><\/p>\n<p class=\"m_-2594551273719727993gmail-normal\"><span lang=\"ES\">Los datos evidencian que el aislamiento por la pandemia del Covid-19 gener\u00f3 un impacto significativo en el aumento de femicidios en comparaci\u00f3n con los registros de los a\u00f1os anteriores, y del a\u00f1o posterior. En el informe se puede observar la evoluci\u00f3n del fen\u00f3meno durante los a\u00f1os y tendencia sostenida en el tiempo indica que el lugar m\u00e1s inseguro para las mujeres es su propio domicilio, y la situaci\u00f3n de confinamiento de la v\u00edctima con su victimario llev\u00f3 a las mujeres a quedar atrapadas con su propio agresor.<\/span><u><\/u><u><\/u><\/p>\n<p class=\"m_-2594551273719727993gmail-normal\"><span lang=\"ES\">\u00a0<\/span><u><\/u><u><\/u><\/p>\n<p class=\"m_-2594551273719727993gmail-normal\"><span lang=\"ES\">Durante el 2021, en el 65% de los casos, el hecho ocurri\u00f3 en la vivienda de la v\u00edctima, el domicilio compartido con el victimario o en un entorno familiar; y el femicida fue en el 51% de los asesinatos la pareja o expareja. Solo el 12% de las v\u00edctimas no conoc\u00eda a su victimario.<\/span><u><\/u><u><\/u><\/p>\n<p class=\"m_-2594551273719727993gmail-normal\"><span lang=\"ES\">\u00a0<\/span><u><\/u><u><\/u><\/p>\n<p class=\"m_-2594551273719727993gmail-normal\"><span lang=\"ES\">A pesar de que algunas de estas mujeres hab\u00edan tenido acceso a la justicia, ya que 44 de ellas hab\u00edan realizado al menos una denuncia por violencia de g\u00e9nero, igualmente fueron asesinadas.<\/span><u><\/u><u><\/u><\/p>\n<p class=\"m_-2594551273719727993gmail-normal\"><span lang=\"ES\">\u00a0<\/span><u><\/u><u><\/u><\/p>\n<p class=\"m_-2594551273719727993gmail-normal\"><span lang=\"ES\">Se detectaron 32 v\u00edctimas menores de 18 a\u00f1os, 3 de esas ni\u00f1as y adolescentes se suicidaron en un contexto de violencia de g\u00e9nero, es decir fueron v\u00edctimas de suicidios feminicidas.<\/span><u><\/u><u><\/u><\/p>\n<p class=\"m_-2594551273719727993gmail-normal\"><span lang=\"ES\">\u00a0<\/span><u><\/u><u><\/u><\/p>\n<p class=\"m_-2594551273719727993gmail-normal\"><span lang=\"ES\">Con respecto a las modalidades, todas reflejan el ensa\u00f1amiento en la violencia empleada para asesinar a las mujeres por el hecho de ser mujer. De las 289 v\u00edctimas de femicidio,\u00a0<b>26 fueron violadas<\/b>. El uso de armas de fuego y el apu\u00f1alamiento fueron los m\u00e9todos m\u00e1s empleados.<\/span><u><\/u><u><\/u><\/p>\n<p class=\"m_-2594551273719727993gmail-normal\"><span lang=\"ES\">\u00a0<\/span><u><\/u><u><\/u><\/p>\n<p class=\"m_-2594551273719727993gmail-normal\"><span lang=\"ES\">En cuanto a la distribuci\u00f3n geogr\u00e1fica, el mapeo del relevamiento indica que Santiago del Estero encabeza la lista de provincias con m\u00e1s femicidios en proporci\u00f3n con la cantidad de habitantes, seguida por La Rioja, Tucum\u00e1n, Chaco y Formosa. Es decir, el mapa enciende sus alarmas m\u00e1s fuertes en el norte del pa\u00eds.<\/span><\/p>\n","protected":false},"excerpt":{"rendered":"<p>El registro llevado a cabo desde el 1 de enero hasta el 31 de diciembre de 2021 arroj\u00f3 el alarmante promedio de 1 femicidio cada 30 horas: 289 femicidios en total, cifra que\u00a0 incluye\u00a0241 femicidios directos,\u00a024 vinculados\u00a0(16 ni\u00f1os\/hombres, 7 ni\u00f1as\/mujeres y una persona trans),\u00a09 personas Trans\u00a0y\u00a015 suicidios feminicidas.<\/p>\n","protected":false},"author":3,"featured_media":0,"comment_status":"closed","ping_status":"closed","sticky":false,"template":"","format":"standard","meta":{"footnotes":""},"categories":[29,24],"tags":[],"class_list":["post-68646","post","type-post","status-publish","format-standard","hentry","category-policiales","category-politica"],"yoast_head":"<!-- This site is optimized with the Yoast SEO plugin v25.9 - https:\/\/yoast.com\/wordpress\/plugins\/seo\/ -->\n<title>El a\u00f1o 2021 marcado por la violencia machista: 24 femicidios por mes, seg\u00fan el Observatorio de Femicidios de la Defensor\u00eda del Pueblo de la Naci\u00f3n - Noticias Radio Reflejos<\/title>\n<meta name=\"robots\" content=\"index, follow, max-snippet:-1, max-image-preview:large, max-video-preview:-1\" \/>\n<link rel=\"canonical\" href=\"https:\/\/www.noticiasradioreflejos.com.ar\/2021\/el-ano-2021-marcado-por-la-violencia-machista-24-femicidios-por-mes-segun-el-observatorio-de-femicidios-de-la-defensoria-del-pueblo-de-la-nacion\/\" \/>\n<meta property=\"og:locale\" content=\"es_ES\" \/>\n<meta property=\"og:type\" content=\"article\" \/>\n<meta property=\"og:title\" content=\"El a\u00f1o 2021 marcado por la violencia machista: 24 femicidios por mes, seg\u00fan el Observatorio de Femicidios de la Defensor\u00eda del Pueblo de la Naci\u00f3n - Noticias Radio Reflejos\" \/>\n<meta property=\"og:description\" content=\"El registro llevado a cabo desde el 1 de enero hasta el 31 de diciembre de 2021 arroj\u00f3 el alarmante promedio de 1 femicidio cada 30 horas: 289 femicidios en total, cifra que\u00a0 incluye\u00a0241 femicidios directos,\u00a024 vinculados\u00a0(16 ni\u00f1os\/hombres, 7 ni\u00f1as\/mujeres y una persona trans),\u00a09 personas Trans\u00a0y\u00a015 suicidios feminicidas.\" \/>\n<meta property=\"og:url\" content=\"https:\/\/www.noticiasradioreflejos.com.ar\/2021\/el-ano-2021-marcado-por-la-violencia-machista-24-femicidios-por-mes-segun-el-observatorio-de-femicidios-de-la-defensoria-del-pueblo-de-la-nacion\/\" \/>\n<meta property=\"og:site_name\" content=\"Noticias Radio Reflejos\" \/>\n<meta property=\"article:published_time\" content=\"2022-02-24T14:25:00+00:00\" \/>\n<meta property=\"og:image\" content=\"https:\/\/www.noticiasradioreflejos.com.ar\/2021\/wp-content\/uploads\/2021\/07\/logosol300x200.png\" \/>\n\t<meta property=\"og:image:width\" content=\"300\" \/>\n\t<meta property=\"og:image:height\" content=\"200\" \/>\n\t<meta property=\"og:image:type\" content=\"image\/png\" \/>\n<meta name=\"author\" content=\"Arnaldo Botto\" \/>\n<meta name=\"twitter:card\" content=\"summary_large_image\" \/>\n<script type=\"application\/ld+json\" class=\"yoast-schema-graph\">{\"@context\":\"https:\/\/schema.org\",\"@graph\":[{\"@type\":\"WebPage\",\"@id\":\"https:\/\/www.noticiasradioreflejos.com.ar\/2021\/el-ano-2021-marcado-por-la-violencia-machista-24-femicidios-por-mes-segun-el-observatorio-de-femicidios-de-la-defensoria-del-pueblo-de-la-nacion\/\",\"url\":\"https:\/\/www.noticiasradioreflejos.com.ar\/2021\/el-ano-2021-marcado-por-la-violencia-machista-24-femicidios-por-mes-segun-el-observatorio-de-femicidios-de-la-defensoria-del-pueblo-de-la-nacion\/\",\"name\":\"El a\u00f1o 2021 marcado por la violencia machista: 24 femicidios por mes, seg\u00fan el Observatorio de Femicidios de la Defensor\u00eda del Pueblo de la Naci\u00f3n - Noticias Radio Reflejos\",\"isPartOf\":{\"@id\":\"https:\/\/www.noticiasradioreflejos.com.ar\/2021\/#website\"},\"datePublished\":\"2022-02-24T14:25:00+00:00\",\"author\":{\"@id\":\"https:\/\/www.noticiasradioreflejos.com.ar\/2021\/#\/schema\/person\/ad82545263dcc5ec0996818884fd5fb1\"},\"breadcrumb\":{\"@id\":\"https:\/\/www.noticiasradioreflejos.com.ar\/2021\/el-ano-2021-marcado-por-la-violencia-machista-24-femicidios-por-mes-segun-el-observatorio-de-femicidios-de-la-defensoria-del-pueblo-de-la-nacion\/#breadcrumb\"},\"inLanguage\":\"es\",\"potentialAction\":[{\"@type\":\"ReadAction\",\"target\":[\"https:\/\/www.noticiasradioreflejos.com.ar\/2021\/el-ano-2021-marcado-por-la-violencia-machista-24-femicidios-por-mes-segun-el-observatorio-de-femicidios-de-la-defensoria-del-pueblo-de-la-nacion\/\"]}]},{\"@type\":\"BreadcrumbList\",\"@id\":\"https:\/\/www.noticiasradioreflejos.com.ar\/2021\/el-ano-2021-marcado-por-la-violencia-machista-24-femicidios-por-mes-segun-el-observatorio-de-femicidios-de-la-defensoria-del-pueblo-de-la-nacion\/#breadcrumb\",\"itemListElement\":[{\"@type\":\"ListItem\",\"position\":1,\"name\":\"Portada\",\"item\":\"https:\/\/www.noticiasradioreflejos.com.ar\/2021\/\"},{\"@type\":\"ListItem\",\"position\":2,\"name\":\"El a\u00f1o 2021 marcado por la violencia machista: 24 femicidios por mes, seg\u00fan el Observatorio de Femicidios de la Defensor\u00eda del Pueblo de la Naci\u00f3n\"}]},{\"@type\":\"WebSite\",\"@id\":\"https:\/\/www.noticiasradioreflejos.com.ar\/2021\/#website\",\"url\":\"https:\/\/www.noticiasradioreflejos.com.ar\/2021\/\",\"name\":\"Noticias Radio Reflejos\",\"description\":\"Las noticias de mi comarca\",\"potentialAction\":[{\"@type\":\"SearchAction\",\"target\":{\"@type\":\"EntryPoint\",\"urlTemplate\":\"https:\/\/www.noticiasradioreflejos.com.ar\/2021\/?s={search_term_string}\"},\"query-input\":{\"@type\":\"PropertyValueSpecification\",\"valueRequired\":true,\"valueName\":\"search_term_string\"}}],\"inLanguage\":\"es\"},{\"@type\":\"Person\",\"@id\":\"https:\/\/www.noticiasradioreflejos.com.ar\/2021\/#\/schema\/person\/ad82545263dcc5ec0996818884fd5fb1\",\"name\":\"Arnaldo Botto\",\"image\":{\"@type\":\"ImageObject\",\"inLanguage\":\"es\",\"@id\":\"https:\/\/www.noticiasradioreflejos.com.ar\/2021\/#\/schema\/person\/image\/\",\"url\":\"https:\/\/secure.gravatar.com\/avatar\/55cb5e37c1efa326397366e6974cb338056df65cb50e7d64d1cf314e87504837?s=96&d=mm&r=g\",\"contentUrl\":\"https:\/\/secure.gravatar.com\/avatar\/55cb5e37c1efa326397366e6974cb338056df65cb50e7d64d1cf314e87504837?s=96&d=mm&r=g\",\"caption\":\"Arnaldo Botto\"},\"url\":\"https:\/\/www.noticiasradioreflejos.com.ar\/2021\/author\/arnaldo\/\"}]}<\/script>\n<!-- \/ Yoast SEO plugin. -->","yoast_head_json":{"title":"El a\u00f1o 2021 marcado por la violencia machista: 24 femicidios por mes, seg\u00fan el Observatorio de Femicidios de la Defensor\u00eda del Pueblo de la Naci\u00f3n - Noticias Radio Reflejos","robots":{"index":"index","follow":"follow","max-snippet":"max-snippet:-1","max-image-preview":"max-image-preview:large","max-video-preview":"max-video-preview:-1"},"canonical":"https:\/\/www.noticiasradioreflejos.com.ar\/2021\/el-ano-2021-marcado-por-la-violencia-machista-24-femicidios-por-mes-segun-el-observatorio-de-femicidios-de-la-defensoria-del-pueblo-de-la-nacion\/","og_locale":"es_ES","og_type":"article","og_title":"El a\u00f1o 2021 marcado por la violencia machista: 24 femicidios por mes, seg\u00fan el Observatorio de Femicidios de la Defensor\u00eda del Pueblo de la Naci\u00f3n - Noticias Radio Reflejos","og_description":"El registro llevado a cabo desde el 1 de enero hasta el 31 de diciembre de 2021 arroj\u00f3 el alarmante promedio de 1 femicidio cada 30 horas: 289 femicidios en total, cifra que\u00a0 incluye\u00a0241 femicidios directos,\u00a024 vinculados\u00a0(16 ni\u00f1os\/hombres, 7 ni\u00f1as\/mujeres y una persona trans),\u00a09 personas Trans\u00a0y\u00a015 suicidios feminicidas.","og_url":"https:\/\/www.noticiasradioreflejos.com.ar\/2021\/el-ano-2021-marcado-por-la-violencia-machista-24-femicidios-por-mes-segun-el-observatorio-de-femicidios-de-la-defensoria-del-pueblo-de-la-nacion\/","og_site_name":"Noticias Radio Reflejos","article_published_time":"2022-02-24T14:25:00+00:00","og_image":[{"width":300,"height":200,"url":"https:\/\/www.noticiasradioreflejos.com.ar\/2021\/wp-content\/uploads\/2021\/07\/logosol300x200.png","type":"image\/png"}],"author":"Arnaldo Botto","twitter_card":"summary_large_image","schema":{"@context":"https:\/\/schema.org","@graph":[{"@type":"WebPage","@id":"https:\/\/www.noticiasradioreflejos.com.ar\/2021\/el-ano-2021-marcado-por-la-violencia-machista-24-femicidios-por-mes-segun-el-observatorio-de-femicidios-de-la-defensoria-del-pueblo-de-la-nacion\/","url":"https:\/\/www.noticiasradioreflejos.com.ar\/2021\/el-ano-2021-marcado-por-la-violencia-machista-24-femicidios-por-mes-segun-el-observatorio-de-femicidios-de-la-defensoria-del-pueblo-de-la-nacion\/","name":"El a\u00f1o 2021 marcado por la violencia machista: 24 femicidios por mes, seg\u00fan el Observatorio de Femicidios de la Defensor\u00eda del Pueblo de la Naci\u00f3n - Noticias Radio Reflejos","isPartOf":{"@id":"https:\/\/www.noticiasradioreflejos.com.ar\/2021\/#website"},"datePublished":"2022-02-24T14:25:00+00:00","author":{"@id":"https:\/\/www.noticiasradioreflejos.com.ar\/2021\/#\/schema\/person\/ad82545263dcc5ec0996818884fd5fb1"},"breadcrumb":{"@id":"https:\/\/www.noticiasradioreflejos.com.ar\/2021\/el-ano-2021-marcado-por-la-violencia-machista-24-femicidios-por-mes-segun-el-observatorio-de-femicidios-de-la-defensoria-del-pueblo-de-la-nacion\/#breadcrumb"},"inLanguage":"es","potentialAction":[{"@type":"ReadAction","target":["https:\/\/www.noticiasradioreflejos.com.ar\/2021\/el-ano-2021-marcado-por-la-violencia-machista-24-femicidios-por-mes-segun-el-observatorio-de-femicidios-de-la-defensoria-del-pueblo-de-la-nacion\/"]}]},{"@type":"BreadcrumbList","@id":"https:\/\/www.noticiasradioreflejos.com.ar\/2021\/el-ano-2021-marcado-por-la-violencia-machista-24-femicidios-por-mes-segun-el-observatorio-de-femicidios-de-la-defensoria-del-pueblo-de-la-nacion\/#breadcrumb","itemListElement":[{"@type":"ListItem","position":1,"name":"Portada","item":"https:\/\/www.noticiasradioreflejos.com.ar\/2021\/"},{"@type":"ListItem","position":2,"name":"El a\u00f1o 2021 marcado por la violencia machista: 24 femicidios por mes, seg\u00fan el Observatorio de Femicidios de la Defensor\u00eda del Pueblo de la Naci\u00f3n"}]},{"@type":"WebSite","@id":"https:\/\/www.noticiasradioreflejos.com.ar\/2021\/#website","url":"https:\/\/www.noticiasradioreflejos.com.ar\/2021\/","name":"Noticias Radio Reflejos","description":"Las noticias de mi comarca","potentialAction":[{"@type":"SearchAction","target":{"@type":"EntryPoint","urlTemplate":"https:\/\/www.noticiasradioreflejos.com.ar\/2021\/?s={search_term_string}"},"query-input":{"@type":"PropertyValueSpecification","valueRequired":true,"valueName":"search_term_string"}}],"inLanguage":"es"},{"@type":"Person","@id":"https:\/\/www.noticiasradioreflejos.com.ar\/2021\/#\/schema\/person\/ad82545263dcc5ec0996818884fd5fb1","name":"Arnaldo Botto","image":{"@type":"ImageObject","inLanguage":"es","@id":"https:\/\/www.noticiasradioreflejos.com.ar\/2021\/#\/schema\/person\/image\/","url":"https:\/\/secure.gravatar.com\/avatar\/55cb5e37c1efa326397366e6974cb338056df65cb50e7d64d1cf314e87504837?s=96&d=mm&r=g","contentUrl":"https:\/\/secure.gravatar.com\/avatar\/55cb5e37c1efa326397366e6974cb338056df65cb50e7d64d1cf314e87504837?s=96&d=mm&r=g","caption":"Arnaldo Botto"},"url":"https:\/\/www.noticiasradioreflejos.com.ar\/2021\/author\/arnaldo\/"}]}},"_links":{"self":[{"href":"https:\/\/www.noticiasradioreflejos.com.ar\/2021\/wp-json\/wp\/v2\/posts\/68646","targetHints":{"allow":["GET"]}}],"collection":[{"href":"https:\/\/www.noticiasradioreflejos.com.ar\/2021\/wp-json\/wp\/v2\/posts"}],"about":[{"href":"https:\/\/www.noticiasradioreflejos.com.ar\/2021\/wp-json\/wp\/v2\/types\/post"}],"author":[{"embeddable":true,"href":"https:\/\/www.noticiasradioreflejos.com.ar\/2021\/wp-json\/wp\/v2\/users\/3"}],"replies":[{"embeddable":true,"href":"https:\/\/www.noticiasradioreflejos.com.ar\/2021\/wp-json\/wp\/v2\/comments?post=68646"}],"version-history":[{"count":1,"href":"https:\/\/www.noticiasradioreflejos.com.ar\/2021\/wp-json\/wp\/v2\/posts\/68646\/revisions"}],"predecessor-version":[{"id":68648,"href":"https:\/\/www.noticiasradioreflejos.com.ar\/2021\/wp-json\/wp\/v2\/posts\/68646\/revisions\/68648"}],"wp:attachment":[{"href":"https:\/\/www.noticiasradioreflejos.com.ar\/2021\/wp-json\/wp\/v2\/media?parent=68646"}],"wp:term":[{"taxonomy":"category","embeddable":true,"href":"https:\/\/www.noticiasradioreflejos.com.ar\/2021\/wp-json\/wp\/v2\/categories?post=68646"},{"taxonomy":"post_tag","embeddable":true,"href":"https:\/\/www.noticiasradioreflejos.com.ar\/2021\/wp-json\/wp\/v2\/tags?post=68646"}],"curies":[{"name":"wp","href":"https:\/\/api.w.org\/{rel}","templated":true}]}}