{"id":68628,"date":"2022-02-24T10:44:13","date_gmt":"2022-02-24T10:44:13","guid":{"rendered":"http:\/\/www.noticiasradioreflejos.com.ar\/2021\/?p=68628"},"modified":"2022-02-24T14:41:44","modified_gmt":"2022-02-24T14:41:44","slug":"lluvias-en-toda-la-region-mejora-este-jueves-por-la-tarde","status":"publish","type":"post","link":"https:\/\/www.noticiasradioreflejos.com.ar\/2021\/lluvias-en-toda-la-region-mejora-este-jueves-por-la-tarde\/","title":{"rendered":"Lluvias en toda la regi\u00f3n, mejora este jueves por la tarde."},"content":{"rendered":"<p>Se registraron precipitaciones desde el atardecer de ayer en toda la zona. <!--more-->Durante la tarde de ayer comenz\u00f3 a cubrirse el cielo en la zona serrana y cerca de las 20 horas se empezaron a ver rel\u00e1mpagos y rayos en el sector noroeste. Las primeras gotas se recibieron a las 20.15 y mas cerca de la medianoche comenz\u00f3 a llover en forma mas intensa con fuertes r\u00e1fagas de viento.<\/p>\n<p>El pron\u00f3stico para hoy dice que tendremos inestabilidad, con precipitaciones aisladas hasta pasado el mediod\u00eda cuando el viento del sector norte rote al oeste y se ponga mas fuerte; el cielo se despejar\u00e1 y tendremos una tarde soleada con una m\u00e1xima de 24 a 26\u00b0.<\/p>\n<p>Para ma\u00f1ana viernes y todo el fin de\u00a0 semana largo, hasta el martes inclusive, se esperan jornadas agradables con m\u00ednimas de 14\u00b0 a 17\u00b0 y m\u00e1ximas que llegar\u00edan a los 28\u00b0, los cielos estar\u00e1n despejados y los vientos regulares prevalecer\u00e1n del sector noroeste.<\/p>\n<p><strong>Totales de lluvias en la regi\u00f3n hasta las 8 hs<\/strong><\/p>\n<p>14 mm en Sierra de la Ventana<br \/>\n16 mm en Calqu\u00edn<br \/>\n22 mm e Villa Ventana<br \/>\n17.8 mm en el Cerro Napost\u00e1 Oeste<br \/>\n19.4 mm en Cumbre del Cerro Ventana<br \/>\n27 mm en Tornquist<br \/>\n36.2 mm en Dufaur<br \/>\n11 mm en Funke<br \/>\n17.2 mm en Cabildo<br \/>\n31 mm en Pig\u00fc\u00e9<br \/>\n40 mm en Coronel Su\u00e1rez<br \/>\n60 mm en Huanguel\u00e9n<br \/>\n9 mm en Frapal<br \/>\n27.4 mm en San Eloy<br \/>\n32 mm en el Pantanoso<br \/>\n37 mm en Cura Malal<br \/>\n53.7 mm en Pasman<br \/>\n7 mm en Cnel Pringles<br \/>\n68 mm en Carhu\u00e9<br \/>\n9 mm en Monte Hermoso<br \/>\n26.5 mm en Tte Origone (Villarino)<br \/>\n28 mm en 17 de Agosto<\/p>\n","protected":false},"excerpt":{"rendered":"<p>Se registraron precipitaciones desde el atardecer de ayer en toda la zona.<\/p>\n","protected":false},"author":3,"featured_media":0,"comment_status":"closed","ping_status":"closed","sticky":false,"template":"","format":"standard","meta":{"footnotes":""},"categories":[26],"tags":[48],"class_list":["post-68628","post","type-post","status-publish","format-standard","hentry","category-sociedad","tag-destacada"],"yoast_head":"<!-- This site is optimized with the Yoast SEO plugin v25.9 - https:\/\/yoast.com\/wordpress\/plugins\/seo\/ -->\n<title>Lluvias en toda la regi\u00f3n, mejora este jueves por la tarde. - Noticias Radio Reflejos<\/title>\n<meta name=\"robots\" content=\"index, follow, max-snippet:-1, max-image-preview:large, max-video-preview:-1\" \/>\n<link rel=\"canonical\" href=\"https:\/\/www.noticiasradioreflejos.com.ar\/2021\/lluvias-en-toda-la-region-mejora-este-jueves-por-la-tarde\/\" \/>\n<meta property=\"og:locale\" content=\"es_ES\" \/>\n<meta property=\"og:type\" content=\"article\" \/>\n<meta property=\"og:title\" content=\"Lluvias en toda la regi\u00f3n, mejora este jueves por la tarde. - Noticias Radio Reflejos\" \/>\n<meta property=\"og:description\" content=\"Se registraron precipitaciones desde el atardecer de ayer en toda la zona.\" \/>\n<meta property=\"og:url\" content=\"https:\/\/www.noticiasradioreflejos.com.ar\/2021\/lluvias-en-toda-la-region-mejora-este-jueves-por-la-tarde\/\" \/>\n<meta property=\"og:site_name\" content=\"Noticias Radio Reflejos\" \/>\n<meta property=\"article:published_time\" content=\"2022-02-24T10:44:13+00:00\" \/>\n<meta property=\"article:modified_time\" content=\"2022-02-24T14:41:44+00:00\" \/>\n<meta property=\"og:image\" content=\"https:\/\/www.noticiasradioreflejos.com.ar\/2021\/wp-content\/uploads\/2021\/07\/logosol300x200.png\" \/>\n\t<meta property=\"og:image:width\" content=\"300\" \/>\n\t<meta property=\"og:image:height\" content=\"200\" \/>\n\t<meta property=\"og:image:type\" content=\"image\/png\" \/>\n<meta name=\"author\" content=\"Arnaldo Botto\" \/>\n<meta name=\"twitter:card\" content=\"summary_large_image\" \/>\n<script type=\"application\/ld+json\" class=\"yoast-schema-graph\">{\"@context\":\"https:\/\/schema.org\",\"@graph\":[{\"@type\":\"WebPage\",\"@id\":\"https:\/\/www.noticiasradioreflejos.com.ar\/2021\/lluvias-en-toda-la-region-mejora-este-jueves-por-la-tarde\/\",\"url\":\"https:\/\/www.noticiasradioreflejos.com.ar\/2021\/lluvias-en-toda-la-region-mejora-este-jueves-por-la-tarde\/\",\"name\":\"Lluvias en toda la regi\u00f3n, mejora este jueves por la tarde. - Noticias Radio Reflejos\",\"isPartOf\":{\"@id\":\"https:\/\/www.noticiasradioreflejos.com.ar\/2021\/#website\"},\"datePublished\":\"2022-02-24T10:44:13+00:00\",\"dateModified\":\"2022-02-24T14:41:44+00:00\",\"author\":{\"@id\":\"https:\/\/www.noticiasradioreflejos.com.ar\/2021\/#\/schema\/person\/ad82545263dcc5ec0996818884fd5fb1\"},\"breadcrumb\":{\"@id\":\"https:\/\/www.noticiasradioreflejos.com.ar\/2021\/lluvias-en-toda-la-region-mejora-este-jueves-por-la-tarde\/#breadcrumb\"},\"inLanguage\":\"es\",\"potentialAction\":[{\"@type\":\"ReadAction\",\"target\":[\"https:\/\/www.noticiasradioreflejos.com.ar\/2021\/lluvias-en-toda-la-region-mejora-este-jueves-por-la-tarde\/\"]}]},{\"@type\":\"BreadcrumbList\",\"@id\":\"https:\/\/www.noticiasradioreflejos.com.ar\/2021\/lluvias-en-toda-la-region-mejora-este-jueves-por-la-tarde\/#breadcrumb\",\"itemListElement\":[{\"@type\":\"ListItem\",\"position\":1,\"name\":\"Portada\",\"item\":\"https:\/\/www.noticiasradioreflejos.com.ar\/2021\/\"},{\"@type\":\"ListItem\",\"position\":2,\"name\":\"Lluvias en toda la regi\u00f3n, mejora este jueves por la tarde.\"}]},{\"@type\":\"WebSite\",\"@id\":\"https:\/\/www.noticiasradioreflejos.com.ar\/2021\/#website\",\"url\":\"https:\/\/www.noticiasradioreflejos.com.ar\/2021\/\",\"name\":\"Noticias Radio Reflejos\",\"description\":\"Las noticias de mi comarca\",\"potentialAction\":[{\"@type\":\"SearchAction\",\"target\":{\"@type\":\"EntryPoint\",\"urlTemplate\":\"https:\/\/www.noticiasradioreflejos.com.ar\/2021\/?s={search_term_string}\"},\"query-input\":{\"@type\":\"PropertyValueSpecification\",\"valueRequired\":true,\"valueName\":\"search_term_string\"}}],\"inLanguage\":\"es\"},{\"@type\":\"Person\",\"@id\":\"https:\/\/www.noticiasradioreflejos.com.ar\/2021\/#\/schema\/person\/ad82545263dcc5ec0996818884fd5fb1\",\"name\":\"Arnaldo Botto\",\"image\":{\"@type\":\"ImageObject\",\"inLanguage\":\"es\",\"@id\":\"https:\/\/www.noticiasradioreflejos.com.ar\/2021\/#\/schema\/person\/image\/\",\"url\":\"https:\/\/secure.gravatar.com\/avatar\/55cb5e37c1efa326397366e6974cb338056df65cb50e7d64d1cf314e87504837?s=96&d=mm&r=g\",\"contentUrl\":\"https:\/\/secure.gravatar.com\/avatar\/55cb5e37c1efa326397366e6974cb338056df65cb50e7d64d1cf314e87504837?s=96&d=mm&r=g\",\"caption\":\"Arnaldo Botto\"},\"url\":\"https:\/\/www.noticiasradioreflejos.com.ar\/2021\/author\/arnaldo\/\"}]}<\/script>\n<!-- \/ Yoast SEO plugin. -->","yoast_head_json":{"title":"Lluvias en toda la regi\u00f3n, mejora este jueves por la tarde. - Noticias Radio Reflejos","robots":{"index":"index","follow":"follow","max-snippet":"max-snippet:-1","max-image-preview":"max-image-preview:large","max-video-preview":"max-video-preview:-1"},"canonical":"https:\/\/www.noticiasradioreflejos.com.ar\/2021\/lluvias-en-toda-la-region-mejora-este-jueves-por-la-tarde\/","og_locale":"es_ES","og_type":"article","og_title":"Lluvias en toda la regi\u00f3n, mejora este jueves por la tarde. - Noticias Radio Reflejos","og_description":"Se registraron precipitaciones desde el atardecer de ayer en toda la zona.","og_url":"https:\/\/www.noticiasradioreflejos.com.ar\/2021\/lluvias-en-toda-la-region-mejora-este-jueves-por-la-tarde\/","og_site_name":"Noticias Radio Reflejos","article_published_time":"2022-02-24T10:44:13+00:00","article_modified_time":"2022-02-24T14:41:44+00:00","og_image":[{"width":300,"height":200,"url":"https:\/\/www.noticiasradioreflejos.com.ar\/2021\/wp-content\/uploads\/2021\/07\/logosol300x200.png","type":"image\/png"}],"author":"Arnaldo Botto","twitter_card":"summary_large_image","schema":{"@context":"https:\/\/schema.org","@graph":[{"@type":"WebPage","@id":"https:\/\/www.noticiasradioreflejos.com.ar\/2021\/lluvias-en-toda-la-region-mejora-este-jueves-por-la-tarde\/","url":"https:\/\/www.noticiasradioreflejos.com.ar\/2021\/lluvias-en-toda-la-region-mejora-este-jueves-por-la-tarde\/","name":"Lluvias en toda la regi\u00f3n, mejora este jueves por la tarde. - Noticias Radio Reflejos","isPartOf":{"@id":"https:\/\/www.noticiasradioreflejos.com.ar\/2021\/#website"},"datePublished":"2022-02-24T10:44:13+00:00","dateModified":"2022-02-24T14:41:44+00:00","author":{"@id":"https:\/\/www.noticiasradioreflejos.com.ar\/2021\/#\/schema\/person\/ad82545263dcc5ec0996818884fd5fb1"},"breadcrumb":{"@id":"https:\/\/www.noticiasradioreflejos.com.ar\/2021\/lluvias-en-toda-la-region-mejora-este-jueves-por-la-tarde\/#breadcrumb"},"inLanguage":"es","potentialAction":[{"@type":"ReadAction","target":["https:\/\/www.noticiasradioreflejos.com.ar\/2021\/lluvias-en-toda-la-region-mejora-este-jueves-por-la-tarde\/"]}]},{"@type":"BreadcrumbList","@id":"https:\/\/www.noticiasradioreflejos.com.ar\/2021\/lluvias-en-toda-la-region-mejora-este-jueves-por-la-tarde\/#breadcrumb","itemListElement":[{"@type":"ListItem","position":1,"name":"Portada","item":"https:\/\/www.noticiasradioreflejos.com.ar\/2021\/"},{"@type":"ListItem","position":2,"name":"Lluvias en toda la regi\u00f3n, mejora este jueves por la tarde."}]},{"@type":"WebSite","@id":"https:\/\/www.noticiasradioreflejos.com.ar\/2021\/#website","url":"https:\/\/www.noticiasradioreflejos.com.ar\/2021\/","name":"Noticias Radio Reflejos","description":"Las noticias de mi comarca","potentialAction":[{"@type":"SearchAction","target":{"@type":"EntryPoint","urlTemplate":"https:\/\/www.noticiasradioreflejos.com.ar\/2021\/?s={search_term_string}"},"query-input":{"@type":"PropertyValueSpecification","valueRequired":true,"valueName":"search_term_string"}}],"inLanguage":"es"},{"@type":"Person","@id":"https:\/\/www.noticiasradioreflejos.com.ar\/2021\/#\/schema\/person\/ad82545263dcc5ec0996818884fd5fb1","name":"Arnaldo Botto","image":{"@type":"ImageObject","inLanguage":"es","@id":"https:\/\/www.noticiasradioreflejos.com.ar\/2021\/#\/schema\/person\/image\/","url":"https:\/\/secure.gravatar.com\/avatar\/55cb5e37c1efa326397366e6974cb338056df65cb50e7d64d1cf314e87504837?s=96&d=mm&r=g","contentUrl":"https:\/\/secure.gravatar.com\/avatar\/55cb5e37c1efa326397366e6974cb338056df65cb50e7d64d1cf314e87504837?s=96&d=mm&r=g","caption":"Arnaldo Botto"},"url":"https:\/\/www.noticiasradioreflejos.com.ar\/2021\/author\/arnaldo\/"}]}},"_links":{"self":[{"href":"https:\/\/www.noticiasradioreflejos.com.ar\/2021\/wp-json\/wp\/v2\/posts\/68628","targetHints":{"allow":["GET"]}}],"collection":[{"href":"https:\/\/www.noticiasradioreflejos.com.ar\/2021\/wp-json\/wp\/v2\/posts"}],"about":[{"href":"https:\/\/www.noticiasradioreflejos.com.ar\/2021\/wp-json\/wp\/v2\/types\/post"}],"author":[{"embeddable":true,"href":"https:\/\/www.noticiasradioreflejos.com.ar\/2021\/wp-json\/wp\/v2\/users\/3"}],"replies":[{"embeddable":true,"href":"https:\/\/www.noticiasradioreflejos.com.ar\/2021\/wp-json\/wp\/v2\/comments?post=68628"}],"version-history":[{"count":4,"href":"https:\/\/www.noticiasradioreflejos.com.ar\/2021\/wp-json\/wp\/v2\/posts\/68628\/revisions"}],"predecessor-version":[{"id":68643,"href":"https:\/\/www.noticiasradioreflejos.com.ar\/2021\/wp-json\/wp\/v2\/posts\/68628\/revisions\/68643"}],"wp:attachment":[{"href":"https:\/\/www.noticiasradioreflejos.com.ar\/2021\/wp-json\/wp\/v2\/media?parent=68628"}],"wp:term":[{"taxonomy":"category","embeddable":true,"href":"https:\/\/www.noticiasradioreflejos.com.ar\/2021\/wp-json\/wp\/v2\/categories?post=68628"},{"taxonomy":"post_tag","embeddable":true,"href":"https:\/\/www.noticiasradioreflejos.com.ar\/2021\/wp-json\/wp\/v2\/tags?post=68628"}],"curies":[{"name":"wp","href":"https:\/\/api.w.org\/{rel}","templated":true}]}}