{"id":68625,"date":"2022-02-23T20:37:56","date_gmt":"2022-02-23T20:37:56","guid":{"rendered":"http:\/\/www.noticiasradioreflejos.com.ar\/2021\/?p=68625"},"modified":"2022-02-23T20:37:56","modified_gmt":"2022-02-23T20:37:56","slug":"el-enre-rechazo-las-cifras-presentadas-por-edesur-y-edenor-en-la-audiencia-publica","status":"publish","type":"post","link":"https:\/\/www.noticiasradioreflejos.com.ar\/2021\/el-enre-rechazo-las-cifras-presentadas-por-edesur-y-edenor-en-la-audiencia-publica\/","title":{"rendered":"El ENRE rechaz\u00f3 las cifras presentadas por Edesur y Edenor en la audiencia p\u00fablica"},"content":{"rendered":"<p>Las empresas hab\u00edan planteado que necesitaban recursos adicionales por m\u00e1s de $ 100.000 millones -en conjunto- para continuar operando en 2022, y dejaron abierta la posibilidad de afrontarlo con un aumento de tarifas y\/o subsidios estatales.<\/p>\n<div class=\"row\">\n<div class=\"col-md-12 speak\">\n<div class=\"paragraph\">\n<figure class=\"mb-3\"><img decoding=\"async\" src=\"https:\/\/www.telam.com.ar\/thumbs\/bluesteel\/advf\/imagenes\/2016\/09\/57ed3682766f7_900.jpg\" alt=\"El 716 de las inversiones puestas en servicio durante 2021 por Edesur fueron financiado por el Estado Nacional\" width=\"100%\" height=\"100%\" \/><\/p>\n<div class=\"media-icons\"><\/div><figcaption>El 71,6% de las inversiones puestas en servicio durante 2021 por Edesur fueron financiado por el Estado Nacional<\/figcaption><\/figure>\n<p>El Ente Nacional Regulador de la Electricidad (ENRE) rechaz\u00f3 las cifras presentadas por Edesur y Edenor respecto de la disminuci\u00f3n de sus ingresos y de las inversiones informadas por las distribuidoras del Area Metropolitana de Buenos Aires (AMBA).<\/p>\n<p>Edesur y Edenor plantearon en la\u00a0<a href=\"https:\/\/www.telam.com.ar\/notas\/202202\/583949-audiencia-publica-tarifas-energia-electricidad.html\" target=\"_blank\" rel=\"noopener\">audiencia p\u00fablica convocada por el ENRE<\/a>\u00a0el jueves pasado, la necesidad de contar con recursos adicionales por $ 100.000 millones para continuar operando en 2022, y dejaron abierta la posibilidad de afrontarlo con un aumento de tarifas, subsidios del Estado nacional o una combinaci\u00f3n de las dos variables.<\/p>\n<p>Por su parte, el ENRE respondi\u00f3 a las dos distribuidoras en el informe final aprobado por la\u00a0<a href=\"https:\/\/www.boletinoficial.gob.ar\/detalleAviso\/primera\/257954\/20220223\" target=\"_blank\" rel=\"noopener\">resoluci\u00f3n sintetizada conjunta 1\/2022<\/a>, de la Secretar\u00eda de Energ\u00eda, la Subsecretar\u00eda de Energ\u00eda El\u00e9ctrica y el Ente, publicada este mi\u00e9rcoles en el Bolet\u00edn Oficial.<\/p>\n<p>Sobre la exposici\u00f3n de\u00a0<strong>Edesur,\u00a0<\/strong>el organismo que conduce Soledad Man\u00edn indic\u00f3 que\u00a0<strong>\u00abla distribuidora hace menci\u00f3n a que durante 2020 y 2021, ha realizado inversiones por el 70% de los ingresos de la misma\u00bb.<\/strong><\/p>\n<p>Al respecto, se\u00f1al\u00f3 que \u00abla informaci\u00f3n publicada en sus estados contables, considerando dos a\u00f1os entre septiembre de 2019 y el mismo mes de 2021 (\u00faltimo balance publicado) sus inversiones contables alcanzaron los $ 32.653 millones ajustados por inflaci\u00f3n al 31 diciembre \u00faltimo, y esto represent\u00f3 un 17% de sus ingresos y un 48% de su valor agregado de distribuci\u00f3n (ingresos menos compra de energ\u00eda)\u00bb.<\/p>\n<p><strong>El ENRE asegur\u00f3 que se trata de \u00abcifras muy distantes al 70% informado por esta distribuidora\u00bb.<\/strong><\/p>\n<p>Asimismo, indic\u00f3 que Edesur expres\u00f3 \u00abque durante 2020 y 2021 se han puesto en servicio cinco repotenciaciones de alta tensi\u00f3n (AT), 700 kil\u00f3metros de redes de media (MT) y baja tensi\u00f3n (BT), 648 centros de transformaci\u00f3n (CT) y 1.500 puntos de telecontrol\u00bb.<\/p>\n<p>Por su parte, el Ente puntualiz\u00f3 que \u00abdurante el pasado bienio se registraron tres\u00bb repotenciaciones\u00bb, y remarc\u00f3 que \u00abpara el caso de los 700 km de redes, lo constatado fueron 258,7 Km correspondientes al Acuerdo para el Desarrollo del Plan de Trabajo Preventivo y Correctivo de la Red de Distribuci\u00f3n El\u00e9ctrica; y 226,4 Km de inversiones comprometidas en la Revisi\u00f3n Tarifaria Integral (RTI)\u00bb.<\/p>\n<p>En cuanto a los 648 centros de transformaci\u00f3n, el ENRE se\u00f1al\u00f3 que \u00ablo verificado fueron 215 correspondientes al Acuerdo para el Desarrollo de la Red; y 349 de inversiones comprometidas en la RTI\u00bb.<\/p>\n<p>Por \u00faltimo, para los 1.500 puntos de telemandos, el Ente constat\u00f3 \u00ab192 equipos correspondientes al Acuerdo para el Desarrollo de la Red; y 166 de inversiones comprometidas en la RTI\u00bb.<\/p>\n<p>\u00abComo conclusi\u00f3n general, los valores expuestos por Edesur son considerablemente inferiores a los realmente realizados\u00bb, afirm\u00f3 el Ente.<\/p>\n<p>Asimismo, indic\u00f3 que \u00ablas inversiones correspondientes al Acuerdo para el Desarrollo de la Red no representaron el 69% de las constatadas con puesta en servicio durante 2021 sobre las comprometidas en la RTI\u00bb.<\/p>\n<figure class=\"mb-3\"><img decoding=\"async\" src=\"https:\/\/www.telam.com.ar\/thumbs\/bluesteel\/advf\/imagenes\/2021\/06\/60dc6d94d31b7_900.jpg\" alt=\"El Ente precis que entre 2013 y 2015 las obras realizadas por la distribuidora se financiaron con recursos del Fondo para Obras de Consolidacin y Expansin de Distribucin Elctrica\" width=\"100%\" height=\"100%\" \/><\/p>\n<div class=\"media-icons\"><\/div><figcaption>El Ente precis\u00f3 que \u00abentre 2013 y 2015 las obras realizadas por la distribuidora se financiaron con recursos del Fondo para Obras de Consolidaci\u00f3n y Expansi\u00f3n de Distribuci\u00f3n El\u00e9ctrica<\/figcaption><\/figure>\n<p>En cambio, remarc\u00f3 que\u00a0<strong>\u00abde la totalidad de las inversiones puestas en servicio durante 2021, el 71,60% corresponden al plan financiado por el Estado Nacional,<\/strong>\u00a0en el marco de una deuda por los consumos de los barrios populares, mediante el Acuerdo para el Desarrollo de la Red; y el restante 28,39% fue financiado por la concesionaria\u00bb.<\/p>\n<p>En cuanto a\u00a0<strong>Edenor,<\/strong>\u00a0se\u00f1al\u00f3 que<strong>\u00a0la inform\u00f3 que \u00abdurante los \u00faltimos nueve a\u00f1os\u00bb se realizaron en inversiones en \u00ab3.500 megavatios amperios (MVA) de potencia en subestaciones; 2.000 km de redes de AT y MT; 1.900 km de redes de BT; 3.700 CT; y 2.800 puntos telecomandados\u00bb.<\/strong><\/p>\n<p>Al respecto, el Ente precis\u00f3 que\u00a0<strong>\u00abentre 2013 y 2015 las obras realizadas por la distribuidora se financiaron con recursos del Fondo para Obras de Consolidaci\u00f3n y Expansi\u00f3n de Distribuci\u00f3n El\u00e9ctrica<\/strong>\u00a0(Focede)\u00bb.<\/p>\n<p>Adem\u00e1s, subray\u00f3 que \u00ablas inversiones informadas por la empresa corresponden al per\u00edodo 2017-2021\u00bb, y destac\u00f3 que \u00ablo anterior a ese quinquenio no se contabilizaba en unidades f\u00edsicas puestas en servicio\u00bb.<\/p>\n<p>\u00abPor esta raz\u00f3n, en cuanto a las subestaciones se menciona que se sumaron m\u00e1s de 3.500 MVA de potencia a la red. En este sentido, este Ente verific\u00f3 un total de 3.480 MVA puestos en servicio, de los cuales todos pertenecieron a la RTI\u00bb, indic\u00f3 el organismo regulador.<\/p>\n<p><strong>Respecto de las redes de AT y MT, el ENRE se\u00f1al\u00f3 que constat\u00f3 \u00abun total de 1.544,41 km\u00bb en lugar de 2.000 km.<\/strong><\/p>\n<p>Para el caso de los 1.900 Km de redes de BT, \u00ablo constatado en el per\u00edodo 2017-2021 fueron 1.840,7 Km\u00bb, y en cuanto los 3.700 CT, \u00ablo verificado fueron 2.087\u00bb.<\/p>\n<p>Por \u00faltimo, de los 2.800 puntos de telemandos, el Ente constat\u00f3 2.640, con lo cual se\u00f1al\u00f3 que \u00ablos valores en su mayor\u00eda, son acordes a los verificados, a excepci\u00f3n de redes de AT y MT, y los CT\u00bb.<\/p>\n<p>Sin embargo, remarc\u00f3 que \u00aben relaci\u00f3n con el cumplimiento de la inversi\u00f3n aprobada para el per\u00edodo 2017-2021,\u00a0<strong>Edenor cumpli\u00f3 en un 43,23% la expansi\u00f3n y renovaci\u00f3n red BT; en un 40,6% la de MT; en un 78,46% la de CT; y en un 259,5% la colocaci\u00f3n de puntos telemando\u00bb.<\/strong><\/p>\n<p>Mientras que, detall\u00f3, \u00aben AT cumpli\u00f3 en un 22,17% la puesta en servicio de redes, y en un 82,94% la de MVA comprometidos\u00bb.<\/p>\n<p>En relaci\u00f3n con la situaci\u00f3n de una disminuci\u00f3n del 60% de los ingresos disponibles entre 2015 y 2021 para hacer frente a los costos operativos, informados por la distribuidora, el ENRE precis\u00f3 que \u00absi se ajusta por la inflaci\u00f3n promedio al 31 de diciembre de 2021, destin\u00f3 el 23% a cubrir su costo de energ\u00eda\u00bb.<\/p>\n<p>Adem\u00e1s, puntualiz\u00f3 que \u00abal 30 de setiembre de 2021, Edenor destin\u00f3 un 61%\u00bb, por lo cual subray\u00f3 que \u00absi se realiza la anualizaci\u00f3n de los resultados del ejercicio por nueve meses a setiembre de 2021, el valor agregado de distribuci\u00f3n de la empresa, se vio reducido en moneda constante s\u00f3lo un 22%, siendo esto un 38% menos que lo informado por la concesionaria\u00bb.<\/p>\n<\/div>\n<\/div>\n<\/div>\n","protected":false},"excerpt":{"rendered":"<p>Las empresas hab\u00edan planteado que necesitaban recursos adicionales por m\u00e1s de $ 100.000 millones -en conjunto- para continuar operando en 2022, y dejaron abierta la posibilidad de afrontarlo con un aumento de tarifas y\/o subsidios estatales. El 71,6% de las inversiones puestas en servicio durante 2021 por Edesur fueron financiado por el Estado Nacional El [&hellip;]<\/p>\n","protected":false},"author":3,"featured_media":68626,"comment_status":"closed","ping_status":"closed","sticky":false,"template":"","format":"standard","meta":{"footnotes":""},"categories":[36,24],"tags":[],"class_list":["post-68625","post","type-post","status-publish","format-standard","has-post-thumbnail","hentry","category-economia","category-politica"],"yoast_head":"<!-- This site is optimized with the Yoast SEO plugin v25.9 - https:\/\/yoast.com\/wordpress\/plugins\/seo\/ -->\n<title>El ENRE rechaz\u00f3 las cifras presentadas por Edesur y Edenor en la audiencia p\u00fablica - Noticias Radio Reflejos<\/title>\n<meta name=\"robots\" content=\"index, follow, max-snippet:-1, max-image-preview:large, max-video-preview:-1\" \/>\n<link rel=\"canonical\" href=\"https:\/\/www.noticiasradioreflejos.com.ar\/2021\/el-enre-rechazo-las-cifras-presentadas-por-edesur-y-edenor-en-la-audiencia-publica\/\" \/>\n<meta property=\"og:locale\" content=\"es_ES\" \/>\n<meta property=\"og:type\" content=\"article\" \/>\n<meta property=\"og:title\" content=\"El ENRE rechaz\u00f3 las cifras presentadas por Edesur y Edenor en la audiencia p\u00fablica - Noticias Radio Reflejos\" \/>\n<meta property=\"og:description\" content=\"Las empresas hab\u00edan planteado que necesitaban recursos adicionales por m\u00e1s de $ 100.000 millones -en conjunto- para continuar operando en 2022, y dejaron abierta la posibilidad de afrontarlo con un aumento de tarifas y\/o subsidios estatales. El 71,6% de las inversiones puestas en servicio durante 2021 por Edesur fueron financiado por el Estado Nacional El [&hellip;]\" \/>\n<meta property=\"og:url\" content=\"https:\/\/www.noticiasradioreflejos.com.ar\/2021\/el-enre-rechazo-las-cifras-presentadas-por-edesur-y-edenor-en-la-audiencia-publica\/\" \/>\n<meta property=\"og:site_name\" content=\"Noticias Radio Reflejos\" \/>\n<meta property=\"article:published_time\" content=\"2022-02-23T20:37:56+00:00\" \/>\n<meta property=\"og:image\" content=\"https:\/\/www.noticiasradioreflejos.com.ar\/2021\/wp-content\/uploads\/2022\/02\/tarifas-de-alta-tension-3-1a.jpg\" \/>\n\t<meta property=\"og:image:width\" content=\"1688\" \/>\n\t<meta property=\"og:image:height\" content=\"1012\" \/>\n\t<meta property=\"og:image:type\" content=\"image\/jpeg\" \/>\n<meta name=\"author\" content=\"Arnaldo Botto\" \/>\n<meta name=\"twitter:card\" content=\"summary_large_image\" \/>\n<script type=\"application\/ld+json\" class=\"yoast-schema-graph\">{\"@context\":\"https:\/\/schema.org\",\"@graph\":[{\"@type\":\"WebPage\",\"@id\":\"https:\/\/www.noticiasradioreflejos.com.ar\/2021\/el-enre-rechazo-las-cifras-presentadas-por-edesur-y-edenor-en-la-audiencia-publica\/\",\"url\":\"https:\/\/www.noticiasradioreflejos.com.ar\/2021\/el-enre-rechazo-las-cifras-presentadas-por-edesur-y-edenor-en-la-audiencia-publica\/\",\"name\":\"El ENRE rechaz\u00f3 las cifras presentadas por Edesur y Edenor en la audiencia p\u00fablica - Noticias Radio Reflejos\",\"isPartOf\":{\"@id\":\"https:\/\/www.noticiasradioreflejos.com.ar\/2021\/#website\"},\"primaryImageOfPage\":{\"@id\":\"https:\/\/www.noticiasradioreflejos.com.ar\/2021\/el-enre-rechazo-las-cifras-presentadas-por-edesur-y-edenor-en-la-audiencia-publica\/#primaryimage\"},\"image\":{\"@id\":\"https:\/\/www.noticiasradioreflejos.com.ar\/2021\/el-enre-rechazo-las-cifras-presentadas-por-edesur-y-edenor-en-la-audiencia-publica\/#primaryimage\"},\"thumbnailUrl\":\"https:\/\/www.noticiasradioreflejos.com.ar\/2021\/wp-content\/uploads\/2022\/02\/tarifas-de-alta-tension-3-1a.jpg\",\"datePublished\":\"2022-02-23T20:37:56+00:00\",\"author\":{\"@id\":\"https:\/\/www.noticiasradioreflejos.com.ar\/2021\/#\/schema\/person\/ad82545263dcc5ec0996818884fd5fb1\"},\"breadcrumb\":{\"@id\":\"https:\/\/www.noticiasradioreflejos.com.ar\/2021\/el-enre-rechazo-las-cifras-presentadas-por-edesur-y-edenor-en-la-audiencia-publica\/#breadcrumb\"},\"inLanguage\":\"es\",\"potentialAction\":[{\"@type\":\"ReadAction\",\"target\":[\"https:\/\/www.noticiasradioreflejos.com.ar\/2021\/el-enre-rechazo-las-cifras-presentadas-por-edesur-y-edenor-en-la-audiencia-publica\/\"]}]},{\"@type\":\"ImageObject\",\"inLanguage\":\"es\",\"@id\":\"https:\/\/www.noticiasradioreflejos.com.ar\/2021\/el-enre-rechazo-las-cifras-presentadas-por-edesur-y-edenor-en-la-audiencia-publica\/#primaryimage\",\"url\":\"https:\/\/www.noticiasradioreflejos.com.ar\/2021\/wp-content\/uploads\/2022\/02\/tarifas-de-alta-tension-3-1a.jpg\",\"contentUrl\":\"https:\/\/www.noticiasradioreflejos.com.ar\/2021\/wp-content\/uploads\/2022\/02\/tarifas-de-alta-tension-3-1a.jpg\",\"width\":1688,\"height\":1012},{\"@type\":\"BreadcrumbList\",\"@id\":\"https:\/\/www.noticiasradioreflejos.com.ar\/2021\/el-enre-rechazo-las-cifras-presentadas-por-edesur-y-edenor-en-la-audiencia-publica\/#breadcrumb\",\"itemListElement\":[{\"@type\":\"ListItem\",\"position\":1,\"name\":\"Portada\",\"item\":\"https:\/\/www.noticiasradioreflejos.com.ar\/2021\/\"},{\"@type\":\"ListItem\",\"position\":2,\"name\":\"El ENRE rechaz\u00f3 las cifras presentadas por Edesur y Edenor en la audiencia p\u00fablica\"}]},{\"@type\":\"WebSite\",\"@id\":\"https:\/\/www.noticiasradioreflejos.com.ar\/2021\/#website\",\"url\":\"https:\/\/www.noticiasradioreflejos.com.ar\/2021\/\",\"name\":\"Noticias Radio Reflejos\",\"description\":\"Las noticias de mi comarca\",\"potentialAction\":[{\"@type\":\"SearchAction\",\"target\":{\"@type\":\"EntryPoint\",\"urlTemplate\":\"https:\/\/www.noticiasradioreflejos.com.ar\/2021\/?s={search_term_string}\"},\"query-input\":{\"@type\":\"PropertyValueSpecification\",\"valueRequired\":true,\"valueName\":\"search_term_string\"}}],\"inLanguage\":\"es\"},{\"@type\":\"Person\",\"@id\":\"https:\/\/www.noticiasradioreflejos.com.ar\/2021\/#\/schema\/person\/ad82545263dcc5ec0996818884fd5fb1\",\"name\":\"Arnaldo Botto\",\"image\":{\"@type\":\"ImageObject\",\"inLanguage\":\"es\",\"@id\":\"https:\/\/www.noticiasradioreflejos.com.ar\/2021\/#\/schema\/person\/image\/\",\"url\":\"https:\/\/secure.gravatar.com\/avatar\/55cb5e37c1efa326397366e6974cb338056df65cb50e7d64d1cf314e87504837?s=96&d=mm&r=g\",\"contentUrl\":\"https:\/\/secure.gravatar.com\/avatar\/55cb5e37c1efa326397366e6974cb338056df65cb50e7d64d1cf314e87504837?s=96&d=mm&r=g\",\"caption\":\"Arnaldo Botto\"},\"url\":\"https:\/\/www.noticiasradioreflejos.com.ar\/2021\/author\/arnaldo\/\"}]}<\/script>\n<!-- \/ Yoast SEO plugin. -->","yoast_head_json":{"title":"El ENRE rechaz\u00f3 las cifras presentadas por Edesur y Edenor en la audiencia p\u00fablica - Noticias Radio Reflejos","robots":{"index":"index","follow":"follow","max-snippet":"max-snippet:-1","max-image-preview":"max-image-preview:large","max-video-preview":"max-video-preview:-1"},"canonical":"https:\/\/www.noticiasradioreflejos.com.ar\/2021\/el-enre-rechazo-las-cifras-presentadas-por-edesur-y-edenor-en-la-audiencia-publica\/","og_locale":"es_ES","og_type":"article","og_title":"El ENRE rechaz\u00f3 las cifras presentadas por Edesur y Edenor en la audiencia p\u00fablica - Noticias Radio Reflejos","og_description":"Las empresas hab\u00edan planteado que necesitaban recursos adicionales por m\u00e1s de $ 100.000 millones -en conjunto- para continuar operando en 2022, y dejaron abierta la posibilidad de afrontarlo con un aumento de tarifas y\/o subsidios estatales. El 71,6% de las inversiones puestas en servicio durante 2021 por Edesur fueron financiado por el Estado Nacional El [&hellip;]","og_url":"https:\/\/www.noticiasradioreflejos.com.ar\/2021\/el-enre-rechazo-las-cifras-presentadas-por-edesur-y-edenor-en-la-audiencia-publica\/","og_site_name":"Noticias Radio Reflejos","article_published_time":"2022-02-23T20:37:56+00:00","og_image":[{"width":1688,"height":1012,"url":"https:\/\/www.noticiasradioreflejos.com.ar\/2021\/wp-content\/uploads\/2022\/02\/tarifas-de-alta-tension-3-1a.jpg","type":"image\/jpeg"}],"author":"Arnaldo Botto","twitter_card":"summary_large_image","schema":{"@context":"https:\/\/schema.org","@graph":[{"@type":"WebPage","@id":"https:\/\/www.noticiasradioreflejos.com.ar\/2021\/el-enre-rechazo-las-cifras-presentadas-por-edesur-y-edenor-en-la-audiencia-publica\/","url":"https:\/\/www.noticiasradioreflejos.com.ar\/2021\/el-enre-rechazo-las-cifras-presentadas-por-edesur-y-edenor-en-la-audiencia-publica\/","name":"El ENRE rechaz\u00f3 las cifras presentadas por Edesur y Edenor en la audiencia p\u00fablica - Noticias Radio Reflejos","isPartOf":{"@id":"https:\/\/www.noticiasradioreflejos.com.ar\/2021\/#website"},"primaryImageOfPage":{"@id":"https:\/\/www.noticiasradioreflejos.com.ar\/2021\/el-enre-rechazo-las-cifras-presentadas-por-edesur-y-edenor-en-la-audiencia-publica\/#primaryimage"},"image":{"@id":"https:\/\/www.noticiasradioreflejos.com.ar\/2021\/el-enre-rechazo-las-cifras-presentadas-por-edesur-y-edenor-en-la-audiencia-publica\/#primaryimage"},"thumbnailUrl":"https:\/\/www.noticiasradioreflejos.com.ar\/2021\/wp-content\/uploads\/2022\/02\/tarifas-de-alta-tension-3-1a.jpg","datePublished":"2022-02-23T20:37:56+00:00","author":{"@id":"https:\/\/www.noticiasradioreflejos.com.ar\/2021\/#\/schema\/person\/ad82545263dcc5ec0996818884fd5fb1"},"breadcrumb":{"@id":"https:\/\/www.noticiasradioreflejos.com.ar\/2021\/el-enre-rechazo-las-cifras-presentadas-por-edesur-y-edenor-en-la-audiencia-publica\/#breadcrumb"},"inLanguage":"es","potentialAction":[{"@type":"ReadAction","target":["https:\/\/www.noticiasradioreflejos.com.ar\/2021\/el-enre-rechazo-las-cifras-presentadas-por-edesur-y-edenor-en-la-audiencia-publica\/"]}]},{"@type":"ImageObject","inLanguage":"es","@id":"https:\/\/www.noticiasradioreflejos.com.ar\/2021\/el-enre-rechazo-las-cifras-presentadas-por-edesur-y-edenor-en-la-audiencia-publica\/#primaryimage","url":"https:\/\/www.noticiasradioreflejos.com.ar\/2021\/wp-content\/uploads\/2022\/02\/tarifas-de-alta-tension-3-1a.jpg","contentUrl":"https:\/\/www.noticiasradioreflejos.com.ar\/2021\/wp-content\/uploads\/2022\/02\/tarifas-de-alta-tension-3-1a.jpg","width":1688,"height":1012},{"@type":"BreadcrumbList","@id":"https:\/\/www.noticiasradioreflejos.com.ar\/2021\/el-enre-rechazo-las-cifras-presentadas-por-edesur-y-edenor-en-la-audiencia-publica\/#breadcrumb","itemListElement":[{"@type":"ListItem","position":1,"name":"Portada","item":"https:\/\/www.noticiasradioreflejos.com.ar\/2021\/"},{"@type":"ListItem","position":2,"name":"El ENRE rechaz\u00f3 las cifras presentadas por Edesur y Edenor en la audiencia p\u00fablica"}]},{"@type":"WebSite","@id":"https:\/\/www.noticiasradioreflejos.com.ar\/2021\/#website","url":"https:\/\/www.noticiasradioreflejos.com.ar\/2021\/","name":"Noticias Radio Reflejos","description":"Las noticias de mi comarca","potentialAction":[{"@type":"SearchAction","target":{"@type":"EntryPoint","urlTemplate":"https:\/\/www.noticiasradioreflejos.com.ar\/2021\/?s={search_term_string}"},"query-input":{"@type":"PropertyValueSpecification","valueRequired":true,"valueName":"search_term_string"}}],"inLanguage":"es"},{"@type":"Person","@id":"https:\/\/www.noticiasradioreflejos.com.ar\/2021\/#\/schema\/person\/ad82545263dcc5ec0996818884fd5fb1","name":"Arnaldo Botto","image":{"@type":"ImageObject","inLanguage":"es","@id":"https:\/\/www.noticiasradioreflejos.com.ar\/2021\/#\/schema\/person\/image\/","url":"https:\/\/secure.gravatar.com\/avatar\/55cb5e37c1efa326397366e6974cb338056df65cb50e7d64d1cf314e87504837?s=96&d=mm&r=g","contentUrl":"https:\/\/secure.gravatar.com\/avatar\/55cb5e37c1efa326397366e6974cb338056df65cb50e7d64d1cf314e87504837?s=96&d=mm&r=g","caption":"Arnaldo Botto"},"url":"https:\/\/www.noticiasradioreflejos.com.ar\/2021\/author\/arnaldo\/"}]}},"_links":{"self":[{"href":"https:\/\/www.noticiasradioreflejos.com.ar\/2021\/wp-json\/wp\/v2\/posts\/68625","targetHints":{"allow":["GET"]}}],"collection":[{"href":"https:\/\/www.noticiasradioreflejos.com.ar\/2021\/wp-json\/wp\/v2\/posts"}],"about":[{"href":"https:\/\/www.noticiasradioreflejos.com.ar\/2021\/wp-json\/wp\/v2\/types\/post"}],"author":[{"embeddable":true,"href":"https:\/\/www.noticiasradioreflejos.com.ar\/2021\/wp-json\/wp\/v2\/users\/3"}],"replies":[{"embeddable":true,"href":"https:\/\/www.noticiasradioreflejos.com.ar\/2021\/wp-json\/wp\/v2\/comments?post=68625"}],"version-history":[{"count":1,"href":"https:\/\/www.noticiasradioreflejos.com.ar\/2021\/wp-json\/wp\/v2\/posts\/68625\/revisions"}],"predecessor-version":[{"id":68627,"href":"https:\/\/www.noticiasradioreflejos.com.ar\/2021\/wp-json\/wp\/v2\/posts\/68625\/revisions\/68627"}],"wp:featuredmedia":[{"embeddable":true,"href":"https:\/\/www.noticiasradioreflejos.com.ar\/2021\/wp-json\/wp\/v2\/media\/68626"}],"wp:attachment":[{"href":"https:\/\/www.noticiasradioreflejos.com.ar\/2021\/wp-json\/wp\/v2\/media?parent=68625"}],"wp:term":[{"taxonomy":"category","embeddable":true,"href":"https:\/\/www.noticiasradioreflejos.com.ar\/2021\/wp-json\/wp\/v2\/categories?post=68625"},{"taxonomy":"post_tag","embeddable":true,"href":"https:\/\/www.noticiasradioreflejos.com.ar\/2021\/wp-json\/wp\/v2\/tags?post=68625"}],"curies":[{"name":"wp","href":"https:\/\/api.w.org\/{rel}","templated":true}]}}