{"id":68622,"date":"2022-02-23T17:52:04","date_gmt":"2022-02-23T17:52:04","guid":{"rendered":"http:\/\/www.noticiasradioreflejos.com.ar\/2021\/?p=68622"},"modified":"2022-02-23T17:52:04","modified_gmt":"2022-02-23T17:52:04","slug":"los-incendios-forestales-devastadores-aumentaran-para-fin-de-siglo","status":"publish","type":"post","link":"https:\/\/www.noticiasradioreflejos.com.ar\/2021\/los-incendios-forestales-devastadores-aumentaran-para-fin-de-siglo\/","title":{"rendered":"Los incendios forestales devastadores aumentar\u00e1n para fin de siglo"},"content":{"rendered":"<p>Los incendios naturales, accidentales o provocados, no son causados directamente por el calentamiento del planeta, pero suelen deberse a sequ\u00edas cada vez m\u00e1s intensas y prolongadas, lo que significar\u00e1 que a lo largo de este siglo podr\u00e1n aumentar entre un 31 y 52%.<!--more--><\/p>\n<p>La probabilidad de incendios forestales que devastan enormes superficies, como los de Australia en 2019 y 2020 o el del Pantanal sudamericano en 2020, aumentar\u00e1 entre 31 y 52% a lo largo de este siglo, advirti\u00f3 hoy la Organizaci\u00f3n de las Naciones Unidas (ONU).<\/p>\n<p>Los incendios naturales, accidentales o provocados, no son causados directamente por el calentamiento del planeta, pero suelen deberse a sequ\u00edas cada vez m\u00e1s intensas y prolongadas, explica el informe que public\u00f3 hoy la ONU y el centro de estudios medioambientales GRID-Arendal.<\/p>\n<figure class=\"mb-3\"><img decoding=\"async\" src=\"https:\/\/www.telam.com.ar\/thumbs\/bluesteel\/advf\/imagenes\/2022\/02\/62163c1371a15_900.jpg\" alt=\"Telam SE\" width=\"100%\" height=\"100%\" \/><\/p>\n<div class=\"media-icons\"><\/div><figcaption><\/figcaption><\/figure>\n<p>\u00abIncluso si se cumplen los esfuerzos m\u00e1s ambiciosos para reducir las emisiones de gases de efecto invernadero, el planeta sufrir\u00e1 un aumento dram\u00e1tico de la frecuencia de las condiciones que favorecen los incendios extremos\u00bb, dice el texto, seg\u00fan cit\u00f3 la agencia de noticias AFP.<\/p>\n<p>Tambi\u00e9n se inform\u00f3 que, incluso si el mundo lograra reducir el aumento de la temperatura media a +2\u00b0C respecto a la era preindustrial, objetivo principal de los acuerdos de Par\u00eds, el n\u00famero de incendios catastr\u00f3ficos aumentar\u00e1 entre un 9% y un 14% hasta 2030, entre 20 y 33% hasta 2050 y entre 31 y 52% hasta 2100.<\/p>\n<figure class=\"mb-3\"><img decoding=\"async\" src=\"https:\/\/www.telam.com.ar\/thumbs\/bluesteel\/advf\/imagenes\/2022\/02\/62163b004a8bd_900.jpg\" alt=\"Telam SE\" width=\"100%\" height=\"100%\" \/><\/p>\n<div class=\"media-icons\"><\/div><figcaption><\/figcaption><\/figure>\n<p>Con las nuevas condiciones clim\u00e1ticas, esos acontecimientos inusuales \u00abincrementar\u00e1n su probabilidad ligeramente\u00bb, explic\u00f3 uno de los autores del informe, Andrew Sullivan, de la agencia australiana CSIRO, en conferencia de prensa.<\/p>\n<p>El informe no aborda el aumento de todas las categor\u00edas de incendios forestales, pero el especialista explic\u00f3 que \u00abes probable que los episodios menos extremos aumenten igualmente\u00bb.<\/p>\n<p>Entre los casos que analiz\u00f3 el estudio, un incendio \u00abemblem\u00e1tico\u00bb fue el del Pantanal sudamericano, el mayor humedal del planeta, situado entre Brasil, Bolivia y Paraguay.<\/p>\n<p>La regi\u00f3n sufr\u00eda una fuerte sequ\u00eda desde 2019 y los incendios excepcionales estallaron al a\u00f1o siguiente, provocando la p\u00e9rdida de aproximadamente 4 millones de hect\u00e1reas hasta agosto de 2021.<\/p>\n<figure class=\"mb-3\"><img decoding=\"async\" src=\"https:\/\/www.telam.com.ar\/thumbs\/bluesteel\/advf\/imagenes\/2022\/02\/62163b003b385_900.jpg\" alt=\"Telam SE\" width=\"100%\" height=\"100%\" \/><\/p>\n<div class=\"media-icons\"><\/div><figcaption><\/figcaption><\/figure>\n<p>\u00abLos incendios forestales y el cambio clim\u00e1tico se alimentan mutuamente\u00bb, subraya el texto e indica que los suelos se degradan, las emisiones de di\u00f3xido de carbono se disparan temporalmente y los bosques dejan de cumplir con su misi\u00f3n de captar el carbono.<\/p>\n<p>Respecto a las soluciones, los especialistas indicaron que \u00abhay que limpiar regularmente los sotobosques, apoyar y reforzar de forma sostenida a los equipos de emergencia, como los bomberos\u00bb.<\/p>\n<figure class=\"mb-3\"><img decoding=\"async\" src=\"https:\/\/www.telam.com.ar\/thumbs\/bluesteel\/advf\/imagenes\/2022\/02\/62163c138bca1_900.jpg\" alt=\"Telam SE\" width=\"100%\" height=\"100%\" \/><\/p>\n<div class=\"media-icons\"><\/div><figcaption><\/figcaption><\/figure>\n<p>La directora general del Programa de las Naciones Unidas para el Medio Ambiente, Inger Andersen, detall\u00f3: \u00abTenemos que minimizar los riesgos de incendios con una mejor preparaci\u00f3n: invertir m\u00e1s en la reducci\u00f3n de riesgos, trabajar con las comunidades locales, reforzar los compromisos mundiales contra el cambio clim\u00e1tico\u00bb.<\/p>\n","protected":false},"excerpt":{"rendered":"<p>Los incendios naturales, accidentales o provocados, no son causados directamente por el calentamiento del planeta, pero suelen deberse a sequ\u00edas cada vez m\u00e1s intensas y prolongadas, lo que significar\u00e1 que a lo largo de este siglo podr\u00e1n aumentar entre un 31 y 52%.<\/p>\n","protected":false},"author":3,"featured_media":0,"comment_status":"closed","ping_status":"closed","sticky":false,"template":"","format":"standard","meta":{"footnotes":""},"categories":[46],"tags":[],"class_list":["post-68622","post","type-post","status-publish","format-standard","hentry","category-ciencia-y-tecnologia"],"yoast_head":"<!-- This site is optimized with the Yoast SEO plugin v25.9 - https:\/\/yoast.com\/wordpress\/plugins\/seo\/ -->\n<title>Los incendios forestales devastadores aumentar\u00e1n para fin de siglo - Noticias Radio Reflejos<\/title>\n<meta name=\"robots\" content=\"index, follow, max-snippet:-1, max-image-preview:large, max-video-preview:-1\" \/>\n<link rel=\"canonical\" href=\"https:\/\/www.noticiasradioreflejos.com.ar\/2021\/los-incendios-forestales-devastadores-aumentaran-para-fin-de-siglo\/\" \/>\n<meta property=\"og:locale\" content=\"es_ES\" \/>\n<meta property=\"og:type\" content=\"article\" \/>\n<meta property=\"og:title\" content=\"Los incendios forestales devastadores aumentar\u00e1n para fin de siglo - Noticias Radio Reflejos\" \/>\n<meta property=\"og:description\" content=\"Los incendios naturales, accidentales o provocados, no son causados directamente por el calentamiento del planeta, pero suelen deberse a sequ\u00edas cada vez m\u00e1s intensas y prolongadas, lo que significar\u00e1 que a lo largo de este siglo podr\u00e1n aumentar entre un 31 y 52%.\" \/>\n<meta property=\"og:url\" content=\"https:\/\/www.noticiasradioreflejos.com.ar\/2021\/los-incendios-forestales-devastadores-aumentaran-para-fin-de-siglo\/\" \/>\n<meta property=\"og:site_name\" content=\"Noticias Radio Reflejos\" \/>\n<meta property=\"article:published_time\" content=\"2022-02-23T17:52:04+00:00\" \/>\n<meta property=\"og:image\" content=\"https:\/\/www.telam.com.ar\/thumbs\/bluesteel\/advf\/imagenes\/2022\/02\/62163c1371a15_900.jpg\" \/>\n<meta name=\"author\" content=\"Arnaldo Botto\" \/>\n<meta name=\"twitter:card\" content=\"summary_large_image\" \/>\n<script type=\"application\/ld+json\" class=\"yoast-schema-graph\">{\"@context\":\"https:\/\/schema.org\",\"@graph\":[{\"@type\":\"WebPage\",\"@id\":\"https:\/\/www.noticiasradioreflejos.com.ar\/2021\/los-incendios-forestales-devastadores-aumentaran-para-fin-de-siglo\/\",\"url\":\"https:\/\/www.noticiasradioreflejos.com.ar\/2021\/los-incendios-forestales-devastadores-aumentaran-para-fin-de-siglo\/\",\"name\":\"Los incendios forestales devastadores aumentar\u00e1n para fin de siglo - Noticias Radio Reflejos\",\"isPartOf\":{\"@id\":\"https:\/\/www.noticiasradioreflejos.com.ar\/2021\/#website\"},\"primaryImageOfPage\":{\"@id\":\"https:\/\/www.noticiasradioreflejos.com.ar\/2021\/los-incendios-forestales-devastadores-aumentaran-para-fin-de-siglo\/#primaryimage\"},\"image\":{\"@id\":\"https:\/\/www.noticiasradioreflejos.com.ar\/2021\/los-incendios-forestales-devastadores-aumentaran-para-fin-de-siglo\/#primaryimage\"},\"thumbnailUrl\":\"https:\/\/www.telam.com.ar\/thumbs\/bluesteel\/advf\/imagenes\/2022\/02\/62163c1371a15_900.jpg\",\"datePublished\":\"2022-02-23T17:52:04+00:00\",\"author\":{\"@id\":\"https:\/\/www.noticiasradioreflejos.com.ar\/2021\/#\/schema\/person\/ad82545263dcc5ec0996818884fd5fb1\"},\"breadcrumb\":{\"@id\":\"https:\/\/www.noticiasradioreflejos.com.ar\/2021\/los-incendios-forestales-devastadores-aumentaran-para-fin-de-siglo\/#breadcrumb\"},\"inLanguage\":\"es\",\"potentialAction\":[{\"@type\":\"ReadAction\",\"target\":[\"https:\/\/www.noticiasradioreflejos.com.ar\/2021\/los-incendios-forestales-devastadores-aumentaran-para-fin-de-siglo\/\"]}]},{\"@type\":\"ImageObject\",\"inLanguage\":\"es\",\"@id\":\"https:\/\/www.noticiasradioreflejos.com.ar\/2021\/los-incendios-forestales-devastadores-aumentaran-para-fin-de-siglo\/#primaryimage\",\"url\":\"https:\/\/www.telam.com.ar\/thumbs\/bluesteel\/advf\/imagenes\/2022\/02\/62163c1371a15_900.jpg\",\"contentUrl\":\"https:\/\/www.telam.com.ar\/thumbs\/bluesteel\/advf\/imagenes\/2022\/02\/62163c1371a15_900.jpg\"},{\"@type\":\"BreadcrumbList\",\"@id\":\"https:\/\/www.noticiasradioreflejos.com.ar\/2021\/los-incendios-forestales-devastadores-aumentaran-para-fin-de-siglo\/#breadcrumb\",\"itemListElement\":[{\"@type\":\"ListItem\",\"position\":1,\"name\":\"Portada\",\"item\":\"https:\/\/www.noticiasradioreflejos.com.ar\/2021\/\"},{\"@type\":\"ListItem\",\"position\":2,\"name\":\"Los incendios forestales devastadores aumentar\u00e1n para fin de siglo\"}]},{\"@type\":\"WebSite\",\"@id\":\"https:\/\/www.noticiasradioreflejos.com.ar\/2021\/#website\",\"url\":\"https:\/\/www.noticiasradioreflejos.com.ar\/2021\/\",\"name\":\"Noticias Radio Reflejos\",\"description\":\"Las noticias de mi comarca\",\"potentialAction\":[{\"@type\":\"SearchAction\",\"target\":{\"@type\":\"EntryPoint\",\"urlTemplate\":\"https:\/\/www.noticiasradioreflejos.com.ar\/2021\/?s={search_term_string}\"},\"query-input\":{\"@type\":\"PropertyValueSpecification\",\"valueRequired\":true,\"valueName\":\"search_term_string\"}}],\"inLanguage\":\"es\"},{\"@type\":\"Person\",\"@id\":\"https:\/\/www.noticiasradioreflejos.com.ar\/2021\/#\/schema\/person\/ad82545263dcc5ec0996818884fd5fb1\",\"name\":\"Arnaldo Botto\",\"image\":{\"@type\":\"ImageObject\",\"inLanguage\":\"es\",\"@id\":\"https:\/\/www.noticiasradioreflejos.com.ar\/2021\/#\/schema\/person\/image\/\",\"url\":\"https:\/\/secure.gravatar.com\/avatar\/55cb5e37c1efa326397366e6974cb338056df65cb50e7d64d1cf314e87504837?s=96&d=mm&r=g\",\"contentUrl\":\"https:\/\/secure.gravatar.com\/avatar\/55cb5e37c1efa326397366e6974cb338056df65cb50e7d64d1cf314e87504837?s=96&d=mm&r=g\",\"caption\":\"Arnaldo Botto\"},\"url\":\"https:\/\/www.noticiasradioreflejos.com.ar\/2021\/author\/arnaldo\/\"}]}<\/script>\n<!-- \/ Yoast SEO plugin. -->","yoast_head_json":{"title":"Los incendios forestales devastadores aumentar\u00e1n para fin de siglo - Noticias Radio Reflejos","robots":{"index":"index","follow":"follow","max-snippet":"max-snippet:-1","max-image-preview":"max-image-preview:large","max-video-preview":"max-video-preview:-1"},"canonical":"https:\/\/www.noticiasradioreflejos.com.ar\/2021\/los-incendios-forestales-devastadores-aumentaran-para-fin-de-siglo\/","og_locale":"es_ES","og_type":"article","og_title":"Los incendios forestales devastadores aumentar\u00e1n para fin de siglo - Noticias Radio Reflejos","og_description":"Los incendios naturales, accidentales o provocados, no son causados directamente por el calentamiento del planeta, pero suelen deberse a sequ\u00edas cada vez m\u00e1s intensas y prolongadas, lo que significar\u00e1 que a lo largo de este siglo podr\u00e1n aumentar entre un 31 y 52%.","og_url":"https:\/\/www.noticiasradioreflejos.com.ar\/2021\/los-incendios-forestales-devastadores-aumentaran-para-fin-de-siglo\/","og_site_name":"Noticias Radio Reflejos","article_published_time":"2022-02-23T17:52:04+00:00","og_image":[{"url":"https:\/\/www.telam.com.ar\/thumbs\/bluesteel\/advf\/imagenes\/2022\/02\/62163c1371a15_900.jpg","type":"","width":"","height":""}],"author":"Arnaldo Botto","twitter_card":"summary_large_image","schema":{"@context":"https:\/\/schema.org","@graph":[{"@type":"WebPage","@id":"https:\/\/www.noticiasradioreflejos.com.ar\/2021\/los-incendios-forestales-devastadores-aumentaran-para-fin-de-siglo\/","url":"https:\/\/www.noticiasradioreflejos.com.ar\/2021\/los-incendios-forestales-devastadores-aumentaran-para-fin-de-siglo\/","name":"Los incendios forestales devastadores aumentar\u00e1n para fin de siglo - Noticias Radio Reflejos","isPartOf":{"@id":"https:\/\/www.noticiasradioreflejos.com.ar\/2021\/#website"},"primaryImageOfPage":{"@id":"https:\/\/www.noticiasradioreflejos.com.ar\/2021\/los-incendios-forestales-devastadores-aumentaran-para-fin-de-siglo\/#primaryimage"},"image":{"@id":"https:\/\/www.noticiasradioreflejos.com.ar\/2021\/los-incendios-forestales-devastadores-aumentaran-para-fin-de-siglo\/#primaryimage"},"thumbnailUrl":"https:\/\/www.telam.com.ar\/thumbs\/bluesteel\/advf\/imagenes\/2022\/02\/62163c1371a15_900.jpg","datePublished":"2022-02-23T17:52:04+00:00","author":{"@id":"https:\/\/www.noticiasradioreflejos.com.ar\/2021\/#\/schema\/person\/ad82545263dcc5ec0996818884fd5fb1"},"breadcrumb":{"@id":"https:\/\/www.noticiasradioreflejos.com.ar\/2021\/los-incendios-forestales-devastadores-aumentaran-para-fin-de-siglo\/#breadcrumb"},"inLanguage":"es","potentialAction":[{"@type":"ReadAction","target":["https:\/\/www.noticiasradioreflejos.com.ar\/2021\/los-incendios-forestales-devastadores-aumentaran-para-fin-de-siglo\/"]}]},{"@type":"ImageObject","inLanguage":"es","@id":"https:\/\/www.noticiasradioreflejos.com.ar\/2021\/los-incendios-forestales-devastadores-aumentaran-para-fin-de-siglo\/#primaryimage","url":"https:\/\/www.telam.com.ar\/thumbs\/bluesteel\/advf\/imagenes\/2022\/02\/62163c1371a15_900.jpg","contentUrl":"https:\/\/www.telam.com.ar\/thumbs\/bluesteel\/advf\/imagenes\/2022\/02\/62163c1371a15_900.jpg"},{"@type":"BreadcrumbList","@id":"https:\/\/www.noticiasradioreflejos.com.ar\/2021\/los-incendios-forestales-devastadores-aumentaran-para-fin-de-siglo\/#breadcrumb","itemListElement":[{"@type":"ListItem","position":1,"name":"Portada","item":"https:\/\/www.noticiasradioreflejos.com.ar\/2021\/"},{"@type":"ListItem","position":2,"name":"Los incendios forestales devastadores aumentar\u00e1n para fin de siglo"}]},{"@type":"WebSite","@id":"https:\/\/www.noticiasradioreflejos.com.ar\/2021\/#website","url":"https:\/\/www.noticiasradioreflejos.com.ar\/2021\/","name":"Noticias Radio Reflejos","description":"Las noticias de mi comarca","potentialAction":[{"@type":"SearchAction","target":{"@type":"EntryPoint","urlTemplate":"https:\/\/www.noticiasradioreflejos.com.ar\/2021\/?s={search_term_string}"},"query-input":{"@type":"PropertyValueSpecification","valueRequired":true,"valueName":"search_term_string"}}],"inLanguage":"es"},{"@type":"Person","@id":"https:\/\/www.noticiasradioreflejos.com.ar\/2021\/#\/schema\/person\/ad82545263dcc5ec0996818884fd5fb1","name":"Arnaldo Botto","image":{"@type":"ImageObject","inLanguage":"es","@id":"https:\/\/www.noticiasradioreflejos.com.ar\/2021\/#\/schema\/person\/image\/","url":"https:\/\/secure.gravatar.com\/avatar\/55cb5e37c1efa326397366e6974cb338056df65cb50e7d64d1cf314e87504837?s=96&d=mm&r=g","contentUrl":"https:\/\/secure.gravatar.com\/avatar\/55cb5e37c1efa326397366e6974cb338056df65cb50e7d64d1cf314e87504837?s=96&d=mm&r=g","caption":"Arnaldo Botto"},"url":"https:\/\/www.noticiasradioreflejos.com.ar\/2021\/author\/arnaldo\/"}]}},"_links":{"self":[{"href":"https:\/\/www.noticiasradioreflejos.com.ar\/2021\/wp-json\/wp\/v2\/posts\/68622","targetHints":{"allow":["GET"]}}],"collection":[{"href":"https:\/\/www.noticiasradioreflejos.com.ar\/2021\/wp-json\/wp\/v2\/posts"}],"about":[{"href":"https:\/\/www.noticiasradioreflejos.com.ar\/2021\/wp-json\/wp\/v2\/types\/post"}],"author":[{"embeddable":true,"href":"https:\/\/www.noticiasradioreflejos.com.ar\/2021\/wp-json\/wp\/v2\/users\/3"}],"replies":[{"embeddable":true,"href":"https:\/\/www.noticiasradioreflejos.com.ar\/2021\/wp-json\/wp\/v2\/comments?post=68622"}],"version-history":[{"count":1,"href":"https:\/\/www.noticiasradioreflejos.com.ar\/2021\/wp-json\/wp\/v2\/posts\/68622\/revisions"}],"predecessor-version":[{"id":68624,"href":"https:\/\/www.noticiasradioreflejos.com.ar\/2021\/wp-json\/wp\/v2\/posts\/68622\/revisions\/68624"}],"wp:attachment":[{"href":"https:\/\/www.noticiasradioreflejos.com.ar\/2021\/wp-json\/wp\/v2\/media?parent=68622"}],"wp:term":[{"taxonomy":"category","embeddable":true,"href":"https:\/\/www.noticiasradioreflejos.com.ar\/2021\/wp-json\/wp\/v2\/categories?post=68622"},{"taxonomy":"post_tag","embeddable":true,"href":"https:\/\/www.noticiasradioreflejos.com.ar\/2021\/wp-json\/wp\/v2\/tags?post=68622"}],"curies":[{"name":"wp","href":"https:\/\/api.w.org\/{rel}","templated":true}]}}