{"id":68619,"date":"2022-02-23T17:48:09","date_gmt":"2022-02-23T17:48:09","guid":{"rendered":"http:\/\/www.noticiasradioreflejos.com.ar\/2021\/?p=68619"},"modified":"2022-02-23T17:48:09","modified_gmt":"2022-02-23T17:48:09","slug":"los-dinosaurios-se-extinguieron-por-el-cambio-climatico","status":"publish","type":"post","link":"https:\/\/www.noticiasradioreflejos.com.ar\/2021\/los-dinosaurios-se-extinguieron-por-el-cambio-climatico\/","title":{"rendered":"Los dinosaurios se extinguieron por el cambio clim\u00e1tico"},"content":{"rendered":"<p>Fueron las cat\u00e1strofes clim\u00e1ticas que desencaden\u00f3 el impacto de\u00a0un meteorito hace unos 65 millones de a\u00f1os, en la actual zona mexicana de Yucat\u00e1n, las que acabaron con la vida\u00a0de los grandes animales sobre tierra firme.<!--more--><\/p>\n<div class=\"wrapper-editable-content\">\n<div>\n<div class=\"container-md\">\n<div class=\"row\">\n<div class=\"col-md-12 speak\">\n<div class=\"paragraph\">\n<figure class=\"mb-3\"><img decoding=\"async\" src=\"https:\/\/www.telam.com.ar\/thumbs\/bluesteel\/advf\/imagenes\/2022\/02\/6216717601477_900.jpg\" alt=\"Foto archivo\" width=\"100%\" height=\"100%\" \/><\/p>\n<div class=\"media-icons\"><\/div><figcaption>Foto archivo.<\/figcaption><\/figure>\n<p>El impacto de un meteorito hace unos 65 millones de a\u00f1os, en la actual zona mexicana de Yucat\u00e1n, provoc\u00f3 una serie de cat\u00e1strofes que desembocaron en un cambio clim\u00e1tico dram\u00e1tico que acab\u00f3 con los dinosaurios, seg\u00fan una investigaci\u00f3n aparecida este mi\u00e9rcoles en la revista Nature.<\/p>\n<p>El impacto que cre\u00f3 el cr\u00e1ter de Chicxulub provoc\u00f3 una serie de cat\u00e1strofes que desembocaron en un cambio clim\u00e1tico dram\u00e1tico que fue el fin de la era del Cret\u00e1ceo y de los grandes animales sobre tierra firme, entre ellos los dinosaurios no aviarios y los reptiles volantes, como los pterosaurios.<\/p>\n<p>Tambi\u00e9n explicaron que \u201cno se podr\u00e1 conocer nunca el a\u00f1o exacto en que ocurri\u00f3 ese fen\u00f3meno natural\u201d.<\/p>\n<p>Un equipo de cient\u00edficos liderados por Melanie During, de la Facultad de Ciencias de la Universidad libre de \u00c1msterdam (Pa\u00edses Bajos), y Denis Voeten, de la Universidad de Uppsala (Suecia) elaboraron una cronolog\u00eda horaria de esa extinci\u00f3n, la quinta que sufri\u00f3 el planeta.<\/p>\n<p>El sitio arqueol\u00f3gico de Tanis, en Dakota del Norte (Estados Unidos Unidos), es clave para esa teor\u00eda porque all\u00ed se encuentran los restos f\u00f3siles de numerosos animales que fueron englutidos por una especie de marejada, seg\u00fan el estudio.<\/p>\n<p>Este fen\u00f3meno ocurre en espacios acu\u00e1ticos cerrados o semicerrados, cuando un acontecimiento externo, como el viento o un sismo, agita las aguas. Y este fen\u00f3meno ocurri\u00f3 apenas pocos minutos despu\u00e9s del impacto del meteorito en Yucat\u00e1n.<\/p>\n<p>La onda de choque atraves\u00f3 casi 3.000 km y levant\u00f3 gigantescas olas en el Mar Interior Occidental, que en esa \u00e9poca atravesaba la actual Am\u00e9rica de norte a sur, explicaron a trav\u00e9s de una informaci\u00f3n de la agencia AFP.<\/p>\n<p>Los cient\u00edficos estudiaron los f\u00f3siles de tres esturiones y tres peces esp\u00e1tula procedentes de Tanis, mediante un an\u00e1lisis tomogr\u00e1fico de rayos X de alta resoluci\u00f3n en el Laboratorio Europeo de Radiaci\u00f3n Sincrotr\u00f3n (ESRF) de Grenoble, y -primero- comprobaron que los peces murieron efectivamente durante esa marejada.<\/p>\n<p>Mientras el agua se levantaba y devastaba todo a su paso, del cielo ca\u00eda una lluvia de arena vitrificada, provocada por el enorme calor del impacto en Yucat\u00e1n.<\/p>\n<p>Los peces \u00abestaban vivos y aliment\u00e1ndose cuando ocurri\u00f3 el impacto, en los \u00faltimos minutos del Cret\u00e1ceo\u00bb, explicaron desde el informe.<\/p>\n<p>Murieron \u00abentre 15 y 30 minutos\u00bb despu\u00e9s del choque del meteorito, seg\u00fan During.<\/p>\n<p>Los an\u00e1lisis llevados en el laboratorio europeo demuestran que esos peces ingirieron esa arena, sin llegar a digerirla.<\/p>\n<p>Las consecuencias del impacto del meteorito en Chicxulub, equivalente a la explosi\u00f3n de decenas de miles de millones de bombas at\u00f3micas como la de Hiroshima, se prolongaron durante miles de a\u00f1os, en todo el planeta.<\/p>\n<p>Primero hubo incendios pavorosos. Luego cay\u00f3 sobre la superficie de la Tierra un largo invierno \u00abnuclear\u00bb.<\/p>\n<p>El cielo se oscureci\u00f3 y las plantas murieron, y eso provoc\u00f3 la extinci\u00f3n de los herb\u00edvoros, como los dinosaurios saur\u00f3podos, y en consecuencia de sus depredadores, como los tiranosaurios, mientras los oc\u00e9anos se acidificaban.<\/p>\n<\/div>\n<\/div>\n<\/div>\n<\/div>\n<\/div>\n<\/div>\n","protected":false},"excerpt":{"rendered":"<p>Fueron las cat\u00e1strofes clim\u00e1ticas que desencaden\u00f3 el impacto de\u00a0un meteorito hace unos 65 millones de a\u00f1os, en la actual zona mexicana de Yucat\u00e1n, las que acabaron con la vida\u00a0de los grandes animales sobre tierra firme.<\/p>\n","protected":false},"author":3,"featured_media":0,"comment_status":"closed","ping_status":"closed","sticky":false,"template":"","format":"standard","meta":{"footnotes":""},"categories":[46],"tags":[],"class_list":["post-68619","post","type-post","status-publish","format-standard","hentry","category-ciencia-y-tecnologia"],"yoast_head":"<!-- This site is optimized with the Yoast SEO plugin v25.9 - https:\/\/yoast.com\/wordpress\/plugins\/seo\/ -->\n<title>Los dinosaurios se extinguieron por el cambio clim\u00e1tico - Noticias Radio Reflejos<\/title>\n<meta name=\"robots\" content=\"index, follow, max-snippet:-1, max-image-preview:large, max-video-preview:-1\" \/>\n<link rel=\"canonical\" href=\"https:\/\/www.noticiasradioreflejos.com.ar\/2021\/los-dinosaurios-se-extinguieron-por-el-cambio-climatico\/\" \/>\n<meta property=\"og:locale\" content=\"es_ES\" \/>\n<meta property=\"og:type\" content=\"article\" \/>\n<meta property=\"og:title\" content=\"Los dinosaurios se extinguieron por el cambio clim\u00e1tico - Noticias Radio Reflejos\" \/>\n<meta property=\"og:description\" content=\"Fueron las cat\u00e1strofes clim\u00e1ticas que desencaden\u00f3 el impacto de\u00a0un meteorito hace unos 65 millones de a\u00f1os, en la actual zona mexicana de Yucat\u00e1n, las que acabaron con la vida\u00a0de los grandes animales sobre tierra firme.\" \/>\n<meta property=\"og:url\" content=\"https:\/\/www.noticiasradioreflejos.com.ar\/2021\/los-dinosaurios-se-extinguieron-por-el-cambio-climatico\/\" \/>\n<meta property=\"og:site_name\" content=\"Noticias Radio Reflejos\" \/>\n<meta property=\"article:published_time\" content=\"2022-02-23T17:48:09+00:00\" \/>\n<meta property=\"og:image\" content=\"https:\/\/www.telam.com.ar\/thumbs\/bluesteel\/advf\/imagenes\/2022\/02\/6216717601477_900.jpg\" \/>\n<meta name=\"author\" content=\"Arnaldo Botto\" \/>\n<meta name=\"twitter:card\" content=\"summary_large_image\" \/>\n<script type=\"application\/ld+json\" class=\"yoast-schema-graph\">{\"@context\":\"https:\/\/schema.org\",\"@graph\":[{\"@type\":\"WebPage\",\"@id\":\"https:\/\/www.noticiasradioreflejos.com.ar\/2021\/los-dinosaurios-se-extinguieron-por-el-cambio-climatico\/\",\"url\":\"https:\/\/www.noticiasradioreflejos.com.ar\/2021\/los-dinosaurios-se-extinguieron-por-el-cambio-climatico\/\",\"name\":\"Los dinosaurios se extinguieron por el cambio clim\u00e1tico - Noticias Radio Reflejos\",\"isPartOf\":{\"@id\":\"https:\/\/www.noticiasradioreflejos.com.ar\/2021\/#website\"},\"primaryImageOfPage\":{\"@id\":\"https:\/\/www.noticiasradioreflejos.com.ar\/2021\/los-dinosaurios-se-extinguieron-por-el-cambio-climatico\/#primaryimage\"},\"image\":{\"@id\":\"https:\/\/www.noticiasradioreflejos.com.ar\/2021\/los-dinosaurios-se-extinguieron-por-el-cambio-climatico\/#primaryimage\"},\"thumbnailUrl\":\"https:\/\/www.telam.com.ar\/thumbs\/bluesteel\/advf\/imagenes\/2022\/02\/6216717601477_900.jpg\",\"datePublished\":\"2022-02-23T17:48:09+00:00\",\"author\":{\"@id\":\"https:\/\/www.noticiasradioreflejos.com.ar\/2021\/#\/schema\/person\/ad82545263dcc5ec0996818884fd5fb1\"},\"breadcrumb\":{\"@id\":\"https:\/\/www.noticiasradioreflejos.com.ar\/2021\/los-dinosaurios-se-extinguieron-por-el-cambio-climatico\/#breadcrumb\"},\"inLanguage\":\"es\",\"potentialAction\":[{\"@type\":\"ReadAction\",\"target\":[\"https:\/\/www.noticiasradioreflejos.com.ar\/2021\/los-dinosaurios-se-extinguieron-por-el-cambio-climatico\/\"]}]},{\"@type\":\"ImageObject\",\"inLanguage\":\"es\",\"@id\":\"https:\/\/www.noticiasradioreflejos.com.ar\/2021\/los-dinosaurios-se-extinguieron-por-el-cambio-climatico\/#primaryimage\",\"url\":\"https:\/\/www.telam.com.ar\/thumbs\/bluesteel\/advf\/imagenes\/2022\/02\/6216717601477_900.jpg\",\"contentUrl\":\"https:\/\/www.telam.com.ar\/thumbs\/bluesteel\/advf\/imagenes\/2022\/02\/6216717601477_900.jpg\"},{\"@type\":\"BreadcrumbList\",\"@id\":\"https:\/\/www.noticiasradioreflejos.com.ar\/2021\/los-dinosaurios-se-extinguieron-por-el-cambio-climatico\/#breadcrumb\",\"itemListElement\":[{\"@type\":\"ListItem\",\"position\":1,\"name\":\"Portada\",\"item\":\"https:\/\/www.noticiasradioreflejos.com.ar\/2021\/\"},{\"@type\":\"ListItem\",\"position\":2,\"name\":\"Los dinosaurios se extinguieron por el cambio clim\u00e1tico\"}]},{\"@type\":\"WebSite\",\"@id\":\"https:\/\/www.noticiasradioreflejos.com.ar\/2021\/#website\",\"url\":\"https:\/\/www.noticiasradioreflejos.com.ar\/2021\/\",\"name\":\"Noticias Radio Reflejos\",\"description\":\"Las noticias de mi comarca\",\"potentialAction\":[{\"@type\":\"SearchAction\",\"target\":{\"@type\":\"EntryPoint\",\"urlTemplate\":\"https:\/\/www.noticiasradioreflejos.com.ar\/2021\/?s={search_term_string}\"},\"query-input\":{\"@type\":\"PropertyValueSpecification\",\"valueRequired\":true,\"valueName\":\"search_term_string\"}}],\"inLanguage\":\"es\"},{\"@type\":\"Person\",\"@id\":\"https:\/\/www.noticiasradioreflejos.com.ar\/2021\/#\/schema\/person\/ad82545263dcc5ec0996818884fd5fb1\",\"name\":\"Arnaldo Botto\",\"image\":{\"@type\":\"ImageObject\",\"inLanguage\":\"es\",\"@id\":\"https:\/\/www.noticiasradioreflejos.com.ar\/2021\/#\/schema\/person\/image\/\",\"url\":\"https:\/\/secure.gravatar.com\/avatar\/55cb5e37c1efa326397366e6974cb338056df65cb50e7d64d1cf314e87504837?s=96&d=mm&r=g\",\"contentUrl\":\"https:\/\/secure.gravatar.com\/avatar\/55cb5e37c1efa326397366e6974cb338056df65cb50e7d64d1cf314e87504837?s=96&d=mm&r=g\",\"caption\":\"Arnaldo Botto\"},\"url\":\"https:\/\/www.noticiasradioreflejos.com.ar\/2021\/author\/arnaldo\/\"}]}<\/script>\n<!-- \/ Yoast SEO plugin. -->","yoast_head_json":{"title":"Los dinosaurios se extinguieron por el cambio clim\u00e1tico - Noticias Radio Reflejos","robots":{"index":"index","follow":"follow","max-snippet":"max-snippet:-1","max-image-preview":"max-image-preview:large","max-video-preview":"max-video-preview:-1"},"canonical":"https:\/\/www.noticiasradioreflejos.com.ar\/2021\/los-dinosaurios-se-extinguieron-por-el-cambio-climatico\/","og_locale":"es_ES","og_type":"article","og_title":"Los dinosaurios se extinguieron por el cambio clim\u00e1tico - Noticias Radio Reflejos","og_description":"Fueron las cat\u00e1strofes clim\u00e1ticas que desencaden\u00f3 el impacto de\u00a0un meteorito hace unos 65 millones de a\u00f1os, en la actual zona mexicana de Yucat\u00e1n, las que acabaron con la vida\u00a0de los grandes animales sobre tierra firme.","og_url":"https:\/\/www.noticiasradioreflejos.com.ar\/2021\/los-dinosaurios-se-extinguieron-por-el-cambio-climatico\/","og_site_name":"Noticias Radio Reflejos","article_published_time":"2022-02-23T17:48:09+00:00","og_image":[{"url":"https:\/\/www.telam.com.ar\/thumbs\/bluesteel\/advf\/imagenes\/2022\/02\/6216717601477_900.jpg","type":"","width":"","height":""}],"author":"Arnaldo Botto","twitter_card":"summary_large_image","schema":{"@context":"https:\/\/schema.org","@graph":[{"@type":"WebPage","@id":"https:\/\/www.noticiasradioreflejos.com.ar\/2021\/los-dinosaurios-se-extinguieron-por-el-cambio-climatico\/","url":"https:\/\/www.noticiasradioreflejos.com.ar\/2021\/los-dinosaurios-se-extinguieron-por-el-cambio-climatico\/","name":"Los dinosaurios se extinguieron por el cambio clim\u00e1tico - Noticias Radio Reflejos","isPartOf":{"@id":"https:\/\/www.noticiasradioreflejos.com.ar\/2021\/#website"},"primaryImageOfPage":{"@id":"https:\/\/www.noticiasradioreflejos.com.ar\/2021\/los-dinosaurios-se-extinguieron-por-el-cambio-climatico\/#primaryimage"},"image":{"@id":"https:\/\/www.noticiasradioreflejos.com.ar\/2021\/los-dinosaurios-se-extinguieron-por-el-cambio-climatico\/#primaryimage"},"thumbnailUrl":"https:\/\/www.telam.com.ar\/thumbs\/bluesteel\/advf\/imagenes\/2022\/02\/6216717601477_900.jpg","datePublished":"2022-02-23T17:48:09+00:00","author":{"@id":"https:\/\/www.noticiasradioreflejos.com.ar\/2021\/#\/schema\/person\/ad82545263dcc5ec0996818884fd5fb1"},"breadcrumb":{"@id":"https:\/\/www.noticiasradioreflejos.com.ar\/2021\/los-dinosaurios-se-extinguieron-por-el-cambio-climatico\/#breadcrumb"},"inLanguage":"es","potentialAction":[{"@type":"ReadAction","target":["https:\/\/www.noticiasradioreflejos.com.ar\/2021\/los-dinosaurios-se-extinguieron-por-el-cambio-climatico\/"]}]},{"@type":"ImageObject","inLanguage":"es","@id":"https:\/\/www.noticiasradioreflejos.com.ar\/2021\/los-dinosaurios-se-extinguieron-por-el-cambio-climatico\/#primaryimage","url":"https:\/\/www.telam.com.ar\/thumbs\/bluesteel\/advf\/imagenes\/2022\/02\/6216717601477_900.jpg","contentUrl":"https:\/\/www.telam.com.ar\/thumbs\/bluesteel\/advf\/imagenes\/2022\/02\/6216717601477_900.jpg"},{"@type":"BreadcrumbList","@id":"https:\/\/www.noticiasradioreflejos.com.ar\/2021\/los-dinosaurios-se-extinguieron-por-el-cambio-climatico\/#breadcrumb","itemListElement":[{"@type":"ListItem","position":1,"name":"Portada","item":"https:\/\/www.noticiasradioreflejos.com.ar\/2021\/"},{"@type":"ListItem","position":2,"name":"Los dinosaurios se extinguieron por el cambio clim\u00e1tico"}]},{"@type":"WebSite","@id":"https:\/\/www.noticiasradioreflejos.com.ar\/2021\/#website","url":"https:\/\/www.noticiasradioreflejos.com.ar\/2021\/","name":"Noticias Radio Reflejos","description":"Las noticias de mi comarca","potentialAction":[{"@type":"SearchAction","target":{"@type":"EntryPoint","urlTemplate":"https:\/\/www.noticiasradioreflejos.com.ar\/2021\/?s={search_term_string}"},"query-input":{"@type":"PropertyValueSpecification","valueRequired":true,"valueName":"search_term_string"}}],"inLanguage":"es"},{"@type":"Person","@id":"https:\/\/www.noticiasradioreflejos.com.ar\/2021\/#\/schema\/person\/ad82545263dcc5ec0996818884fd5fb1","name":"Arnaldo Botto","image":{"@type":"ImageObject","inLanguage":"es","@id":"https:\/\/www.noticiasradioreflejos.com.ar\/2021\/#\/schema\/person\/image\/","url":"https:\/\/secure.gravatar.com\/avatar\/55cb5e37c1efa326397366e6974cb338056df65cb50e7d64d1cf314e87504837?s=96&d=mm&r=g","contentUrl":"https:\/\/secure.gravatar.com\/avatar\/55cb5e37c1efa326397366e6974cb338056df65cb50e7d64d1cf314e87504837?s=96&d=mm&r=g","caption":"Arnaldo Botto"},"url":"https:\/\/www.noticiasradioreflejos.com.ar\/2021\/author\/arnaldo\/"}]}},"_links":{"self":[{"href":"https:\/\/www.noticiasradioreflejos.com.ar\/2021\/wp-json\/wp\/v2\/posts\/68619","targetHints":{"allow":["GET"]}}],"collection":[{"href":"https:\/\/www.noticiasradioreflejos.com.ar\/2021\/wp-json\/wp\/v2\/posts"}],"about":[{"href":"https:\/\/www.noticiasradioreflejos.com.ar\/2021\/wp-json\/wp\/v2\/types\/post"}],"author":[{"embeddable":true,"href":"https:\/\/www.noticiasradioreflejos.com.ar\/2021\/wp-json\/wp\/v2\/users\/3"}],"replies":[{"embeddable":true,"href":"https:\/\/www.noticiasradioreflejos.com.ar\/2021\/wp-json\/wp\/v2\/comments?post=68619"}],"version-history":[{"count":1,"href":"https:\/\/www.noticiasradioreflejos.com.ar\/2021\/wp-json\/wp\/v2\/posts\/68619\/revisions"}],"predecessor-version":[{"id":68621,"href":"https:\/\/www.noticiasradioreflejos.com.ar\/2021\/wp-json\/wp\/v2\/posts\/68619\/revisions\/68621"}],"wp:attachment":[{"href":"https:\/\/www.noticiasradioreflejos.com.ar\/2021\/wp-json\/wp\/v2\/media?parent=68619"}],"wp:term":[{"taxonomy":"category","embeddable":true,"href":"https:\/\/www.noticiasradioreflejos.com.ar\/2021\/wp-json\/wp\/v2\/categories?post=68619"},{"taxonomy":"post_tag","embeddable":true,"href":"https:\/\/www.noticiasradioreflejos.com.ar\/2021\/wp-json\/wp\/v2\/tags?post=68619"}],"curies":[{"name":"wp","href":"https:\/\/api.w.org\/{rel}","templated":true}]}}